{"id":60826,"date":"2018-04-06T00:00:00","date_gmt":"2018-04-05T22:00:00","guid":{"rendered":"https:\/\/www.gossip.it\/senza-categoria\/francesco-renga-fabrizio-moro-the-voice\/"},"modified":"2018-04-06T00:00:00","modified_gmt":"2018-04-05T22:00:00","slug":"francesco-renga-fabrizio-moro-the-voice","status":"publish","type":"post","link":"https:\/\/www.gossip.it\/news\/francesco-renga-fabrizio-moro-the-voice\/","title":{"rendered":"'The Voice', Francesco Renga fa infuriare i fan di Fabrizio Moro"},"content":{"rendered":"<p><a href=\"\/vip\/francesco-renga\/\">Francesco Renga<\/a> ha fatto andare su tutte le furie i fan di\u00a0<a href=\"\/vip\/-fabrizio moro\/\">Fabrizio Moro<\/a> durante l'ultima puntata di \"<a href=\"\/vip\/the-voice\/\">The Voice<\/a>\".<\/p>\n<figure class=\"caption\"><img decoding=\"async\" alt=\"\" width=\"640\" height=\"458\" src=\"https:\/\/files.gossip.it\/immagini_news\/2018\/04\/1523007813_renga_moro_1.jpg\" \/><figcaption>Francesco Renga, le sue parole su Fabrizio Moro hanno scatenato un putiferio sui social<\/figcaption><\/figure>\n<p>Al termine dell'esibizione di Mattia Mitrugno, che ha cantato \"Portami via\" di<strong> Fabrizio Moro<\/strong>, <a href=\"\/vip\/j-ax-\/\">J-Ax <\/a>ha elogiato la canzone del collega mentre <strong>Francesco Renga<\/strong> ha dichiarato: <em>\"<strong>Fabrizio <\/strong>ha un po' troppa voglia di famolo strano, famolo <a href=\"\/vip\/battiato\/\">Battiato<\/a> su certe parole che secondo me sono messe l\u00ec tirate per i capelli\"<\/em>.<br \/>J-Ax ha cos\u00ec ipotizzato un \"dissing\" tra i due cantanti e ha chiesto ad\u00a0<a href=\"\/vip\/-al bano \/\">Al Bano <\/a>il significato della parola in slang afroamericano: <em>\"Praticamente \u00e8 quando due cantanti cominciano a insultarsi\"<\/em>, la risposta.<\/p>\n<figure class=\"caption\"><img decoding=\"async\" alt=\"\" width=\"640\" height=\"718\" src=\"https:\/\/files.gossip.it\/immagini_news\/2018\/04\/1523007891_renga_moro_2.jpg\" \/><figcaption>I fan di Fabrizio Moro non hanno gradito quanto afffermato dal giudice di 'The Voice'<\/figcaption><\/figure>\n<p><strong>Francesco Renga<\/strong> ha cercato cos\u00ec di aggiustare il tiro:<em> \"Chapeau, \u00e8 bravissimo. Non ho insultato nessuno\"<\/em>. Ma J-Ax ha continuato a stuzzicare il collega:<em> \"Dai non avere la coda di paglia. Fuori ci sar\u00e0 <strong>Moro<\/strong> che ti aspetta per una scazzottata. Al limite l\u2019organizzo io e se tu e <strong>Fabrizio<\/strong> vi volete picchiare lo fate a San Siro in una vasca di fango e vendiamo i biglietti\"<\/em>.<\/p>\n<p>Di certo i fan di <strong>Moro<\/strong> non hanno gradito quanto affermato da <strong>Renga<\/strong>\u00a0ed \u00e8 subito scattata la polemica via social:<em> \"Ci vuole coraggio a criticare il modo di scrivere di Moro\"<\/em>, ha cinguettato su <a href=\"\/vip\/twitter\/\">Twitter<\/a> un utente. Mentre un altro ha sottolineato: \"<em>Menomale che \u00e8 un amico senn\u00f2 chiss\u00e0 cosa avresti detto\"<\/em>.<\/p>\n","protected":false},"excerpt":{"rendered":"<p>Francesco Renga ha fatto andare su tutte le furie i fan di\u00a0Fabrizio Moro durante l'ultima puntata di \"The Voice\". Francesco Renga, le sue parole su Fabrizio Moro hanno scatenato un putiferio sui social Al termine dell'esibizione di Mattia Mitrugno, che ha cantato \"Portami via\" di Fabrizio Moro, J-Ax ha elogiato la canzone del collega mentre [&hellip;]<\/p>\n","protected":false},"author":1,"featured_media":116872,"comment_status":"closed","ping_status":"closed","sticky":false,"template":"","format":"standard","meta":{"footnotes":""},"categories":[54],"tags":[57633,10499,2812,2408,2179,1923,5940,7769],"vip":[795],"class_list":["post-60826","post","type-post","status-publish","format-standard","has-post-thumbnail","hentry","category-news","tag-battiato","tag-fabrizio-moro","tag-fan","tag-musica","tag-polemica","tag-social","tag-talent","tag-the-voice","vip-francesco_renga"],"yoast_head":"<title>&#039;The Voice&#039;, Francesco Renga fa infuriare i fan di Fabrizio Moro - Gossip.it | News sul Gossip e VIP<\/title>\n<meta name=\"description\" content=\"Francesco Renga ha fatto andare su tutte le furie i fan di\u00a0Fabrizio Moro durante l&#039;ultima puntata di &quot;The Voice&quot;.Francesco Renga, le sue parole su\" \/>\n<meta name=\"robots\" content=\"index, follow, max-snippet:-1, max-image-preview:large, max-video-preview:-1\" \/>\n<link rel=\"canonical\" href=\"https:\/\/www.gossip.it\/news\/francesco-renga-fabrizio-moro-the-voice\/\" \/>\n<meta property=\"og:locale\" content=\"it_IT\" \/>\n<meta property=\"og:type\" content=\"article\" \/>\n<meta property=\"og:title\" content=\"&#039;The Voice&#039;, Francesco Renga fa infuriare i fan di Fabrizio Moro - Gossip.it | News sul Gossip e VIP\" \/>\n<meta property=\"og:description\" content=\"Francesco Renga ha fatto andare su tutte le furie i fan di\u00a0Fabrizio Moro durante l&#039;ultima puntata di &quot;The Voice&quot;.Francesco Renga, le sue parole su\" \/>\n<meta property=\"og:url\" content=\"https:\/\/www.gossip.it\/news\/francesco-renga-fabrizio-moro-the-voice\/\" \/>\n<meta property=\"og:site_name\" content=\"Gossip.it | News sul Gossip e VIP\" \/>\n<meta property=\"article:publisher\" content=\"https:\/\/www.facebook.com\/GossipIT\" \/>\n<meta property=\"article:published_time\" content=\"2018-04-05T22:00:00+00:00\" \/>\n<meta property=\"og:image\" content=\"https:\/\/files.gossip.it\/immagini_news\/2018\/04\/1523007813_renga_moro_1.jpg\" \/>\n<meta name=\"author\" content=\"La Redazione\" \/>\n<meta name=\"twitter:card\" content=\"summary_large_image\" \/>\n<meta name=\"twitter:image\" content=\"https:\/\/files.gossip.it\/immagini_news\/2018\/04\/1523007813_renga_moro_1.jpg\" \/>\n<meta name=\"twitter:creator\" content=\"@gossinews_it\" \/>\n<meta name=\"twitter:site\" content=\"@gossinews_it\" \/>\n<meta name=\"twitter:label1\" content=\"Scritto da\" \/>\n\t<meta name=\"twitter:data1\" content=\"Francesca Romana Domenici\" \/>\n\t<meta name=\"twitter:label2\" content=\"Tempo di lettura stimato\" \/>\n\t<meta name=\"twitter:data2\" content=\"1 minuto\" \/>","yoast_head_json":{"title":"'The Voice', Francesco Renga fa infuriare i fan di Fabrizio Moro - Gossip.it | News sul Gossip e VIP","description":"Francesco Renga ha fatto andare su tutte le furie i fan di\u00a0Fabrizio Moro durante l'ultima puntata di \"The Voice\".Francesco Renga, le sue parole su","robots":{"index":"index","follow":"follow","max-snippet":"max-snippet:-1","max-image-preview":"max-image-preview:large","max-video-preview":"max-video-preview:-1"},"canonical":"https:\/\/www.gossip.it\/news\/francesco-renga-fabrizio-moro-the-voice\/","og_locale":"it_IT","og_type":"article","og_title":"'The Voice', Francesco Renga fa infuriare i fan di Fabrizio Moro - Gossip.it | News sul Gossip e VIP","og_description":"Francesco Renga ha fatto andare su tutte le furie i fan di\u00a0Fabrizio Moro durante l'ultima puntata di \"The Voice\".Francesco Renga, le sue parole su","og_url":"https:\/\/www.gossip.it\/news\/francesco-renga-fabrizio-moro-the-voice\/","og_site_name":"Gossip.it | News sul Gossip e VIP","article_publisher":"https:\/\/www.facebook.com\/GossipIT","article_published_time":"2018-04-05T22:00:00+00:00","og_image":[{"url":"https:\/\/files.gossip.it\/immagini_news\/2018\/04\/1523007813_renga_moro_1.jpg"}],"author":"La Redazione","twitter_card":"summary_large_image","twitter_image":"https:\/\/files.gossip.it\/immagini_news\/2018\/04\/1523007813_renga_moro_1.jpg","twitter_creator":"@gossinews_it","twitter_site":"@gossinews_it","twitter_misc":{"Scritto da":"Francesca Romana Domenici","Tempo di lettura stimato":"1 minuto"},"schema":{"@context":"https:\/\/schema.org","@graph":[{"@type":"Article","@id":"https:\/\/www.gossip.it\/news\/francesco-renga-fabrizio-moro-the-voice\/#article","isPartOf":{"@id":"https:\/\/www.gossip.it\/news\/francesco-renga-fabrizio-moro-the-voice\/"},"author":{"name":"La Redazione","@id":"https:\/\/www.gossip.it\/#\/schema\/person\/488896f75158bff1cc83c6c39d141110"},"headline":"'The Voice', Francesco Renga fa infuriare i fan di Fabrizio Moro","datePublished":"2018-04-05T22:00:00+00:00","dateModified":"2018-04-05T22:00:00+00:00","mainEntityOfPage":{"@id":"https:\/\/www.gossip.it\/news\/francesco-renga-fabrizio-moro-the-voice\/"},"wordCount":262,"publisher":{"@id":"https:\/\/www.gossip.it\/#organization"},"image":{"@id":"https:\/\/www.gossip.it\/news\/francesco-renga-fabrizio-moro-the-voice\/#primaryimage"},"thumbnailUrl":"https:\/\/files.gossip.it\/immagini_news\/2018\/04\/1523007813_renga_moro_1.jpg","keywords":["battiato","Fabrizio Moro","fan","musica","polemica","social","talent+","the voice"],"articleSection":["News"],"inLanguage":"it-IT"},{"@type":"WebPage","@id":"https:\/\/www.gossip.it\/news\/francesco-renga-fabrizio-moro-the-voice\/","url":"https:\/\/www.gossip.it\/news\/francesco-renga-fabrizio-moro-the-voice\/","name":"'The Voice', Francesco Renga fa infuriare i fan di Fabrizio Moro - Gossip.it | News sul Gossip e VIP","isPartOf":{"@id":"https:\/\/www.gossip.it\/#website"},"primaryImageOfPage":{"@id":"https:\/\/www.gossip.it\/news\/francesco-renga-fabrizio-moro-the-voice\/#primaryimage"},"image":{"@id":"https:\/\/www.gossip.it\/news\/francesco-renga-fabrizio-moro-the-voice\/#primaryimage"},"thumbnailUrl":"https:\/\/files.gossip.it\/immagini_news\/2018\/04\/1523007813_renga_moro_1.jpg","datePublished":"2018-04-05T22:00:00+00:00","dateModified":"2018-04-05T22:00:00+00:00","description":"Francesco Renga ha fatto andare su tutte le furie i fan di\u00a0Fabrizio Moro durante l'ultima puntata di \"The Voice\".Francesco Renga, le sue parole su","breadcrumb":{"@id":"https:\/\/www.gossip.it\/news\/francesco-renga-fabrizio-moro-the-voice\/#breadcrumb"},"inLanguage":"it-IT","potentialAction":[{"@type":"ReadAction","target":["https:\/\/www.gossip.it\/news\/francesco-renga-fabrizio-moro-the-voice\/"]}]},{"@type":"ImageObject","inLanguage":"it-IT","@id":"https:\/\/www.gossip.it\/news\/francesco-renga-fabrizio-moro-the-voice\/#primaryimage","url":"https:\/\/files.gossip.it\/immagini_news\/2018\/04\/1523007813_renga_moro_1.jpg","contentUrl":"https:\/\/files.gossip.it\/immagini_news\/2018\/04\/1523007813_renga_moro_1.jpg"},{"@type":"BreadcrumbList","@id":"https:\/\/www.gossip.it\/news\/francesco-renga-fabrizio-moro-the-voice\/#breadcrumb","itemListElement":[{"@type":"ListItem","position":1,"name":"Home","item":"https:\/\/www.gossip.it\/"},{"@type":"ListItem","position":2,"name":"'The Voice', Francesco Renga fa infuriare i fan di Fabrizio Moro"}]},{"@type":"WebSite","@id":"https:\/\/www.gossip.it\/#website","url":"https:\/\/www.gossip.it\/","name":"Gossip and VIP News","description":"Quotidiano di cronaca rosa, costume e societ\u00e0","publisher":{"@id":"https:\/\/www.gossip.it\/#organization"},"alternateName":"Gossip and VIP News","potentialAction":[{"@type":"SearchAction","target":{"@type":"EntryPoint","urlTemplate":"https:\/\/www.gossip.it\/?s={search_term_string}"},"query-input":{"@type":"PropertyValueSpecification","valueRequired":true,"valueName":"search_term_string"}}],"inLanguage":"it-IT"},{"@type":"Organization","@id":"https:\/\/www.gossip.it\/#organization","name":"Gossip and VIP News","alternateName":"Gossip News","url":"https:\/\/www.gossip.it\/","logo":{"@type":"ImageObject","inLanguage":"it-IT","@id":"https:\/\/www.gossip.it\/#\/schema\/logo\/image\/","url":"https:\/\/www.gossip.it\/wp-content\/uploads\/2022\/04\/cropped-corna-alta-tiny.png","contentUrl":"https:\/\/www.gossip.it\/wp-content\/uploads\/2022\/04\/cropped-corna-alta-tiny.png","width":512,"height":512,"caption":"Gossip and VIP News"},"image":{"@id":"https:\/\/www.gossip.it\/#\/schema\/logo\/image\/"},"sameAs":["https:\/\/www.facebook.com\/GossipIT","https:\/\/x.com\/gossinews_it","https:\/\/instagram.com\/gossip_it"]},{"@type":"Person","@id":"https:\/\/www.gossip.it\/#\/schema\/person\/488896f75158bff1cc83c6c39d141110","name":"La Redazione","image":{"@type":"ImageObject","inLanguage":"it-IT","@id":"https:\/\/www.gossip.it\/#\/schema\/person\/image\/","url":"https:\/\/secure.gravatar.com\/avatar\/5a5f5c6fa3e6700e4249abdad0263a1e94e927d9e0499b1cb09c1cd29c044d80?s=96&d=mm&r=g","contentUrl":"https:\/\/secure.gravatar.com\/avatar\/5a5f5c6fa3e6700e4249abdad0263a1e94e927d9e0499b1cb09c1cd29c044d80?s=96&d=mm&r=g","caption":"La Redazione"},"sameAs":["https:\/\/www.gossip.it"]}]}},"amp_enabled":true,"_links":{"self":[{"href":"https:\/\/www.gossip.it\/api\/wp\/v2\/posts\/60826","targetHints":{"allow":["GET"]}}],"collection":[{"href":"https:\/\/www.gossip.it\/api\/wp\/v2\/posts"}],"about":[{"href":"https:\/\/www.gossip.it\/api\/wp\/v2\/types\/post"}],"author":[{"embeddable":true,"href":"https:\/\/www.gossip.it\/api\/wp\/v2\/users\/1"}],"replies":[{"embeddable":true,"href":"https:\/\/www.gossip.it\/api\/wp\/v2\/comments?post=60826"}],"version-history":[{"count":0,"href":"https:\/\/www.gossip.it\/api\/wp\/v2\/posts\/60826\/revisions"}],"wp:featuredmedia":[{"embeddable":true,"href":"https:\/\/www.gossip.it\/api\/wp\/v2\/media\/116872"}],"wp:attachment":[{"href":"https:\/\/www.gossip.it\/api\/wp\/v2\/media?parent=60826"}],"wp:term":[{"taxonomy":"category","embeddable":true,"href":"https:\/\/www.gossip.it\/api\/wp\/v2\/categories?post=60826"},{"taxonomy":"post_tag","embeddable":true,"href":"https:\/\/www.gossip.it\/api\/wp\/v2\/tags?post=60826"},{"taxonomy":"vip","embeddable":true,"href":"https:\/\/www.gossip.it\/api\/wp\/v2\/vip?post=60826"}],"curies":[{"name":"wp","href":"https:\/\/api.w.org\/{rel}","templated":true}]}}