{"id":61068,"date":"2018-05-04T00:00:00","date_gmt":"2018-05-03T22:00:00","guid":{"rendered":"https:\/\/www.gossip.it\/senza-categoria\/alena-seredova-milano\/"},"modified":"2018-05-04T00:00:00","modified_gmt":"2018-05-03T22:00:00","slug":"alena-seredova-milano","status":"publish","type":"post","link":"https:\/\/www.gossip.it\/news\/alena-seredova-milano\/","title":{"rendered":"Alena Seredova, a Milano piove ma lei non perde il sorriso"},"content":{"rendered":"<p><a href=\"\/vip\/alena-seredova\/\">Alena Seredova<\/a>, 40 anni, \u00e8 stata paparazzata per le vie di <strong>Milano<\/strong> insieme a un'amica. Il tempo non \u00e8 dei migliori, il cielo \u00e8 coperto, ha smesso di piovere da poco, ma l'ex moglie di <a href=\"\/vip\/gigi-buffon\/\">Gigi Buffon<\/a> non perde il sorriso. Anzi come sempre sfoggia un viso luminoso e sereno.\u00a0<\/p>\n<figure class=\"caption\"><img decoding=\"async\" alt=\"\" src=\"https:\/\/files.gossip.it\/immagini_news\/2018\/05\/1525433343_alena_seredova.jpg\" \/><figcaption>Alena Seredova a Milano con un'amica<\/figcaption><\/figure>\n<p><strong>Alena<\/strong> per la passeggiata a <strong>Milano<\/strong> insieme all'amica sceglie un look casual con giacca, jeans e sneakers. Indossa anche un impermeabile per proteggersi dalla pioggia. La giornata nel cuore del capoluogo meneghino \u00e8 uggiosa e le temperature non sono propriamente primaverili. Ma la<strong> Seredova <\/strong>si mostra comunque sorridente, per nulla infastidita dai paparazzi.<br \/><strong>Alena Seredova<\/strong> nei giorni scorsi si \u00e8 goduta qualche giorno di relax in Puglia insieme al compagno\u00a0<a href=\"\/vip\/-alessandro nasi\/\">Alessandro Nasi<\/a>. Una volta a <strong>Milano<\/strong> non ha ritrovato il sole, ma questo non l'ha certo messa di cattivo umore.<\/p>\n<p>La<strong> Seredova<\/strong>\u00a0\u00e8 una donna felice e appagata: dopo la bufera causata dalla fine del matrimonio con Buffon, pap\u00e0 dei suoi due figli, ha ritrovato l'amore tra le braccia di Alessandro Nasi e per lei il sole splende sempre.\u00a0<\/p>\n<div class=\"video_integrato\" data-videoid=\"5163\" data-autostart=\"true\">\u00a0<\/div>\n<p>\u00a0<\/p>\n","protected":false},"excerpt":{"rendered":"<p>Alena Seredova, 40 anni, \u00e8 stata paparazzata per le vie di Milano insieme a un'amica. Il tempo non \u00e8 dei migliori, il cielo \u00e8 coperto, ha smesso di piovere da poco, ma l'ex moglie di Gigi Buffon non perde il sorriso. Anzi come sempre sfoggia un viso luminoso e sereno.\u00a0 Alena Seredova a Milano con [&hellip;]<\/p>\n","protected":false},"author":1,"featured_media":117114,"comment_status":"closed","ping_status":"closed","sticky":false,"template":"","format":"standard","meta":{"footnotes":""},"categories":[54],"tags":[9794,3957,1979,2110,4978],"vip":[246],"class_list":["post-61068","post","type-post","status-publish","format-standard","has-post-thumbnail","hentry","category-news","tag-alessandro-nasi","tag-gigi-buffon","tag-milano","tag-paparazzata","tag-passeggiata","vip-alena_seredova"],"yoast_head":"<title>Alena Seredova, a Milano piove ma lei non perde il sorriso - Gossip.it | News sul Gossip e VIP<\/title>\n<meta name=\"description\" content=\"Alena Seredova, 40 anni, \u00e8 stata paparazzata per le vie di Milano insieme a un&#039;amica. Il tempo non \u00e8 dei migliori, il cielo \u00e8 coperto, ha smesso di\" \/>\n<meta name=\"robots\" content=\"index, follow, max-snippet:-1, max-image-preview:large, max-video-preview:-1\" \/>\n<link rel=\"canonical\" href=\"https:\/\/www.gossip.it\/news\/alena-seredova-milano\/\" \/>\n<meta property=\"og:locale\" content=\"it_IT\" \/>\n<meta property=\"og:type\" content=\"article\" \/>\n<meta property=\"og:title\" content=\"Alena Seredova, a Milano piove ma lei non perde il sorriso - Gossip.it | News sul Gossip e VIP\" \/>\n<meta property=\"og:description\" content=\"Alena Seredova, 40 anni, \u00e8 stata paparazzata per le vie di Milano insieme a un&#039;amica. Il tempo non \u00e8 dei migliori, il cielo \u00e8 coperto, ha smesso di\" \/>\n<meta property=\"og:url\" content=\"https:\/\/www.gossip.it\/news\/alena-seredova-milano\/\" \/>\n<meta property=\"og:site_name\" content=\"Gossip.it | News sul Gossip e VIP\" \/>\n<meta property=\"article:publisher\" content=\"https:\/\/www.facebook.com\/GossipIT\" \/>\n<meta property=\"article:published_time\" content=\"2018-05-03T22:00:00+00:00\" \/>\n<meta property=\"og:image\" content=\"https:\/\/files.gossip.it\/immagini_news\/2018\/05\/1525433343_alena_seredova.jpg\" \/>\n<meta name=\"author\" content=\"La Redazione\" \/>\n<meta name=\"twitter:card\" content=\"summary_large_image\" \/>\n<meta name=\"twitter:image\" content=\"https:\/\/files.gossip.it\/immagini_news\/2018\/05\/1525433343_alena_seredova.jpg\" \/>\n<meta name=\"twitter:creator\" content=\"@gossinews_it\" \/>\n<meta name=\"twitter:site\" content=\"@gossinews_it\" \/>\n<meta name=\"twitter:label1\" content=\"Scritto da\" \/>\n\t<meta name=\"twitter:data1\" content=\"Francesca Romana Domenici\" \/>\n\t<meta name=\"twitter:label2\" content=\"Tempo di lettura stimato\" \/>\n\t<meta name=\"twitter:data2\" content=\"1 minuto\" \/>","yoast_head_json":{"title":"Alena Seredova, a Milano piove ma lei non perde il sorriso - Gossip.it | News sul Gossip e VIP","description":"Alena Seredova, 40 anni, \u00e8 stata paparazzata per le vie di Milano insieme a un'amica. Il tempo non \u00e8 dei migliori, il cielo \u00e8 coperto, ha smesso di","robots":{"index":"index","follow":"follow","max-snippet":"max-snippet:-1","max-image-preview":"max-image-preview:large","max-video-preview":"max-video-preview:-1"},"canonical":"https:\/\/www.gossip.it\/news\/alena-seredova-milano\/","og_locale":"it_IT","og_type":"article","og_title":"Alena Seredova, a Milano piove ma lei non perde il sorriso - Gossip.it | News sul Gossip e VIP","og_description":"Alena Seredova, 40 anni, \u00e8 stata paparazzata per le vie di Milano insieme a un'amica. Il tempo non \u00e8 dei migliori, il cielo \u00e8 coperto, ha smesso di","og_url":"https:\/\/www.gossip.it\/news\/alena-seredova-milano\/","og_site_name":"Gossip.it | News sul Gossip e VIP","article_publisher":"https:\/\/www.facebook.com\/GossipIT","article_published_time":"2018-05-03T22:00:00+00:00","og_image":[{"url":"https:\/\/files.gossip.it\/immagini_news\/2018\/05\/1525433343_alena_seredova.jpg"}],"author":"La Redazione","twitter_card":"summary_large_image","twitter_image":"https:\/\/files.gossip.it\/immagini_news\/2018\/05\/1525433343_alena_seredova.jpg","twitter_creator":"@gossinews_it","twitter_site":"@gossinews_it","twitter_misc":{"Scritto da":"Francesca Romana Domenici","Tempo di lettura stimato":"1 minuto"},"schema":{"@context":"https:\/\/schema.org","@graph":[{"@type":"Article","@id":"https:\/\/www.gossip.it\/news\/alena-seredova-milano\/#article","isPartOf":{"@id":"https:\/\/www.gossip.it\/news\/alena-seredova-milano\/"},"author":{"name":"La Redazione","@id":"https:\/\/www.gossip.it\/#\/schema\/person\/488896f75158bff1cc83c6c39d141110"},"headline":"Alena Seredova, a Milano piove ma lei non perde il sorriso","datePublished":"2018-05-03T22:00:00+00:00","dateModified":"2018-05-03T22:00:00+00:00","mainEntityOfPage":{"@id":"https:\/\/www.gossip.it\/news\/alena-seredova-milano\/"},"wordCount":195,"publisher":{"@id":"https:\/\/www.gossip.it\/#organization"},"image":{"@id":"https:\/\/www.gossip.it\/news\/alena-seredova-milano\/#primaryimage"},"thumbnailUrl":"https:\/\/files.gossip.it\/immagini_news\/2018\/05\/1525433343_alena_seredova.jpg","keywords":["alessandro nasi","gigi buffon","milano","paparazzata","passeggiata"],"articleSection":["News"],"inLanguage":"it-IT"},{"@type":"WebPage","@id":"https:\/\/www.gossip.it\/news\/alena-seredova-milano\/","url":"https:\/\/www.gossip.it\/news\/alena-seredova-milano\/","name":"Alena Seredova, a Milano piove ma lei non perde il sorriso - Gossip.it | News sul Gossip e VIP","isPartOf":{"@id":"https:\/\/www.gossip.it\/#website"},"primaryImageOfPage":{"@id":"https:\/\/www.gossip.it\/news\/alena-seredova-milano\/#primaryimage"},"image":{"@id":"https:\/\/www.gossip.it\/news\/alena-seredova-milano\/#primaryimage"},"thumbnailUrl":"https:\/\/files.gossip.it\/immagini_news\/2018\/05\/1525433343_alena_seredova.jpg","datePublished":"2018-05-03T22:00:00+00:00","dateModified":"2018-05-03T22:00:00+00:00","description":"Alena Seredova, 40 anni, \u00e8 stata paparazzata per le vie di Milano insieme a un'amica. Il tempo non \u00e8 dei migliori, il cielo \u00e8 coperto, ha smesso di","breadcrumb":{"@id":"https:\/\/www.gossip.it\/news\/alena-seredova-milano\/#breadcrumb"},"inLanguage":"it-IT","potentialAction":[{"@type":"ReadAction","target":["https:\/\/www.gossip.it\/news\/alena-seredova-milano\/"]}]},{"@type":"ImageObject","inLanguage":"it-IT","@id":"https:\/\/www.gossip.it\/news\/alena-seredova-milano\/#primaryimage","url":"https:\/\/files.gossip.it\/immagini_news\/2018\/05\/1525433343_alena_seredova.jpg","contentUrl":"https:\/\/files.gossip.it\/immagini_news\/2018\/05\/1525433343_alena_seredova.jpg"},{"@type":"BreadcrumbList","@id":"https:\/\/www.gossip.it\/news\/alena-seredova-milano\/#breadcrumb","itemListElement":[{"@type":"ListItem","position":1,"name":"Home","item":"https:\/\/www.gossip.it\/"},{"@type":"ListItem","position":2,"name":"Alena Seredova, a Milano piove ma lei non perde il sorriso"}]},{"@type":"WebSite","@id":"https:\/\/www.gossip.it\/#website","url":"https:\/\/www.gossip.it\/","name":"Gossip and VIP News","description":"Quotidiano di cronaca rosa, costume e societ\u00e0","publisher":{"@id":"https:\/\/www.gossip.it\/#organization"},"alternateName":"Gossip and VIP News","potentialAction":[{"@type":"SearchAction","target":{"@type":"EntryPoint","urlTemplate":"https:\/\/www.gossip.it\/?s={search_term_string}"},"query-input":{"@type":"PropertyValueSpecification","valueRequired":true,"valueName":"search_term_string"}}],"inLanguage":"it-IT"},{"@type":"Organization","@id":"https:\/\/www.gossip.it\/#organization","name":"Gossip and VIP News","alternateName":"Gossip News","url":"https:\/\/www.gossip.it\/","logo":{"@type":"ImageObject","inLanguage":"it-IT","@id":"https:\/\/www.gossip.it\/#\/schema\/logo\/image\/","url":"https:\/\/www.gossip.it\/wp-content\/uploads\/2022\/04\/cropped-corna-alta-tiny.png","contentUrl":"https:\/\/www.gossip.it\/wp-content\/uploads\/2022\/04\/cropped-corna-alta-tiny.png","width":512,"height":512,"caption":"Gossip and VIP News"},"image":{"@id":"https:\/\/www.gossip.it\/#\/schema\/logo\/image\/"},"sameAs":["https:\/\/www.facebook.com\/GossipIT","https:\/\/x.com\/gossinews_it","https:\/\/instagram.com\/gossip_it"]},{"@type":"Person","@id":"https:\/\/www.gossip.it\/#\/schema\/person\/488896f75158bff1cc83c6c39d141110","name":"La Redazione","image":{"@type":"ImageObject","inLanguage":"it-IT","@id":"https:\/\/www.gossip.it\/#\/schema\/person\/image\/","url":"https:\/\/secure.gravatar.com\/avatar\/5a5f5c6fa3e6700e4249abdad0263a1e94e927d9e0499b1cb09c1cd29c044d80?s=96&d=mm&r=g","contentUrl":"https:\/\/secure.gravatar.com\/avatar\/5a5f5c6fa3e6700e4249abdad0263a1e94e927d9e0499b1cb09c1cd29c044d80?s=96&d=mm&r=g","caption":"La Redazione"},"sameAs":["https:\/\/www.gossip.it"]}]}},"amp_enabled":true,"_links":{"self":[{"href":"https:\/\/www.gossip.it\/api\/wp\/v2\/posts\/61068","targetHints":{"allow":["GET"]}}],"collection":[{"href":"https:\/\/www.gossip.it\/api\/wp\/v2\/posts"}],"about":[{"href":"https:\/\/www.gossip.it\/api\/wp\/v2\/types\/post"}],"author":[{"embeddable":true,"href":"https:\/\/www.gossip.it\/api\/wp\/v2\/users\/1"}],"replies":[{"embeddable":true,"href":"https:\/\/www.gossip.it\/api\/wp\/v2\/comments?post=61068"}],"version-history":[{"count":0,"href":"https:\/\/www.gossip.it\/api\/wp\/v2\/posts\/61068\/revisions"}],"wp:featuredmedia":[{"embeddable":true,"href":"https:\/\/www.gossip.it\/api\/wp\/v2\/media\/117114"}],"wp:attachment":[{"href":"https:\/\/www.gossip.it\/api\/wp\/v2\/media?parent=61068"}],"wp:term":[{"taxonomy":"category","embeddable":true,"href":"https:\/\/www.gossip.it\/api\/wp\/v2\/categories?post=61068"},{"taxonomy":"post_tag","embeddable":true,"href":"https:\/\/www.gossip.it\/api\/wp\/v2\/tags?post=61068"},{"taxonomy":"vip","embeddable":true,"href":"https:\/\/www.gossip.it\/api\/wp\/v2\/vip?post=61068"}],"curies":[{"name":"wp","href":"https:\/\/api.w.org\/{rel}","templated":true}]}}