{"id":61112,"date":"2018-05-09T00:00:00","date_gmt":"2018-05-08T22:00:00","guid":{"rendered":"https:\/\/www.gossip.it\/senza-categoria\/claudia-zanella-look-capelli-rosa\/"},"modified":"2018-05-09T00:00:00","modified_gmt":"2018-05-08T22:00:00","slug":"claudia-zanella-look-capelli-rosa","status":"publish","type":"post","link":"https:\/\/www.gossip.it\/news\/claudia-zanella-look-capelli-rosa\/","title":{"rendered":"Claudia Zanella cambia look e ora i capelli sono rosa: guarda"},"content":{"rendered":"<p><a href=\"\/vip\/claudia-zanella\/\">Claudia Zanella<\/a>, 39 anni, ha cambiato <strong>look<\/strong>: si \u00e8 tinta i <strong>capelli<\/strong> di <strong>rosa<\/strong>. La moglie del regista <a href=\"\/vip\/fausto-brizzi\/\">Fausto Brizzi<\/a> ha deciso di colorare la sua immagine e cos\u00ec ha detto addio ai capelli biondi per un colore decisamente pi\u00f9 particolare.<\/p>\n<figure class=\"caption\"><img decoding=\"async\" alt=\"\" width=\"640\" height=\"899\" src=\"https:\/\/files.gossip.it\/immagini_news\/2018\/05\/1525866519_zanella_1.jpg\" \/><figcaption>Claudia Zanella con i capelli rosa<\/figcaption><\/figure>\n<p><strong>Claudia Zanella<\/strong> ha sfoggiato il nuovo<strong> look<\/strong> con i <strong>capelli rosa<\/strong> a Roma durante una rara apparizione pubblica. L'attrice ha partecipato alla presentazione del nuovo libro \"A dieta senza dieta\", disponibile nelle librerie da venerd\u00ec 11 maggio, scritto dal noto nutrizionista dei vip, il dott. Francesco Melis, volto del programma tv \"Da qui a un anno\", condotto da <a href=\"\/vip\/serena-rossi \/\">Serena Rossi <\/a>su Real Time.<\/p>\n<figure class=\"caption\"><img decoding=\"async\" alt=\"\" width=\"640\" height=\"468\" src=\"https:\/\/files.gossip.it\/immagini_news\/2018\/05\/1525866544_zanella_2.jpg\" \/><figcaption>L'attrice con il nutrizionista Francesco Melis, autore del libro 'A dieta senza dieta'<\/figcaption><\/figure>\n<p><strong>Claudia<\/strong>, vegana convinta e naturopata, mostra sempre un grande interesse per tutto ci\u00f2 che concerne l'alimentazione. Restia alla vita mondana, ha cos\u00ec fatto un'eccezione ed \u00e8 intervenuta all'evento dove ha sfoggiato un <strong>look<\/strong> semplice sulle tonalit\u00e0 del blu. Unica nota di colore i<strong> capelli rosa<\/strong> che le donavano un'aria pi\u00f9 sbarazzina.<\/p>\n<figure class=\"caption\"><img decoding=\"async\" alt=\"\" width=\"640\" height=\"427\" src=\"https:\/\/files.gossip.it\/immagini_news\/2018\/05\/1525866592_zanella_3.jpg\" \/><figcaption>Claudia insieme agli altri ospiti dell'evento\u00a0<\/figcaption><\/figure>\n<p>Oltre alla <strong>Zanella<\/strong>,\u00a0alla serata organizzata da Susana Maurandi, erano presenti altri volti noti del mondo dello spettacolo: <a href=\"\/vip\/michela-andreozzi\/\">Michela Andreozzi<\/a>, in veste di madrina dell'evento, <a href=\"\/vip\/vittoria-schisano\/\">Vittoria Schisano<\/a>, <a href=\"\/vip\/donatella-finocchiaro\/\">Donatella Finocchiaro<\/a>, <a href=\"\/vip\/anna-ferzetti\/\">Anna Ferzetti<\/a>, <a href=\"\/vip\/elena-di cioccio\/\">Elena Di Cioccio<\/a> e <a href=\"\/vip\/massimiliano-vado\/\">Massimiliano Vado<\/a>.<\/p>\n","protected":false},"excerpt":{"rendered":"<p>Claudia Zanella, 39 anni, ha cambiato look: si \u00e8 tinta i capelli di rosa. La moglie del regista Fausto Brizzi ha deciso di colorare la sua immagine e cos\u00ec ha detto addio ai capelli biondi per un colore decisamente pi\u00f9 particolare. Claudia Zanella con i capelli rosa Claudia Zanella ha sfoggiato il nuovo look con [&hellip;]<\/p>\n","protected":false},"author":1,"featured_media":117158,"comment_status":"closed","ping_status":"closed","sticky":false,"template":"","format":"standard","meta":{"footnotes":""},"categories":[54],"tags":[57768,54318,57767,2957,14007],"vip":[509],"class_list":["post-61112","post","type-post","status-publish","format-standard","has-post-thumbnail","hentry","category-news","tag-a-dieta-senza-dieta","tag-capelli-rosa","tag-francesco-melis","tag-libro","tag-nutrizionista","vip-claudia_zanella"],"yoast_head":"<title>Claudia Zanella cambia look e ora i capelli sono rosa: guarda - Gossip.it | News sul Gossip e VIP<\/title>\n<meta name=\"description\" content=\"Claudia Zanella, 39 anni, ha cambiato look: si \u00e8 tinta i capelli di rosa. La moglie del regista Fausto Brizzi ha deciso di colorare la sua immagine e cos\u00ec\" \/>\n<meta name=\"robots\" content=\"index, follow, max-snippet:-1, max-image-preview:large, max-video-preview:-1\" \/>\n<link rel=\"canonical\" href=\"https:\/\/www.gossip.it\/news\/claudia-zanella-look-capelli-rosa\/\" \/>\n<meta property=\"og:locale\" content=\"it_IT\" \/>\n<meta property=\"og:type\" content=\"article\" \/>\n<meta property=\"og:title\" content=\"Claudia Zanella cambia look e ora i capelli sono rosa: guarda - Gossip.it | News sul Gossip e VIP\" \/>\n<meta property=\"og:description\" content=\"Claudia Zanella, 39 anni, ha cambiato look: si \u00e8 tinta i capelli di rosa. La moglie del regista Fausto Brizzi ha deciso di colorare la sua immagine e cos\u00ec\" \/>\n<meta property=\"og:url\" content=\"https:\/\/www.gossip.it\/news\/claudia-zanella-look-capelli-rosa\/\" \/>\n<meta property=\"og:site_name\" content=\"Gossip.it | News sul Gossip e VIP\" \/>\n<meta property=\"article:publisher\" content=\"https:\/\/www.facebook.com\/GossipIT\" \/>\n<meta property=\"article:published_time\" content=\"2018-05-08T22:00:00+00:00\" \/>\n<meta property=\"og:image\" content=\"https:\/\/files.gossip.it\/immagini_news\/2018\/05\/1525866519_zanella_1.jpg\" \/>\n<meta name=\"author\" content=\"La Redazione\" \/>\n<meta name=\"twitter:card\" content=\"summary_large_image\" \/>\n<meta name=\"twitter:image\" content=\"https:\/\/files.gossip.it\/immagini_news\/2018\/05\/1525866519_zanella_1.jpg\" \/>\n<meta name=\"twitter:creator\" content=\"@gossinews_it\" \/>\n<meta name=\"twitter:site\" content=\"@gossinews_it\" \/>\n<meta name=\"twitter:label1\" content=\"Scritto da\" \/>\n\t<meta name=\"twitter:data1\" content=\"Francesca Romana Domenici\" \/>\n\t<meta name=\"twitter:label2\" content=\"Tempo di lettura stimato\" \/>\n\t<meta name=\"twitter:data2\" content=\"1 minuto\" \/>","yoast_head_json":{"title":"Claudia Zanella cambia look e ora i capelli sono rosa: guarda - Gossip.it | News sul Gossip e VIP","description":"Claudia Zanella, 39 anni, ha cambiato look: si \u00e8 tinta i capelli di rosa. La moglie del regista Fausto Brizzi ha deciso di colorare la sua immagine e cos\u00ec","robots":{"index":"index","follow":"follow","max-snippet":"max-snippet:-1","max-image-preview":"max-image-preview:large","max-video-preview":"max-video-preview:-1"},"canonical":"https:\/\/www.gossip.it\/news\/claudia-zanella-look-capelli-rosa\/","og_locale":"it_IT","og_type":"article","og_title":"Claudia Zanella cambia look e ora i capelli sono rosa: guarda - Gossip.it | News sul Gossip e VIP","og_description":"Claudia Zanella, 39 anni, ha cambiato look: si \u00e8 tinta i capelli di rosa. La moglie del regista Fausto Brizzi ha deciso di colorare la sua immagine e cos\u00ec","og_url":"https:\/\/www.gossip.it\/news\/claudia-zanella-look-capelli-rosa\/","og_site_name":"Gossip.it | News sul Gossip e VIP","article_publisher":"https:\/\/www.facebook.com\/GossipIT","article_published_time":"2018-05-08T22:00:00+00:00","og_image":[{"url":"https:\/\/files.gossip.it\/immagini_news\/2018\/05\/1525866519_zanella_1.jpg"}],"author":"La Redazione","twitter_card":"summary_large_image","twitter_image":"https:\/\/files.gossip.it\/immagini_news\/2018\/05\/1525866519_zanella_1.jpg","twitter_creator":"@gossinews_it","twitter_site":"@gossinews_it","twitter_misc":{"Scritto da":"Francesca Romana Domenici","Tempo di lettura stimato":"1 minuto"},"schema":{"@context":"https:\/\/schema.org","@graph":[{"@type":"Article","@id":"https:\/\/www.gossip.it\/news\/claudia-zanella-look-capelli-rosa\/#article","isPartOf":{"@id":"https:\/\/www.gossip.it\/news\/claudia-zanella-look-capelli-rosa\/"},"author":{"name":"La Redazione","@id":"https:\/\/www.gossip.it\/#\/schema\/person\/488896f75158bff1cc83c6c39d141110"},"headline":"Claudia Zanella cambia look e ora i capelli sono rosa: guarda","datePublished":"2018-05-08T22:00:00+00:00","dateModified":"2018-05-08T22:00:00+00:00","mainEntityOfPage":{"@id":"https:\/\/www.gossip.it\/news\/claudia-zanella-look-capelli-rosa\/"},"wordCount":232,"publisher":{"@id":"https:\/\/www.gossip.it\/#organization"},"image":{"@id":"https:\/\/www.gossip.it\/news\/claudia-zanella-look-capelli-rosa\/#primaryimage"},"thumbnailUrl":"https:\/\/files.gossip.it\/immagini_news\/2018\/05\/1525866519_zanella_1.jpg","keywords":["a dieta senza dieta","capelli rosa","francesco melis","libro","nutrizionista"],"articleSection":["News"],"inLanguage":"it-IT"},{"@type":"WebPage","@id":"https:\/\/www.gossip.it\/news\/claudia-zanella-look-capelli-rosa\/","url":"https:\/\/www.gossip.it\/news\/claudia-zanella-look-capelli-rosa\/","name":"Claudia Zanella cambia look e ora i capelli sono rosa: guarda - Gossip.it | News sul Gossip e VIP","isPartOf":{"@id":"https:\/\/www.gossip.it\/#website"},"primaryImageOfPage":{"@id":"https:\/\/www.gossip.it\/news\/claudia-zanella-look-capelli-rosa\/#primaryimage"},"image":{"@id":"https:\/\/www.gossip.it\/news\/claudia-zanella-look-capelli-rosa\/#primaryimage"},"thumbnailUrl":"https:\/\/files.gossip.it\/immagini_news\/2018\/05\/1525866519_zanella_1.jpg","datePublished":"2018-05-08T22:00:00+00:00","dateModified":"2018-05-08T22:00:00+00:00","description":"Claudia Zanella, 39 anni, ha cambiato look: si \u00e8 tinta i capelli di rosa. La moglie del regista Fausto Brizzi ha deciso di colorare la sua immagine e cos\u00ec","breadcrumb":{"@id":"https:\/\/www.gossip.it\/news\/claudia-zanella-look-capelli-rosa\/#breadcrumb"},"inLanguage":"it-IT","potentialAction":[{"@type":"ReadAction","target":["https:\/\/www.gossip.it\/news\/claudia-zanella-look-capelli-rosa\/"]}]},{"@type":"ImageObject","inLanguage":"it-IT","@id":"https:\/\/www.gossip.it\/news\/claudia-zanella-look-capelli-rosa\/#primaryimage","url":"https:\/\/files.gossip.it\/immagini_news\/2018\/05\/1525866519_zanella_1.jpg","contentUrl":"https:\/\/files.gossip.it\/immagini_news\/2018\/05\/1525866519_zanella_1.jpg"},{"@type":"BreadcrumbList","@id":"https:\/\/www.gossip.it\/news\/claudia-zanella-look-capelli-rosa\/#breadcrumb","itemListElement":[{"@type":"ListItem","position":1,"name":"Home","item":"https:\/\/www.gossip.it\/"},{"@type":"ListItem","position":2,"name":"Claudia Zanella cambia look e ora i capelli sono rosa: guarda"}]},{"@type":"WebSite","@id":"https:\/\/www.gossip.it\/#website","url":"https:\/\/www.gossip.it\/","name":"Gossip and VIP News","description":"Quotidiano di cronaca rosa, costume e societ\u00e0","publisher":{"@id":"https:\/\/www.gossip.it\/#organization"},"alternateName":"Gossip and VIP News","potentialAction":[{"@type":"SearchAction","target":{"@type":"EntryPoint","urlTemplate":"https:\/\/www.gossip.it\/?s={search_term_string}"},"query-input":{"@type":"PropertyValueSpecification","valueRequired":true,"valueName":"search_term_string"}}],"inLanguage":"it-IT"},{"@type":"Organization","@id":"https:\/\/www.gossip.it\/#organization","name":"Gossip and VIP News","alternateName":"Gossip News","url":"https:\/\/www.gossip.it\/","logo":{"@type":"ImageObject","inLanguage":"it-IT","@id":"https:\/\/www.gossip.it\/#\/schema\/logo\/image\/","url":"https:\/\/www.gossip.it\/wp-content\/uploads\/2022\/04\/cropped-corna-alta-tiny.png","contentUrl":"https:\/\/www.gossip.it\/wp-content\/uploads\/2022\/04\/cropped-corna-alta-tiny.png","width":512,"height":512,"caption":"Gossip and VIP News"},"image":{"@id":"https:\/\/www.gossip.it\/#\/schema\/logo\/image\/"},"sameAs":["https:\/\/www.facebook.com\/GossipIT","https:\/\/x.com\/gossinews_it","https:\/\/instagram.com\/gossip_it"]},{"@type":"Person","@id":"https:\/\/www.gossip.it\/#\/schema\/person\/488896f75158bff1cc83c6c39d141110","name":"La Redazione","image":{"@type":"ImageObject","inLanguage":"it-IT","@id":"https:\/\/www.gossip.it\/#\/schema\/person\/image\/","url":"https:\/\/secure.gravatar.com\/avatar\/5a5f5c6fa3e6700e4249abdad0263a1e94e927d9e0499b1cb09c1cd29c044d80?s=96&d=mm&r=g","contentUrl":"https:\/\/secure.gravatar.com\/avatar\/5a5f5c6fa3e6700e4249abdad0263a1e94e927d9e0499b1cb09c1cd29c044d80?s=96&d=mm&r=g","caption":"La Redazione"},"sameAs":["https:\/\/www.gossip.it"]}]}},"amp_enabled":true,"_links":{"self":[{"href":"https:\/\/www.gossip.it\/api\/wp\/v2\/posts\/61112","targetHints":{"allow":["GET"]}}],"collection":[{"href":"https:\/\/www.gossip.it\/api\/wp\/v2\/posts"}],"about":[{"href":"https:\/\/www.gossip.it\/api\/wp\/v2\/types\/post"}],"author":[{"embeddable":true,"href":"https:\/\/www.gossip.it\/api\/wp\/v2\/users\/1"}],"replies":[{"embeddable":true,"href":"https:\/\/www.gossip.it\/api\/wp\/v2\/comments?post=61112"}],"version-history":[{"count":0,"href":"https:\/\/www.gossip.it\/api\/wp\/v2\/posts\/61112\/revisions"}],"wp:featuredmedia":[{"embeddable":true,"href":"https:\/\/www.gossip.it\/api\/wp\/v2\/media\/117158"}],"wp:attachment":[{"href":"https:\/\/www.gossip.it\/api\/wp\/v2\/media?parent=61112"}],"wp:term":[{"taxonomy":"category","embeddable":true,"href":"https:\/\/www.gossip.it\/api\/wp\/v2\/categories?post=61112"},{"taxonomy":"post_tag","embeddable":true,"href":"https:\/\/www.gossip.it\/api\/wp\/v2\/tags?post=61112"},{"taxonomy":"vip","embeddable":true,"href":"https:\/\/www.gossip.it\/api\/wp\/v2\/vip?post=61112"}],"curies":[{"name":"wp","href":"https:\/\/api.w.org\/{rel}","templated":true}]}}