{"id":61184,"date":"2018-05-17T00:00:00","date_gmt":"2018-05-16T22:00:00","guid":{"rendered":"https:\/\/www.gossip.it\/senza-categoria\/aurora-ramazzotti-sotto-scorta-minaccia-acido\/"},"modified":"2018-05-17T00:00:00","modified_gmt":"2018-05-16T22:00:00","slug":"aurora-ramazzotti-sotto-scorta-minaccia-acido","status":"publish","type":"post","link":"https:\/\/www.gossip.it\/news\/aurora-ramazzotti-sotto-scorta-minaccia-acido\/","title":{"rendered":"Aurora Ramazzotti: 'Vivo sotto scorta da un anno per la minaccia dell\u2019acido\u2019"},"content":{"rendered":"<p><a href=\"\/vip\/aurora-ramazzotti\/\">Aurora Ramazzotti<\/a> al<em> Corriere della Sera<\/em> racconta come \u00e8 cambiata la sua esistenza da quando alla mamma, <a href=\"\/vip\/michelle-hunziker\/\">Michelle Hunziker<\/a>, un anno fa \u00e8 arrivata una mail in cui anonimi chiedevano soldi per non gettare dell\u2019<strong>acido<\/strong> in faccia a lei, sua figlia.<em> \u201cVivo da un anno <strong>sotto scorta<\/strong> per la <strong>minaccia<\/strong> dell\u2019<strong>acido<\/strong>\u201d<\/em>, ammette la 21enne che stasera debutter\u00e0 proprio accanto alla madre in \u201c<a href=\"\/vip\/vuoi-scommettere\/\">Vuoi scommettere<\/a>?\u201d, programma in prime time su Canale 5 in cui vestir\u00e0 il ruolo di inviata.<\/p>\n<figure class=\"caption\"><img decoding=\"async\" alt=\"\" width=\"640\" height=\"802\" src=\"https:\/\/files.gossip.it\/immagini_news\/2018\/05\/1526546335_aurora-ramazzotti-1.jpg\" \/><figcaption>Aurora Ramazzotti vive da un anno sotto scorta per la minaccia dell'acido, non \u00e8 facile<\/figcaption><\/figure>\n<p>E\u2019 <strong>sotto scorta<\/strong> per la<strong> minaccia<\/strong> dell\u2019<strong>acido<\/strong>, <strong>Aurora Ramazzotti <\/strong>ricorda quando ha saputo tutto: <em>\u201cMia madre mi ha chiamata subito. Stavo andando in universit\u00e0, ho avuto una specie di attacco di panico. La prima reazione \u00e8 stata guardami attorno. Un attimo prima ero libera, da quello dopo non lo sono pi\u00f9 stata\u201d.<\/em><\/p>\n<div class=\"video_integrato\" data-videoid=\"5243\" data-autostart=\"true\">\u00a0<\/div>\n<p>Aury aggiunge: <em>\u201cDa un giorno all\u2019altro ho dovuto adattarmi a un\u2019altra persona, che \u00e8 la guardia del corpo che vive con me da allora. All\u2019inizio ho preso le distanze da tutto: sono tornata da mia madre e non ho pi\u00f9 visto nessuno. Avevo paura. Ora ho un equilibrio ma faccio il triplo pi\u00f9 attenzione. Se penso a come ero, \u00e8 assurdo\u201d.<\/em><\/p>\n<figure class=\"caption\"><img decoding=\"async\" alt=\"\" width=\"640\" height=\"931\" src=\"https:\/\/files.gossip.it\/immagini_news\/2018\/05\/1526546081_michelle-aurora.jpg\" \/><figcaption>La 21enne stasera debutter\u00e0 accanto alla mamma, Michelle Hunziker, in 'Vuoi scommettere?' su Canale 5<\/figcaption><\/figure>\n<p>Vive <strong>sotto scorta<\/strong> per la <strong>minaccia<\/strong> dell\u2019<strong>acido<\/strong>\u00a0e non \u00e8 facile, tutto \u00e8 mutato per <strong>Aurora Ramazzotti<\/strong>: <em>\u201cEra impossibile dettarmi cosa fare. E' stato difficile entrare nell\u2019impostazione mentale che sarebbe stato cos\u00ec per sempre. Oggi convivo con la consapevolezza del rischio, ma mi ha dato una scossa. Prima non pensavo al futuro: doveva arrivare il momento in cui mi inquadravo\u201d<\/em>. I delinquenti hanno usato lei perch\u00e9<em> \u201cera il modo pi\u00f9 efficace per fare leva su mia madre\u201d<\/em>: <em>\u201cMa hanno trovato una donna forte e coraggiosa. Io all\u2019inizio non lo sono stata, ora di pi\u00f9\u201d.<\/em><\/p>\n<p>Giovanissima, dopo il <em>Daily<\/em> di <a href=\"\/vip\/x-factor\/\">X Factor<\/a>, ha accettato la proposta di Mediaset: fare <a href=\"\/vip\/tv\/\">tv<\/a> le piace, vuole che sia il suo lavoro, anche se le critiche fioccano:<em> \u201cSpero che le voci su di me si calmeranno.\u00a0Non leggo molto i commenti: sono il modo di autodistruggersi pi\u00f9 semplice. Ma incapparci \u00e8 inevitabile. L\u2019altro giorno ho acceso la radio e una speaker parlava male di me. Diceva che gi\u00e0 non sopportava mia mamma, figurarsi me. Ormai, quasi non mi toccano. E molte critiche le accetto perch\u00e9 \u00e8 vero che sono raccomandata\u201d.<\/em><\/p>\n<figure class=\"caption\"><img decoding=\"async\" alt=\"\" width=\"640\" height=\"794\" src=\"https:\/\/files.gossip.it\/immagini_news\/2018\/05\/1526546184_aurora-ramazzotti-2.jpg\" \/><figcaption>Aury spera che le critiche contro di lei si calmino, vuole fare tv: \u00e8 il suo futuro<\/figcaption><\/figure>\n<p><strong>Aurora Ramazzotti <\/strong>non si nasconde e spiega la sua affermazione: <em>\u201cNon sono stati mia madre o mio padre a chiedere alla rete di prendermi, ovvio. Ma \u00e8 vero che ho avuto una spinta con due genitori famosi. Lo \u00e8 altrettanto che sono cresciuta respirando spettacolo: al mio posto chiunque farebbe lo stesso, avendo la mia passione e, penso, le mie capacit\u00e0. Sar\u00e0 il tempo a parlare\u201d.<\/em><\/p>\n<p>Aurora, innamorata di pap\u00e0 <a href=\"\/vip\/eros-ramazzotti\/\">Eros Ramazzotti<\/a>, protettiva verso mamma Michelle, ama la sua famiglia allargata, anche se, quando \u00e8 arrivata Raffaela Maria un po\u2019 di sconvolgimento c\u2019\u00e8 stato: <em>\u201cLa notizia dell\u2019arrivo di Raffaela, la prima, \u00e8 stata traumatica. Pensare di dover condividere mio padre con un\u2019altra famiglia era tosto. Questo finch\u00e9 non l\u2019ho avuta in braccio: \u00e8 come se mi fossi sentita di colpo responsabile per lei. E l\u2019ho amata. Poi ne hanno sparati fuori quattro e ora ne vorrei altri, perch\u00e9 per un bel po\u2019 non intendo farli\u201d.<\/em><\/p>\n<p>\u00a0<\/p>\n","protected":false},"excerpt":{"rendered":"<p>Aurora Ramazzotti al Corriere della Sera racconta come \u00e8 cambiata la sua esistenza da quando alla mamma, Michelle Hunziker, un anno fa \u00e8 arrivata una mail in cui anonimi chiedevano soldi per non gettare dell\u2019acido in faccia a lei, sua figlia. \u201cVivo da un anno sotto scorta per la minaccia dell\u2019acido\u201d, ammette la 21enne che [&hellip;]<\/p>\n","protected":false},"author":1,"featured_media":117230,"comment_status":"closed","ping_status":"closed","sticky":false,"template":"","format":"standard","meta":{"footnotes":""},"categories":[54],"tags":[11667,1939,2098,2211,2102,2103,9071,2291,10432,11669,44984,2097,11611,5411],"vip":[693,1351],"class_list":["post-61184","post","type-post","status-publish","format-standard","has-post-thumbnail","hentry","category-news","tag-acido","tag-aurora-ramazzotti","tag-canale-5","tag-corriere-della-sera","tag-dichiarazioni","tag-intervista","tag-inviata","tag-mediaset","tag-minaccia","tag-scorta","tag-sotto","tag-tv","tag-vuoi-scommettere","tag-x-factor","vip-eros_ramazzotti","vip-michelle_hunziker"],"yoast_head":"<title>Aurora Ramazzotti: &#039;Vivo sotto scorta da un anno per la minaccia dell\u2019acido\u2019 - Gossip.it | News sul Gossip e VIP<\/title>\n<meta name=\"description\" content=\"Aurora Ramazzotti al Corriere della Sera racconta come \u00e8 cambiata la sua esistenza da quando alla mamma, Michelle Hunziker, un anno fa \u00e8 arrivata una mail\" \/>\n<meta name=\"robots\" content=\"index, follow, max-snippet:-1, max-image-preview:large, max-video-preview:-1\" \/>\n<link rel=\"canonical\" href=\"https:\/\/www.gossip.it\/news\/aurora-ramazzotti-sotto-scorta-minaccia-acido\/\" \/>\n<meta property=\"og:locale\" content=\"it_IT\" \/>\n<meta property=\"og:type\" content=\"article\" \/>\n<meta property=\"og:title\" content=\"Aurora Ramazzotti: &#039;Vivo sotto scorta da un anno per la minaccia dell\u2019acido\u2019 - Gossip.it | News sul Gossip e VIP\" \/>\n<meta property=\"og:description\" content=\"Aurora Ramazzotti al Corriere della Sera racconta come \u00e8 cambiata la sua esistenza da quando alla mamma, Michelle Hunziker, un anno fa \u00e8 arrivata una mail\" \/>\n<meta property=\"og:url\" content=\"https:\/\/www.gossip.it\/news\/aurora-ramazzotti-sotto-scorta-minaccia-acido\/\" \/>\n<meta property=\"og:site_name\" content=\"Gossip.it | News sul Gossip e VIP\" \/>\n<meta property=\"article:publisher\" content=\"https:\/\/www.facebook.com\/GossipIT\" \/>\n<meta property=\"article:published_time\" content=\"2018-05-16T22:00:00+00:00\" \/>\n<meta property=\"og:image\" content=\"https:\/\/files.gossip.it\/immagini_news\/2018\/05\/1526546335_aurora-ramazzotti-1.jpg\" \/>\n<meta name=\"author\" content=\"La Redazione\" \/>\n<meta name=\"twitter:card\" content=\"summary_large_image\" \/>\n<meta name=\"twitter:image\" content=\"https:\/\/files.gossip.it\/immagini_news\/2018\/05\/1526546335_aurora-ramazzotti-1.jpg\" \/>\n<meta name=\"twitter:creator\" content=\"@gossinews_it\" \/>\n<meta name=\"twitter:site\" content=\"@gossinews_it\" \/>\n<meta name=\"twitter:label1\" content=\"Scritto da\" \/>\n\t<meta name=\"twitter:data1\" content=\"Annamaria Capozzi\" \/>\n\t<meta name=\"twitter:label2\" content=\"Tempo di lettura stimato\" \/>\n\t<meta name=\"twitter:data2\" content=\"3 minuti\" \/>","yoast_head_json":{"title":"Aurora Ramazzotti: 'Vivo sotto scorta da un anno per la minaccia dell\u2019acido\u2019 - Gossip.it | News sul Gossip e VIP","description":"Aurora Ramazzotti al Corriere della Sera racconta come \u00e8 cambiata la sua esistenza da quando alla mamma, Michelle Hunziker, un anno fa \u00e8 arrivata una mail","robots":{"index":"index","follow":"follow","max-snippet":"max-snippet:-1","max-image-preview":"max-image-preview:large","max-video-preview":"max-video-preview:-1"},"canonical":"https:\/\/www.gossip.it\/news\/aurora-ramazzotti-sotto-scorta-minaccia-acido\/","og_locale":"it_IT","og_type":"article","og_title":"Aurora Ramazzotti: 'Vivo sotto scorta da un anno per la minaccia dell\u2019acido\u2019 - Gossip.it | News sul Gossip e VIP","og_description":"Aurora Ramazzotti al Corriere della Sera racconta come \u00e8 cambiata la sua esistenza da quando alla mamma, Michelle Hunziker, un anno fa \u00e8 arrivata una mail","og_url":"https:\/\/www.gossip.it\/news\/aurora-ramazzotti-sotto-scorta-minaccia-acido\/","og_site_name":"Gossip.it | News sul Gossip e VIP","article_publisher":"https:\/\/www.facebook.com\/GossipIT","article_published_time":"2018-05-16T22:00:00+00:00","og_image":[{"url":"https:\/\/files.gossip.it\/immagini_news\/2018\/05\/1526546335_aurora-ramazzotti-1.jpg"}],"author":"La Redazione","twitter_card":"summary_large_image","twitter_image":"https:\/\/files.gossip.it\/immagini_news\/2018\/05\/1526546335_aurora-ramazzotti-1.jpg","twitter_creator":"@gossinews_it","twitter_site":"@gossinews_it","twitter_misc":{"Scritto da":"Annamaria Capozzi","Tempo di lettura stimato":"3 minuti"},"schema":{"@context":"https:\/\/schema.org","@graph":[{"@type":"Article","@id":"https:\/\/www.gossip.it\/news\/aurora-ramazzotti-sotto-scorta-minaccia-acido\/#article","isPartOf":{"@id":"https:\/\/www.gossip.it\/news\/aurora-ramazzotti-sotto-scorta-minaccia-acido\/"},"author":{"name":"La Redazione","@id":"https:\/\/www.gossip.it\/#\/schema\/person\/488896f75158bff1cc83c6c39d141110"},"headline":"Aurora Ramazzotti: 'Vivo sotto scorta da un anno per la minaccia dell\u2019acido\u2019","datePublished":"2018-05-16T22:00:00+00:00","dateModified":"2018-05-16T22:00:00+00:00","mainEntityOfPage":{"@id":"https:\/\/www.gossip.it\/news\/aurora-ramazzotti-sotto-scorta-minaccia-acido\/"},"wordCount":588,"publisher":{"@id":"https:\/\/www.gossip.it\/#organization"},"image":{"@id":"https:\/\/www.gossip.it\/news\/aurora-ramazzotti-sotto-scorta-minaccia-acido\/#primaryimage"},"thumbnailUrl":"https:\/\/files.gossip.it\/immagini_news\/2018\/05\/1526546335_aurora-ramazzotti-1.jpg","keywords":["acido","aurora ramazzotti","canale 5","corriere della sera","dichiarazioni","intervista","inviata","mediaset","minaccia","scorta","sotto","tv","vuoi scommettere","x factor"],"articleSection":["News"],"inLanguage":"it-IT"},{"@type":"WebPage","@id":"https:\/\/www.gossip.it\/news\/aurora-ramazzotti-sotto-scorta-minaccia-acido\/","url":"https:\/\/www.gossip.it\/news\/aurora-ramazzotti-sotto-scorta-minaccia-acido\/","name":"Aurora Ramazzotti: 'Vivo sotto scorta da un anno per la minaccia dell\u2019acido\u2019 - Gossip.it | News sul Gossip e VIP","isPartOf":{"@id":"https:\/\/www.gossip.it\/#website"},"primaryImageOfPage":{"@id":"https:\/\/www.gossip.it\/news\/aurora-ramazzotti-sotto-scorta-minaccia-acido\/#primaryimage"},"image":{"@id":"https:\/\/www.gossip.it\/news\/aurora-ramazzotti-sotto-scorta-minaccia-acido\/#primaryimage"},"thumbnailUrl":"https:\/\/files.gossip.it\/immagini_news\/2018\/05\/1526546335_aurora-ramazzotti-1.jpg","datePublished":"2018-05-16T22:00:00+00:00","dateModified":"2018-05-16T22:00:00+00:00","description":"Aurora Ramazzotti al Corriere della Sera racconta come \u00e8 cambiata la sua esistenza da quando alla mamma, Michelle Hunziker, un anno fa \u00e8 arrivata una mail","breadcrumb":{"@id":"https:\/\/www.gossip.it\/news\/aurora-ramazzotti-sotto-scorta-minaccia-acido\/#breadcrumb"},"inLanguage":"it-IT","potentialAction":[{"@type":"ReadAction","target":["https:\/\/www.gossip.it\/news\/aurora-ramazzotti-sotto-scorta-minaccia-acido\/"]}]},{"@type":"ImageObject","inLanguage":"it-IT","@id":"https:\/\/www.gossip.it\/news\/aurora-ramazzotti-sotto-scorta-minaccia-acido\/#primaryimage","url":"https:\/\/files.gossip.it\/immagini_news\/2018\/05\/1526546335_aurora-ramazzotti-1.jpg","contentUrl":"https:\/\/files.gossip.it\/immagini_news\/2018\/05\/1526546335_aurora-ramazzotti-1.jpg"},{"@type":"BreadcrumbList","@id":"https:\/\/www.gossip.it\/news\/aurora-ramazzotti-sotto-scorta-minaccia-acido\/#breadcrumb","itemListElement":[{"@type":"ListItem","position":1,"name":"Home","item":"https:\/\/www.gossip.it\/"},{"@type":"ListItem","position":2,"name":"Aurora Ramazzotti: 'Vivo sotto scorta da un anno per la minaccia dell\u2019acido\u2019"}]},{"@type":"WebSite","@id":"https:\/\/www.gossip.it\/#website","url":"https:\/\/www.gossip.it\/","name":"Gossip and VIP News","description":"Quotidiano di cronaca rosa, costume e societ\u00e0","publisher":{"@id":"https:\/\/www.gossip.it\/#organization"},"alternateName":"Gossip and VIP News","potentialAction":[{"@type":"SearchAction","target":{"@type":"EntryPoint","urlTemplate":"https:\/\/www.gossip.it\/?s={search_term_string}"},"query-input":{"@type":"PropertyValueSpecification","valueRequired":true,"valueName":"search_term_string"}}],"inLanguage":"it-IT"},{"@type":"Organization","@id":"https:\/\/www.gossip.it\/#organization","name":"Gossip and VIP News","alternateName":"Gossip News","url":"https:\/\/www.gossip.it\/","logo":{"@type":"ImageObject","inLanguage":"it-IT","@id":"https:\/\/www.gossip.it\/#\/schema\/logo\/image\/","url":"https:\/\/www.gossip.it\/wp-content\/uploads\/2022\/04\/cropped-corna-alta-tiny.png","contentUrl":"https:\/\/www.gossip.it\/wp-content\/uploads\/2022\/04\/cropped-corna-alta-tiny.png","width":512,"height":512,"caption":"Gossip and VIP News"},"image":{"@id":"https:\/\/www.gossip.it\/#\/schema\/logo\/image\/"},"sameAs":["https:\/\/www.facebook.com\/GossipIT","https:\/\/x.com\/gossinews_it","https:\/\/instagram.com\/gossip_it"]},{"@type":"Person","@id":"https:\/\/www.gossip.it\/#\/schema\/person\/488896f75158bff1cc83c6c39d141110","name":"La Redazione","image":{"@type":"ImageObject","inLanguage":"it-IT","@id":"https:\/\/www.gossip.it\/#\/schema\/person\/image\/","url":"https:\/\/secure.gravatar.com\/avatar\/5a5f5c6fa3e6700e4249abdad0263a1e94e927d9e0499b1cb09c1cd29c044d80?s=96&d=mm&r=g","contentUrl":"https:\/\/secure.gravatar.com\/avatar\/5a5f5c6fa3e6700e4249abdad0263a1e94e927d9e0499b1cb09c1cd29c044d80?s=96&d=mm&r=g","caption":"La Redazione"},"sameAs":["https:\/\/www.gossip.it"]}]}},"amp_enabled":true,"_links":{"self":[{"href":"https:\/\/www.gossip.it\/api\/wp\/v2\/posts\/61184","targetHints":{"allow":["GET"]}}],"collection":[{"href":"https:\/\/www.gossip.it\/api\/wp\/v2\/posts"}],"about":[{"href":"https:\/\/www.gossip.it\/api\/wp\/v2\/types\/post"}],"author":[{"embeddable":true,"href":"https:\/\/www.gossip.it\/api\/wp\/v2\/users\/1"}],"replies":[{"embeddable":true,"href":"https:\/\/www.gossip.it\/api\/wp\/v2\/comments?post=61184"}],"version-history":[{"count":0,"href":"https:\/\/www.gossip.it\/api\/wp\/v2\/posts\/61184\/revisions"}],"wp:featuredmedia":[{"embeddable":true,"href":"https:\/\/www.gossip.it\/api\/wp\/v2\/media\/117230"}],"wp:attachment":[{"href":"https:\/\/www.gossip.it\/api\/wp\/v2\/media?parent=61184"}],"wp:term":[{"taxonomy":"category","embeddable":true,"href":"https:\/\/www.gossip.it\/api\/wp\/v2\/categories?post=61184"},{"taxonomy":"post_tag","embeddable":true,"href":"https:\/\/www.gossip.it\/api\/wp\/v2\/tags?post=61184"},{"taxonomy":"vip","embeddable":true,"href":"https:\/\/www.gossip.it\/api\/wp\/v2\/vip?post=61184"}],"curies":[{"name":"wp","href":"https:\/\/api.w.org\/{rel}","templated":true}]}}