{"id":61227,"date":"2018-05-22T00:00:00","date_gmt":"2018-05-21T22:00:00","guid":{"rendered":"https:\/\/www.gossip.it\/senza-categoria\/chiara-ferragni-look-ufficio-ciliegie\/"},"modified":"2018-05-22T00:00:00","modified_gmt":"2018-05-21T22:00:00","slug":"chiara-ferragni-look-ufficio-ciliegie","status":"publish","type":"post","link":"https:\/\/www.gossip.it\/news\/chiara-ferragni-look-ufficio-ciliegie\/","title":{"rendered":"Chiara Ferragni sceglie le ciliegie per il suo look da ufficio"},"content":{"rendered":"<p><a href=\"\/vip\/chiara-ferragni\/\">Chiara Ferragni<\/a> per iniziare bene la settimana nel suo nuovo <strong>ufficio<\/strong> milanese sfoggia un<strong> look <\/strong>dove a farla da padrone sono le <strong>ciliegie<\/strong>: la fashion blogger, infatti, indossa una felpa abbinata a pantaloncini con stampati i succosi frutti rossi.<\/p>\n<figure class=\"caption\"><img decoding=\"async\" alt=\"\" width=\"640\" height=\"799\" src=\"https:\/\/files.gossip.it\/immagini_news\/2018\/05\/1526993374_ferragni_1.jpg\" \/><figcaption>Chiara Ferragni mostra il suo look da ufficio\u00a0<\/figcaption><\/figure>\n<p><strong>Chiara<\/strong> a quanto pare ama le<strong> ciliegie<\/strong> e dedica a loro il suo <strong>look <\/strong>da ufficio, come fa sapere con uno scatto condiviso sul suo profilo <a href=\"\/vip\/instagram\/\">Instagram<\/a>.<br \/>La <strong>Ferragni <\/strong>anche al lavoro ama stare comoda e cos\u00ec nelle giornate che non prevedono incontri particolarmente formali indossa shorts e felpa. Nel suo <em>office <\/em>l'icona di stile ha accolto la modella Nina Sophie Rima. Con loro anche la sorella minore di <strong>Chiara<\/strong>, <a href=\"\/vip\/valentina-ferragni\/\">Valentina Ferragni<\/a>.\u00a0<\/p>\n<figure class=\"caption\"><img decoding=\"async\" alt=\"\" width=\"640\" height=\"761\" src=\"https:\/\/files.gossip.it\/immagini_news\/2018\/05\/1526993404_ferragni_3.jpg\" \/><figcaption>La fashion blogger nel suo office con la sorella Valentina e la modella\u00a0Nina Sophie Rima<\/figcaption><\/figure>\n<figure class=\"caption\"><img decoding=\"async\" alt=\"\" width=\"640\" height=\"471\" src=\"https:\/\/files.gossip.it\/immagini_news\/2018\/05\/1526993460_ferragni_2.jpg\" \/><figcaption>Chiara finalmente a casa con Fedez e il piccolo Leone<\/figcaption><\/figure>\n<p>La fashion blogger dopo aver passato la giornata in <strong>ufficio<\/strong> \u00e8 tornata a casa dal suo piccolo <a href=\"\/vip\/leone\/\">Leone<\/a> che lo scorso 19 maggio ha festeggiato i due mesi di vita. Naturalmente le serate a tutto relax, <strong>Chiara<\/strong> le passa anche con <a href=\"\/vip\/fedez\/\">Fedez<\/a>, suo futuro marito.\u00a0Sul social, infatti, posta uno scatto che li ritrae a letto tutti e tre insieme. Il tenero Leo nella foto indossa un simpatico bavaglino con su scritto \"Stasera faccio il bravo\". Mentre la famosa mamma non abbandona le <strong>ciliegie<\/strong>.<\/p>\n<div class=\"video_integrato\" data-videoid=\"5233\" data-autostart=\"true\">\u00a0<\/div>\n<p><strong>Attenzione!<\/strong>\u00a0A breve vi sar\u00e0 richiesta l'autorizzazione alla nuova normativa cookies. Accettarla \u00e8 facoltativo, ma se non la accetterete, purtroppo, non potrete pi\u00f9 commentare e leggere i commenti su questo sito. Non \u00e8 una scelta nostra, \u00e8 una normativa europea (GDPR). Scusate se ve lo ripeteremo in diverse occasioni, ma siamo sicuri che per voi sia importante quanto per noi non perdere questo spazio di confronto.<\/p>\n<p>\u00a0<\/p>\n","protected":false},"excerpt":{"rendered":"<p>Chiara Ferragni per iniziare bene la settimana nel suo nuovo ufficio milanese sfoggia un look dove a farla da padrone sono le ciliegie: la fashion blogger, infatti, indossa una felpa abbinata a pantaloncini con stampati i succosi frutti rossi. Chiara Ferragni mostra il suo look da ufficio\u00a0 Chiara a quanto pare ama le ciliegie e [&hellip;]<\/p>\n","protected":false},"author":1,"featured_media":117273,"comment_status":"closed","ping_status":"closed","sticky":false,"template":"","format":"standard","meta":{"footnotes":""},"categories":[54],"tags":[57823,7313,6035,1942,7543,1970,1900,1979,10633,1923,11659],"vip":[481],"class_list":["post-61227","post","type-post","status-publish","format-standard","has-post-thumbnail","hentry","category-news","tag-ciliegia","tag-fashion-blogger","tag-fedez","tag-figlio","tag-leone","tag-look","tag-mamma","tag-milano","tag-outfit","tag-social","tag-ufficio","vip-chiara_ferragni"],"yoast_head":"<title>Chiara Ferragni sceglie le ciliegie per il suo look da ufficio - Gossip.it | News sul Gossip e VIP<\/title>\n<meta name=\"description\" content=\"Chiara Ferragni per iniziare bene la settimana nel suo nuovo ufficio milanese sfoggia un look dove a farla da padrone sono le ciliegie: la fashion\" \/>\n<meta name=\"robots\" content=\"index, follow, max-snippet:-1, max-image-preview:large, max-video-preview:-1\" \/>\n<link rel=\"canonical\" href=\"https:\/\/www.gossip.it\/news\/chiara-ferragni-look-ufficio-ciliegie\/\" \/>\n<meta property=\"og:locale\" content=\"it_IT\" \/>\n<meta property=\"og:type\" content=\"article\" \/>\n<meta property=\"og:title\" content=\"Chiara Ferragni sceglie le ciliegie per il suo look da ufficio - Gossip.it | News sul Gossip e VIP\" \/>\n<meta property=\"og:description\" content=\"Chiara Ferragni per iniziare bene la settimana nel suo nuovo ufficio milanese sfoggia un look dove a farla da padrone sono le ciliegie: la fashion\" \/>\n<meta property=\"og:url\" content=\"https:\/\/www.gossip.it\/news\/chiara-ferragni-look-ufficio-ciliegie\/\" \/>\n<meta property=\"og:site_name\" content=\"Gossip.it | News sul Gossip e VIP\" \/>\n<meta property=\"article:publisher\" content=\"https:\/\/www.facebook.com\/GossipIT\" \/>\n<meta property=\"article:published_time\" content=\"2018-05-21T22:00:00+00:00\" \/>\n<meta property=\"og:image\" content=\"https:\/\/files.gossip.it\/immagini_news\/2018\/05\/1526993374_ferragni_1.jpg\" \/>\n<meta name=\"author\" content=\"La Redazione\" \/>\n<meta name=\"twitter:card\" content=\"summary_large_image\" \/>\n<meta name=\"twitter:image\" content=\"https:\/\/files.gossip.it\/immagini_news\/2018\/05\/1526993374_ferragni_1.jpg\" \/>\n<meta name=\"twitter:creator\" content=\"@gossinews_it\" \/>\n<meta name=\"twitter:site\" content=\"@gossinews_it\" \/>\n<meta name=\"twitter:label1\" content=\"Scritto da\" \/>\n\t<meta name=\"twitter:data1\" content=\"Francesca Romana Domenici\" \/>\n\t<meta name=\"twitter:label2\" content=\"Tempo di lettura stimato\" \/>\n\t<meta name=\"twitter:data2\" content=\"1 minuto\" \/>","yoast_head_json":{"title":"Chiara Ferragni sceglie le ciliegie per il suo look da ufficio - Gossip.it | News sul Gossip e VIP","description":"Chiara Ferragni per iniziare bene la settimana nel suo nuovo ufficio milanese sfoggia un look dove a farla da padrone sono le ciliegie: la fashion","robots":{"index":"index","follow":"follow","max-snippet":"max-snippet:-1","max-image-preview":"max-image-preview:large","max-video-preview":"max-video-preview:-1"},"canonical":"https:\/\/www.gossip.it\/news\/chiara-ferragni-look-ufficio-ciliegie\/","og_locale":"it_IT","og_type":"article","og_title":"Chiara Ferragni sceglie le ciliegie per il suo look da ufficio - Gossip.it | News sul Gossip e VIP","og_description":"Chiara Ferragni per iniziare bene la settimana nel suo nuovo ufficio milanese sfoggia un look dove a farla da padrone sono le ciliegie: la fashion","og_url":"https:\/\/www.gossip.it\/news\/chiara-ferragni-look-ufficio-ciliegie\/","og_site_name":"Gossip.it | News sul Gossip e VIP","article_publisher":"https:\/\/www.facebook.com\/GossipIT","article_published_time":"2018-05-21T22:00:00+00:00","og_image":[{"url":"https:\/\/files.gossip.it\/immagini_news\/2018\/05\/1526993374_ferragni_1.jpg"}],"author":"La Redazione","twitter_card":"summary_large_image","twitter_image":"https:\/\/files.gossip.it\/immagini_news\/2018\/05\/1526993374_ferragni_1.jpg","twitter_creator":"@gossinews_it","twitter_site":"@gossinews_it","twitter_misc":{"Scritto da":"Francesca Romana Domenici","Tempo di lettura stimato":"1 minuto"},"schema":{"@context":"https:\/\/schema.org","@graph":[{"@type":"Article","@id":"https:\/\/www.gossip.it\/news\/chiara-ferragni-look-ufficio-ciliegie\/#article","isPartOf":{"@id":"https:\/\/www.gossip.it\/news\/chiara-ferragni-look-ufficio-ciliegie\/"},"author":{"name":"La Redazione","@id":"https:\/\/www.gossip.it\/#\/schema\/person\/488896f75158bff1cc83c6c39d141110"},"headline":"Chiara Ferragni sceglie le ciliegie per il suo look da ufficio","datePublished":"2018-05-21T22:00:00+00:00","dateModified":"2018-05-21T22:00:00+00:00","mainEntityOfPage":{"@id":"https:\/\/www.gossip.it\/news\/chiara-ferragni-look-ufficio-ciliegie\/"},"wordCount":303,"publisher":{"@id":"https:\/\/www.gossip.it\/#organization"},"image":{"@id":"https:\/\/www.gossip.it\/news\/chiara-ferragni-look-ufficio-ciliegie\/#primaryimage"},"thumbnailUrl":"https:\/\/files.gossip.it\/immagini_news\/2018\/05\/1526993374_ferragni_1.jpg","keywords":["ciliegia","fashion blogger","fedez","figlio","Leone","look","mamma","milano","outfit","social","ufficio"],"articleSection":["News"],"inLanguage":"it-IT"},{"@type":"WebPage","@id":"https:\/\/www.gossip.it\/news\/chiara-ferragni-look-ufficio-ciliegie\/","url":"https:\/\/www.gossip.it\/news\/chiara-ferragni-look-ufficio-ciliegie\/","name":"Chiara Ferragni sceglie le ciliegie per il suo look da ufficio - Gossip.it | News sul Gossip e VIP","isPartOf":{"@id":"https:\/\/www.gossip.it\/#website"},"primaryImageOfPage":{"@id":"https:\/\/www.gossip.it\/news\/chiara-ferragni-look-ufficio-ciliegie\/#primaryimage"},"image":{"@id":"https:\/\/www.gossip.it\/news\/chiara-ferragni-look-ufficio-ciliegie\/#primaryimage"},"thumbnailUrl":"https:\/\/files.gossip.it\/immagini_news\/2018\/05\/1526993374_ferragni_1.jpg","datePublished":"2018-05-21T22:00:00+00:00","dateModified":"2018-05-21T22:00:00+00:00","description":"Chiara Ferragni per iniziare bene la settimana nel suo nuovo ufficio milanese sfoggia un look dove a farla da padrone sono le ciliegie: la fashion","breadcrumb":{"@id":"https:\/\/www.gossip.it\/news\/chiara-ferragni-look-ufficio-ciliegie\/#breadcrumb"},"inLanguage":"it-IT","potentialAction":[{"@type":"ReadAction","target":["https:\/\/www.gossip.it\/news\/chiara-ferragni-look-ufficio-ciliegie\/"]}]},{"@type":"ImageObject","inLanguage":"it-IT","@id":"https:\/\/www.gossip.it\/news\/chiara-ferragni-look-ufficio-ciliegie\/#primaryimage","url":"https:\/\/files.gossip.it\/immagini_news\/2018\/05\/1526993374_ferragni_1.jpg","contentUrl":"https:\/\/files.gossip.it\/immagini_news\/2018\/05\/1526993374_ferragni_1.jpg"},{"@type":"BreadcrumbList","@id":"https:\/\/www.gossip.it\/news\/chiara-ferragni-look-ufficio-ciliegie\/#breadcrumb","itemListElement":[{"@type":"ListItem","position":1,"name":"Home","item":"https:\/\/www.gossip.it\/"},{"@type":"ListItem","position":2,"name":"Chiara Ferragni sceglie le ciliegie per il suo look da ufficio"}]},{"@type":"WebSite","@id":"https:\/\/www.gossip.it\/#website","url":"https:\/\/www.gossip.it\/","name":"Gossip and VIP News","description":"Quotidiano di cronaca rosa, costume e societ\u00e0","publisher":{"@id":"https:\/\/www.gossip.it\/#organization"},"alternateName":"Gossip and VIP News","potentialAction":[{"@type":"SearchAction","target":{"@type":"EntryPoint","urlTemplate":"https:\/\/www.gossip.it\/?s={search_term_string}"},"query-input":{"@type":"PropertyValueSpecification","valueRequired":true,"valueName":"search_term_string"}}],"inLanguage":"it-IT"},{"@type":"Organization","@id":"https:\/\/www.gossip.it\/#organization","name":"Gossip and VIP News","alternateName":"Gossip News","url":"https:\/\/www.gossip.it\/","logo":{"@type":"ImageObject","inLanguage":"it-IT","@id":"https:\/\/www.gossip.it\/#\/schema\/logo\/image\/","url":"https:\/\/www.gossip.it\/wp-content\/uploads\/2022\/04\/cropped-corna-alta-tiny.png","contentUrl":"https:\/\/www.gossip.it\/wp-content\/uploads\/2022\/04\/cropped-corna-alta-tiny.png","width":512,"height":512,"caption":"Gossip and VIP News"},"image":{"@id":"https:\/\/www.gossip.it\/#\/schema\/logo\/image\/"},"sameAs":["https:\/\/www.facebook.com\/GossipIT","https:\/\/x.com\/gossinews_it","https:\/\/instagram.com\/gossip_it"]},{"@type":"Person","@id":"https:\/\/www.gossip.it\/#\/schema\/person\/488896f75158bff1cc83c6c39d141110","name":"La Redazione","image":{"@type":"ImageObject","inLanguage":"it-IT","@id":"https:\/\/www.gossip.it\/#\/schema\/person\/image\/","url":"https:\/\/secure.gravatar.com\/avatar\/5a5f5c6fa3e6700e4249abdad0263a1e94e927d9e0499b1cb09c1cd29c044d80?s=96&d=mm&r=g","contentUrl":"https:\/\/secure.gravatar.com\/avatar\/5a5f5c6fa3e6700e4249abdad0263a1e94e927d9e0499b1cb09c1cd29c044d80?s=96&d=mm&r=g","caption":"La Redazione"},"sameAs":["https:\/\/www.gossip.it"]}]}},"amp_enabled":true,"_links":{"self":[{"href":"https:\/\/www.gossip.it\/api\/wp\/v2\/posts\/61227","targetHints":{"allow":["GET"]}}],"collection":[{"href":"https:\/\/www.gossip.it\/api\/wp\/v2\/posts"}],"about":[{"href":"https:\/\/www.gossip.it\/api\/wp\/v2\/types\/post"}],"author":[{"embeddable":true,"href":"https:\/\/www.gossip.it\/api\/wp\/v2\/users\/1"}],"replies":[{"embeddable":true,"href":"https:\/\/www.gossip.it\/api\/wp\/v2\/comments?post=61227"}],"version-history":[{"count":0,"href":"https:\/\/www.gossip.it\/api\/wp\/v2\/posts\/61227\/revisions"}],"wp:featuredmedia":[{"embeddable":true,"href":"https:\/\/www.gossip.it\/api\/wp\/v2\/media\/117273"}],"wp:attachment":[{"href":"https:\/\/www.gossip.it\/api\/wp\/v2\/media?parent=61227"}],"wp:term":[{"taxonomy":"category","embeddable":true,"href":"https:\/\/www.gossip.it\/api\/wp\/v2\/categories?post=61227"},{"taxonomy":"post_tag","embeddable":true,"href":"https:\/\/www.gossip.it\/api\/wp\/v2\/tags?post=61227"},{"taxonomy":"vip","embeddable":true,"href":"https:\/\/www.gossip.it\/api\/wp\/v2\/vip?post=61227"}],"curies":[{"name":"wp","href":"https:\/\/api.w.org\/{rel}","templated":true}]}}