{"id":61271,"date":"2018-05-28T00:00:00","date_gmt":"2018-05-27T22:00:00","guid":{"rendered":"https:\/\/www.gossip.it\/senza-categoria\/fabrizio-corona-silvia-provvedi-tornati-insieme-roma-evento\/"},"modified":"2018-05-28T00:00:00","modified_gmt":"2018-05-27T22:00:00","slug":"fabrizio-corona-silvia-provvedi-tornati-insieme-roma-evento","status":"publish","type":"post","link":"https:\/\/www.gossip.it\/news\/fabrizio-corona-silvia-provvedi-tornati-insieme-roma-evento\/","title":{"rendered":"Fabrizio Corona e Silvia Provvedi sono tornati insieme: eccoli a Roma a un evento"},"content":{"rendered":"<p><a href=\"\/vip\/fabrizio-corona\/\">Fabrizio Corona<\/a> e <a href=\"\/vip\/silvia-provvedi\/\">Silvia Provvedi<\/a> sono<strong> tornati insieme<\/strong>, ormai sembrano non esserci pi\u00f9 dubbi, a un <strong>evento<\/strong> a <strong>Roma<\/strong> i due si baciano con grande trasporto e lasciano che i fotografi li immortalino avvinghiati e contenti.<\/p>\n<figure class=\"caption\"><img decoding=\"async\" alt=\"\" width=\"640\" height=\"900\" src=\"https:\/\/files.gossip.it\/immagini_news\/2018\/05\/1527500175_corona_1.jpg\" \/><figcaption>Fabrizio Corona e Silvia Provvedi sono tornati insieme: eccoli a Roma a un evento mentre si baciano<\/figcaption><\/figure>\n<p>Sono <strong>tornati insieme<\/strong>. All\u2019<strong>evento<\/strong> mondano a <strong>Roma<\/strong>\u00a0<strong>Fabrizio Corona<\/strong> e <strong>Silvia Provvedi <\/strong>si lasciano andare in intimit\u00e0. Il ritorno di fiamma fa scattare i flash dei fotografi. L\u2019imprenditore, ex re dei paparazzi, sa ancora come dettare le regole del gossip e attirare l\u2019attenzione dei media su di s\u00e9.<\/p>\n<p><strong>Silvia Provvedi<\/strong> \u00e8 una sexy Dj all\u2019<strong>evento<\/strong> a <strong>Roma<\/strong>, <strong>Fabrizio Corona<\/strong> sale in consolle e le regala un <em>\u2018bocca a bocca\u2019 <\/em>da film. Sorrisi e intimit\u00e0 per la coppia. Sono <strong>tornati insieme<\/strong> e non si preoccupano affatto di essere al centro dell\u2019attenzione, anzi. Sono piacevolmente coinvolti dall\u2019atmosfera elettrizzante della serata capitolina.<\/p>\n<figure class=\"caption\"><img decoding=\"async\" alt=\"\" width=\"640\" height=\"348\" src=\"https:\/\/files.gossip.it\/immagini_news\/2018\/05\/1527500210_d_urso_3.jpg\" \/><figcaption>Il 44enne in tv attacca Barbara D'Urso che a 'Domenica Live' replica<\/figcaption><\/figure>\n<p>Il 44enne fa parlare di s\u00e9 da sempre. Anche in <a href=\"\/vip\/tv\/\">tv<\/a> non ha avuto problemi ad attaccare <a href=\"\/vip\/barbara-d\u2019urso\/\">Barbara D\u2019Urso<\/a>, <a href=\"\/vip\/alda-d\u2019eusanio\/\">Alda D\u2019Eusanio<\/a> e\u00a0<a href=\"\/vip\/nina-moric\/\">Nina Moric<\/a>. Ha detto che le lacrime della sua ex moglie al <a href=\"\/vip\/gf\/\">GF<\/a> gli sono sembrate pietose. E\u2019 convinto si stia facendo strumentalizzare da <a href=\"\/vip\/carmelita\/\">Carmelita<\/a>. La D\u2019Urso a <a href=\"\/vip\/domenica-live\/\">Domenica Live<\/a> replica e non gliele manda a dire.<em> \u201cNon amo parlare di questa persona, se non per motivi di cronaca. Io non mi devo giustificare di nulla, io volo altissimo. Sono talmente abituata alla cattiveria della gente piccola. Non sono stata in carcere io\u201d<\/em>, sottolinea.<\/p>\n<figure class=\"caption\"><img decoding=\"async\" alt=\"\" width=\"640\" height=\"411\" src=\"https:\/\/files.gossip.it\/immagini_news\/2018\/05\/1527500243_corona_2.jpg\" \/><figcaption>Corona poi si scaglia contro la popolare conduttrice anche sul social con un post durissimo<\/figcaption><\/figure>\n<p>Sui <a href=\"\/vip\/social\/\">social<\/a> con un post durissimo Corona controbatte\u00a0 e si scaglia contro la popolare conduttrice. <em>\u201cSe non avessi la coda di paglia (nei confronti di quasi tutto il mondo dello spettacolo e sai di cosa parlo)<\/em> - scrive Fabrizio - <em>Non ti saresti giustificata cos\u00ec pi\u00f9 e pi\u00f9 volte\u201d<\/em>. Poi aggiunge: <em>\u201cPs: hai fatto ore e ore sula mia persona, sul mio caso e lo hai fatto senza sapere nulla. Studia. Prendi in mano un oggetto che si chiama codice penale. Sai cos\u2019\u00e8? Studia! Dimenticavo: il mio nome \u00e8 <strong>Fabrizio Corona<\/strong>, figlio di Vittorio, uno dei primi che ti ha dato popolarit\u00e0 e da mangiare\u201d:<\/em><\/p>\n<p>\u00a0<\/p>\n<p>\u00a0<\/p>\n","protected":false},"excerpt":{"rendered":"<p>Fabrizio Corona e Silvia Provvedi sono tornati insieme, ormai sembrano non esserci pi\u00f9 dubbi, a un evento a Roma i due si baciano con grande trasporto e lasciano che i fotografi li immortalino avvinghiati e contenti. Fabrizio Corona e Silvia Provvedi sono tornati insieme: eccoli a Roma a un evento mentre si baciano Sono tornati [&hellip;]<\/p>\n","protected":false},"author":1,"featured_media":117317,"comment_status":"closed","ping_status":"closed","sticky":false,"template":"","format":"standard","meta":{"footnotes":""},"categories":[54],"tags":[2405,2102,2757,2180,2351,9053,1965,2122,1879,9672,12819,2097],"vip":[239,383,719,1426],"class_list":["post-61271","post","type-post","status-publish","format-standard","has-post-thumbnail","hentry","category-news","tag-bacio","tag-dichiarazioni","tag-evento","tag-fidanzata","tag-imprenditore","tag-le-donatella","tag-party","tag-post","tag-roma","tag-silvia-provvedi","tag-tornati-insieme","tag-tv","vip-alda_deusanio","vip-barbara_durso","vip-fabrizio_corona","vip-nina_moric"],"yoast_head":"<title>Fabrizio Corona e Silvia Provvedi sono tornati insieme: eccoli a Roma a un evento - Gossip.it | News sul Gossip e VIP<\/title>\n<meta name=\"description\" content=\"Fabrizio Corona e Silvia Provvedi sono tornati insieme, ormai sembrano non esserci pi\u00f9 dubbi, a un evento a Roma i due si baciano con grande trasporto e\" \/>\n<meta name=\"robots\" content=\"index, follow, max-snippet:-1, max-image-preview:large, max-video-preview:-1\" \/>\n<link rel=\"canonical\" href=\"https:\/\/www.gossip.it\/news\/fabrizio-corona-silvia-provvedi-tornati-insieme-roma-evento\/\" \/>\n<meta property=\"og:locale\" content=\"it_IT\" \/>\n<meta property=\"og:type\" content=\"article\" \/>\n<meta property=\"og:title\" content=\"Fabrizio Corona e Silvia Provvedi sono tornati insieme: eccoli a Roma a un evento - Gossip.it | News sul Gossip e VIP\" \/>\n<meta property=\"og:description\" content=\"Fabrizio Corona e Silvia Provvedi sono tornati insieme, ormai sembrano non esserci pi\u00f9 dubbi, a un evento a Roma i due si baciano con grande trasporto e\" \/>\n<meta property=\"og:url\" content=\"https:\/\/www.gossip.it\/news\/fabrizio-corona-silvia-provvedi-tornati-insieme-roma-evento\/\" \/>\n<meta property=\"og:site_name\" content=\"Gossip.it | News sul Gossip e VIP\" \/>\n<meta property=\"article:publisher\" content=\"https:\/\/www.facebook.com\/GossipIT\" \/>\n<meta property=\"article:published_time\" content=\"2018-05-27T22:00:00+00:00\" \/>\n<meta property=\"og:image\" content=\"https:\/\/files.gossip.it\/immagini_news\/2018\/05\/1527500175_corona_1.jpg\" \/>\n<meta name=\"author\" content=\"La Redazione\" \/>\n<meta name=\"twitter:card\" content=\"summary_large_image\" \/>\n<meta name=\"twitter:image\" content=\"https:\/\/files.gossip.it\/immagini_news\/2018\/05\/1527500175_corona_1.jpg\" \/>\n<meta name=\"twitter:creator\" content=\"@gossinews_it\" \/>\n<meta name=\"twitter:site\" content=\"@gossinews_it\" \/>\n<meta name=\"twitter:label1\" content=\"Scritto da\" \/>\n\t<meta name=\"twitter:data1\" content=\"Annamaria Capozzi\" \/>\n\t<meta name=\"twitter:label2\" content=\"Tempo di lettura stimato\" \/>\n\t<meta name=\"twitter:data2\" content=\"2 minuti\" \/>","yoast_head_json":{"title":"Fabrizio Corona e Silvia Provvedi sono tornati insieme: eccoli a Roma a un evento - Gossip.it | News sul Gossip e VIP","description":"Fabrizio Corona e Silvia Provvedi sono tornati insieme, ormai sembrano non esserci pi\u00f9 dubbi, a un evento a Roma i due si baciano con grande trasporto e","robots":{"index":"index","follow":"follow","max-snippet":"max-snippet:-1","max-image-preview":"max-image-preview:large","max-video-preview":"max-video-preview:-1"},"canonical":"https:\/\/www.gossip.it\/news\/fabrizio-corona-silvia-provvedi-tornati-insieme-roma-evento\/","og_locale":"it_IT","og_type":"article","og_title":"Fabrizio Corona e Silvia Provvedi sono tornati insieme: eccoli a Roma a un evento - Gossip.it | News sul Gossip e VIP","og_description":"Fabrizio Corona e Silvia Provvedi sono tornati insieme, ormai sembrano non esserci pi\u00f9 dubbi, a un evento a Roma i due si baciano con grande trasporto e","og_url":"https:\/\/www.gossip.it\/news\/fabrizio-corona-silvia-provvedi-tornati-insieme-roma-evento\/","og_site_name":"Gossip.it | News sul Gossip e VIP","article_publisher":"https:\/\/www.facebook.com\/GossipIT","article_published_time":"2018-05-27T22:00:00+00:00","og_image":[{"url":"https:\/\/files.gossip.it\/immagini_news\/2018\/05\/1527500175_corona_1.jpg"}],"author":"La Redazione","twitter_card":"summary_large_image","twitter_image":"https:\/\/files.gossip.it\/immagini_news\/2018\/05\/1527500175_corona_1.jpg","twitter_creator":"@gossinews_it","twitter_site":"@gossinews_it","twitter_misc":{"Scritto da":"Annamaria Capozzi","Tempo di lettura stimato":"2 minuti"},"schema":{"@context":"https:\/\/schema.org","@graph":[{"@type":"Article","@id":"https:\/\/www.gossip.it\/news\/fabrizio-corona-silvia-provvedi-tornati-insieme-roma-evento\/#article","isPartOf":{"@id":"https:\/\/www.gossip.it\/news\/fabrizio-corona-silvia-provvedi-tornati-insieme-roma-evento\/"},"author":{"name":"La Redazione","@id":"https:\/\/www.gossip.it\/#\/schema\/person\/488896f75158bff1cc83c6c39d141110"},"headline":"Fabrizio Corona e Silvia Provvedi sono tornati insieme: eccoli a Roma a un evento","datePublished":"2018-05-27T22:00:00+00:00","dateModified":"2018-05-27T22:00:00+00:00","mainEntityOfPage":{"@id":"https:\/\/www.gossip.it\/news\/fabrizio-corona-silvia-provvedi-tornati-insieme-roma-evento\/"},"wordCount":402,"publisher":{"@id":"https:\/\/www.gossip.it\/#organization"},"image":{"@id":"https:\/\/www.gossip.it\/news\/fabrizio-corona-silvia-provvedi-tornati-insieme-roma-evento\/#primaryimage"},"thumbnailUrl":"https:\/\/files.gossip.it\/immagini_news\/2018\/05\/1527500175_corona_1.jpg","keywords":["bacio","dichiarazioni","evento","fidanzata","imprenditore","le donatella","party","post","roma","silvia provvedi","tornati insieme","tv"],"articleSection":["News"],"inLanguage":"it-IT"},{"@type":"WebPage","@id":"https:\/\/www.gossip.it\/news\/fabrizio-corona-silvia-provvedi-tornati-insieme-roma-evento\/","url":"https:\/\/www.gossip.it\/news\/fabrizio-corona-silvia-provvedi-tornati-insieme-roma-evento\/","name":"Fabrizio Corona e Silvia Provvedi sono tornati insieme: eccoli a Roma a un evento - Gossip.it | News sul Gossip e VIP","isPartOf":{"@id":"https:\/\/www.gossip.it\/#website"},"primaryImageOfPage":{"@id":"https:\/\/www.gossip.it\/news\/fabrizio-corona-silvia-provvedi-tornati-insieme-roma-evento\/#primaryimage"},"image":{"@id":"https:\/\/www.gossip.it\/news\/fabrizio-corona-silvia-provvedi-tornati-insieme-roma-evento\/#primaryimage"},"thumbnailUrl":"https:\/\/files.gossip.it\/immagini_news\/2018\/05\/1527500175_corona_1.jpg","datePublished":"2018-05-27T22:00:00+00:00","dateModified":"2018-05-27T22:00:00+00:00","description":"Fabrizio Corona e Silvia Provvedi sono tornati insieme, ormai sembrano non esserci pi\u00f9 dubbi, a un evento a Roma i due si baciano con grande trasporto e","breadcrumb":{"@id":"https:\/\/www.gossip.it\/news\/fabrizio-corona-silvia-provvedi-tornati-insieme-roma-evento\/#breadcrumb"},"inLanguage":"it-IT","potentialAction":[{"@type":"ReadAction","target":["https:\/\/www.gossip.it\/news\/fabrizio-corona-silvia-provvedi-tornati-insieme-roma-evento\/"]}]},{"@type":"ImageObject","inLanguage":"it-IT","@id":"https:\/\/www.gossip.it\/news\/fabrizio-corona-silvia-provvedi-tornati-insieme-roma-evento\/#primaryimage","url":"https:\/\/files.gossip.it\/immagini_news\/2018\/05\/1527500175_corona_1.jpg","contentUrl":"https:\/\/files.gossip.it\/immagini_news\/2018\/05\/1527500175_corona_1.jpg"},{"@type":"BreadcrumbList","@id":"https:\/\/www.gossip.it\/news\/fabrizio-corona-silvia-provvedi-tornati-insieme-roma-evento\/#breadcrumb","itemListElement":[{"@type":"ListItem","position":1,"name":"Home","item":"https:\/\/www.gossip.it\/"},{"@type":"ListItem","position":2,"name":"Fabrizio Corona e Silvia Provvedi sono tornati insieme: eccoli a Roma a un evento"}]},{"@type":"WebSite","@id":"https:\/\/www.gossip.it\/#website","url":"https:\/\/www.gossip.it\/","name":"Gossip and VIP News","description":"Quotidiano di cronaca rosa, costume e societ\u00e0","publisher":{"@id":"https:\/\/www.gossip.it\/#organization"},"alternateName":"Gossip and VIP News","potentialAction":[{"@type":"SearchAction","target":{"@type":"EntryPoint","urlTemplate":"https:\/\/www.gossip.it\/?s={search_term_string}"},"query-input":{"@type":"PropertyValueSpecification","valueRequired":true,"valueName":"search_term_string"}}],"inLanguage":"it-IT"},{"@type":"Organization","@id":"https:\/\/www.gossip.it\/#organization","name":"Gossip and VIP News","alternateName":"Gossip News","url":"https:\/\/www.gossip.it\/","logo":{"@type":"ImageObject","inLanguage":"it-IT","@id":"https:\/\/www.gossip.it\/#\/schema\/logo\/image\/","url":"https:\/\/www.gossip.it\/wp-content\/uploads\/2022\/04\/cropped-corna-alta-tiny.png","contentUrl":"https:\/\/www.gossip.it\/wp-content\/uploads\/2022\/04\/cropped-corna-alta-tiny.png","width":512,"height":512,"caption":"Gossip and VIP News"},"image":{"@id":"https:\/\/www.gossip.it\/#\/schema\/logo\/image\/"},"sameAs":["https:\/\/www.facebook.com\/GossipIT","https:\/\/x.com\/gossinews_it","https:\/\/instagram.com\/gossip_it"]},{"@type":"Person","@id":"https:\/\/www.gossip.it\/#\/schema\/person\/488896f75158bff1cc83c6c39d141110","name":"La Redazione","image":{"@type":"ImageObject","inLanguage":"it-IT","@id":"https:\/\/www.gossip.it\/#\/schema\/person\/image\/","url":"https:\/\/secure.gravatar.com\/avatar\/5a5f5c6fa3e6700e4249abdad0263a1e94e927d9e0499b1cb09c1cd29c044d80?s=96&d=mm&r=g","contentUrl":"https:\/\/secure.gravatar.com\/avatar\/5a5f5c6fa3e6700e4249abdad0263a1e94e927d9e0499b1cb09c1cd29c044d80?s=96&d=mm&r=g","caption":"La Redazione"},"sameAs":["https:\/\/www.gossip.it"]}]}},"amp_enabled":true,"_links":{"self":[{"href":"https:\/\/www.gossip.it\/api\/wp\/v2\/posts\/61271","targetHints":{"allow":["GET"]}}],"collection":[{"href":"https:\/\/www.gossip.it\/api\/wp\/v2\/posts"}],"about":[{"href":"https:\/\/www.gossip.it\/api\/wp\/v2\/types\/post"}],"author":[{"embeddable":true,"href":"https:\/\/www.gossip.it\/api\/wp\/v2\/users\/1"}],"replies":[{"embeddable":true,"href":"https:\/\/www.gossip.it\/api\/wp\/v2\/comments?post=61271"}],"version-history":[{"count":0,"href":"https:\/\/www.gossip.it\/api\/wp\/v2\/posts\/61271\/revisions"}],"wp:featuredmedia":[{"embeddable":true,"href":"https:\/\/www.gossip.it\/api\/wp\/v2\/media\/117317"}],"wp:attachment":[{"href":"https:\/\/www.gossip.it\/api\/wp\/v2\/media?parent=61271"}],"wp:term":[{"taxonomy":"category","embeddable":true,"href":"https:\/\/www.gossip.it\/api\/wp\/v2\/categories?post=61271"},{"taxonomy":"post_tag","embeddable":true,"href":"https:\/\/www.gossip.it\/api\/wp\/v2\/tags?post=61271"},{"taxonomy":"vip","embeddable":true,"href":"https:\/\/www.gossip.it\/api\/wp\/v2\/vip?post=61271"}],"curies":[{"name":"wp","href":"https:\/\/api.w.org\/{rel}","templated":true}]}}