{"id":61431,"date":"2018-06-12T00:00:00","date_gmt":"2018-06-11T22:00:00","guid":{"rendered":"https:\/\/www.gossip.it\/senza-categoria\/marco-borriello-vacanza-ibiza-bassotti\/"},"modified":"2018-06-12T00:00:00","modified_gmt":"2018-06-11T22:00:00","slug":"marco-borriello-vacanza-ibiza-bassotti","status":"publish","type":"post","link":"https:\/\/www.gossip.it\/news\/marco-borriello-vacanza-ibiza-bassotti\/","title":{"rendered":"Marco Borriello in vacanza a Ibiza con due bassotti"},"content":{"rendered":"<p><a href=\"\/vip\/marco-borriello\/\">Marco Borriello<\/a>, 35 anni, si sta rilassando sotto il caldo sole di <strong>Ibiza<\/strong>. Come ogni anno si trova in <strong>vacanza<\/strong> alle <a href=\"\/vip\/baleari\/\">Baleari<\/a>. Il calciatore, per\u00f2, stavolta non \u00e8 circondato da bellissime donne, bens\u00ec da due simpatici <strong>bassotti<\/strong>.\u00a0<\/p>\n<figure class=\"caption\"><img decoding=\"async\" alt=\"\" width=\"640\" height=\"644\" src=\"https:\/\/files.gossip.it\/immagini_news\/2018\/06\/1528813983_marco_borriello.jpg\" \/><figcaption>Marco Borriello con Achille e Ulisse<\/figcaption><\/figure>\n<p><strong>Marco<\/strong> sul <a href=\"\/vip\/social\/\">social<\/a> condivide uno scatto che lo ritrae a bordo piscina con in braccio due teneri <strong>bassotti<\/strong>: <em>\"Achille e Ulisse in the house\"<\/em>, scrive<strong> Borriello<\/strong> nella didascalia che accompagna la foto, rivelando i nomi dei due teneri cagnolini.<br \/>L'attaccante della Spal appare sorridente e rilassato a <strong>Ibiza<\/strong>. La compagnia dei due<strong> bassotti<\/strong> a quanto pare gli fa bene.<br \/>Il giocatore, a piedi nudi sul prato, indossa una t-shirt bianca su bermuda scuri. Non sfoggia addominali e pettorali in bella vista ma \u00e8 come sempre in grandissima forma.<\/p>\n<p><strong>Marco Borriello<\/strong> si sta godendo il meritato riposo dopo il lungo campionato di Serie A. <strong>Ibiza<\/strong> per lui in estate diventa come una seconda cosa. Ci trascorre tantissimo tempo. Una passione quella per le Baleari che lo accomuna alla sua ex fidanzata <a href=\"\/vip\/belen-rodriguez\/\">Belen Rodriguez<\/a>. La showgirl argentina, infatti, sceglie anche lei ogni anno il bellissimo mare della Spagna per rilassarsi con la sua numerosa famiglia.<\/p>\n","protected":false},"excerpt":{"rendered":"<p>Marco Borriello, 35 anni, si sta rilassando sotto il caldo sole di Ibiza. Come ogni anno si trova in vacanza alle Baleari. Il calciatore, per\u00f2, stavolta non \u00e8 circondato da bellissime donne, bens\u00ec da due simpatici bassotti.\u00a0 Marco Borriello con Achille e Ulisse Marco sul social condivide uno scatto che lo ritrae a bordo piscina [&hellip;]<\/p>\n","protected":false},"author":1,"featured_media":117477,"comment_status":"closed","ping_status":"closed","sticky":false,"template":"","format":"standard","meta":{"footnotes":""},"categories":[54],"tags":[4842,30753,2218,4844,1923,11426,39568,1899],"vip":[1203],"class_list":["post-61431","post","type-post","status-publish","format-standard","has-post-thumbnail","hentry","category-news","tag-achille","tag-bassotti","tag-calciatore","tag-ibiza","tag-social","tag-spal","tag-ulisse","tag-vacanza","vip-marco_borriello"],"yoast_head":"<title>Marco Borriello in vacanza a Ibiza con due bassotti - Gossip.it | News sul Gossip e VIP<\/title>\n<meta name=\"description\" content=\"Marco Borriello, 35 anni, si sta rilassando sotto il caldo sole di Ibiza. Come ogni anno si trova in vacanza alle Baleari. Il calciatore, per\u00f2, stavolta\" \/>\n<meta name=\"robots\" content=\"index, follow, max-snippet:-1, max-image-preview:large, max-video-preview:-1\" \/>\n<link rel=\"canonical\" href=\"https:\/\/www.gossip.it\/news\/marco-borriello-vacanza-ibiza-bassotti\/\" \/>\n<meta property=\"og:locale\" content=\"it_IT\" \/>\n<meta property=\"og:type\" content=\"article\" \/>\n<meta property=\"og:title\" content=\"Marco Borriello in vacanza a Ibiza con due bassotti - Gossip.it | News sul Gossip e VIP\" \/>\n<meta property=\"og:description\" content=\"Marco Borriello, 35 anni, si sta rilassando sotto il caldo sole di Ibiza. Come ogni anno si trova in vacanza alle Baleari. Il calciatore, per\u00f2, stavolta\" \/>\n<meta property=\"og:url\" content=\"https:\/\/www.gossip.it\/news\/marco-borriello-vacanza-ibiza-bassotti\/\" \/>\n<meta property=\"og:site_name\" content=\"Gossip.it | News sul Gossip e VIP\" \/>\n<meta property=\"article:publisher\" content=\"https:\/\/www.facebook.com\/GossipIT\" \/>\n<meta property=\"article:published_time\" content=\"2018-06-11T22:00:00+00:00\" \/>\n<meta property=\"og:image\" content=\"https:\/\/files.gossip.it\/immagini_news\/2018\/06\/1528813983_marco_borriello.jpg\" \/>\n<meta name=\"author\" content=\"La Redazione\" \/>\n<meta name=\"twitter:card\" content=\"summary_large_image\" \/>\n<meta name=\"twitter:image\" content=\"https:\/\/files.gossip.it\/immagini_news\/2018\/06\/1528813983_marco_borriello.jpg\" \/>\n<meta name=\"twitter:creator\" content=\"@gossinews_it\" \/>\n<meta name=\"twitter:site\" content=\"@gossinews_it\" \/>\n<meta name=\"twitter:label1\" content=\"Scritto da\" \/>\n\t<meta name=\"twitter:data1\" content=\"Francesca Romana Domenici\" \/>\n\t<meta name=\"twitter:label2\" content=\"Tempo di lettura stimato\" \/>\n\t<meta name=\"twitter:data2\" content=\"1 minuto\" \/>","yoast_head_json":{"title":"Marco Borriello in vacanza a Ibiza con due bassotti - Gossip.it | News sul Gossip e VIP","description":"Marco Borriello, 35 anni, si sta rilassando sotto il caldo sole di Ibiza. Come ogni anno si trova in vacanza alle Baleari. Il calciatore, per\u00f2, stavolta","robots":{"index":"index","follow":"follow","max-snippet":"max-snippet:-1","max-image-preview":"max-image-preview:large","max-video-preview":"max-video-preview:-1"},"canonical":"https:\/\/www.gossip.it\/news\/marco-borriello-vacanza-ibiza-bassotti\/","og_locale":"it_IT","og_type":"article","og_title":"Marco Borriello in vacanza a Ibiza con due bassotti - Gossip.it | News sul Gossip e VIP","og_description":"Marco Borriello, 35 anni, si sta rilassando sotto il caldo sole di Ibiza. Come ogni anno si trova in vacanza alle Baleari. Il calciatore, per\u00f2, stavolta","og_url":"https:\/\/www.gossip.it\/news\/marco-borriello-vacanza-ibiza-bassotti\/","og_site_name":"Gossip.it | News sul Gossip e VIP","article_publisher":"https:\/\/www.facebook.com\/GossipIT","article_published_time":"2018-06-11T22:00:00+00:00","og_image":[{"url":"https:\/\/files.gossip.it\/immagini_news\/2018\/06\/1528813983_marco_borriello.jpg"}],"author":"La Redazione","twitter_card":"summary_large_image","twitter_image":"https:\/\/files.gossip.it\/immagini_news\/2018\/06\/1528813983_marco_borriello.jpg","twitter_creator":"@gossinews_it","twitter_site":"@gossinews_it","twitter_misc":{"Scritto da":"Francesca Romana Domenici","Tempo di lettura stimato":"1 minuto"},"schema":{"@context":"https:\/\/schema.org","@graph":[{"@type":"Article","@id":"https:\/\/www.gossip.it\/news\/marco-borriello-vacanza-ibiza-bassotti\/#article","isPartOf":{"@id":"https:\/\/www.gossip.it\/news\/marco-borriello-vacanza-ibiza-bassotti\/"},"author":{"name":"La Redazione","@id":"https:\/\/www.gossip.it\/#\/schema\/person\/488896f75158bff1cc83c6c39d141110"},"headline":"Marco Borriello in vacanza a Ibiza con due bassotti","datePublished":"2018-06-11T22:00:00+00:00","dateModified":"2018-06-11T22:00:00+00:00","mainEntityOfPage":{"@id":"https:\/\/www.gossip.it\/news\/marco-borriello-vacanza-ibiza-bassotti\/"},"wordCount":203,"publisher":{"@id":"https:\/\/www.gossip.it\/#organization"},"image":{"@id":"https:\/\/www.gossip.it\/news\/marco-borriello-vacanza-ibiza-bassotti\/#primaryimage"},"thumbnailUrl":"https:\/\/files.gossip.it\/immagini_news\/2018\/06\/1528813983_marco_borriello.jpg","keywords":["achille","bassotti","calciatore","ibiza","social","spal","ulisse","vacanza"],"articleSection":["News"],"inLanguage":"it-IT"},{"@type":"WebPage","@id":"https:\/\/www.gossip.it\/news\/marco-borriello-vacanza-ibiza-bassotti\/","url":"https:\/\/www.gossip.it\/news\/marco-borriello-vacanza-ibiza-bassotti\/","name":"Marco Borriello in vacanza a Ibiza con due bassotti - Gossip.it | News sul Gossip e VIP","isPartOf":{"@id":"https:\/\/www.gossip.it\/#website"},"primaryImageOfPage":{"@id":"https:\/\/www.gossip.it\/news\/marco-borriello-vacanza-ibiza-bassotti\/#primaryimage"},"image":{"@id":"https:\/\/www.gossip.it\/news\/marco-borriello-vacanza-ibiza-bassotti\/#primaryimage"},"thumbnailUrl":"https:\/\/files.gossip.it\/immagini_news\/2018\/06\/1528813983_marco_borriello.jpg","datePublished":"2018-06-11T22:00:00+00:00","dateModified":"2018-06-11T22:00:00+00:00","description":"Marco Borriello, 35 anni, si sta rilassando sotto il caldo sole di Ibiza. Come ogni anno si trova in vacanza alle Baleari. Il calciatore, per\u00f2, stavolta","breadcrumb":{"@id":"https:\/\/www.gossip.it\/news\/marco-borriello-vacanza-ibiza-bassotti\/#breadcrumb"},"inLanguage":"it-IT","potentialAction":[{"@type":"ReadAction","target":["https:\/\/www.gossip.it\/news\/marco-borriello-vacanza-ibiza-bassotti\/"]}]},{"@type":"ImageObject","inLanguage":"it-IT","@id":"https:\/\/www.gossip.it\/news\/marco-borriello-vacanza-ibiza-bassotti\/#primaryimage","url":"https:\/\/files.gossip.it\/immagini_news\/2018\/06\/1528813983_marco_borriello.jpg","contentUrl":"https:\/\/files.gossip.it\/immagini_news\/2018\/06\/1528813983_marco_borriello.jpg"},{"@type":"BreadcrumbList","@id":"https:\/\/www.gossip.it\/news\/marco-borriello-vacanza-ibiza-bassotti\/#breadcrumb","itemListElement":[{"@type":"ListItem","position":1,"name":"Home","item":"https:\/\/www.gossip.it\/"},{"@type":"ListItem","position":2,"name":"Marco Borriello in vacanza a Ibiza con due bassotti"}]},{"@type":"WebSite","@id":"https:\/\/www.gossip.it\/#website","url":"https:\/\/www.gossip.it\/","name":"Gossip and VIP News","description":"Quotidiano di cronaca rosa, costume e societ\u00e0","publisher":{"@id":"https:\/\/www.gossip.it\/#organization"},"alternateName":"Gossip and VIP News","potentialAction":[{"@type":"SearchAction","target":{"@type":"EntryPoint","urlTemplate":"https:\/\/www.gossip.it\/?s={search_term_string}"},"query-input":{"@type":"PropertyValueSpecification","valueRequired":true,"valueName":"search_term_string"}}],"inLanguage":"it-IT"},{"@type":"Organization","@id":"https:\/\/www.gossip.it\/#organization","name":"Gossip and VIP News","alternateName":"Gossip News","url":"https:\/\/www.gossip.it\/","logo":{"@type":"ImageObject","inLanguage":"it-IT","@id":"https:\/\/www.gossip.it\/#\/schema\/logo\/image\/","url":"https:\/\/www.gossip.it\/wp-content\/uploads\/2022\/04\/cropped-corna-alta-tiny.png","contentUrl":"https:\/\/www.gossip.it\/wp-content\/uploads\/2022\/04\/cropped-corna-alta-tiny.png","width":512,"height":512,"caption":"Gossip and VIP News"},"image":{"@id":"https:\/\/www.gossip.it\/#\/schema\/logo\/image\/"},"sameAs":["https:\/\/www.facebook.com\/GossipIT","https:\/\/x.com\/gossinews_it","https:\/\/instagram.com\/gossip_it"]},{"@type":"Person","@id":"https:\/\/www.gossip.it\/#\/schema\/person\/488896f75158bff1cc83c6c39d141110","name":"La Redazione","image":{"@type":"ImageObject","inLanguage":"it-IT","@id":"https:\/\/www.gossip.it\/#\/schema\/person\/image\/","url":"https:\/\/secure.gravatar.com\/avatar\/5a5f5c6fa3e6700e4249abdad0263a1e94e927d9e0499b1cb09c1cd29c044d80?s=96&d=mm&r=g","contentUrl":"https:\/\/secure.gravatar.com\/avatar\/5a5f5c6fa3e6700e4249abdad0263a1e94e927d9e0499b1cb09c1cd29c044d80?s=96&d=mm&r=g","caption":"La Redazione"},"sameAs":["https:\/\/www.gossip.it"]}]}},"amp_enabled":true,"_links":{"self":[{"href":"https:\/\/www.gossip.it\/api\/wp\/v2\/posts\/61431","targetHints":{"allow":["GET"]}}],"collection":[{"href":"https:\/\/www.gossip.it\/api\/wp\/v2\/posts"}],"about":[{"href":"https:\/\/www.gossip.it\/api\/wp\/v2\/types\/post"}],"author":[{"embeddable":true,"href":"https:\/\/www.gossip.it\/api\/wp\/v2\/users\/1"}],"replies":[{"embeddable":true,"href":"https:\/\/www.gossip.it\/api\/wp\/v2\/comments?post=61431"}],"version-history":[{"count":0,"href":"https:\/\/www.gossip.it\/api\/wp\/v2\/posts\/61431\/revisions"}],"wp:featuredmedia":[{"embeddable":true,"href":"https:\/\/www.gossip.it\/api\/wp\/v2\/media\/117477"}],"wp:attachment":[{"href":"https:\/\/www.gossip.it\/api\/wp\/v2\/media?parent=61431"}],"wp:term":[{"taxonomy":"category","embeddable":true,"href":"https:\/\/www.gossip.it\/api\/wp\/v2\/categories?post=61431"},{"taxonomy":"post_tag","embeddable":true,"href":"https:\/\/www.gossip.it\/api\/wp\/v2\/tags?post=61431"},{"taxonomy":"vip","embeddable":true,"href":"https:\/\/www.gossip.it\/api\/wp\/v2\/vip?post=61431"}],"curies":[{"name":"wp","href":"https:\/\/api.w.org\/{rel}","templated":true}]}}