{"id":61442,"date":"2018-06-14T00:00:00","date_gmt":"2018-06-13T22:00:00","guid":{"rendered":"https:\/\/www.gossip.it\/senza-categoria\/claudio-baglioni-sanremo-2019\/"},"modified":"2018-06-14T00:00:00","modified_gmt":"2018-06-13T22:00:00","slug":"claudio-baglioni-sanremo-2019","status":"publish","type":"post","link":"https:\/\/www.gossip.it\/news\/claudio-baglioni-sanremo-2019\/","title":{"rendered":"Claudio Baglioni confermato alla guida di Sanremo 2019"},"content":{"rendered":"<p><a href=\"\/vip\/claudio-baglioni\/\">Claudio Baglioni<\/a>, 67 anni, ha accettato l'incarico di direttore artistico del 69esimo\u00a0<a href=\"\/vip\/-festival di sanremo\/\">Festival di Sanremo<\/a>. Il cantante far\u00e0 il bis e sar\u00e0 al timone della kermesse canora anche nel <strong>2019<\/strong>.<\/p>\n<figure class=\"caption\"><img decoding=\"async\" alt=\"\" width=\"640\" height=\"772\" src=\"https:\/\/files.gossip.it\/immagini_news\/2018\/06\/1528966866_1515667570_claudio-baglioni.jpg\" \/><figcaption>Caludio Baglioni sar\u00e0 di nuovo il direttore artistico del Festival di Sanremo<\/figcaption><\/figure>\n<p><strong>Sanremo<\/strong> sar\u00e0 di nuovo nelle mani di <strong>Claudio Baglioni<\/strong>. La notizia si rincorreva gi\u00e0 da qualche mese ma solo ora arriva la conferma ufficiale da parte del dg Rai Mario Orfeo: <em>\"Sono molto contento del positivo esito della trattativa sulla direzione artistica del prossimo Festival della Canzone Italiana a <strong>Sanremo<\/strong>. E' un grande onore oltre che motivo di orgoglio per tutta la Rai essere riusciti a convincere un grande musicista e compositore come <strong>Baglioni <\/strong>a concedere il bis seguendo un percorso di condivisione e di costruzione del progetto artistico\"<\/em>.<\/p>\n<p><em>\"Da febbraio a oggi <\/em>- aggiunge Orfeo -<em> c'\u00e8 stato un vero e proprio corteggiamento e non poteva essere altrimenti considerato il successo di critica e di pubblico e i record ottenuti nella sua prima volta da direttore del Festival. A Baglioni un grande in bocca al lupo per l'edizione numero 69 e per questa seconda avventura insieme con la Rai, con lo stesso entusiasmo che ha caratterizzato quella straordinaria di quattro mesi fa\"<\/em>.<\/p>\n<p><strong>Claudio Baglioni<\/strong> ha deciso finalmente di ripetere l'esperienza di <strong>Sanremo<\/strong> e anche nel <strong>2019 <\/strong>salir\u00e0 sul palco dell'Ariston.<\/p>\n","protected":false},"excerpt":{"rendered":"<p>Claudio Baglioni, 67 anni, ha accettato l'incarico di direttore artistico del 69esimo\u00a0Festival di Sanremo. Il cantante far\u00e0 il bis e sar\u00e0 al timone della kermesse canora anche nel 2019. Caludio Baglioni sar\u00e0 di nuovo il direttore artistico del Festival di Sanremo Sanremo sar\u00e0 di nuovo nelle mani di Claudio Baglioni. La notizia si rincorreva gi\u00e0 [&hellip;]<\/p>\n","protected":false},"author":1,"featured_media":117488,"comment_status":"closed","ping_status":"closed","sticky":false,"template":"","format":"standard","meta":{"footnotes":""},"categories":[54],"tags":[10900,41818,21121,2408,12146,2097],"vip":[511],"class_list":["post-61442","post","type-post","status-publish","format-standard","has-post-thumbnail","hentry","category-news","tag-conferma","tag-direttore-artistico","tag-festival-della-canzone","tag-musica","tag-sanremo-2019","tag-tv","vip-claudio_baglioni"],"yoast_head":"<title>Claudio Baglioni confermato alla guida di Sanremo 2019 - Gossip.it | News sul Gossip e VIP<\/title>\n<meta name=\"description\" content=\"Claudio Baglioni, 67 anni, ha accettato l&#039;incarico di direttore artistico del 69esimo\u00a0Festival di Sanremo. Il cantante far\u00e0 il bis e sar\u00e0 al timone della\" \/>\n<meta name=\"robots\" content=\"index, follow, max-snippet:-1, max-image-preview:large, max-video-preview:-1\" \/>\n<link rel=\"canonical\" href=\"https:\/\/www.gossip.it\/news\/claudio-baglioni-sanremo-2019\/\" \/>\n<meta property=\"og:locale\" content=\"it_IT\" \/>\n<meta property=\"og:type\" content=\"article\" \/>\n<meta property=\"og:title\" content=\"Claudio Baglioni confermato alla guida di Sanremo 2019 - Gossip.it | News sul Gossip e VIP\" \/>\n<meta property=\"og:description\" content=\"Claudio Baglioni, 67 anni, ha accettato l&#039;incarico di direttore artistico del 69esimo\u00a0Festival di Sanremo. Il cantante far\u00e0 il bis e sar\u00e0 al timone della\" \/>\n<meta property=\"og:url\" content=\"https:\/\/www.gossip.it\/news\/claudio-baglioni-sanremo-2019\/\" \/>\n<meta property=\"og:site_name\" content=\"Gossip.it | News sul Gossip e VIP\" \/>\n<meta property=\"article:publisher\" content=\"https:\/\/www.facebook.com\/GossipIT\" \/>\n<meta property=\"article:published_time\" content=\"2018-06-13T22:00:00+00:00\" \/>\n<meta property=\"og:image\" content=\"https:\/\/files.gossip.it\/immagini_news\/2018\/06\/1528966866_1515667570_claudio-baglioni.jpg\" \/>\n<meta name=\"author\" content=\"La Redazione\" \/>\n<meta name=\"twitter:card\" content=\"summary_large_image\" \/>\n<meta name=\"twitter:image\" content=\"https:\/\/files.gossip.it\/immagini_news\/2018\/06\/1528966866_1515667570_claudio-baglioni.jpg\" \/>\n<meta name=\"twitter:creator\" content=\"@gossinews_it\" \/>\n<meta name=\"twitter:site\" content=\"@gossinews_it\" \/>\n<meta name=\"twitter:label1\" content=\"Scritto da\" \/>\n\t<meta name=\"twitter:data1\" content=\"Francesca Romana Domenici\" \/>\n\t<meta name=\"twitter:label2\" content=\"Tempo di lettura stimato\" \/>\n\t<meta name=\"twitter:data2\" content=\"1 minuto\" \/>","yoast_head_json":{"title":"Claudio Baglioni confermato alla guida di Sanremo 2019 - Gossip.it | News sul Gossip e VIP","description":"Claudio Baglioni, 67 anni, ha accettato l'incarico di direttore artistico del 69esimo\u00a0Festival di Sanremo. Il cantante far\u00e0 il bis e sar\u00e0 al timone della","robots":{"index":"index","follow":"follow","max-snippet":"max-snippet:-1","max-image-preview":"max-image-preview:large","max-video-preview":"max-video-preview:-1"},"canonical":"https:\/\/www.gossip.it\/news\/claudio-baglioni-sanremo-2019\/","og_locale":"it_IT","og_type":"article","og_title":"Claudio Baglioni confermato alla guida di Sanremo 2019 - Gossip.it | News sul Gossip e VIP","og_description":"Claudio Baglioni, 67 anni, ha accettato l'incarico di direttore artistico del 69esimo\u00a0Festival di Sanremo. Il cantante far\u00e0 il bis e sar\u00e0 al timone della","og_url":"https:\/\/www.gossip.it\/news\/claudio-baglioni-sanremo-2019\/","og_site_name":"Gossip.it | News sul Gossip e VIP","article_publisher":"https:\/\/www.facebook.com\/GossipIT","article_published_time":"2018-06-13T22:00:00+00:00","og_image":[{"url":"https:\/\/files.gossip.it\/immagini_news\/2018\/06\/1528966866_1515667570_claudio-baglioni.jpg"}],"author":"La Redazione","twitter_card":"summary_large_image","twitter_image":"https:\/\/files.gossip.it\/immagini_news\/2018\/06\/1528966866_1515667570_claudio-baglioni.jpg","twitter_creator":"@gossinews_it","twitter_site":"@gossinews_it","twitter_misc":{"Scritto da":"Francesca Romana Domenici","Tempo di lettura stimato":"1 minuto"},"schema":{"@context":"https:\/\/schema.org","@graph":[{"@type":"Article","@id":"https:\/\/www.gossip.it\/news\/claudio-baglioni-sanremo-2019\/#article","isPartOf":{"@id":"https:\/\/www.gossip.it\/news\/claudio-baglioni-sanremo-2019\/"},"author":{"name":"La Redazione","@id":"https:\/\/www.gossip.it\/#\/schema\/person\/488896f75158bff1cc83c6c39d141110"},"headline":"Claudio Baglioni confermato alla guida di Sanremo 2019","datePublished":"2018-06-13T22:00:00+00:00","dateModified":"2018-06-13T22:00:00+00:00","mainEntityOfPage":{"@id":"https:\/\/www.gossip.it\/news\/claudio-baglioni-sanremo-2019\/"},"wordCount":230,"publisher":{"@id":"https:\/\/www.gossip.it\/#organization"},"image":{"@id":"https:\/\/www.gossip.it\/news\/claudio-baglioni-sanremo-2019\/#primaryimage"},"thumbnailUrl":"https:\/\/files.gossip.it\/immagini_news\/2018\/06\/1528966866_1515667570_claudio-baglioni.jpg","keywords":["conferma","direttore artistico","festival della canzone","musica","sanremo 2019","tv"],"articleSection":["News"],"inLanguage":"it-IT"},{"@type":"WebPage","@id":"https:\/\/www.gossip.it\/news\/claudio-baglioni-sanremo-2019\/","url":"https:\/\/www.gossip.it\/news\/claudio-baglioni-sanremo-2019\/","name":"Claudio Baglioni confermato alla guida di Sanremo 2019 - Gossip.it | News sul Gossip e VIP","isPartOf":{"@id":"https:\/\/www.gossip.it\/#website"},"primaryImageOfPage":{"@id":"https:\/\/www.gossip.it\/news\/claudio-baglioni-sanremo-2019\/#primaryimage"},"image":{"@id":"https:\/\/www.gossip.it\/news\/claudio-baglioni-sanremo-2019\/#primaryimage"},"thumbnailUrl":"https:\/\/files.gossip.it\/immagini_news\/2018\/06\/1528966866_1515667570_claudio-baglioni.jpg","datePublished":"2018-06-13T22:00:00+00:00","dateModified":"2018-06-13T22:00:00+00:00","description":"Claudio Baglioni, 67 anni, ha accettato l'incarico di direttore artistico del 69esimo\u00a0Festival di Sanremo. Il cantante far\u00e0 il bis e sar\u00e0 al timone della","breadcrumb":{"@id":"https:\/\/www.gossip.it\/news\/claudio-baglioni-sanremo-2019\/#breadcrumb"},"inLanguage":"it-IT","potentialAction":[{"@type":"ReadAction","target":["https:\/\/www.gossip.it\/news\/claudio-baglioni-sanremo-2019\/"]}]},{"@type":"ImageObject","inLanguage":"it-IT","@id":"https:\/\/www.gossip.it\/news\/claudio-baglioni-sanremo-2019\/#primaryimage","url":"https:\/\/files.gossip.it\/immagini_news\/2018\/06\/1528966866_1515667570_claudio-baglioni.jpg","contentUrl":"https:\/\/files.gossip.it\/immagini_news\/2018\/06\/1528966866_1515667570_claudio-baglioni.jpg"},{"@type":"BreadcrumbList","@id":"https:\/\/www.gossip.it\/news\/claudio-baglioni-sanremo-2019\/#breadcrumb","itemListElement":[{"@type":"ListItem","position":1,"name":"Home","item":"https:\/\/www.gossip.it\/"},{"@type":"ListItem","position":2,"name":"Claudio Baglioni confermato alla guida di Sanremo 2019"}]},{"@type":"WebSite","@id":"https:\/\/www.gossip.it\/#website","url":"https:\/\/www.gossip.it\/","name":"Gossip and VIP News","description":"Quotidiano di cronaca rosa, costume e societ\u00e0","publisher":{"@id":"https:\/\/www.gossip.it\/#organization"},"alternateName":"Gossip and VIP News","potentialAction":[{"@type":"SearchAction","target":{"@type":"EntryPoint","urlTemplate":"https:\/\/www.gossip.it\/?s={search_term_string}"},"query-input":{"@type":"PropertyValueSpecification","valueRequired":true,"valueName":"search_term_string"}}],"inLanguage":"it-IT"},{"@type":"Organization","@id":"https:\/\/www.gossip.it\/#organization","name":"Gossip and VIP News","alternateName":"Gossip News","url":"https:\/\/www.gossip.it\/","logo":{"@type":"ImageObject","inLanguage":"it-IT","@id":"https:\/\/www.gossip.it\/#\/schema\/logo\/image\/","url":"https:\/\/www.gossip.it\/wp-content\/uploads\/2022\/04\/cropped-corna-alta-tiny.png","contentUrl":"https:\/\/www.gossip.it\/wp-content\/uploads\/2022\/04\/cropped-corna-alta-tiny.png","width":512,"height":512,"caption":"Gossip and VIP News"},"image":{"@id":"https:\/\/www.gossip.it\/#\/schema\/logo\/image\/"},"sameAs":["https:\/\/www.facebook.com\/GossipIT","https:\/\/x.com\/gossinews_it","https:\/\/instagram.com\/gossip_it"]},{"@type":"Person","@id":"https:\/\/www.gossip.it\/#\/schema\/person\/488896f75158bff1cc83c6c39d141110","name":"La Redazione","image":{"@type":"ImageObject","inLanguage":"it-IT","@id":"https:\/\/www.gossip.it\/#\/schema\/person\/image\/","url":"https:\/\/secure.gravatar.com\/avatar\/5a5f5c6fa3e6700e4249abdad0263a1e94e927d9e0499b1cb09c1cd29c044d80?s=96&d=mm&r=g","contentUrl":"https:\/\/secure.gravatar.com\/avatar\/5a5f5c6fa3e6700e4249abdad0263a1e94e927d9e0499b1cb09c1cd29c044d80?s=96&d=mm&r=g","caption":"La Redazione"},"sameAs":["https:\/\/www.gossip.it"]}]}},"amp_enabled":true,"_links":{"self":[{"href":"https:\/\/www.gossip.it\/api\/wp\/v2\/posts\/61442","targetHints":{"allow":["GET"]}}],"collection":[{"href":"https:\/\/www.gossip.it\/api\/wp\/v2\/posts"}],"about":[{"href":"https:\/\/www.gossip.it\/api\/wp\/v2\/types\/post"}],"author":[{"embeddable":true,"href":"https:\/\/www.gossip.it\/api\/wp\/v2\/users\/1"}],"replies":[{"embeddable":true,"href":"https:\/\/www.gossip.it\/api\/wp\/v2\/comments?post=61442"}],"version-history":[{"count":0,"href":"https:\/\/www.gossip.it\/api\/wp\/v2\/posts\/61442\/revisions"}],"wp:featuredmedia":[{"embeddable":true,"href":"https:\/\/www.gossip.it\/api\/wp\/v2\/media\/117488"}],"wp:attachment":[{"href":"https:\/\/www.gossip.it\/api\/wp\/v2\/media?parent=61442"}],"wp:term":[{"taxonomy":"category","embeddable":true,"href":"https:\/\/www.gossip.it\/api\/wp\/v2\/categories?post=61442"},{"taxonomy":"post_tag","embeddable":true,"href":"https:\/\/www.gossip.it\/api\/wp\/v2\/tags?post=61442"},{"taxonomy":"vip","embeddable":true,"href":"https:\/\/www.gossip.it\/api\/wp\/v2\/vip?post=61442"}],"curies":[{"name":"wp","href":"https:\/\/api.w.org\/{rel}","templated":true}]}}