{"id":61541,"date":"2018-06-26T00:00:00","date_gmt":"2018-06-25T22:00:00","guid":{"rendered":"https:\/\/www.gossip.it\/senza-categoria\/stefano-de-martino-gilda-ambrosio-santiago-ibiza-situazione-famiglia\/"},"modified":"2018-06-26T00:00:00","modified_gmt":"2018-06-25T22:00:00","slug":"stefano-de-martino-gilda-ambrosio-santiago-ibiza-situazione-famiglia","status":"publish","type":"post","link":"https:\/\/www.gossip.it\/news\/stefano-de-martino-gilda-ambrosio-santiago-ibiza-situazione-famiglia\/","title":{"rendered":"Stefano De Martino con Santiago e Gilda Ambrosio a Ibiza: 'situazione famiglia\u2019"},"content":{"rendered":"<p><a href=\"\/vip\/stefano-de martino\/\">Stefano De Martino<\/a> a <strong>Ibiza<\/strong> trascorre una parte delle sue vacanze con <a href=\"\/vip\/santiago\/\">Santiago<\/a> e <a href=\"\/vip\/gilda-ambrosio\/\">Gilda Ambrosio<\/a>. I tre non sono soli. Il ballerino, il figlio e la <a href=\"\/vip\/fashion-blogger\/\">fashion blogger<\/a> alloggiano in una mega villa insieme a Vincenzo Sabatino, Domenico Iovine, gli amici che si sono sposati sul lago di Como pochi giorni fa, e altri intimi. E\u2019 proprio Sabatino che, inquadrando l\u2018allegra combriccola mentre fa il bagno in piscina, scrive in una clip condivisa sulle sue <em>Instagram Stories<\/em>: <em>\u201c<strong>Situazione famiglia<\/strong>\u201d.<\/em><\/p>\n<figure class=\"caption\"><img decoding=\"async\" alt=\"\" width=\"640\" height=\"450\" src=\"https:\/\/files.gossip.it\/immagini_news\/2018\/06\/1530003673_de_martino_1.jpg\" \/><figcaption>Stefano De Martino con Santiago e Gilda Ambrosio a Ibiza: &lsquo;situazione famiglia&rsquo;<\/figcaption><\/figure>\n<p>Stessa<em> \u2018Isla\u2019<\/em> e stessa compagnia dell\u2019estate passata. <strong>Stefano De Martino<\/strong> si diverte a<strong> Ibiza<\/strong> con il figlio<strong> Santiago<\/strong>, <strong>Gilda Ambrosio<\/strong> e quelli che sembrano diventati i suoi amici pi\u00f9 cari. Il piccolo \u00e8 felice accanto al pap\u00e0 e non solo. C\u2019\u00e8 pure una bimba a fargli compagnia.<\/p>\n<div class=\"video_integrato\" data-videoid=\"5318\" data-autostart=\"true\">\u00a0<\/div>\n<figure class=\"caption\"><img decoding=\"async\" alt=\"\" width=\"640\" height=\"450\" src=\"https:\/\/files.gossip.it\/immagini_news\/2018\/06\/1530003694_de_martino_2.jpg\" \/><figcaption>Il ballerino e la fashion blogger in un locale dell'isola<\/figcaption><\/figure>\n<p><strong>Santiago<\/strong>, in realt\u00e0, fa la spola tra la casa dove alloggia il ballerino e quella in cui sta mamma <a href=\"\/vip\/belen-rodriguez\/\">Belen Rodriguez<\/a>, pure lei a<strong> Ibiza<\/strong> con i <em>'suoi' <\/em>e il fidanzato <a href=\"\/vip\/andrea-iannone\/\">Andrea Iannone<\/a>. Esattamente come \u00e8 accaduto 365 giorni fa. Il rapporto tra i due ex ormai \u00e8 ottimo, sono in sintonia e entrambi hanno a cuore il benessere del bambino, che ricoprono di attenzioni e fanno sentire molto amato. La<em> \u201c<strong>situazione famiglia<\/strong>\u201d<\/em> \u00e8 ottima.<\/p>\n<figure class=\"caption\"><img decoding=\"async\" alt=\"\" width=\"640\" height=\"828\" src=\"https:\/\/files.gossip.it\/immagini_news\/2018\/06\/1530003707_de_martino_3.jpg\" \/><figcaption>Il 28enne 'a mollo' in piscina<\/figcaption><\/figure>\n<p>A<strong> Ibiza <\/strong>c\u2019\u00e8 il relax sull\u2019amaca, i bagni, la tintarella, le serate nei locali all\u2019aperto. <strong>Stefano De Martino<\/strong> gioca con <strong>Santiago<\/strong>, che ha un grande feeling anche con <strong>Gilda Ambrosio<\/strong>. L\u2019ex inviato dell\u2019<a href=\"\/vip\/isola-dei famosi\/\">Isola dei Famosi<\/a> si professa assolutamente single, dell\u2019influencer e stilista non ha mai detto una parola.<\/p>\n<figure class=\"caption\"><img decoding=\"async\" alt=\"\" width=\"640\" height=\"974\" src=\"https:\/\/files.gossip.it\/immagini_news\/2018\/06\/1530003736_de_martino_4.jpg\" \/><figcaption>L'influencer si rilassa sull'amaca<\/figcaption><\/figure>\n<p>Per tutti \u00e8 una <em>\u2018quasi\u2019<\/em> compagna, per lui, forse, un\u2019amica speciale. La sintonia tra di loro sembra massima. E nel guardali tutti insieme non si pu\u00f2 far a meno di pensare che la <em>\u201c<strong>situazione famiglia<\/strong>\" <\/em>di cui parla Vincenzo Sabatino nel suo video non sia poi cos\u00ec distante dalla realt\u00e0, ma una fotografia del loro quotidiano.<\/p>\n<figure class=\"caption\"><img decoding=\"async\" alt=\"\" width=\"640\" height=\"903\" src=\"https:\/\/files.gossip.it\/immagini_news\/2018\/06\/1530003752_de_martino_5.jpg\" \/><figcaption>Gilda con Santi e un'altra bimba che alloggia nella villa con loro<\/figcaption><\/figure>\n<p>\u00a0<\/p>\n<p>\u00a0<\/p>\n","protected":false},"excerpt":{"rendered":"<p>Stefano De Martino a Ibiza trascorre una parte delle sue vacanze con Santiago e Gilda Ambrosio. I tre non sono soli. Il ballerino, il figlio e la fashion blogger alloggiano in una mega villa insieme a Vincenzo Sabatino, Domenico Iovine, gli amici che si sono sposati sul lago di Como pochi giorni fa, e altri [&hellip;]<\/p>\n","protected":false},"author":1,"featured_media":117587,"comment_status":"closed","ping_status":"closed","sticky":false,"template":"","format":"standard","meta":{"footnotes":""},"categories":[54],"tags":[7837,2504,58006,2622,11681,1908,7313,11203,4844,2121,7659,4208,1923,2360,1899,58007],"vip":[1731],"class_list":["post-61541","post","type-post","status-publish","format-standard","has-post-thumbnail","hentry","category-news","tag-baleari","tag-ballerino","tag-domenico-iovine","tag-estate","tag-estate-2018","tag-famiglia","tag-fashion-blogger","tag-gilda-ambrosio","tag-ibiza","tag-instagram","tag-santiago","tag-situazione","tag-social","tag-stilista","tag-vacanza","tag-vincenzo-sabatino","vip-stefano_de_martino"],"yoast_head":"<title>Stefano De Martino con Santiago e Gilda Ambrosio a Ibiza: &#039;situazione famiglia\u2019 - Gossip.it | News sul Gossip e VIP<\/title>\n<meta name=\"description\" content=\"Stefano De Martino a Ibiza trascorre una parte delle sue vacanze con Santiago e Gilda Ambrosio. I tre non sono soli. Il ballerino, il figlio e la fashion\" \/>\n<meta name=\"robots\" content=\"index, follow, max-snippet:-1, max-image-preview:large, max-video-preview:-1\" \/>\n<link rel=\"canonical\" href=\"https:\/\/www.gossip.it\/news\/stefano-de-martino-gilda-ambrosio-santiago-ibiza-situazione-famiglia\/\" \/>\n<meta property=\"og:locale\" content=\"it_IT\" \/>\n<meta property=\"og:type\" content=\"article\" \/>\n<meta property=\"og:title\" content=\"Stefano De Martino con Santiago e Gilda Ambrosio a Ibiza: &#039;situazione famiglia\u2019 - Gossip.it | News sul Gossip e VIP\" \/>\n<meta property=\"og:description\" content=\"Stefano De Martino a Ibiza trascorre una parte delle sue vacanze con Santiago e Gilda Ambrosio. I tre non sono soli. Il ballerino, il figlio e la fashion\" \/>\n<meta property=\"og:url\" content=\"https:\/\/www.gossip.it\/news\/stefano-de-martino-gilda-ambrosio-santiago-ibiza-situazione-famiglia\/\" \/>\n<meta property=\"og:site_name\" content=\"Gossip.it | News sul Gossip e VIP\" \/>\n<meta property=\"article:publisher\" content=\"https:\/\/www.facebook.com\/GossipIT\" \/>\n<meta property=\"article:published_time\" content=\"2018-06-25T22:00:00+00:00\" \/>\n<meta property=\"og:image\" content=\"https:\/\/files.gossip.it\/immagini_news\/2018\/06\/1530003673_de_martino_1.jpg\" \/>\n<meta name=\"author\" content=\"La Redazione\" \/>\n<meta name=\"twitter:card\" content=\"summary_large_image\" \/>\n<meta name=\"twitter:image\" content=\"https:\/\/files.gossip.it\/immagini_news\/2018\/06\/1530003673_de_martino_1.jpg\" \/>\n<meta name=\"twitter:creator\" content=\"@gossinews_it\" \/>\n<meta name=\"twitter:site\" content=\"@gossinews_it\" \/>\n<meta name=\"twitter:label1\" content=\"Scritto da\" \/>\n\t<meta name=\"twitter:data1\" content=\"Annamaria Capozzi\" \/>\n\t<meta name=\"twitter:label2\" content=\"Tempo di lettura stimato\" \/>\n\t<meta name=\"twitter:data2\" content=\"2 minuti\" \/>","yoast_head_json":{"title":"Stefano De Martino con Santiago e Gilda Ambrosio a Ibiza: 'situazione famiglia\u2019 - Gossip.it | News sul Gossip e VIP","description":"Stefano De Martino a Ibiza trascorre una parte delle sue vacanze con Santiago e Gilda Ambrosio. I tre non sono soli. Il ballerino, il figlio e la fashion","robots":{"index":"index","follow":"follow","max-snippet":"max-snippet:-1","max-image-preview":"max-image-preview:large","max-video-preview":"max-video-preview:-1"},"canonical":"https:\/\/www.gossip.it\/news\/stefano-de-martino-gilda-ambrosio-santiago-ibiza-situazione-famiglia\/","og_locale":"it_IT","og_type":"article","og_title":"Stefano De Martino con Santiago e Gilda Ambrosio a Ibiza: 'situazione famiglia\u2019 - Gossip.it | News sul Gossip e VIP","og_description":"Stefano De Martino a Ibiza trascorre una parte delle sue vacanze con Santiago e Gilda Ambrosio. I tre non sono soli. Il ballerino, il figlio e la fashion","og_url":"https:\/\/www.gossip.it\/news\/stefano-de-martino-gilda-ambrosio-santiago-ibiza-situazione-famiglia\/","og_site_name":"Gossip.it | News sul Gossip e VIP","article_publisher":"https:\/\/www.facebook.com\/GossipIT","article_published_time":"2018-06-25T22:00:00+00:00","og_image":[{"url":"https:\/\/files.gossip.it\/immagini_news\/2018\/06\/1530003673_de_martino_1.jpg"}],"author":"La Redazione","twitter_card":"summary_large_image","twitter_image":"https:\/\/files.gossip.it\/immagini_news\/2018\/06\/1530003673_de_martino_1.jpg","twitter_creator":"@gossinews_it","twitter_site":"@gossinews_it","twitter_misc":{"Scritto da":"Annamaria Capozzi","Tempo di lettura stimato":"2 minuti"},"schema":{"@context":"https:\/\/schema.org","@graph":[{"@type":"Article","@id":"https:\/\/www.gossip.it\/news\/stefano-de-martino-gilda-ambrosio-santiago-ibiza-situazione-famiglia\/#article","isPartOf":{"@id":"https:\/\/www.gossip.it\/news\/stefano-de-martino-gilda-ambrosio-santiago-ibiza-situazione-famiglia\/"},"author":{"name":"La Redazione","@id":"https:\/\/www.gossip.it\/#\/schema\/person\/488896f75158bff1cc83c6c39d141110"},"headline":"Stefano De Martino con Santiago e Gilda Ambrosio a Ibiza: 'situazione famiglia\u2019","datePublished":"2018-06-25T22:00:00+00:00","dateModified":"2018-06-25T22:00:00+00:00","mainEntityOfPage":{"@id":"https:\/\/www.gossip.it\/news\/stefano-de-martino-gilda-ambrosio-santiago-ibiza-situazione-famiglia\/"},"wordCount":370,"publisher":{"@id":"https:\/\/www.gossip.it\/#organization"},"image":{"@id":"https:\/\/www.gossip.it\/news\/stefano-de-martino-gilda-ambrosio-santiago-ibiza-situazione-famiglia\/#primaryimage"},"thumbnailUrl":"https:\/\/files.gossip.it\/immagini_news\/2018\/06\/1530003673_de_martino_1.jpg","keywords":["baleari","ballerino","domenico iovine","estate","estate 2018","famiglia","fashion blogger","gilda ambrosio","ibiza","instagram","santiago","situazione","social","stilista","vacanza","vincenzo sabatino"],"articleSection":["News"],"inLanguage":"it-IT"},{"@type":"WebPage","@id":"https:\/\/www.gossip.it\/news\/stefano-de-martino-gilda-ambrosio-santiago-ibiza-situazione-famiglia\/","url":"https:\/\/www.gossip.it\/news\/stefano-de-martino-gilda-ambrosio-santiago-ibiza-situazione-famiglia\/","name":"Stefano De Martino con Santiago e Gilda Ambrosio a Ibiza: 'situazione famiglia\u2019 - Gossip.it | News sul Gossip e VIP","isPartOf":{"@id":"https:\/\/www.gossip.it\/#website"},"primaryImageOfPage":{"@id":"https:\/\/www.gossip.it\/news\/stefano-de-martino-gilda-ambrosio-santiago-ibiza-situazione-famiglia\/#primaryimage"},"image":{"@id":"https:\/\/www.gossip.it\/news\/stefano-de-martino-gilda-ambrosio-santiago-ibiza-situazione-famiglia\/#primaryimage"},"thumbnailUrl":"https:\/\/files.gossip.it\/immagini_news\/2018\/06\/1530003673_de_martino_1.jpg","datePublished":"2018-06-25T22:00:00+00:00","dateModified":"2018-06-25T22:00:00+00:00","description":"Stefano De Martino a Ibiza trascorre una parte delle sue vacanze con Santiago e Gilda Ambrosio. I tre non sono soli. Il ballerino, il figlio e la fashion","breadcrumb":{"@id":"https:\/\/www.gossip.it\/news\/stefano-de-martino-gilda-ambrosio-santiago-ibiza-situazione-famiglia\/#breadcrumb"},"inLanguage":"it-IT","potentialAction":[{"@type":"ReadAction","target":["https:\/\/www.gossip.it\/news\/stefano-de-martino-gilda-ambrosio-santiago-ibiza-situazione-famiglia\/"]}]},{"@type":"ImageObject","inLanguage":"it-IT","@id":"https:\/\/www.gossip.it\/news\/stefano-de-martino-gilda-ambrosio-santiago-ibiza-situazione-famiglia\/#primaryimage","url":"https:\/\/files.gossip.it\/immagini_news\/2018\/06\/1530003673_de_martino_1.jpg","contentUrl":"https:\/\/files.gossip.it\/immagini_news\/2018\/06\/1530003673_de_martino_1.jpg"},{"@type":"BreadcrumbList","@id":"https:\/\/www.gossip.it\/news\/stefano-de-martino-gilda-ambrosio-santiago-ibiza-situazione-famiglia\/#breadcrumb","itemListElement":[{"@type":"ListItem","position":1,"name":"Home","item":"https:\/\/www.gossip.it\/"},{"@type":"ListItem","position":2,"name":"Stefano De Martino con Santiago e Gilda Ambrosio a Ibiza: 'situazione famiglia\u2019"}]},{"@type":"WebSite","@id":"https:\/\/www.gossip.it\/#website","url":"https:\/\/www.gossip.it\/","name":"Gossip and VIP News","description":"Quotidiano di cronaca rosa, costume e societ\u00e0","publisher":{"@id":"https:\/\/www.gossip.it\/#organization"},"alternateName":"Gossip and VIP News","potentialAction":[{"@type":"SearchAction","target":{"@type":"EntryPoint","urlTemplate":"https:\/\/www.gossip.it\/?s={search_term_string}"},"query-input":{"@type":"PropertyValueSpecification","valueRequired":true,"valueName":"search_term_string"}}],"inLanguage":"it-IT"},{"@type":"Organization","@id":"https:\/\/www.gossip.it\/#organization","name":"Gossip and VIP News","alternateName":"Gossip News","url":"https:\/\/www.gossip.it\/","logo":{"@type":"ImageObject","inLanguage":"it-IT","@id":"https:\/\/www.gossip.it\/#\/schema\/logo\/image\/","url":"https:\/\/www.gossip.it\/wp-content\/uploads\/2022\/04\/cropped-corna-alta-tiny.png","contentUrl":"https:\/\/www.gossip.it\/wp-content\/uploads\/2022\/04\/cropped-corna-alta-tiny.png","width":512,"height":512,"caption":"Gossip and VIP News"},"image":{"@id":"https:\/\/www.gossip.it\/#\/schema\/logo\/image\/"},"sameAs":["https:\/\/www.facebook.com\/GossipIT","https:\/\/x.com\/gossinews_it","https:\/\/instagram.com\/gossip_it"]},{"@type":"Person","@id":"https:\/\/www.gossip.it\/#\/schema\/person\/488896f75158bff1cc83c6c39d141110","name":"La Redazione","image":{"@type":"ImageObject","inLanguage":"it-IT","@id":"https:\/\/www.gossip.it\/#\/schema\/person\/image\/","url":"https:\/\/secure.gravatar.com\/avatar\/5a5f5c6fa3e6700e4249abdad0263a1e94e927d9e0499b1cb09c1cd29c044d80?s=96&d=mm&r=g","contentUrl":"https:\/\/secure.gravatar.com\/avatar\/5a5f5c6fa3e6700e4249abdad0263a1e94e927d9e0499b1cb09c1cd29c044d80?s=96&d=mm&r=g","caption":"La Redazione"},"sameAs":["https:\/\/www.gossip.it"]}]}},"amp_enabled":true,"_links":{"self":[{"href":"https:\/\/www.gossip.it\/api\/wp\/v2\/posts\/61541","targetHints":{"allow":["GET"]}}],"collection":[{"href":"https:\/\/www.gossip.it\/api\/wp\/v2\/posts"}],"about":[{"href":"https:\/\/www.gossip.it\/api\/wp\/v2\/types\/post"}],"author":[{"embeddable":true,"href":"https:\/\/www.gossip.it\/api\/wp\/v2\/users\/1"}],"replies":[{"embeddable":true,"href":"https:\/\/www.gossip.it\/api\/wp\/v2\/comments?post=61541"}],"version-history":[{"count":0,"href":"https:\/\/www.gossip.it\/api\/wp\/v2\/posts\/61541\/revisions"}],"wp:featuredmedia":[{"embeddable":true,"href":"https:\/\/www.gossip.it\/api\/wp\/v2\/media\/117587"}],"wp:attachment":[{"href":"https:\/\/www.gossip.it\/api\/wp\/v2\/media?parent=61541"}],"wp:term":[{"taxonomy":"category","embeddable":true,"href":"https:\/\/www.gossip.it\/api\/wp\/v2\/categories?post=61541"},{"taxonomy":"post_tag","embeddable":true,"href":"https:\/\/www.gossip.it\/api\/wp\/v2\/tags?post=61541"},{"taxonomy":"vip","embeddable":true,"href":"https:\/\/www.gossip.it\/api\/wp\/v2\/vip?post=61541"}],"curies":[{"name":"wp","href":"https:\/\/api.w.org\/{rel}","templated":true}]}}