{"id":61614,"date":"2018-07-03T00:00:00","date_gmt":"2018-07-02T22:00:00","guid":{"rendered":"https:\/\/www.gossip.it\/senza-categoria\/giulia-de-lellis-foto-chi-andrea-damante\/"},"modified":"2018-07-03T00:00:00","modified_gmt":"2018-07-02T22:00:00","slug":"giulia-de-lellis-foto-chi-andrea-damante","status":"publish","type":"post","link":"https:\/\/www.gossip.it\/news\/giulia-de-lellis-foto-chi-andrea-damante\/","title":{"rendered":"Giulia De Lellis commenta le foto di Chi: 'Perch\u00e9 vi scandalizzate?'"},"content":{"rendered":"<p>Le foto pubblicate da <em>Chi <\/em>che ritraggono <a href=\"\/vip\/giulia-de lellis\/\">Giulia De Lellis<\/a> e <a href=\"\/vip\/andrea-damante\/\">Andrea Damante<\/a> su una barca in Sardegna intenti a baciarsi romanticamente hanno fatto pensare ai pi\u00f9 che i due ex fidanzati fossero tornati insieme. Per\u00f2 \u00e8 intervenuta <strong>Giulia<\/strong>, la diretta interessata, che ha detto che non c'\u00e8 alcuna ragione per scandalizzarsi e che lei e l'ex tronista di<em> Uomini e Donne<\/em> attualmente <strong>non sono fidanzati<\/strong> ma <strong>si stanno frequentando<\/strong>.<\/p>\n<figure class=\"caption\"><img decoding=\"async\" alt=\"\" width=\"640\" height=\"787\" src=\"https:\/\/files.gossip.it\/immagini_news\/2018\/07\/1530633972_de-lellis-damante-blocco-1.jpg\" \/><figcaption>La De Lellis e Andrea Damante non sono tornati insieme ma si stanno rivedendo<\/figcaption><\/figure>\n<p>\"<em>Ragazzi non capisco perch\u00e9 vi state scandalizzando. Cio\u00e8 capisco per la tetta ma purtroppo non hanno rispetto e considerazione per le persone<\/em>\", ha detto <strong>Giulia <\/strong>su Instagram lamentando il fatto che i paparazzi l'abbiano fotografata mentre prendeva il sole in topless. L'ex concorrente del <em>Grande Fratello Vip<\/em> ha poi continuato chiarendo come stanno le cose tra lei e il suo ex compagno: \"P<em>er\u00f2 lo sapete che io e <strong>Andrea <\/strong>ci stiamo rivedendo, quando e se mi fidanzer\u00f2 con lui, come vi ho gi\u00e0 detto, ve lo dir\u00f2<\/em>\". Nessun fidanzamento quindi al momento tra <strong>Giulia <\/strong>e <strong>Andrea<\/strong>. Semplicemente i due si stanno frequentando intensamente, anche scambiandosi baci ed effusioni. Per\u00f2 momentaneamente non si sono fidanzati di nuovo. La <strong>De Lellis<\/strong> non ha escluso che questo possa capitare a brave e ha anche dichiarato che sar\u00e0 lei stessa a dirlo quando e se succeder\u00e0.<\/p>\n<figure class=\"caption\"><img decoding=\"async\" alt=\"\" width=\"640\" height=\"830\" src=\"https:\/\/files.gossip.it\/immagini_news\/2018\/07\/1530634053_de-lellis-blocco-2.jpg\" \/><figcaption>Giulia ha voluto dare una spiegazione alle foto nelle quali si bacia con il suo ex fidanzato<\/figcaption><\/figure>\n<p>La 22enne ha poi proseguito la sua serie di storie sul profilo Instagram dicendo di essersi pentita di aver rivisto <strong>Damante <\/strong>in un luogo pubblico. \"<em>Sicuramente la prossima volta che avr\u00f2 voglia di vedere qualcuno andr\u00f2 in luoghi privati per evitare di finire su copertine indesiderate<\/em>\", ha affermato <strong>Giulia <\/strong>leggermente amareggiata. Adesso la notizia \u00e8 certa: <strong>Andrea <\/strong>e <strong>Giulia <\/strong>non sono tornati ufficialmente insieme ma ci stanno provando dopo aver ricominciato a frequentarsi.<\/p>\n<p>\u00a0<\/p>\n<p>\u00a0<\/p>\n","protected":false},"excerpt":{"rendered":"<p>Le foto pubblicate da Chi che ritraggono Giulia De Lellis e Andrea Damante su una barca in Sardegna intenti a baciarsi romanticamente hanno fatto pensare ai pi\u00f9 che i due ex fidanzati fossero tornati insieme. Per\u00f2 \u00e8 intervenuta Giulia, la diretta interessata, che ha detto che non c'\u00e8 alcuna ragione per scandalizzarsi e che lei [&hellip;]<\/p>\n","protected":false},"author":1,"featured_media":117660,"comment_status":"closed","ping_status":"closed","sticky":false,"template":"","format":"standard","meta":{"footnotes":""},"categories":[54],"tags":[10593,2405,2104,2118,10592,1875,3220,2115],"vip":[],"class_list":["post-61614","post","type-post","status-publish","format-standard","has-post-thumbnail","hentry","category-news","tag-andrea-damante","tag-bacio","tag-chi","tag-foto","tag-giulia-de-lellis","tag-grande-fratello-vip","tag-sardegna","tag-uomini-e-donne"],"yoast_head":"<title>Giulia De Lellis commenta le foto di Chi: &#039;Perch\u00e9 vi scandalizzate?&#039; - Gossip.it | News sul Gossip e VIP<\/title>\n<meta name=\"description\" content=\"Le foto pubblicate da Chi che ritraggono Giulia De Lellis e Andrea Damante su una barca in Sardegna intenti a baciarsi romanticamente hanno fatto pensare\" \/>\n<meta name=\"robots\" content=\"index, follow, max-snippet:-1, max-image-preview:large, max-video-preview:-1\" \/>\n<link rel=\"canonical\" href=\"https:\/\/www.gossip.it\/news\/giulia-de-lellis-foto-chi-andrea-damante\/\" \/>\n<meta property=\"og:locale\" content=\"it_IT\" \/>\n<meta property=\"og:type\" content=\"article\" \/>\n<meta property=\"og:title\" content=\"Giulia De Lellis commenta le foto di Chi: &#039;Perch\u00e9 vi scandalizzate?&#039; - Gossip.it | News sul Gossip e VIP\" \/>\n<meta property=\"og:description\" content=\"Le foto pubblicate da Chi che ritraggono Giulia De Lellis e Andrea Damante su una barca in Sardegna intenti a baciarsi romanticamente hanno fatto pensare\" \/>\n<meta property=\"og:url\" content=\"https:\/\/www.gossip.it\/news\/giulia-de-lellis-foto-chi-andrea-damante\/\" \/>\n<meta property=\"og:site_name\" content=\"Gossip.it | News sul Gossip e VIP\" \/>\n<meta property=\"article:publisher\" content=\"https:\/\/www.facebook.com\/GossipIT\" \/>\n<meta property=\"article:published_time\" content=\"2018-07-02T22:00:00+00:00\" \/>\n<meta property=\"og:image\" content=\"https:\/\/files.gossip.it\/immagini_news\/2018\/07\/1530633972_de-lellis-damante-blocco-1.jpg\" \/>\n<meta name=\"author\" content=\"La Redazione\" \/>\n<meta name=\"twitter:card\" content=\"summary_large_image\" \/>\n<meta name=\"twitter:image\" content=\"https:\/\/files.gossip.it\/immagini_news\/2018\/07\/1530633972_de-lellis-damante-blocco-1.jpg\" \/>\n<meta name=\"twitter:creator\" content=\"@gossinews_it\" \/>\n<meta name=\"twitter:site\" content=\"@gossinews_it\" \/>\n<meta name=\"twitter:label1\" content=\"Scritto da\" \/>\n\t<meta name=\"twitter:data1\" content=\"Roberta Martorana\" \/>\n\t<meta name=\"twitter:label2\" content=\"Tempo di lettura stimato\" \/>\n\t<meta name=\"twitter:data2\" content=\"2 minuti\" \/>","yoast_head_json":{"title":"Giulia De Lellis commenta le foto di Chi: 'Perch\u00e9 vi scandalizzate?' - Gossip.it | News sul Gossip e VIP","description":"Le foto pubblicate da Chi che ritraggono Giulia De Lellis e Andrea Damante su una barca in Sardegna intenti a baciarsi romanticamente hanno fatto pensare","robots":{"index":"index","follow":"follow","max-snippet":"max-snippet:-1","max-image-preview":"max-image-preview:large","max-video-preview":"max-video-preview:-1"},"canonical":"https:\/\/www.gossip.it\/news\/giulia-de-lellis-foto-chi-andrea-damante\/","og_locale":"it_IT","og_type":"article","og_title":"Giulia De Lellis commenta le foto di Chi: 'Perch\u00e9 vi scandalizzate?' - Gossip.it | News sul Gossip e VIP","og_description":"Le foto pubblicate da Chi che ritraggono Giulia De Lellis e Andrea Damante su una barca in Sardegna intenti a baciarsi romanticamente hanno fatto pensare","og_url":"https:\/\/www.gossip.it\/news\/giulia-de-lellis-foto-chi-andrea-damante\/","og_site_name":"Gossip.it | News sul Gossip e VIP","article_publisher":"https:\/\/www.facebook.com\/GossipIT","article_published_time":"2018-07-02T22:00:00+00:00","og_image":[{"url":"https:\/\/files.gossip.it\/immagini_news\/2018\/07\/1530633972_de-lellis-damante-blocco-1.jpg"}],"author":"La Redazione","twitter_card":"summary_large_image","twitter_image":"https:\/\/files.gossip.it\/immagini_news\/2018\/07\/1530633972_de-lellis-damante-blocco-1.jpg","twitter_creator":"@gossinews_it","twitter_site":"@gossinews_it","twitter_misc":{"Scritto da":"Roberta Martorana","Tempo di lettura stimato":"2 minuti"},"schema":{"@context":"https:\/\/schema.org","@graph":[{"@type":"Article","@id":"https:\/\/www.gossip.it\/news\/giulia-de-lellis-foto-chi-andrea-damante\/#article","isPartOf":{"@id":"https:\/\/www.gossip.it\/news\/giulia-de-lellis-foto-chi-andrea-damante\/"},"author":{"name":"La Redazione","@id":"https:\/\/www.gossip.it\/#\/schema\/person\/488896f75158bff1cc83c6c39d141110"},"headline":"Giulia De Lellis commenta le foto di Chi: 'Perch\u00e9 vi scandalizzate?'","datePublished":"2018-07-02T22:00:00+00:00","dateModified":"2018-07-02T22:00:00+00:00","mainEntityOfPage":{"@id":"https:\/\/www.gossip.it\/news\/giulia-de-lellis-foto-chi-andrea-damante\/"},"wordCount":328,"publisher":{"@id":"https:\/\/www.gossip.it\/#organization"},"image":{"@id":"https:\/\/www.gossip.it\/news\/giulia-de-lellis-foto-chi-andrea-damante\/#primaryimage"},"thumbnailUrl":"https:\/\/files.gossip.it\/immagini_news\/2018\/07\/1530633972_de-lellis-damante-blocco-1.jpg","keywords":["andrea damante","bacio","chi","foto","giulia de lellis","grande fratello vip","sardegna","uomini e donne"],"articleSection":["News"],"inLanguage":"it-IT"},{"@type":"WebPage","@id":"https:\/\/www.gossip.it\/news\/giulia-de-lellis-foto-chi-andrea-damante\/","url":"https:\/\/www.gossip.it\/news\/giulia-de-lellis-foto-chi-andrea-damante\/","name":"Giulia De Lellis commenta le foto di Chi: 'Perch\u00e9 vi scandalizzate?' - Gossip.it | News sul Gossip e VIP","isPartOf":{"@id":"https:\/\/www.gossip.it\/#website"},"primaryImageOfPage":{"@id":"https:\/\/www.gossip.it\/news\/giulia-de-lellis-foto-chi-andrea-damante\/#primaryimage"},"image":{"@id":"https:\/\/www.gossip.it\/news\/giulia-de-lellis-foto-chi-andrea-damante\/#primaryimage"},"thumbnailUrl":"https:\/\/files.gossip.it\/immagini_news\/2018\/07\/1530633972_de-lellis-damante-blocco-1.jpg","datePublished":"2018-07-02T22:00:00+00:00","dateModified":"2018-07-02T22:00:00+00:00","description":"Le foto pubblicate da Chi che ritraggono Giulia De Lellis e Andrea Damante su una barca in Sardegna intenti a baciarsi romanticamente hanno fatto pensare","breadcrumb":{"@id":"https:\/\/www.gossip.it\/news\/giulia-de-lellis-foto-chi-andrea-damante\/#breadcrumb"},"inLanguage":"it-IT","potentialAction":[{"@type":"ReadAction","target":["https:\/\/www.gossip.it\/news\/giulia-de-lellis-foto-chi-andrea-damante\/"]}]},{"@type":"ImageObject","inLanguage":"it-IT","@id":"https:\/\/www.gossip.it\/news\/giulia-de-lellis-foto-chi-andrea-damante\/#primaryimage","url":"https:\/\/files.gossip.it\/immagini_news\/2018\/07\/1530633972_de-lellis-damante-blocco-1.jpg","contentUrl":"https:\/\/files.gossip.it\/immagini_news\/2018\/07\/1530633972_de-lellis-damante-blocco-1.jpg"},{"@type":"BreadcrumbList","@id":"https:\/\/www.gossip.it\/news\/giulia-de-lellis-foto-chi-andrea-damante\/#breadcrumb","itemListElement":[{"@type":"ListItem","position":1,"name":"Home","item":"https:\/\/www.gossip.it\/"},{"@type":"ListItem","position":2,"name":"Giulia De Lellis commenta le foto di Chi: 'Perch\u00e9 vi scandalizzate?'"}]},{"@type":"WebSite","@id":"https:\/\/www.gossip.it\/#website","url":"https:\/\/www.gossip.it\/","name":"Gossip and VIP News","description":"Quotidiano di cronaca rosa, costume e societ\u00e0","publisher":{"@id":"https:\/\/www.gossip.it\/#organization"},"alternateName":"Gossip and VIP News","potentialAction":[{"@type":"SearchAction","target":{"@type":"EntryPoint","urlTemplate":"https:\/\/www.gossip.it\/?s={search_term_string}"},"query-input":{"@type":"PropertyValueSpecification","valueRequired":true,"valueName":"search_term_string"}}],"inLanguage":"it-IT"},{"@type":"Organization","@id":"https:\/\/www.gossip.it\/#organization","name":"Gossip and VIP News","alternateName":"Gossip News","url":"https:\/\/www.gossip.it\/","logo":{"@type":"ImageObject","inLanguage":"it-IT","@id":"https:\/\/www.gossip.it\/#\/schema\/logo\/image\/","url":"https:\/\/www.gossip.it\/wp-content\/uploads\/2022\/04\/cropped-corna-alta-tiny.png","contentUrl":"https:\/\/www.gossip.it\/wp-content\/uploads\/2022\/04\/cropped-corna-alta-tiny.png","width":512,"height":512,"caption":"Gossip and VIP News"},"image":{"@id":"https:\/\/www.gossip.it\/#\/schema\/logo\/image\/"},"sameAs":["https:\/\/www.facebook.com\/GossipIT","https:\/\/x.com\/gossinews_it","https:\/\/instagram.com\/gossip_it"]},{"@type":"Person","@id":"https:\/\/www.gossip.it\/#\/schema\/person\/488896f75158bff1cc83c6c39d141110","name":"La Redazione","image":{"@type":"ImageObject","inLanguage":"it-IT","@id":"https:\/\/www.gossip.it\/#\/schema\/person\/image\/","url":"https:\/\/secure.gravatar.com\/avatar\/5a5f5c6fa3e6700e4249abdad0263a1e94e927d9e0499b1cb09c1cd29c044d80?s=96&d=mm&r=g","contentUrl":"https:\/\/secure.gravatar.com\/avatar\/5a5f5c6fa3e6700e4249abdad0263a1e94e927d9e0499b1cb09c1cd29c044d80?s=96&d=mm&r=g","caption":"La Redazione"},"sameAs":["https:\/\/www.gossip.it"]}]}},"amp_enabled":true,"_links":{"self":[{"href":"https:\/\/www.gossip.it\/api\/wp\/v2\/posts\/61614","targetHints":{"allow":["GET"]}}],"collection":[{"href":"https:\/\/www.gossip.it\/api\/wp\/v2\/posts"}],"about":[{"href":"https:\/\/www.gossip.it\/api\/wp\/v2\/types\/post"}],"author":[{"embeddable":true,"href":"https:\/\/www.gossip.it\/api\/wp\/v2\/users\/1"}],"replies":[{"embeddable":true,"href":"https:\/\/www.gossip.it\/api\/wp\/v2\/comments?post=61614"}],"version-history":[{"count":0,"href":"https:\/\/www.gossip.it\/api\/wp\/v2\/posts\/61614\/revisions"}],"wp:featuredmedia":[{"embeddable":true,"href":"https:\/\/www.gossip.it\/api\/wp\/v2\/media\/117660"}],"wp:attachment":[{"href":"https:\/\/www.gossip.it\/api\/wp\/v2\/media?parent=61614"}],"wp:term":[{"taxonomy":"category","embeddable":true,"href":"https:\/\/www.gossip.it\/api\/wp\/v2\/categories?post=61614"},{"taxonomy":"post_tag","embeddable":true,"href":"https:\/\/www.gossip.it\/api\/wp\/v2\/tags?post=61614"},{"taxonomy":"vip","embeddable":true,"href":"https:\/\/www.gossip.it\/api\/wp\/v2\/vip?post=61614"}],"curies":[{"name":"wp","href":"https:\/\/api.w.org\/{rel}","templated":true}]}}