{"id":61725,"date":"2018-07-19T00:00:00","date_gmt":"2018-07-18T22:00:00","guid":{"rendered":"https:\/\/www.gossip.it\/senza-categoria\/bianca-atzei-anoressia\/"},"modified":"2018-07-19T00:00:00","modified_gmt":"2018-07-18T22:00:00","slug":"bianca-atzei-anoressia","status":"publish","type":"post","link":"https:\/\/www.gossip.it\/news\/bianca-atzei-anoressia\/","title":{"rendered":"Bianca Atzei: 'Ho sofferto di anoressia e sono finita in ospedale'"},"content":{"rendered":"<p><a href=\"\/vip\/bianca-atzei\/\">Bianca Atzei<\/a> rivela di aver sofferto di <strong>anoressia<\/strong>. Il disturbo alimentare l'ha costretta al ricovero in ospedale. La cantante ne parla durante un'intervista rilasciata al magazine <em>Confidenze<\/em>.\u00a0<\/p>\n<figure class=\"caption\"><img decoding=\"async\" alt=\"\" src=\"https:\/\/files.gossip.it\/immagini_news\/2018\/07\/1531996299_bianca_atzei_1.jpg\" \/><figcaption>Bianca Atzei sulla copertina di Confidenze<\/figcaption><\/figure>\n<p><em>\"A un certo punto ho sofferto di <strong>anoressia<\/strong>. Perch\u00e9? Me lo sono chiesta tante volte. Forse, avrei voluto un padre pi\u00f9 affettuoso. Il mio lo era, ma a modo suo: con i fatti mai con le parole. Mi dava protezione pi\u00f9 che carezze. Poi, per\u00f2, ho capito che l\u2019origine dei miei problemi era il carattere introverso\"<\/em>, racconta <strong>Bianca Atzei<\/strong>.\u00a0<\/p>\n<figure class=\"caption\"><img decoding=\"async\" alt=\"\" src=\"https:\/\/files.gossip.it\/immagini_news\/2018\/07\/1531996336_bianca_atzei_2.jpg\" \/><figcaption>Bianca in passato ha sofferto di anoressia ed \u00e8 finita anche in ospedale<\/figcaption><\/figure>\n<p><em>\"Con l\u2019aiuto della mia famiglia ne sono uscita, ma non dimentico i giorni in cui ero ricoverata in ospedale. Di tutto questo ho parlato con pap\u00e0 mentre ero a Cayo Cochinos <\/em>(il genitore ha fatto una visita alla figlia durante la permanenza all\u2019Isola, ndr)<em>. Non si era mai reso conto della sua freddezza e da quando sono tornata \u00e8 cambiato<\/em>\", prosegue l'ex compagna di <a href=\"\/vip\/max-biaggi\/\">Max Biaggi<\/a>.<\/p>\n<p><strong>Bianca<\/strong> rivela anche di aver seguito una dieta per prendere qualche chilo prima di partire per l'\"<a href=\"\/vip\/isola-dei famosi\/\">Isola dei Famosi<\/a>\": <em>\"Ero troppo magra, pesavo 44 chili, decisamente pochi anche per il mio 1.58 di altezza. Quindi, ho dovuto fare tanta palestra e una cura ingrassante che mi ha portata a quota 47 chili ma i miei amici pensavano che, una volta partita, non avrei retto pi\u00f9 di una settimana. Invece sono arrivata in finale, classificandomi al secondo posto. Al ritorno ero di nuovo magra (38 chili), ma forte e pi\u00f9 sicura di me\"<\/em>.<\/p>\n","protected":false},"excerpt":{"rendered":"<p>Bianca Atzei rivela di aver sofferto di anoressia. Il disturbo alimentare l'ha costretta al ricovero in ospedale. La cantante ne parla durante un'intervista rilasciata al magazine Confidenze.\u00a0 Bianca Atzei sulla copertina di Confidenze \"A un certo punto ho sofferto di anoressia. Perch\u00e9? Me lo sono chiesta tante volte. Forse, avrei voluto un padre pi\u00f9 affettuoso. [&hellip;]<\/p>\n","protected":false},"author":1,"featured_media":117771,"comment_status":"closed","ping_status":"closed","sticky":false,"template":"","format":"standard","meta":{"footnotes":""},"categories":[54],"tags":[2116,10617,1981,2102,2095,1934],"vip":[],"class_list":["post-61725","post","type-post","status-publish","format-standard","has-post-thumbnail","hentry","category-news","tag-anoressia","tag-bianca-atzei","tag-cantante","tag-dichiarazioni","tag-isola-dei-famosi","tag-reality"],"yoast_head":"<title>Bianca Atzei: &#039;Ho sofferto di anoressia e sono finita in ospedale&#039; - Gossip.it | News sul Gossip e VIP<\/title>\n<meta name=\"description\" content=\"Bianca Atzei rivela di aver sofferto di anoressia. Il disturbo alimentare l&#039;ha costretta al ricovero in ospedale. La cantante ne parla durante\" \/>\n<meta name=\"robots\" content=\"index, follow, max-snippet:-1, max-image-preview:large, max-video-preview:-1\" \/>\n<link rel=\"canonical\" href=\"https:\/\/www.gossip.it\/news\/bianca-atzei-anoressia\/\" \/>\n<meta property=\"og:locale\" content=\"it_IT\" \/>\n<meta property=\"og:type\" content=\"article\" \/>\n<meta property=\"og:title\" content=\"Bianca Atzei: &#039;Ho sofferto di anoressia e sono finita in ospedale&#039; - Gossip.it | News sul Gossip e VIP\" \/>\n<meta property=\"og:description\" content=\"Bianca Atzei rivela di aver sofferto di anoressia. Il disturbo alimentare l&#039;ha costretta al ricovero in ospedale. La cantante ne parla durante\" \/>\n<meta property=\"og:url\" content=\"https:\/\/www.gossip.it\/news\/bianca-atzei-anoressia\/\" \/>\n<meta property=\"og:site_name\" content=\"Gossip.it | News sul Gossip e VIP\" \/>\n<meta property=\"article:publisher\" content=\"https:\/\/www.facebook.com\/GossipIT\" \/>\n<meta property=\"article:published_time\" content=\"2018-07-18T22:00:00+00:00\" \/>\n<meta property=\"og:image\" content=\"https:\/\/files.gossip.it\/immagini_news\/2018\/07\/1531996299_bianca_atzei_1.jpg\" \/>\n<meta name=\"author\" content=\"La Redazione\" \/>\n<meta name=\"twitter:card\" content=\"summary_large_image\" \/>\n<meta name=\"twitter:image\" content=\"https:\/\/files.gossip.it\/immagini_news\/2018\/07\/1531996299_bianca_atzei_1.jpg\" \/>\n<meta name=\"twitter:creator\" content=\"@gossinews_it\" \/>\n<meta name=\"twitter:site\" content=\"@gossinews_it\" \/>\n<meta name=\"twitter:label1\" content=\"Scritto da\" \/>\n\t<meta name=\"twitter:data1\" content=\"Francesca Romana Domenici\" \/>\n\t<meta name=\"twitter:label2\" content=\"Tempo di lettura stimato\" \/>\n\t<meta name=\"twitter:data2\" content=\"1 minuto\" \/>","yoast_head_json":{"title":"Bianca Atzei: 'Ho sofferto di anoressia e sono finita in ospedale' - Gossip.it | News sul Gossip e VIP","description":"Bianca Atzei rivela di aver sofferto di anoressia. Il disturbo alimentare l'ha costretta al ricovero in ospedale. La cantante ne parla durante","robots":{"index":"index","follow":"follow","max-snippet":"max-snippet:-1","max-image-preview":"max-image-preview:large","max-video-preview":"max-video-preview:-1"},"canonical":"https:\/\/www.gossip.it\/news\/bianca-atzei-anoressia\/","og_locale":"it_IT","og_type":"article","og_title":"Bianca Atzei: 'Ho sofferto di anoressia e sono finita in ospedale' - Gossip.it | News sul Gossip e VIP","og_description":"Bianca Atzei rivela di aver sofferto di anoressia. Il disturbo alimentare l'ha costretta al ricovero in ospedale. La cantante ne parla durante","og_url":"https:\/\/www.gossip.it\/news\/bianca-atzei-anoressia\/","og_site_name":"Gossip.it | News sul Gossip e VIP","article_publisher":"https:\/\/www.facebook.com\/GossipIT","article_published_time":"2018-07-18T22:00:00+00:00","og_image":[{"url":"https:\/\/files.gossip.it\/immagini_news\/2018\/07\/1531996299_bianca_atzei_1.jpg"}],"author":"La Redazione","twitter_card":"summary_large_image","twitter_image":"https:\/\/files.gossip.it\/immagini_news\/2018\/07\/1531996299_bianca_atzei_1.jpg","twitter_creator":"@gossinews_it","twitter_site":"@gossinews_it","twitter_misc":{"Scritto da":"Francesca Romana Domenici","Tempo di lettura stimato":"1 minuto"},"schema":{"@context":"https:\/\/schema.org","@graph":[{"@type":"Article","@id":"https:\/\/www.gossip.it\/news\/bianca-atzei-anoressia\/#article","isPartOf":{"@id":"https:\/\/www.gossip.it\/news\/bianca-atzei-anoressia\/"},"author":{"name":"La Redazione","@id":"https:\/\/www.gossip.it\/#\/schema\/person\/488896f75158bff1cc83c6c39d141110"},"headline":"Bianca Atzei: 'Ho sofferto di anoressia e sono finita in ospedale'","datePublished":"2018-07-18T22:00:00+00:00","dateModified":"2018-07-18T22:00:00+00:00","mainEntityOfPage":{"@id":"https:\/\/www.gossip.it\/news\/bianca-atzei-anoressia\/"},"wordCount":275,"publisher":{"@id":"https:\/\/www.gossip.it\/#organization"},"image":{"@id":"https:\/\/www.gossip.it\/news\/bianca-atzei-anoressia\/#primaryimage"},"thumbnailUrl":"https:\/\/files.gossip.it\/immagini_news\/2018\/07\/1531996299_bianca_atzei_1.jpg","keywords":["anoressia","bianca atzei","cantante","dichiarazioni","isola dei famosi","reality"],"articleSection":["News"],"inLanguage":"it-IT"},{"@type":"WebPage","@id":"https:\/\/www.gossip.it\/news\/bianca-atzei-anoressia\/","url":"https:\/\/www.gossip.it\/news\/bianca-atzei-anoressia\/","name":"Bianca Atzei: 'Ho sofferto di anoressia e sono finita in ospedale' - Gossip.it | News sul Gossip e VIP","isPartOf":{"@id":"https:\/\/www.gossip.it\/#website"},"primaryImageOfPage":{"@id":"https:\/\/www.gossip.it\/news\/bianca-atzei-anoressia\/#primaryimage"},"image":{"@id":"https:\/\/www.gossip.it\/news\/bianca-atzei-anoressia\/#primaryimage"},"thumbnailUrl":"https:\/\/files.gossip.it\/immagini_news\/2018\/07\/1531996299_bianca_atzei_1.jpg","datePublished":"2018-07-18T22:00:00+00:00","dateModified":"2018-07-18T22:00:00+00:00","description":"Bianca Atzei rivela di aver sofferto di anoressia. Il disturbo alimentare l'ha costretta al ricovero in ospedale. La cantante ne parla durante","breadcrumb":{"@id":"https:\/\/www.gossip.it\/news\/bianca-atzei-anoressia\/#breadcrumb"},"inLanguage":"it-IT","potentialAction":[{"@type":"ReadAction","target":["https:\/\/www.gossip.it\/news\/bianca-atzei-anoressia\/"]}]},{"@type":"ImageObject","inLanguage":"it-IT","@id":"https:\/\/www.gossip.it\/news\/bianca-atzei-anoressia\/#primaryimage","url":"https:\/\/files.gossip.it\/immagini_news\/2018\/07\/1531996299_bianca_atzei_1.jpg","contentUrl":"https:\/\/files.gossip.it\/immagini_news\/2018\/07\/1531996299_bianca_atzei_1.jpg"},{"@type":"BreadcrumbList","@id":"https:\/\/www.gossip.it\/news\/bianca-atzei-anoressia\/#breadcrumb","itemListElement":[{"@type":"ListItem","position":1,"name":"Home","item":"https:\/\/www.gossip.it\/"},{"@type":"ListItem","position":2,"name":"Bianca Atzei: 'Ho sofferto di anoressia e sono finita in ospedale'"}]},{"@type":"WebSite","@id":"https:\/\/www.gossip.it\/#website","url":"https:\/\/www.gossip.it\/","name":"Gossip and VIP News","description":"Quotidiano di cronaca rosa, costume e societ\u00e0","publisher":{"@id":"https:\/\/www.gossip.it\/#organization"},"alternateName":"Gossip and VIP News","potentialAction":[{"@type":"SearchAction","target":{"@type":"EntryPoint","urlTemplate":"https:\/\/www.gossip.it\/?s={search_term_string}"},"query-input":{"@type":"PropertyValueSpecification","valueRequired":true,"valueName":"search_term_string"}}],"inLanguage":"it-IT"},{"@type":"Organization","@id":"https:\/\/www.gossip.it\/#organization","name":"Gossip and VIP News","alternateName":"Gossip News","url":"https:\/\/www.gossip.it\/","logo":{"@type":"ImageObject","inLanguage":"it-IT","@id":"https:\/\/www.gossip.it\/#\/schema\/logo\/image\/","url":"https:\/\/www.gossip.it\/wp-content\/uploads\/2022\/04\/cropped-corna-alta-tiny.png","contentUrl":"https:\/\/www.gossip.it\/wp-content\/uploads\/2022\/04\/cropped-corna-alta-tiny.png","width":512,"height":512,"caption":"Gossip and VIP News"},"image":{"@id":"https:\/\/www.gossip.it\/#\/schema\/logo\/image\/"},"sameAs":["https:\/\/www.facebook.com\/GossipIT","https:\/\/x.com\/gossinews_it","https:\/\/instagram.com\/gossip_it"]},{"@type":"Person","@id":"https:\/\/www.gossip.it\/#\/schema\/person\/488896f75158bff1cc83c6c39d141110","name":"La Redazione","image":{"@type":"ImageObject","inLanguage":"it-IT","@id":"https:\/\/www.gossip.it\/#\/schema\/person\/image\/","url":"https:\/\/secure.gravatar.com\/avatar\/5a5f5c6fa3e6700e4249abdad0263a1e94e927d9e0499b1cb09c1cd29c044d80?s=96&d=mm&r=g","contentUrl":"https:\/\/secure.gravatar.com\/avatar\/5a5f5c6fa3e6700e4249abdad0263a1e94e927d9e0499b1cb09c1cd29c044d80?s=96&d=mm&r=g","caption":"La Redazione"},"sameAs":["https:\/\/www.gossip.it"]}]}},"amp_enabled":true,"_links":{"self":[{"href":"https:\/\/www.gossip.it\/api\/wp\/v2\/posts\/61725","targetHints":{"allow":["GET"]}}],"collection":[{"href":"https:\/\/www.gossip.it\/api\/wp\/v2\/posts"}],"about":[{"href":"https:\/\/www.gossip.it\/api\/wp\/v2\/types\/post"}],"author":[{"embeddable":true,"href":"https:\/\/www.gossip.it\/api\/wp\/v2\/users\/1"}],"replies":[{"embeddable":true,"href":"https:\/\/www.gossip.it\/api\/wp\/v2\/comments?post=61725"}],"version-history":[{"count":0,"href":"https:\/\/www.gossip.it\/api\/wp\/v2\/posts\/61725\/revisions"}],"wp:featuredmedia":[{"embeddable":true,"href":"https:\/\/www.gossip.it\/api\/wp\/v2\/media\/117771"}],"wp:attachment":[{"href":"https:\/\/www.gossip.it\/api\/wp\/v2\/media?parent=61725"}],"wp:term":[{"taxonomy":"category","embeddable":true,"href":"https:\/\/www.gossip.it\/api\/wp\/v2\/categories?post=61725"},{"taxonomy":"post_tag","embeddable":true,"href":"https:\/\/www.gossip.it\/api\/wp\/v2\/tags?post=61725"},{"taxonomy":"vip","embeddable":true,"href":"https:\/\/www.gossip.it\/api\/wp\/v2\/vip?post=61725"}],"curies":[{"name":"wp","href":"https:\/\/api.w.org\/{rel}","templated":true}]}}