{"id":61787,"date":"2018-07-30T00:00:00","date_gmt":"2018-07-29T22:00:00","guid":{"rendered":"https:\/\/www.gossip.it\/senza-categoria\/bianca-guaccero-premio-charlot-salerno-mini-dress\/"},"modified":"2018-07-30T00:00:00","modified_gmt":"2018-07-29T22:00:00","slug":"bianca-guaccero-premio-charlot-salerno-mini-dress","status":"publish","type":"post","link":"https:\/\/www.gossip.it\/news\/bianca-guaccero-premio-charlot-salerno-mini-dress\/","title":{"rendered":"Bianca Guaccero a Salerno al 30\u00b0 Premio Charlot in mini dress asimmetrico"},"content":{"rendered":"<p><a href=\"\/vip\/bianca-guaccero\/\">Bianca Guaccero<\/a> posa sorridente ed entusiasta a<strong> Salerno<\/strong>\u00a0con indosso un<strong> mini dress <\/strong>asimmentrico in occasione del 30\u00b0 <strong>Premio Charlot<\/strong>. L\u2019artista su esibisce sul palco e canta un brano difficilissimo, \u201cThe Show Must Go On\u201d dei <a href=\"\/vip\/queen\/\">Queen<\/a>. Mette in mostra la sua ugola d\u2019oro e il pubblico applaude entusiasta.<\/p>\n<figure class=\"caption\"><img decoding=\"async\" alt=\"\" width=\"620\" height=\"930\" src=\"https:\/\/files.gossip.it\/immagini_news\/2018\/07\/1532953207_guaccero-dentro.jpg\" \/><figcaption>E&rsquo; sexy con il mini dress asimmentrico al Premio Charlot a Salerno Bianca Guaccero<\/figcaption><\/figure>\n<p>Presto sar\u00e0 in <a href=\"\/vip\/tv\/\">tv<\/a> su Rai Due a \u201c<a href=\"\/vip\/detto-fatto\/\">Detto Fatto<\/a>\u201d, dove \u00e8 stata chiamata a sostituire la regina <a href=\"\/vip\/caterina-balivo\/\">Caterina Balivo<\/a>, che trasloca su Rai Uno. A <em>Io Donna<\/em> confessa <em>\u201cSar\u00f2 senza maschere, nel bene e nel male, metter\u00f2 a disposizione le mie passioni: il ballo, il canto e la recitazione.\u00a0Vedrete una Bianca autoironica, caciarona e un po\u2019 pagliaccio, cos\u00ec come sono con gli amici\u201d.<\/em><\/p>\n<p><strong>Mini dress<\/strong> e sandali alla schiava molto particolari argento. <strong>Bianca Guaccero<\/strong> a <strong>Salerno<\/strong> al <strong>Premio Charlot<\/strong> si prende una standing ovation. Spera sia cos\u00ec anche in televisione e che lo share premi il suo programma.<em> \u201cSono in fase di trasloco<\/em> \u2013 racconta \u2013<em> non vedo l\u2019ora di far esplodere il mio entusiasmo e di mettere in gioco le mie passioni. E\u2019 come se mi trovassi allo starter di una maratona\u201d.<\/em><\/p>\n<p>La napoletana 37enne fa vedere le gambe toniche con il <strong>mini dress<\/strong>. In forma smagliante a <strong>Salerno<\/strong> al<strong> Premio Charlot<\/strong> non nasconde di essere consapevole che questa \u00e8 \u00e8 forse la sua pi\u00f9 grande occasione. <em>\u201cHo sempre creduto nella ciclicit\u00e0 della vita, quando si chiude un cerchio se ne apre un altro, a me capita ogni dieci anni: nel 1998 ho recitato nel primo film, nel 2008 sono salita sul palco di\u00a0Sanremo\u00a0e ora \u00e8 capitata questa opportunit\u00e0 unica\u201d<\/em>, sottolinea.<\/p>\n<p>Dopo l\u2019addio con il marito <a href=\"\/vip\/dario-acocella\/\">Dario Acocella<\/a>, da cui ha avuto Alice, 4 anni, <strong>Bianca Guaccero<\/strong> pensa solo al lavoro. <em>\u201cSono single, faccio un appello<\/em> \u2013 confessa scherzando \u2013 <em>non ho fretta, per ora mi godo questo momento\u201d.<\/em><\/p>\n<p>\u00a0<\/p>\n","protected":false},"excerpt":{"rendered":"<p>Bianca Guaccero posa sorridente ed entusiasta a Salerno\u00a0con indosso un mini dress asimmentrico in occasione del 30\u00b0 Premio Charlot. L\u2019artista su esibisce sul palco e canta un brano difficilissimo, \u201cThe Show Must Go On\u201d dei Queen. Mette in mostra la sua ugola d\u2019oro e il pubblico applaude entusiasta. E&rsquo; sexy con il mini dress asimmentrico [&hellip;]<\/p>\n","protected":false},"author":1,"featured_media":117833,"comment_status":"closed","ping_status":"closed","sticky":false,"template":"","format":"standard","meta":{"footnotes":""},"categories":[54],"tags":[1983,1981,1992,9901,2102,13765,2103,11745,52893,58155,11109],"vip":[416],"class_list":["post-61787","post","type-post","status-publish","format-standard","has-post-thumbnail","hentry","category-news","tag-attrice","tag-cantante","tag-conduttrice","tag-detto-fatto","tag-dichiarazioni","tag-dress","tag-intervista","tag-io-donna","tag-mini-dress","tag-premio-charlot","tag-salerno","vip-bianca_guaccero"],"yoast_head":"<title>Bianca Guaccero a Salerno al 30\u00b0 Premio Charlot in mini dress asimmetrico - Gossip.it | News sul Gossip e VIP<\/title>\n<meta name=\"description\" content=\"Bianca Guaccero posa sorridente ed entusiasta a Salerno\u00a0con indosso un mini dress asimmentrico in occasione del 30\u00b0 Premio Charlot. L\u2019artista su esibisce\" \/>\n<meta name=\"robots\" content=\"index, follow, max-snippet:-1, max-image-preview:large, max-video-preview:-1\" \/>\n<link rel=\"canonical\" href=\"https:\/\/www.gossip.it\/news\/bianca-guaccero-premio-charlot-salerno-mini-dress\/\" \/>\n<meta property=\"og:locale\" content=\"it_IT\" \/>\n<meta property=\"og:type\" content=\"article\" \/>\n<meta property=\"og:title\" content=\"Bianca Guaccero a Salerno al 30\u00b0 Premio Charlot in mini dress asimmetrico - Gossip.it | News sul Gossip e VIP\" \/>\n<meta property=\"og:description\" content=\"Bianca Guaccero posa sorridente ed entusiasta a Salerno\u00a0con indosso un mini dress asimmentrico in occasione del 30\u00b0 Premio Charlot. L\u2019artista su esibisce\" \/>\n<meta property=\"og:url\" content=\"https:\/\/www.gossip.it\/news\/bianca-guaccero-premio-charlot-salerno-mini-dress\/\" \/>\n<meta property=\"og:site_name\" content=\"Gossip.it | News sul Gossip e VIP\" \/>\n<meta property=\"article:publisher\" content=\"https:\/\/www.facebook.com\/GossipIT\" \/>\n<meta property=\"article:published_time\" content=\"2018-07-29T22:00:00+00:00\" \/>\n<meta property=\"og:image\" content=\"https:\/\/files.gossip.it\/immagini_news\/2018\/07\/1532953207_guaccero-dentro.jpg\" \/>\n<meta name=\"author\" content=\"La Redazione\" \/>\n<meta name=\"twitter:card\" content=\"summary_large_image\" \/>\n<meta name=\"twitter:image\" content=\"https:\/\/files.gossip.it\/immagini_news\/2018\/07\/1532953207_guaccero-dentro.jpg\" \/>\n<meta name=\"twitter:creator\" content=\"@gossinews_it\" \/>\n<meta name=\"twitter:site\" content=\"@gossinews_it\" \/>\n<meta name=\"twitter:label1\" content=\"Scritto da\" \/>\n\t<meta name=\"twitter:data1\" content=\"Annamaria Capozzi\" \/>\n\t<meta name=\"twitter:label2\" content=\"Tempo di lettura stimato\" \/>\n\t<meta name=\"twitter:data2\" content=\"2 minuti\" \/>","yoast_head_json":{"title":"Bianca Guaccero a Salerno al 30\u00b0 Premio Charlot in mini dress asimmetrico - Gossip.it | News sul Gossip e VIP","description":"Bianca Guaccero posa sorridente ed entusiasta a Salerno\u00a0con indosso un mini dress asimmentrico in occasione del 30\u00b0 Premio Charlot. L\u2019artista su esibisce","robots":{"index":"index","follow":"follow","max-snippet":"max-snippet:-1","max-image-preview":"max-image-preview:large","max-video-preview":"max-video-preview:-1"},"canonical":"https:\/\/www.gossip.it\/news\/bianca-guaccero-premio-charlot-salerno-mini-dress\/","og_locale":"it_IT","og_type":"article","og_title":"Bianca Guaccero a Salerno al 30\u00b0 Premio Charlot in mini dress asimmetrico - Gossip.it | News sul Gossip e VIP","og_description":"Bianca Guaccero posa sorridente ed entusiasta a Salerno\u00a0con indosso un mini dress asimmentrico in occasione del 30\u00b0 Premio Charlot. L\u2019artista su esibisce","og_url":"https:\/\/www.gossip.it\/news\/bianca-guaccero-premio-charlot-salerno-mini-dress\/","og_site_name":"Gossip.it | News sul Gossip e VIP","article_publisher":"https:\/\/www.facebook.com\/GossipIT","article_published_time":"2018-07-29T22:00:00+00:00","og_image":[{"url":"https:\/\/files.gossip.it\/immagini_news\/2018\/07\/1532953207_guaccero-dentro.jpg"}],"author":"La Redazione","twitter_card":"summary_large_image","twitter_image":"https:\/\/files.gossip.it\/immagini_news\/2018\/07\/1532953207_guaccero-dentro.jpg","twitter_creator":"@gossinews_it","twitter_site":"@gossinews_it","twitter_misc":{"Scritto da":"Annamaria Capozzi","Tempo di lettura stimato":"2 minuti"},"schema":{"@context":"https:\/\/schema.org","@graph":[{"@type":"Article","@id":"https:\/\/www.gossip.it\/news\/bianca-guaccero-premio-charlot-salerno-mini-dress\/#article","isPartOf":{"@id":"https:\/\/www.gossip.it\/news\/bianca-guaccero-premio-charlot-salerno-mini-dress\/"},"author":{"name":"La Redazione","@id":"https:\/\/www.gossip.it\/#\/schema\/person\/488896f75158bff1cc83c6c39d141110"},"headline":"Bianca Guaccero a Salerno al 30\u00b0 Premio Charlot in mini dress asimmetrico","datePublished":"2018-07-29T22:00:00+00:00","dateModified":"2018-07-29T22:00:00+00:00","mainEntityOfPage":{"@id":"https:\/\/www.gossip.it\/news\/bianca-guaccero-premio-charlot-salerno-mini-dress\/"},"wordCount":321,"publisher":{"@id":"https:\/\/www.gossip.it\/#organization"},"image":{"@id":"https:\/\/www.gossip.it\/news\/bianca-guaccero-premio-charlot-salerno-mini-dress\/#primaryimage"},"thumbnailUrl":"https:\/\/files.gossip.it\/immagini_news\/2018\/07\/1532953207_guaccero-dentro.jpg","keywords":["attrice","cantante","conduttrice","detto fatto","dichiarazioni","dress","intervista","io donna","mini dress","premio charlot","salerno"],"articleSection":["News"],"inLanguage":"it-IT"},{"@type":"WebPage","@id":"https:\/\/www.gossip.it\/news\/bianca-guaccero-premio-charlot-salerno-mini-dress\/","url":"https:\/\/www.gossip.it\/news\/bianca-guaccero-premio-charlot-salerno-mini-dress\/","name":"Bianca Guaccero a Salerno al 30\u00b0 Premio Charlot in mini dress asimmetrico - Gossip.it | News sul Gossip e VIP","isPartOf":{"@id":"https:\/\/www.gossip.it\/#website"},"primaryImageOfPage":{"@id":"https:\/\/www.gossip.it\/news\/bianca-guaccero-premio-charlot-salerno-mini-dress\/#primaryimage"},"image":{"@id":"https:\/\/www.gossip.it\/news\/bianca-guaccero-premio-charlot-salerno-mini-dress\/#primaryimage"},"thumbnailUrl":"https:\/\/files.gossip.it\/immagini_news\/2018\/07\/1532953207_guaccero-dentro.jpg","datePublished":"2018-07-29T22:00:00+00:00","dateModified":"2018-07-29T22:00:00+00:00","description":"Bianca Guaccero posa sorridente ed entusiasta a Salerno\u00a0con indosso un mini dress asimmentrico in occasione del 30\u00b0 Premio Charlot. L\u2019artista su esibisce","breadcrumb":{"@id":"https:\/\/www.gossip.it\/news\/bianca-guaccero-premio-charlot-salerno-mini-dress\/#breadcrumb"},"inLanguage":"it-IT","potentialAction":[{"@type":"ReadAction","target":["https:\/\/www.gossip.it\/news\/bianca-guaccero-premio-charlot-salerno-mini-dress\/"]}]},{"@type":"ImageObject","inLanguage":"it-IT","@id":"https:\/\/www.gossip.it\/news\/bianca-guaccero-premio-charlot-salerno-mini-dress\/#primaryimage","url":"https:\/\/files.gossip.it\/immagini_news\/2018\/07\/1532953207_guaccero-dentro.jpg","contentUrl":"https:\/\/files.gossip.it\/immagini_news\/2018\/07\/1532953207_guaccero-dentro.jpg"},{"@type":"BreadcrumbList","@id":"https:\/\/www.gossip.it\/news\/bianca-guaccero-premio-charlot-salerno-mini-dress\/#breadcrumb","itemListElement":[{"@type":"ListItem","position":1,"name":"Home","item":"https:\/\/www.gossip.it\/"},{"@type":"ListItem","position":2,"name":"Bianca Guaccero a Salerno al 30\u00b0 Premio Charlot in mini dress asimmetrico"}]},{"@type":"WebSite","@id":"https:\/\/www.gossip.it\/#website","url":"https:\/\/www.gossip.it\/","name":"Gossip and VIP News","description":"Quotidiano di cronaca rosa, costume e societ\u00e0","publisher":{"@id":"https:\/\/www.gossip.it\/#organization"},"alternateName":"Gossip and VIP News","potentialAction":[{"@type":"SearchAction","target":{"@type":"EntryPoint","urlTemplate":"https:\/\/www.gossip.it\/?s={search_term_string}"},"query-input":{"@type":"PropertyValueSpecification","valueRequired":true,"valueName":"search_term_string"}}],"inLanguage":"it-IT"},{"@type":"Organization","@id":"https:\/\/www.gossip.it\/#organization","name":"Gossip and VIP News","alternateName":"Gossip News","url":"https:\/\/www.gossip.it\/","logo":{"@type":"ImageObject","inLanguage":"it-IT","@id":"https:\/\/www.gossip.it\/#\/schema\/logo\/image\/","url":"https:\/\/www.gossip.it\/wp-content\/uploads\/2022\/04\/cropped-corna-alta-tiny.png","contentUrl":"https:\/\/www.gossip.it\/wp-content\/uploads\/2022\/04\/cropped-corna-alta-tiny.png","width":512,"height":512,"caption":"Gossip and VIP News"},"image":{"@id":"https:\/\/www.gossip.it\/#\/schema\/logo\/image\/"},"sameAs":["https:\/\/www.facebook.com\/GossipIT","https:\/\/x.com\/gossinews_it","https:\/\/instagram.com\/gossip_it"]},{"@type":"Person","@id":"https:\/\/www.gossip.it\/#\/schema\/person\/488896f75158bff1cc83c6c39d141110","name":"La Redazione","image":{"@type":"ImageObject","inLanguage":"it-IT","@id":"https:\/\/www.gossip.it\/#\/schema\/person\/image\/","url":"https:\/\/secure.gravatar.com\/avatar\/5a5f5c6fa3e6700e4249abdad0263a1e94e927d9e0499b1cb09c1cd29c044d80?s=96&d=mm&r=g","contentUrl":"https:\/\/secure.gravatar.com\/avatar\/5a5f5c6fa3e6700e4249abdad0263a1e94e927d9e0499b1cb09c1cd29c044d80?s=96&d=mm&r=g","caption":"La Redazione"},"sameAs":["https:\/\/www.gossip.it"]}]}},"amp_enabled":true,"_links":{"self":[{"href":"https:\/\/www.gossip.it\/api\/wp\/v2\/posts\/61787","targetHints":{"allow":["GET"]}}],"collection":[{"href":"https:\/\/www.gossip.it\/api\/wp\/v2\/posts"}],"about":[{"href":"https:\/\/www.gossip.it\/api\/wp\/v2\/types\/post"}],"author":[{"embeddable":true,"href":"https:\/\/www.gossip.it\/api\/wp\/v2\/users\/1"}],"replies":[{"embeddable":true,"href":"https:\/\/www.gossip.it\/api\/wp\/v2\/comments?post=61787"}],"version-history":[{"count":0,"href":"https:\/\/www.gossip.it\/api\/wp\/v2\/posts\/61787\/revisions"}],"wp:featuredmedia":[{"embeddable":true,"href":"https:\/\/www.gossip.it\/api\/wp\/v2\/media\/117833"}],"wp:attachment":[{"href":"https:\/\/www.gossip.it\/api\/wp\/v2\/media?parent=61787"}],"wp:term":[{"taxonomy":"category","embeddable":true,"href":"https:\/\/www.gossip.it\/api\/wp\/v2\/categories?post=61787"},{"taxonomy":"post_tag","embeddable":true,"href":"https:\/\/www.gossip.it\/api\/wp\/v2\/tags?post=61787"},{"taxonomy":"vip","embeddable":true,"href":"https:\/\/www.gossip.it\/api\/wp\/v2\/vip?post=61787"}],"curies":[{"name":"wp","href":"https:\/\/api.w.org\/{rel}","templated":true}]}}