{"id":61793,"date":"2018-07-31T00:00:00","date_gmt":"2018-07-30T22:00:00","guid":{"rendered":"https:\/\/www.gossip.it\/senza-categoria\/flavio-briatore-heidi-klum-figlia-leni-prima-foto\/"},"modified":"2018-07-31T00:00:00","modified_gmt":"2018-07-30T22:00:00","slug":"flavio-briatore-heidi-klum-figlia-leni-prima-foto","status":"publish","type":"post","link":"https:\/\/www.gossip.it\/news\/flavio-briatore-heidi-klum-figlia-leni-prima-foto\/","title":{"rendered":"Flavio Briatore, prima foto con Heidi Klum e la loro figlia Leni"},"content":{"rendered":"<p><a href=\"\/vip\/flavio-briatore\/\">Flavio Briatore<\/a> si fa un selfie con <a href=\"\/vip\/heidi-klum\/\">Heidi Klum<\/a>, 45 anni,\u00a0e con la loro<strong> figlia Leni<\/strong>. E\u2019 la <strong>prima foto <\/strong>dei tre insieme ed \u00e8 davvero sorprendente. A pubblicarla \u00e8 la <a href=\"\/vip\/modella\/\">modella<\/a> tedesca sul suo profilo <a href=\"\/vip\/social\/\">social<\/a>.<\/p>\n<figure class=\"caption\"><img decoding=\"async\" alt=\"\" width=\"640\" height=\"533\" src=\"https:\/\/files.gossip.it\/immagini_news\/2018\/07\/1533034004_flavio-briatore-heidi-klum-leni.jpg\" \/><figcaption>Flavio Briatore, prima foto con Heidi Klum e la loro figlia Leni<\/figcaption><\/figure>\n<p><strong>Prima foto<\/strong> insieme per <strong>Heidi Klum<\/strong>, <strong>Flavio Briatore<\/strong> e la loro<strong> figlia Leni<\/strong>. L\u2019imprenditore e la top hanno avuto una breve relazione in passato. Tra il 2002 e il 2004, durata meno di due anni. Da quell\u2019unione \u00e8 nata la bimba che ora ha 14 anni. L\u2019ex marito di <a href=\"\/vip\/elisabetta-gregoraci\/\">Elisabetta Gregoraci<\/a>, padre di <a href=\"\/vip\/nathan-falco\/\">Nathan Falco<\/a>, 8 anni, non l\u2019ha mai riconosciuta, lasciandone la custodia alla mamma.<\/p>\n<p>Nella loro <strong>prima foto<\/strong> a tre <strong>Heidi Klum<\/strong> e <strong>Flavio Briatore<\/strong> sorridono allegramente. Con loro, anche se con il volto tagliato, c\u2019\u00e8 la loro<strong> figlia Leni<\/strong>. Il 68enne potrebbe aver riallacciato i rapporti ora che \u00e8 ufficialmente single. Potrebbe finalmente aver deciso di conoscere meglio la sua primogenita.<\/p>\n<p>Tempo fa Briatore sulla vicenda aveva raccontato: <em>\u201c<strong>Leni<\/strong> \u00e8 <strong>figlia<\/strong> di <\/em><a href=\"\/vip\/seal\/\">Seal<\/a><em>.\u00a0<strong>Leni <\/strong>\u00e8 mia<strong> figlia <\/strong>naturale, ma Heidi, Seal ed io abbiamo convenuto che avrebbe avuto pi\u00f9 senso se fosse stato lui ad adottarla perch\u00e9 un bambino deve crescere in una famiglia. Per\u00f2 la frequento ed io, Heidi e Seal\u00a0abbiamo un rapporto eccezionale. E\u2019 nata quando ci eravamo gi\u00e0 lasciati, Heidi viveva a Los Angeles, io a Londra e la distanza era diventata incolmabile. Potevamo sentirci per due ore al giorno, ma non bastava ed un neonato ha bisogno di stare con sua madre. Poi Seal l\u2019ha adottata. Leni sa che io sono il suo pap\u00e0 naturale,\u00a0mio figlio\u00a0Falco non sa nulla\u201d.\u00a0<\/em><\/p>\n<p>La Klum, sposata con Seal dal 2005 al 2012, ha avuto altri tre figli, Henry, Lou e Johan. Ora \u00e8 legata al chitarrista dei\u00a0Tokyo Hotel <a href=\"\/vip\/bill-kaulitz\/\">Bill Kaulitz<\/a>. Con Flavio, per\u00f2, va molto d\u2019accordo.<\/p>\n<p>\u00a0<\/p>\n<p>\u00a0<\/p>\n","protected":false},"excerpt":{"rendered":"<p>Flavio Briatore si fa un selfie con Heidi Klum, 45 anni,\u00a0e con la loro figlia Leni. E\u2019 la prima foto dei tre insieme ed \u00e8 davvero sorprendente. A pubblicarla \u00e8 la modella tedesca sul suo profilo social. Flavio Briatore, prima foto con Heidi Klum e la loro figlia Leni Prima foto insieme per Heidi Klum, [&hellip;]<\/p>\n","protected":false},"author":1,"featured_media":117839,"comment_status":"closed","ping_status":"closed","sticky":false,"template":"","format":"standard","meta":{"footnotes":""},"categories":[54],"tags":[1948,1905,2118,2331,2351,2121,14329,1997,6685,2284,8631,1923,2333],"vip":[651,762],"class_list":["post-61793","post","type-post","status-publish","format-standard","has-post-thumbnail","hentry","category-news","tag-ex","tag-figlia","tag-foto","tag-heidi-klum","tag-imprenditore","tag-instagram","tag-leni","tag-modella","tag-nathan-falco","tag-prima-foto","tag-selfie","tag-social","tag-top-model","vip-elisabetta_gregoraci","vip-flavio_briatore"],"yoast_head":"<title>Flavio Briatore, prima foto con Heidi Klum e la loro figlia Leni - Gossip.it | News sul Gossip e VIP<\/title>\n<meta name=\"description\" content=\"Flavio Briatore si fa un selfie con Heidi Klum, 45 anni,\u00a0e con la loro figlia Leni. E\u2019 la prima foto dei tre insieme ed \u00e8 davvero sorprendente. A\" \/>\n<meta name=\"robots\" content=\"index, follow, max-snippet:-1, max-image-preview:large, max-video-preview:-1\" \/>\n<link rel=\"canonical\" href=\"https:\/\/www.gossip.it\/news\/flavio-briatore-heidi-klum-figlia-leni-prima-foto\/\" \/>\n<meta property=\"og:locale\" content=\"it_IT\" \/>\n<meta property=\"og:type\" content=\"article\" \/>\n<meta property=\"og:title\" content=\"Flavio Briatore, prima foto con Heidi Klum e la loro figlia Leni - Gossip.it | News sul Gossip e VIP\" \/>\n<meta property=\"og:description\" content=\"Flavio Briatore si fa un selfie con Heidi Klum, 45 anni,\u00a0e con la loro figlia Leni. E\u2019 la prima foto dei tre insieme ed \u00e8 davvero sorprendente. A\" \/>\n<meta property=\"og:url\" content=\"https:\/\/www.gossip.it\/news\/flavio-briatore-heidi-klum-figlia-leni-prima-foto\/\" \/>\n<meta property=\"og:site_name\" content=\"Gossip.it | News sul Gossip e VIP\" \/>\n<meta property=\"article:publisher\" content=\"https:\/\/www.facebook.com\/GossipIT\" \/>\n<meta property=\"article:published_time\" content=\"2018-07-30T22:00:00+00:00\" \/>\n<meta property=\"og:image\" content=\"https:\/\/files.gossip.it\/immagini_news\/2018\/07\/1533034004_flavio-briatore-heidi-klum-leni.jpg\" \/>\n<meta name=\"author\" content=\"La Redazione\" \/>\n<meta name=\"twitter:card\" content=\"summary_large_image\" \/>\n<meta name=\"twitter:image\" content=\"https:\/\/files.gossip.it\/immagini_news\/2018\/07\/1533034004_flavio-briatore-heidi-klum-leni.jpg\" \/>\n<meta name=\"twitter:creator\" content=\"@gossinews_it\" \/>\n<meta name=\"twitter:site\" content=\"@gossinews_it\" \/>\n<meta name=\"twitter:label1\" content=\"Scritto da\" \/>\n\t<meta name=\"twitter:data1\" content=\"Annamaria Capozzi\" \/>\n\t<meta name=\"twitter:label2\" content=\"Tempo di lettura stimato\" \/>\n\t<meta name=\"twitter:data2\" content=\"2 minuti\" \/>","yoast_head_json":{"title":"Flavio Briatore, prima foto con Heidi Klum e la loro figlia Leni - Gossip.it | News sul Gossip e VIP","description":"Flavio Briatore si fa un selfie con Heidi Klum, 45 anni,\u00a0e con la loro figlia Leni. E\u2019 la prima foto dei tre insieme ed \u00e8 davvero sorprendente. A","robots":{"index":"index","follow":"follow","max-snippet":"max-snippet:-1","max-image-preview":"max-image-preview:large","max-video-preview":"max-video-preview:-1"},"canonical":"https:\/\/www.gossip.it\/news\/flavio-briatore-heidi-klum-figlia-leni-prima-foto\/","og_locale":"it_IT","og_type":"article","og_title":"Flavio Briatore, prima foto con Heidi Klum e la loro figlia Leni - Gossip.it | News sul Gossip e VIP","og_description":"Flavio Briatore si fa un selfie con Heidi Klum, 45 anni,\u00a0e con la loro figlia Leni. E\u2019 la prima foto dei tre insieme ed \u00e8 davvero sorprendente. A","og_url":"https:\/\/www.gossip.it\/news\/flavio-briatore-heidi-klum-figlia-leni-prima-foto\/","og_site_name":"Gossip.it | News sul Gossip e VIP","article_publisher":"https:\/\/www.facebook.com\/GossipIT","article_published_time":"2018-07-30T22:00:00+00:00","og_image":[{"url":"https:\/\/files.gossip.it\/immagini_news\/2018\/07\/1533034004_flavio-briatore-heidi-klum-leni.jpg"}],"author":"La Redazione","twitter_card":"summary_large_image","twitter_image":"https:\/\/files.gossip.it\/immagini_news\/2018\/07\/1533034004_flavio-briatore-heidi-klum-leni.jpg","twitter_creator":"@gossinews_it","twitter_site":"@gossinews_it","twitter_misc":{"Scritto da":"Annamaria Capozzi","Tempo di lettura stimato":"2 minuti"},"schema":{"@context":"https:\/\/schema.org","@graph":[{"@type":"Article","@id":"https:\/\/www.gossip.it\/news\/flavio-briatore-heidi-klum-figlia-leni-prima-foto\/#article","isPartOf":{"@id":"https:\/\/www.gossip.it\/news\/flavio-briatore-heidi-klum-figlia-leni-prima-foto\/"},"author":{"name":"La Redazione","@id":"https:\/\/www.gossip.it\/#\/schema\/person\/488896f75158bff1cc83c6c39d141110"},"headline":"Flavio Briatore, prima foto con Heidi Klum e la loro figlia Leni","datePublished":"2018-07-30T22:00:00+00:00","dateModified":"2018-07-30T22:00:00+00:00","mainEntityOfPage":{"@id":"https:\/\/www.gossip.it\/news\/flavio-briatore-heidi-klum-figlia-leni-prima-foto\/"},"wordCount":317,"publisher":{"@id":"https:\/\/www.gossip.it\/#organization"},"image":{"@id":"https:\/\/www.gossip.it\/news\/flavio-briatore-heidi-klum-figlia-leni-prima-foto\/#primaryimage"},"thumbnailUrl":"https:\/\/files.gossip.it\/immagini_news\/2018\/07\/1533034004_flavio-briatore-heidi-klum-leni.jpg","keywords":["ex","figlia","foto","heidi klum","imprenditore","instagram","leni","modella","nathan falco","prima foto","selfie","social","top model"],"articleSection":["News"],"inLanguage":"it-IT"},{"@type":"WebPage","@id":"https:\/\/www.gossip.it\/news\/flavio-briatore-heidi-klum-figlia-leni-prima-foto\/","url":"https:\/\/www.gossip.it\/news\/flavio-briatore-heidi-klum-figlia-leni-prima-foto\/","name":"Flavio Briatore, prima foto con Heidi Klum e la loro figlia Leni - Gossip.it | News sul Gossip e VIP","isPartOf":{"@id":"https:\/\/www.gossip.it\/#website"},"primaryImageOfPage":{"@id":"https:\/\/www.gossip.it\/news\/flavio-briatore-heidi-klum-figlia-leni-prima-foto\/#primaryimage"},"image":{"@id":"https:\/\/www.gossip.it\/news\/flavio-briatore-heidi-klum-figlia-leni-prima-foto\/#primaryimage"},"thumbnailUrl":"https:\/\/files.gossip.it\/immagini_news\/2018\/07\/1533034004_flavio-briatore-heidi-klum-leni.jpg","datePublished":"2018-07-30T22:00:00+00:00","dateModified":"2018-07-30T22:00:00+00:00","description":"Flavio Briatore si fa un selfie con Heidi Klum, 45 anni,\u00a0e con la loro figlia Leni. E\u2019 la prima foto dei tre insieme ed \u00e8 davvero sorprendente. A","breadcrumb":{"@id":"https:\/\/www.gossip.it\/news\/flavio-briatore-heidi-klum-figlia-leni-prima-foto\/#breadcrumb"},"inLanguage":"it-IT","potentialAction":[{"@type":"ReadAction","target":["https:\/\/www.gossip.it\/news\/flavio-briatore-heidi-klum-figlia-leni-prima-foto\/"]}]},{"@type":"ImageObject","inLanguage":"it-IT","@id":"https:\/\/www.gossip.it\/news\/flavio-briatore-heidi-klum-figlia-leni-prima-foto\/#primaryimage","url":"https:\/\/files.gossip.it\/immagini_news\/2018\/07\/1533034004_flavio-briatore-heidi-klum-leni.jpg","contentUrl":"https:\/\/files.gossip.it\/immagini_news\/2018\/07\/1533034004_flavio-briatore-heidi-klum-leni.jpg"},{"@type":"BreadcrumbList","@id":"https:\/\/www.gossip.it\/news\/flavio-briatore-heidi-klum-figlia-leni-prima-foto\/#breadcrumb","itemListElement":[{"@type":"ListItem","position":1,"name":"Home","item":"https:\/\/www.gossip.it\/"},{"@type":"ListItem","position":2,"name":"Flavio Briatore, prima foto con Heidi Klum e la loro figlia Leni"}]},{"@type":"WebSite","@id":"https:\/\/www.gossip.it\/#website","url":"https:\/\/www.gossip.it\/","name":"Gossip and VIP News","description":"Quotidiano di cronaca rosa, costume e societ\u00e0","publisher":{"@id":"https:\/\/www.gossip.it\/#organization"},"alternateName":"Gossip and VIP News","potentialAction":[{"@type":"SearchAction","target":{"@type":"EntryPoint","urlTemplate":"https:\/\/www.gossip.it\/?s={search_term_string}"},"query-input":{"@type":"PropertyValueSpecification","valueRequired":true,"valueName":"search_term_string"}}],"inLanguage":"it-IT"},{"@type":"Organization","@id":"https:\/\/www.gossip.it\/#organization","name":"Gossip and VIP News","alternateName":"Gossip News","url":"https:\/\/www.gossip.it\/","logo":{"@type":"ImageObject","inLanguage":"it-IT","@id":"https:\/\/www.gossip.it\/#\/schema\/logo\/image\/","url":"https:\/\/www.gossip.it\/wp-content\/uploads\/2022\/04\/cropped-corna-alta-tiny.png","contentUrl":"https:\/\/www.gossip.it\/wp-content\/uploads\/2022\/04\/cropped-corna-alta-tiny.png","width":512,"height":512,"caption":"Gossip and VIP News"},"image":{"@id":"https:\/\/www.gossip.it\/#\/schema\/logo\/image\/"},"sameAs":["https:\/\/www.facebook.com\/GossipIT","https:\/\/x.com\/gossinews_it","https:\/\/instagram.com\/gossip_it"]},{"@type":"Person","@id":"https:\/\/www.gossip.it\/#\/schema\/person\/488896f75158bff1cc83c6c39d141110","name":"La Redazione","image":{"@type":"ImageObject","inLanguage":"it-IT","@id":"https:\/\/www.gossip.it\/#\/schema\/person\/image\/","url":"https:\/\/secure.gravatar.com\/avatar\/5a5f5c6fa3e6700e4249abdad0263a1e94e927d9e0499b1cb09c1cd29c044d80?s=96&d=mm&r=g","contentUrl":"https:\/\/secure.gravatar.com\/avatar\/5a5f5c6fa3e6700e4249abdad0263a1e94e927d9e0499b1cb09c1cd29c044d80?s=96&d=mm&r=g","caption":"La Redazione"},"sameAs":["https:\/\/www.gossip.it"]}]}},"amp_enabled":true,"_links":{"self":[{"href":"https:\/\/www.gossip.it\/api\/wp\/v2\/posts\/61793","targetHints":{"allow":["GET"]}}],"collection":[{"href":"https:\/\/www.gossip.it\/api\/wp\/v2\/posts"}],"about":[{"href":"https:\/\/www.gossip.it\/api\/wp\/v2\/types\/post"}],"author":[{"embeddable":true,"href":"https:\/\/www.gossip.it\/api\/wp\/v2\/users\/1"}],"replies":[{"embeddable":true,"href":"https:\/\/www.gossip.it\/api\/wp\/v2\/comments?post=61793"}],"version-history":[{"count":0,"href":"https:\/\/www.gossip.it\/api\/wp\/v2\/posts\/61793\/revisions"}],"wp:featuredmedia":[{"embeddable":true,"href":"https:\/\/www.gossip.it\/api\/wp\/v2\/media\/117839"}],"wp:attachment":[{"href":"https:\/\/www.gossip.it\/api\/wp\/v2\/media?parent=61793"}],"wp:term":[{"taxonomy":"category","embeddable":true,"href":"https:\/\/www.gossip.it\/api\/wp\/v2\/categories?post=61793"},{"taxonomy":"post_tag","embeddable":true,"href":"https:\/\/www.gossip.it\/api\/wp\/v2\/tags?post=61793"},{"taxonomy":"vip","embeddable":true,"href":"https:\/\/www.gossip.it\/api\/wp\/v2\/vip?post=61793"}],"curies":[{"name":"wp","href":"https:\/\/api.w.org\/{rel}","templated":true}]}}