{"id":61837,"date":"2018-08-07T00:00:00","date_gmt":"2018-08-06T22:00:00","guid":{"rendered":"https:\/\/www.gossip.it\/senza-categoria\/andrea-damante-giulia-de-lellis-non-stiamo-insieme\/"},"modified":"2018-08-07T00:00:00","modified_gmt":"2018-08-06T22:00:00","slug":"andrea-damante-giulia-de-lellis-non-stiamo-insieme","status":"publish","type":"post","link":"https:\/\/www.gossip.it\/news\/andrea-damante-giulia-de-lellis-non-stiamo-insieme\/","title":{"rendered":"Andrea Damante, nessun ritorno di fiamma con la De Lellis: 'Io e Giulia non stiamo pi\u00f9 insieme'"},"content":{"rendered":"<p>A luglio sembrava che sotto il caldo sole della\u00a0<a href=\"\/vip\/-sardegna\/\">Sardegna<\/a> fosse scoppiata di nuovo la passione tra <a href=\"\/vip\/andrea-damante\/\">Andrea Damante<\/a> e <a href=\"\/vip\/giulia-de lellis\/\">Giulia De Lellis<\/a>. Invece no. L'ex tronista lo dice chiaro e tondo su Instagram Stories: <em>\"<strong>Non stiamo<\/strong> pi\u00f9 <strong>insieme<\/strong>\"<\/em>.<\/p>\n<figure class=\"caption\"><img decoding=\"async\" alt=\"\" width=\"640\" height=\"900\" src=\"https:\/\/files.gossip.it\/immagini_news\/2018\/08\/1533629686_andrea-damante.jpg\" \/><figcaption>Andrea Damante smentisce il ritorno di fiamma con Giulia De Lellis<\/figcaption><\/figure>\n<p><em>\"Stamattina ho messo un post con una frase di un canzone di <\/em><a href=\"\/vip\/drake\/\"><em>Drak<\/em>e<\/a> - ha esordito<strong> Andrea Damante<\/strong> - <em>Non era riferita a nessuno, n\u00e9 tanto meno alla storia tra me e <strong>Giulia<\/strong>. Ve lo dico se non vi \u00e8 chiaro, cos\u00ec evitiamo ambiguit\u00e0 e cattiverie. Io e lei non <strong>stiamo<\/strong> pi\u00f9<strong> insieme<\/strong>. Ci siamo chiariti serenamente. Quindi evitate di fare commenti o scrivere cose assurde. Godetevi l'estate. Pace. Ciao\"<\/em>.<\/p>\n<div class=\"video_integrato\" data-videoid=\"5375\" data-autostart=\"true\">\u00a0<\/div>\n<p>\u00a0Le parole di <strong>Andrea Damante<\/strong> sono un fulmine a ciel sereno. Dopo il bacio appassionato in Sardegna, nonostante la reticenza della <strong>De Lellis <\/strong>a confermare il ritorno di fiamma, e il recente tour tra Mallorca e Ibiza, in molti pensavano che la coppia nata sotto i riflettori di \"<a href=\"\/vip\/uomini-e donne\/\">Uomini e Donne<\/a>\" fosse ritornata <strong>insieme<\/strong>. L'estate pareva aver spazzato via la nube della crisi che nei mesi scorsi aveva oscurato questo amore pieno di \"like\". Ma ora le dichiarazioni di Andrea non lasciano spazio a dubbi: lui e <strong>Giulia De Lellis <\/strong>si sono chiariti, ma la fiamma non si \u00e8 riaccesa.\u00a0<\/p>\n<p>\u00a0<\/p>\n","protected":false},"excerpt":{"rendered":"<p>A luglio sembrava che sotto il caldo sole della\u00a0Sardegna fosse scoppiata di nuovo la passione tra Andrea Damante e Giulia De Lellis. Invece no. L'ex tronista lo dice chiaro e tondo su Instagram Stories: \"Non stiamo pi\u00f9 insieme\". Andrea Damante smentisce il ritorno di fiamma con Giulia De Lellis \"Stamattina ho messo un post con [&hellip;]<\/p>\n","protected":false},"author":1,"featured_media":117883,"comment_status":"closed","ping_status":"closed","sticky":false,"template":"","format":"standard","meta":{"footnotes":""},"categories":[54],"tags":[14683,10593,2102,10592,1949,1923,2113,2097,2115],"vip":[],"class_list":["post-61837","post","type-post","status-publish","format-standard","has-post-thumbnail","hentry","category-news","tag-addi","tag-andrea-damante","tag-dichiarazioni","tag-giulia-de-lellis","tag-ritorno-di-fiamma","tag-social","tag-tronista","tag-tv","tag-uomini-e-donne"],"yoast_head":"<title>Andrea Damante, nessun ritorno di fiamma con la De Lellis: &#039;Io e Giulia non stiamo pi\u00f9 insieme&#039; - Gossip.it | News sul Gossip e VIP<\/title>\n<meta name=\"description\" content=\"A luglio sembrava che sotto il caldo sole della\u00a0Sardegna fosse scoppiata di nuovo la passione tra Andrea Damante e Giulia De Lellis. Invece no. L&#039;ex\" \/>\n<meta name=\"robots\" content=\"index, follow, max-snippet:-1, max-image-preview:large, max-video-preview:-1\" \/>\n<link rel=\"canonical\" href=\"https:\/\/www.gossip.it\/news\/andrea-damante-giulia-de-lellis-non-stiamo-insieme\/\" \/>\n<meta property=\"og:locale\" content=\"it_IT\" \/>\n<meta property=\"og:type\" content=\"article\" \/>\n<meta property=\"og:title\" content=\"Andrea Damante, nessun ritorno di fiamma con la De Lellis: &#039;Io e Giulia non stiamo pi\u00f9 insieme&#039; - Gossip.it | News sul Gossip e VIP\" \/>\n<meta property=\"og:description\" content=\"A luglio sembrava che sotto il caldo sole della\u00a0Sardegna fosse scoppiata di nuovo la passione tra Andrea Damante e Giulia De Lellis. Invece no. L&#039;ex\" \/>\n<meta property=\"og:url\" content=\"https:\/\/www.gossip.it\/news\/andrea-damante-giulia-de-lellis-non-stiamo-insieme\/\" \/>\n<meta property=\"og:site_name\" content=\"Gossip.it | News sul Gossip e VIP\" \/>\n<meta property=\"article:publisher\" content=\"https:\/\/www.facebook.com\/GossipIT\" \/>\n<meta property=\"article:published_time\" content=\"2018-08-06T22:00:00+00:00\" \/>\n<meta property=\"og:image\" content=\"https:\/\/files.gossip.it\/immagini_news\/2018\/08\/1533629686_andrea-damante.jpg\" \/>\n<meta name=\"author\" content=\"La Redazione\" \/>\n<meta name=\"twitter:card\" content=\"summary_large_image\" \/>\n<meta name=\"twitter:image\" content=\"https:\/\/files.gossip.it\/immagini_news\/2018\/08\/1533629686_andrea-damante.jpg\" \/>\n<meta name=\"twitter:creator\" content=\"@gossinews_it\" \/>\n<meta name=\"twitter:site\" content=\"@gossinews_it\" \/>\n<meta name=\"twitter:label1\" content=\"Scritto da\" \/>\n\t<meta name=\"twitter:data1\" content=\"Francesca Romana Domenici\" \/>\n\t<meta name=\"twitter:label2\" content=\"Tempo di lettura stimato\" \/>\n\t<meta name=\"twitter:data2\" content=\"1 minuto\" \/>","yoast_head_json":{"title":"Andrea Damante, nessun ritorno di fiamma con la De Lellis: 'Io e Giulia non stiamo pi\u00f9 insieme' - Gossip.it | News sul Gossip e VIP","description":"A luglio sembrava che sotto il caldo sole della\u00a0Sardegna fosse scoppiata di nuovo la passione tra Andrea Damante e Giulia De Lellis. Invece no. L'ex","robots":{"index":"index","follow":"follow","max-snippet":"max-snippet:-1","max-image-preview":"max-image-preview:large","max-video-preview":"max-video-preview:-1"},"canonical":"https:\/\/www.gossip.it\/news\/andrea-damante-giulia-de-lellis-non-stiamo-insieme\/","og_locale":"it_IT","og_type":"article","og_title":"Andrea Damante, nessun ritorno di fiamma con la De Lellis: 'Io e Giulia non stiamo pi\u00f9 insieme' - Gossip.it | News sul Gossip e VIP","og_description":"A luglio sembrava che sotto il caldo sole della\u00a0Sardegna fosse scoppiata di nuovo la passione tra Andrea Damante e Giulia De Lellis. Invece no. L'ex","og_url":"https:\/\/www.gossip.it\/news\/andrea-damante-giulia-de-lellis-non-stiamo-insieme\/","og_site_name":"Gossip.it | News sul Gossip e VIP","article_publisher":"https:\/\/www.facebook.com\/GossipIT","article_published_time":"2018-08-06T22:00:00+00:00","og_image":[{"url":"https:\/\/files.gossip.it\/immagini_news\/2018\/08\/1533629686_andrea-damante.jpg"}],"author":"La Redazione","twitter_card":"summary_large_image","twitter_image":"https:\/\/files.gossip.it\/immagini_news\/2018\/08\/1533629686_andrea-damante.jpg","twitter_creator":"@gossinews_it","twitter_site":"@gossinews_it","twitter_misc":{"Scritto da":"Francesca Romana Domenici","Tempo di lettura stimato":"1 minuto"},"schema":{"@context":"https:\/\/schema.org","@graph":[{"@type":"Article","@id":"https:\/\/www.gossip.it\/news\/andrea-damante-giulia-de-lellis-non-stiamo-insieme\/#article","isPartOf":{"@id":"https:\/\/www.gossip.it\/news\/andrea-damante-giulia-de-lellis-non-stiamo-insieme\/"},"author":{"name":"La Redazione","@id":"https:\/\/www.gossip.it\/#\/schema\/person\/488896f75158bff1cc83c6c39d141110"},"headline":"Andrea Damante, nessun ritorno di fiamma con la De Lellis: 'Io e Giulia non stiamo pi\u00f9 insieme'","datePublished":"2018-08-06T22:00:00+00:00","dateModified":"2018-08-06T22:00:00+00:00","mainEntityOfPage":{"@id":"https:\/\/www.gossip.it\/news\/andrea-damante-giulia-de-lellis-non-stiamo-insieme\/"},"wordCount":238,"publisher":{"@id":"https:\/\/www.gossip.it\/#organization"},"image":{"@id":"https:\/\/www.gossip.it\/news\/andrea-damante-giulia-de-lellis-non-stiamo-insieme\/#primaryimage"},"thumbnailUrl":"https:\/\/files.gossip.it\/immagini_news\/2018\/08\/1533629686_andrea-damante.jpg","keywords":["addi","andrea damante","dichiarazioni","giulia de lellis","ritorno di fiamma","social","tronista","tv","uomini e donne"],"articleSection":["News"],"inLanguage":"it-IT"},{"@type":"WebPage","@id":"https:\/\/www.gossip.it\/news\/andrea-damante-giulia-de-lellis-non-stiamo-insieme\/","url":"https:\/\/www.gossip.it\/news\/andrea-damante-giulia-de-lellis-non-stiamo-insieme\/","name":"Andrea Damante, nessun ritorno di fiamma con la De Lellis: 'Io e Giulia non stiamo pi\u00f9 insieme' - Gossip.it | News sul Gossip e VIP","isPartOf":{"@id":"https:\/\/www.gossip.it\/#website"},"primaryImageOfPage":{"@id":"https:\/\/www.gossip.it\/news\/andrea-damante-giulia-de-lellis-non-stiamo-insieme\/#primaryimage"},"image":{"@id":"https:\/\/www.gossip.it\/news\/andrea-damante-giulia-de-lellis-non-stiamo-insieme\/#primaryimage"},"thumbnailUrl":"https:\/\/files.gossip.it\/immagini_news\/2018\/08\/1533629686_andrea-damante.jpg","datePublished":"2018-08-06T22:00:00+00:00","dateModified":"2018-08-06T22:00:00+00:00","description":"A luglio sembrava che sotto il caldo sole della\u00a0Sardegna fosse scoppiata di nuovo la passione tra Andrea Damante e Giulia De Lellis. Invece no. L'ex","breadcrumb":{"@id":"https:\/\/www.gossip.it\/news\/andrea-damante-giulia-de-lellis-non-stiamo-insieme\/#breadcrumb"},"inLanguage":"it-IT","potentialAction":[{"@type":"ReadAction","target":["https:\/\/www.gossip.it\/news\/andrea-damante-giulia-de-lellis-non-stiamo-insieme\/"]}]},{"@type":"ImageObject","inLanguage":"it-IT","@id":"https:\/\/www.gossip.it\/news\/andrea-damante-giulia-de-lellis-non-stiamo-insieme\/#primaryimage","url":"https:\/\/files.gossip.it\/immagini_news\/2018\/08\/1533629686_andrea-damante.jpg","contentUrl":"https:\/\/files.gossip.it\/immagini_news\/2018\/08\/1533629686_andrea-damante.jpg"},{"@type":"BreadcrumbList","@id":"https:\/\/www.gossip.it\/news\/andrea-damante-giulia-de-lellis-non-stiamo-insieme\/#breadcrumb","itemListElement":[{"@type":"ListItem","position":1,"name":"Home","item":"https:\/\/www.gossip.it\/"},{"@type":"ListItem","position":2,"name":"Andrea Damante, nessun ritorno di fiamma con la De Lellis: 'Io e Giulia non stiamo pi\u00f9 insieme'"}]},{"@type":"WebSite","@id":"https:\/\/www.gossip.it\/#website","url":"https:\/\/www.gossip.it\/","name":"Gossip and VIP News","description":"Quotidiano di cronaca rosa, costume e societ\u00e0","publisher":{"@id":"https:\/\/www.gossip.it\/#organization"},"alternateName":"Gossip and VIP News","potentialAction":[{"@type":"SearchAction","target":{"@type":"EntryPoint","urlTemplate":"https:\/\/www.gossip.it\/?s={search_term_string}"},"query-input":{"@type":"PropertyValueSpecification","valueRequired":true,"valueName":"search_term_string"}}],"inLanguage":"it-IT"},{"@type":"Organization","@id":"https:\/\/www.gossip.it\/#organization","name":"Gossip and VIP News","alternateName":"Gossip News","url":"https:\/\/www.gossip.it\/","logo":{"@type":"ImageObject","inLanguage":"it-IT","@id":"https:\/\/www.gossip.it\/#\/schema\/logo\/image\/","url":"https:\/\/www.gossip.it\/wp-content\/uploads\/2022\/04\/cropped-corna-alta-tiny.png","contentUrl":"https:\/\/www.gossip.it\/wp-content\/uploads\/2022\/04\/cropped-corna-alta-tiny.png","width":512,"height":512,"caption":"Gossip and VIP News"},"image":{"@id":"https:\/\/www.gossip.it\/#\/schema\/logo\/image\/"},"sameAs":["https:\/\/www.facebook.com\/GossipIT","https:\/\/x.com\/gossinews_it","https:\/\/instagram.com\/gossip_it"]},{"@type":"Person","@id":"https:\/\/www.gossip.it\/#\/schema\/person\/488896f75158bff1cc83c6c39d141110","name":"La Redazione","image":{"@type":"ImageObject","inLanguage":"it-IT","@id":"https:\/\/www.gossip.it\/#\/schema\/person\/image\/","url":"https:\/\/secure.gravatar.com\/avatar\/5a5f5c6fa3e6700e4249abdad0263a1e94e927d9e0499b1cb09c1cd29c044d80?s=96&d=mm&r=g","contentUrl":"https:\/\/secure.gravatar.com\/avatar\/5a5f5c6fa3e6700e4249abdad0263a1e94e927d9e0499b1cb09c1cd29c044d80?s=96&d=mm&r=g","caption":"La Redazione"},"sameAs":["https:\/\/www.gossip.it"]}]}},"amp_enabled":true,"_links":{"self":[{"href":"https:\/\/www.gossip.it\/api\/wp\/v2\/posts\/61837","targetHints":{"allow":["GET"]}}],"collection":[{"href":"https:\/\/www.gossip.it\/api\/wp\/v2\/posts"}],"about":[{"href":"https:\/\/www.gossip.it\/api\/wp\/v2\/types\/post"}],"author":[{"embeddable":true,"href":"https:\/\/www.gossip.it\/api\/wp\/v2\/users\/1"}],"replies":[{"embeddable":true,"href":"https:\/\/www.gossip.it\/api\/wp\/v2\/comments?post=61837"}],"version-history":[{"count":0,"href":"https:\/\/www.gossip.it\/api\/wp\/v2\/posts\/61837\/revisions"}],"wp:featuredmedia":[{"embeddable":true,"href":"https:\/\/www.gossip.it\/api\/wp\/v2\/media\/117883"}],"wp:attachment":[{"href":"https:\/\/www.gossip.it\/api\/wp\/v2\/media?parent=61837"}],"wp:term":[{"taxonomy":"category","embeddable":true,"href":"https:\/\/www.gossip.it\/api\/wp\/v2\/categories?post=61837"},{"taxonomy":"post_tag","embeddable":true,"href":"https:\/\/www.gossip.it\/api\/wp\/v2\/tags?post=61837"},{"taxonomy":"vip","embeddable":true,"href":"https:\/\/www.gossip.it\/api\/wp\/v2\/vip?post=61837"}],"curies":[{"name":"wp","href":"https:\/\/api.w.org\/{rel}","templated":true}]}}