{"id":61888,"date":"2018-08-16T00:00:00","date_gmt":"2018-08-15T22:00:00","guid":{"rendered":"https:\/\/www.gossip.it\/senza-categoria\/nina-moric-fabrizio-corona-estate-2018\/"},"modified":"2018-08-16T00:00:00","modified_gmt":"2018-08-15T22:00:00","slug":"nina-moric-fabrizio-corona-estate-2018","status":"publish","type":"post","link":"https:\/\/www.gossip.it\/news\/nina-moric-fabrizio-corona-estate-2018\/","title":{"rendered":"Nina Moric racconta l'estate 2018 con Fabrizio Corona: 'Non torneremo mai insieme'"},"content":{"rendered":"<p><a href=\"\/vip\/nina-moric\/\">Nina Moric<\/a> \u00e8 felice per questa <strong>estate 2018<\/strong> trascorsa in Puglia insieme al figlio <a href=\"\/vip\/carlos\/\">Carlos<\/a> e a <a href=\"\/vip\/fabrizio-corona\/\">Fabrizio Corona<\/a>. La modella croata lo racconta sul <a href=\"\/vip\/social\/\">social<\/a> ma sottolinea anche che con l'ex marito non torneranno mai insieme.<\/p>\n<figure class=\"caption\"><img decoding=\"async\" alt=\"\" width=\"640\" height=\"800\" src=\"https:\/\/files.gossip.it\/immagini_news\/2018\/08\/1534418066_nina-moric-1.jpg\" \/><figcaption>Nina Moric racconta la sua estate con Fabrizio Corona e il figlio Carlos\u00a0<\/figcaption><\/figure>\n<p>L'<strong>estate 2018<\/strong> per <strong>Nina<\/strong> ha un sapore speciale: ha visto s\u00ec naufragare del tutto la relazione con <a href=\"\/vip\/luigi-mario favoloso\/\">Luigi Mario Favoloso<\/a> ma ha ritrovato un nuovo equilibrio con<strong> Fabrizio Corona<\/strong> e ha cos\u00ec potuto trascorrere del preziosissimo tempo insieme al figlio: <em>\"<strong>Estate 2018<\/strong>. Che dire. Ho trascorso momenti bellissimi con il mio piccolo uomo, di gioco, di confronto, di coccole. L\u2019ho guardato dormire notti intere, ho seguito il suo respiro sfiorandolo appena. Questa la vera magia che mi ha donato l\u2019estate: addormentarmi e risvegliarmi, ritrovando sempre Carlos.\u00a0 E ancora. Ritrovare con Fabrizio il senso del nostro viaggio. Carlos, per entrambi l\u2019unica Itaca\"<\/em>.\u00a0<\/p>\n<figure class=\"caption\"><img decoding=\"async\" alt=\"\" width=\"640\" height=\"800\" src=\"https:\/\/files.gossip.it\/immagini_news\/2018\/08\/1534418102_nina-moric-fabrizio-corona.jpg\" \/><figcaption>Nina rivela che con Fabrizio non torneranno pi\u00f9 insieme<\/figcaption><\/figure>\n<p><em>\"Il senso della famiglia, quello fuori dal tempo e dallo spazio, che supera rancori, gelosie o barrire formali di concetti giuridici come separazioni e divorzi<\/em> - scrive ancora <strong>Nina Moric<\/strong> sul suo profilo Instagram - <em>\u00a0L\u2019amore. Ecco cosa porter\u00f2 a Milano nella valigia. L\u2019amore che vince su tutto. Sempre.\u00a0 Nessuno partir\u00e0 per Miami, nessun ritorno di fiamma ormai spenta da tempo, nessuna vita oltreoceano. Nessun villaggio. Nessuna \u201ccasa Corona\u201d. Semplicemente un nuovo inizio che sar\u00e0 con noi a Milano, con il colore del mare e il profumo di salsedine. Un nuovo inizio che non avr\u00e0 mai fine, nonostante io e <strong>Fabrizio<\/strong> non torneremo mai pi\u00f9 insieme, ma il lieto fine \u00e8 dare serenit\u00e0 a nostro figlio Carlos Maria\"<\/em>.\u00a0<\/p>\n<figure class=\"caption\"><img decoding=\"async\" alt=\"\" src=\"https:\/\/files.gossip.it\/immagini_news\/2018\/08\/1534418149_nina-moric-3.png\" \/><figcaption>La Moric insieme al figlio Carlos Maria<\/figcaption><\/figure>\n<p><strong>Nina Moric<\/strong> e <strong>Fabrizio Corona<\/strong>, insieme al figlio Carlos, hanno anche posato per la copertina del settimanale <em>Chi<\/em>. Luigi Mario Favoloso su <a href=\"\/vip\/instagram\/\">Instagram<\/a> commenta con un post al vetriolo: <em>\"Ancora una volta, sulle pagine di CHI, vengo etichettato da Corona come una persona sbagliata, che ha fatto male a Nina, il capro espiatorio di una situazione grave e complessa. Non avevo intenzione di commentare tutta questa vicenda, ma ormai \u00e8 troppo comodo scaricare la colpa su chi non parla e sta trascorrendo le sue vacanze lontano da tutti\"<\/em>.<\/p>\n<figure class=\"caption\"><img decoding=\"async\" alt=\"\" width=\"640\" height=\"800\" src=\"https:\/\/files.gossip.it\/immagini_news\/2018\/08\/1534418178_luigi-mario-favoloso.jpg\" \/><figcaption>Luigi Mario Favoloso risponde alle dichiarazioni sul suo conto rilasciate da Fabrizio Corona\u00a0<\/figcaption><\/figure>\n<p><em>\"Come puoi sapere tu come si sta al fianco di una donna a cui per 3 anni \u00e8 stato proibito di vedere suo figlio? Come puoi sapere tu, che cosa vuol dire stare con una donna che la mattina non vuole alzarsi dal letto perch\u00e9 non ha un motivo, il suo motivo le \u00e8 stato portato via senza una ragione<\/em> - prosegue Favoloso - <em>Come ci si sente a stare con una donna che ogni sera piange, guardando il letto vuoto di suo figlio, una donna che ti chiede aiuto, che ti chiede di fare qualcosa. Che cosa ne sai tu di cosa vuol dire andare a lavorare la mattina senza aver chiuso occhio, per starle vicino e non lasciarla sola a distruggersi su un divano? Che cosa ne sai tu di una donna afflitta durante qualsiasi festivit\u00e0? Che cosa ne sai tu, che per portarla fuori di casa e concederle una vacanza ho dovuto portarla con me in Siria fra i bambini mutilati dalle bombe e in Iraq fra gli orfani dei terroristi? Era l\u2019unico modo per farla sentire ancora madre<\/em>\".<\/p>\n<p><em>\"Cosa ne sai tu di me che ho deciso di fare il <a href=\"\/vip\/grande-fratello \/\">Grande Fratello <\/a>solo per dare visibilit\u00e0 a quest\u2019enorme ingiustizia a cui la stavate sottoponendo<\/em> - si legge ancora nel post di Luigi -<em> Non sai nulla di questo, perch\u00e9 in fondo io non ho mai voluto specularci, guadagnarci, vendere foto, documentare tutto sui social, al contrario di te che in 6 giorni di vacanza hai fatto 3 servizi fotografici e un\u2019infinit\u00e0 di video, facendo anche fraintendere che siete tornati insieme, nonostante tu l\u00ec sia con un\u2019altra donna\"<\/em>.<\/p>\n<p><em>\"Cosa ne sai tu di chi \u00e8 giusto e chi no per <strong>Nina<\/strong>? Di chi invece di guadagnare ha donato se stesso solo per amore. La sua vita sentimentale lasciala decidere a lei<\/em> - conclude l'ex compagno della <strong>Moric<\/strong> - <em>Tu pensa a farle vivere momenti come questi (che hanno riempito di gioia anche me) indipendentemente da qualsiasi sviluppo abbia la nostra relazione.\u00a0<\/em><em>Solo cos\u00ec potrai essere forse etichettato come una brava persona, altrimenti per usare un eufemismo, saresti il solito opportunista\"<\/em>.<\/p>\n<div class=\"video_integrato\" data-videoid=\"5382\" data-autostart=\"true\">\u00a0<\/div>\n<p>\u00a0<\/p>\n","protected":false},"excerpt":{"rendered":"<p>Nina Moric \u00e8 felice per questa estate 2018 trascorsa in Puglia insieme al figlio Carlos e a Fabrizio Corona. La modella croata lo racconta sul social ma sottolinea anche che con l'ex marito non torneranno mai insieme. Nina Moric racconta la sua estate con Fabrizio Corona e il figlio Carlos\u00a0 L'estate 2018 per Nina ha [&hellip;]<\/p>\n","protected":false},"author":1,"featured_media":117934,"comment_status":"closed","ping_status":"closed","sticky":false,"template":"","format":"standard","meta":{"footnotes":""},"categories":[54],"tags":[58203,11681,8734,1923],"vip":[719,1426],"class_list":["post-61888","post","type-post","status-publish","format-standard","has-post-thumbnail","hentry","category-news","tag-carlo-maria","tag-estate-2018","tag-luigi-mario-favoloso","tag-social","vip-fabrizio_corona","vip-nina_moric"],"yoast_head":"<title>Nina Moric racconta l&#039;estate 2018 con Fabrizio Corona: &#039;Non torneremo mai insieme&#039; - Gossip.it | News sul Gossip e VIP<\/title>\n<meta name=\"description\" content=\"Nina Moric \u00e8 felice per questa estate 2018 trascorsa in Puglia insieme al figlio Carlos e a Fabrizio Corona. La modella croata lo racconta sul social ma\" \/>\n<meta name=\"robots\" content=\"index, follow, max-snippet:-1, max-image-preview:large, max-video-preview:-1\" \/>\n<link rel=\"canonical\" href=\"https:\/\/www.gossip.it\/news\/nina-moric-fabrizio-corona-estate-2018\/\" \/>\n<meta property=\"og:locale\" content=\"it_IT\" \/>\n<meta property=\"og:type\" content=\"article\" \/>\n<meta property=\"og:title\" content=\"Nina Moric racconta l&#039;estate 2018 con Fabrizio Corona: &#039;Non torneremo mai insieme&#039; - Gossip.it | News sul Gossip e VIP\" \/>\n<meta property=\"og:description\" content=\"Nina Moric \u00e8 felice per questa estate 2018 trascorsa in Puglia insieme al figlio Carlos e a Fabrizio Corona. La modella croata lo racconta sul social ma\" \/>\n<meta property=\"og:url\" content=\"https:\/\/www.gossip.it\/news\/nina-moric-fabrizio-corona-estate-2018\/\" \/>\n<meta property=\"og:site_name\" content=\"Gossip.it | News sul Gossip e VIP\" \/>\n<meta property=\"article:publisher\" content=\"https:\/\/www.facebook.com\/GossipIT\" \/>\n<meta property=\"article:published_time\" content=\"2018-08-15T22:00:00+00:00\" \/>\n<meta property=\"og:image\" content=\"https:\/\/files.gossip.it\/immagini_news\/2018\/08\/1534418066_nina-moric-1.jpg\" \/>\n<meta name=\"author\" content=\"La Redazione\" \/>\n<meta name=\"twitter:card\" content=\"summary_large_image\" \/>\n<meta name=\"twitter:image\" content=\"https:\/\/files.gossip.it\/immagini_news\/2018\/08\/1534418066_nina-moric-1.jpg\" \/>\n<meta name=\"twitter:creator\" content=\"@gossinews_it\" \/>\n<meta name=\"twitter:site\" content=\"@gossinews_it\" \/>\n<meta name=\"twitter:label1\" content=\"Scritto da\" \/>\n\t<meta name=\"twitter:data1\" content=\"Francesca Romana Domenici\" \/>\n\t<meta name=\"twitter:label2\" content=\"Tempo di lettura stimato\" \/>\n\t<meta name=\"twitter:data2\" content=\"4 minuti\" \/>","yoast_head_json":{"title":"Nina Moric racconta l'estate 2018 con Fabrizio Corona: 'Non torneremo mai insieme' - Gossip.it | News sul Gossip e VIP","description":"Nina Moric \u00e8 felice per questa estate 2018 trascorsa in Puglia insieme al figlio Carlos e a Fabrizio Corona. La modella croata lo racconta sul social ma","robots":{"index":"index","follow":"follow","max-snippet":"max-snippet:-1","max-image-preview":"max-image-preview:large","max-video-preview":"max-video-preview:-1"},"canonical":"https:\/\/www.gossip.it\/news\/nina-moric-fabrizio-corona-estate-2018\/","og_locale":"it_IT","og_type":"article","og_title":"Nina Moric racconta l'estate 2018 con Fabrizio Corona: 'Non torneremo mai insieme' - Gossip.it | News sul Gossip e VIP","og_description":"Nina Moric \u00e8 felice per questa estate 2018 trascorsa in Puglia insieme al figlio Carlos e a Fabrizio Corona. La modella croata lo racconta sul social ma","og_url":"https:\/\/www.gossip.it\/news\/nina-moric-fabrizio-corona-estate-2018\/","og_site_name":"Gossip.it | News sul Gossip e VIP","article_publisher":"https:\/\/www.facebook.com\/GossipIT","article_published_time":"2018-08-15T22:00:00+00:00","og_image":[{"url":"https:\/\/files.gossip.it\/immagini_news\/2018\/08\/1534418066_nina-moric-1.jpg"}],"author":"La Redazione","twitter_card":"summary_large_image","twitter_image":"https:\/\/files.gossip.it\/immagini_news\/2018\/08\/1534418066_nina-moric-1.jpg","twitter_creator":"@gossinews_it","twitter_site":"@gossinews_it","twitter_misc":{"Scritto da":"Francesca Romana Domenici","Tempo di lettura stimato":"4 minuti"},"schema":{"@context":"https:\/\/schema.org","@graph":[{"@type":"Article","@id":"https:\/\/www.gossip.it\/news\/nina-moric-fabrizio-corona-estate-2018\/#article","isPartOf":{"@id":"https:\/\/www.gossip.it\/news\/nina-moric-fabrizio-corona-estate-2018\/"},"author":{"name":"La Redazione","@id":"https:\/\/www.gossip.it\/#\/schema\/person\/488896f75158bff1cc83c6c39d141110"},"headline":"Nina Moric racconta l'estate 2018 con Fabrizio Corona: 'Non torneremo mai insieme'","datePublished":"2018-08-15T22:00:00+00:00","dateModified":"2018-08-15T22:00:00+00:00","mainEntityOfPage":{"@id":"https:\/\/www.gossip.it\/news\/nina-moric-fabrizio-corona-estate-2018\/"},"wordCount":751,"publisher":{"@id":"https:\/\/www.gossip.it\/#organization"},"image":{"@id":"https:\/\/www.gossip.it\/news\/nina-moric-fabrizio-corona-estate-2018\/#primaryimage"},"thumbnailUrl":"https:\/\/files.gossip.it\/immagini_news\/2018\/08\/1534418066_nina-moric-1.jpg","keywords":["carlo maria","estate 2018","luigi mario favoloso","social"],"articleSection":["News"],"inLanguage":"it-IT"},{"@type":"WebPage","@id":"https:\/\/www.gossip.it\/news\/nina-moric-fabrizio-corona-estate-2018\/","url":"https:\/\/www.gossip.it\/news\/nina-moric-fabrizio-corona-estate-2018\/","name":"Nina Moric racconta l'estate 2018 con Fabrizio Corona: 'Non torneremo mai insieme' - Gossip.it | News sul Gossip e VIP","isPartOf":{"@id":"https:\/\/www.gossip.it\/#website"},"primaryImageOfPage":{"@id":"https:\/\/www.gossip.it\/news\/nina-moric-fabrizio-corona-estate-2018\/#primaryimage"},"image":{"@id":"https:\/\/www.gossip.it\/news\/nina-moric-fabrizio-corona-estate-2018\/#primaryimage"},"thumbnailUrl":"https:\/\/files.gossip.it\/immagini_news\/2018\/08\/1534418066_nina-moric-1.jpg","datePublished":"2018-08-15T22:00:00+00:00","dateModified":"2018-08-15T22:00:00+00:00","description":"Nina Moric \u00e8 felice per questa estate 2018 trascorsa in Puglia insieme al figlio Carlos e a Fabrizio Corona. La modella croata lo racconta sul social ma","breadcrumb":{"@id":"https:\/\/www.gossip.it\/news\/nina-moric-fabrizio-corona-estate-2018\/#breadcrumb"},"inLanguage":"it-IT","potentialAction":[{"@type":"ReadAction","target":["https:\/\/www.gossip.it\/news\/nina-moric-fabrizio-corona-estate-2018\/"]}]},{"@type":"ImageObject","inLanguage":"it-IT","@id":"https:\/\/www.gossip.it\/news\/nina-moric-fabrizio-corona-estate-2018\/#primaryimage","url":"https:\/\/files.gossip.it\/immagini_news\/2018\/08\/1534418066_nina-moric-1.jpg","contentUrl":"https:\/\/files.gossip.it\/immagini_news\/2018\/08\/1534418066_nina-moric-1.jpg"},{"@type":"BreadcrumbList","@id":"https:\/\/www.gossip.it\/news\/nina-moric-fabrizio-corona-estate-2018\/#breadcrumb","itemListElement":[{"@type":"ListItem","position":1,"name":"Home","item":"https:\/\/www.gossip.it\/"},{"@type":"ListItem","position":2,"name":"Nina Moric racconta l'estate 2018 con Fabrizio Corona: 'Non torneremo mai insieme'"}]},{"@type":"WebSite","@id":"https:\/\/www.gossip.it\/#website","url":"https:\/\/www.gossip.it\/","name":"Gossip and VIP News","description":"Quotidiano di cronaca rosa, costume e societ\u00e0","publisher":{"@id":"https:\/\/www.gossip.it\/#organization"},"alternateName":"Gossip and VIP News","potentialAction":[{"@type":"SearchAction","target":{"@type":"EntryPoint","urlTemplate":"https:\/\/www.gossip.it\/?s={search_term_string}"},"query-input":{"@type":"PropertyValueSpecification","valueRequired":true,"valueName":"search_term_string"}}],"inLanguage":"it-IT"},{"@type":"Organization","@id":"https:\/\/www.gossip.it\/#organization","name":"Gossip and VIP News","alternateName":"Gossip News","url":"https:\/\/www.gossip.it\/","logo":{"@type":"ImageObject","inLanguage":"it-IT","@id":"https:\/\/www.gossip.it\/#\/schema\/logo\/image\/","url":"https:\/\/www.gossip.it\/wp-content\/uploads\/2022\/04\/cropped-corna-alta-tiny.png","contentUrl":"https:\/\/www.gossip.it\/wp-content\/uploads\/2022\/04\/cropped-corna-alta-tiny.png","width":512,"height":512,"caption":"Gossip and VIP News"},"image":{"@id":"https:\/\/www.gossip.it\/#\/schema\/logo\/image\/"},"sameAs":["https:\/\/www.facebook.com\/GossipIT","https:\/\/x.com\/gossinews_it","https:\/\/instagram.com\/gossip_it"]},{"@type":"Person","@id":"https:\/\/www.gossip.it\/#\/schema\/person\/488896f75158bff1cc83c6c39d141110","name":"La Redazione","image":{"@type":"ImageObject","inLanguage":"it-IT","@id":"https:\/\/www.gossip.it\/#\/schema\/person\/image\/","url":"https:\/\/secure.gravatar.com\/avatar\/5a5f5c6fa3e6700e4249abdad0263a1e94e927d9e0499b1cb09c1cd29c044d80?s=96&d=mm&r=g","contentUrl":"https:\/\/secure.gravatar.com\/avatar\/5a5f5c6fa3e6700e4249abdad0263a1e94e927d9e0499b1cb09c1cd29c044d80?s=96&d=mm&r=g","caption":"La Redazione"},"sameAs":["https:\/\/www.gossip.it"]}]}},"amp_enabled":true,"_links":{"self":[{"href":"https:\/\/www.gossip.it\/api\/wp\/v2\/posts\/61888","targetHints":{"allow":["GET"]}}],"collection":[{"href":"https:\/\/www.gossip.it\/api\/wp\/v2\/posts"}],"about":[{"href":"https:\/\/www.gossip.it\/api\/wp\/v2\/types\/post"}],"author":[{"embeddable":true,"href":"https:\/\/www.gossip.it\/api\/wp\/v2\/users\/1"}],"replies":[{"embeddable":true,"href":"https:\/\/www.gossip.it\/api\/wp\/v2\/comments?post=61888"}],"version-history":[{"count":0,"href":"https:\/\/www.gossip.it\/api\/wp\/v2\/posts\/61888\/revisions"}],"wp:featuredmedia":[{"embeddable":true,"href":"https:\/\/www.gossip.it\/api\/wp\/v2\/media\/117934"}],"wp:attachment":[{"href":"https:\/\/www.gossip.it\/api\/wp\/v2\/media?parent=61888"}],"wp:term":[{"taxonomy":"category","embeddable":true,"href":"https:\/\/www.gossip.it\/api\/wp\/v2\/categories?post=61888"},{"taxonomy":"post_tag","embeddable":true,"href":"https:\/\/www.gossip.it\/api\/wp\/v2\/tags?post=61888"},{"taxonomy":"vip","embeddable":true,"href":"https:\/\/www.gossip.it\/api\/wp\/v2\/vip?post=61888"}],"curies":[{"name":"wp","href":"https:\/\/api.w.org\/{rel}","templated":true}]}}