{"id":61899,"date":"2018-08-17T00:00:00","date_gmt":"2018-08-16T22:00:00","guid":{"rendered":"https:\/\/www.gossip.it\/senza-categoria\/emma-marrone-lesbica-verita\/"},"modified":"2018-08-17T00:00:00","modified_gmt":"2018-08-16T22:00:00","slug":"emma-marrone-lesbica-verita","status":"publish","type":"post","link":"https:\/\/www.gossip.it\/news\/emma-marrone-lesbica-verita\/","title":{"rendered":"Emma Marrone: 'Lesbica? Ora ve la dico io la verit\u00e0!'"},"content":{"rendered":"<p><em>Io Spio<\/em> pubblica in copertina la foto di\u00a0<a href=\"\/vip\/-emma marrone\/\">Emma Marrone<\/a> in bikini e accanto titola: <em>\"<strong>Emma lesbica<\/strong>? Tutta la <strong>verit\u00e0<\/strong>\"<\/em>. La cantante pubblica la foto della cover sul <a href=\"\/vip\/social\/\">social<\/a> e replica duramente a quanto riportato dal settimanale.<\/p>\n<figure class=\"caption\"><img decoding=\"async\" alt=\"\" width=\"640\" height=\"800\" src=\"https:\/\/files.gossip.it\/immagini_news\/2018\/08\/1534511696_emma-marrone.jpg\" \/><figcaption>Emma Marrone si scaglia contro la copertina di Io Spio<\/figcaption><\/figure>\n<p>La <strong>Marrone<\/strong> non conferma e non smentisce ma non le manda nemmeno a dire: <em>\"'<strong>Emma lesbica<\/strong>? Tutta la <strong>verit\u00e0<\/strong>!'. Adesso ve la dico io la <strong>verit\u00e0<\/strong> <\/em>- scrive la cantante su <a href=\"\/vip\/instagram\/\">Instagram<\/a> -<em> La verit\u00e0 \u00e8 che fate schifo, molto schifo! La verit\u00e0 \u00e8 che questo paese sta tornando nel Medioevo e l\u2019omosessualit\u00e0 sta diventando un problema da 'combattere'. Con questo titolo da quattro soldi frutto di un 'giornalismo' \u00a0alla deriva non state ferendo me, che ho le spalle larghe e le vostre cazzate me le metto in tasca da 10 anni. Con questo titolo avete offeso la vostra dignit\u00e0 in primis e poi quella degli altri. Con questo titolo avete evidenziato il marciume di questa societ\u00e0 ipocrita e razzista\"<\/em>.<\/p>\n<figure class=\"caption\"><img decoding=\"async\" alt=\"\" width=\"640\" height=\"800\" src=\"https:\/\/files.gossip.it\/immagini_news\/2018\/08\/1534511725_emma-marrone-2.jpg\" \/><figcaption>La cantante replica al titolo del giornale incentrato sulla sua sessualit\u00e0\u00a0<\/figcaption><\/figure>\n<p><em>\"Non aggiungo altro perch\u00e9 vi commentate da soli<\/em> - conclude <strong>Emma Marrone<\/strong> -\u00a0 <em>Un bacio a tutti gli amici 'omosessuali'. Sentitevi liberi sempre e senza nessuna riserva di vivere la vostra vita,i vostri sentimenti e la vostra libert\u00e0. Viva l\u2019amore senza pregiudizio. Con i vostri giornali accendiamo il fuoco dell\u2019amore. E adesso andate a guardarvi allo specchio e vergognatevi\"<\/em>.<\/p>\n","protected":false},"excerpt":{"rendered":"<p>Io Spio pubblica in copertina la foto di\u00a0Emma Marrone in bikini e accanto titola: \"Emma lesbica? Tutta la verit\u00e0\". La cantante pubblica la foto della cover sul social e replica duramente a quanto riportato dal settimanale. Emma Marrone si scaglia contro la copertina di Io Spio La Marrone non conferma e non smentisce ma non [&hellip;]<\/p>\n","protected":false},"author":1,"featured_media":117945,"comment_status":"closed","ping_status":"closed","sticky":false,"template":"","format":"standard","meta":{"footnotes":""},"categories":[54],"tags":[1981,2102,15261,7360,2408,1923,4103],"vip":[669],"class_list":["post-61899","post","type-post","status-publish","format-standard","has-post-thumbnail","hentry","category-news","tag-cantante","tag-dichiarazioni","tag-giornale","tag-lesbica","tag-musica","tag-social","tag-verita","vip-emma_marrone"],"yoast_head":"<title>Emma Marrone: &#039;Lesbica? Ora ve la dico io la verit\u00e0!&#039; - Gossip.it | News sul Gossip e VIP<\/title>\n<meta name=\"description\" content=\"Io Spio pubblica in copertina la foto di\u00a0Emma Marrone in bikini e accanto titola: &quot;Emma lesbica? Tutta la verit\u00e0&quot;. La cantante pubblica la foto della\" \/>\n<meta name=\"robots\" content=\"index, follow, max-snippet:-1, max-image-preview:large, max-video-preview:-1\" \/>\n<link rel=\"canonical\" href=\"https:\/\/www.gossip.it\/news\/emma-marrone-lesbica-verita\/\" \/>\n<meta property=\"og:locale\" content=\"it_IT\" \/>\n<meta property=\"og:type\" content=\"article\" \/>\n<meta property=\"og:title\" content=\"Emma Marrone: &#039;Lesbica? Ora ve la dico io la verit\u00e0!&#039; - Gossip.it | News sul Gossip e VIP\" \/>\n<meta property=\"og:description\" content=\"Io Spio pubblica in copertina la foto di\u00a0Emma Marrone in bikini e accanto titola: &quot;Emma lesbica? Tutta la verit\u00e0&quot;. La cantante pubblica la foto della\" \/>\n<meta property=\"og:url\" content=\"https:\/\/www.gossip.it\/news\/emma-marrone-lesbica-verita\/\" \/>\n<meta property=\"og:site_name\" content=\"Gossip.it | News sul Gossip e VIP\" \/>\n<meta property=\"article:publisher\" content=\"https:\/\/www.facebook.com\/GossipIT\" \/>\n<meta property=\"article:published_time\" content=\"2018-08-16T22:00:00+00:00\" \/>\n<meta property=\"og:image\" content=\"https:\/\/files.gossip.it\/immagini_news\/2018\/08\/1534511696_emma-marrone.jpg\" \/>\n<meta name=\"author\" content=\"La Redazione\" \/>\n<meta name=\"twitter:card\" content=\"summary_large_image\" \/>\n<meta name=\"twitter:image\" content=\"https:\/\/files.gossip.it\/immagini_news\/2018\/08\/1534511696_emma-marrone.jpg\" \/>\n<meta name=\"twitter:creator\" content=\"@gossinews_it\" \/>\n<meta name=\"twitter:site\" content=\"@gossinews_it\" \/>\n<meta name=\"twitter:label1\" content=\"Scritto da\" \/>\n\t<meta name=\"twitter:data1\" content=\"Francesca Romana Domenici\" \/>\n\t<meta name=\"twitter:label2\" content=\"Tempo di lettura stimato\" \/>\n\t<meta name=\"twitter:data2\" content=\"1 minuto\" \/>","yoast_head_json":{"title":"Emma Marrone: 'Lesbica? Ora ve la dico io la verit\u00e0!' - Gossip.it | News sul Gossip e VIP","description":"Io Spio pubblica in copertina la foto di\u00a0Emma Marrone in bikini e accanto titola: \"Emma lesbica? Tutta la verit\u00e0\". La cantante pubblica la foto della","robots":{"index":"index","follow":"follow","max-snippet":"max-snippet:-1","max-image-preview":"max-image-preview:large","max-video-preview":"max-video-preview:-1"},"canonical":"https:\/\/www.gossip.it\/news\/emma-marrone-lesbica-verita\/","og_locale":"it_IT","og_type":"article","og_title":"Emma Marrone: 'Lesbica? Ora ve la dico io la verit\u00e0!' - Gossip.it | News sul Gossip e VIP","og_description":"Io Spio pubblica in copertina la foto di\u00a0Emma Marrone in bikini e accanto titola: \"Emma lesbica? Tutta la verit\u00e0\". La cantante pubblica la foto della","og_url":"https:\/\/www.gossip.it\/news\/emma-marrone-lesbica-verita\/","og_site_name":"Gossip.it | News sul Gossip e VIP","article_publisher":"https:\/\/www.facebook.com\/GossipIT","article_published_time":"2018-08-16T22:00:00+00:00","og_image":[{"url":"https:\/\/files.gossip.it\/immagini_news\/2018\/08\/1534511696_emma-marrone.jpg"}],"author":"La Redazione","twitter_card":"summary_large_image","twitter_image":"https:\/\/files.gossip.it\/immagini_news\/2018\/08\/1534511696_emma-marrone.jpg","twitter_creator":"@gossinews_it","twitter_site":"@gossinews_it","twitter_misc":{"Scritto da":"Francesca Romana Domenici","Tempo di lettura stimato":"1 minuto"},"schema":{"@context":"https:\/\/schema.org","@graph":[{"@type":"Article","@id":"https:\/\/www.gossip.it\/news\/emma-marrone-lesbica-verita\/#article","isPartOf":{"@id":"https:\/\/www.gossip.it\/news\/emma-marrone-lesbica-verita\/"},"author":{"name":"La Redazione","@id":"https:\/\/www.gossip.it\/#\/schema\/person\/488896f75158bff1cc83c6c39d141110"},"headline":"Emma Marrone: 'Lesbica? Ora ve la dico io la verit\u00e0!'","datePublished":"2018-08-16T22:00:00+00:00","dateModified":"2018-08-16T22:00:00+00:00","mainEntityOfPage":{"@id":"https:\/\/www.gossip.it\/news\/emma-marrone-lesbica-verita\/"},"wordCount":248,"publisher":{"@id":"https:\/\/www.gossip.it\/#organization"},"image":{"@id":"https:\/\/www.gossip.it\/news\/emma-marrone-lesbica-verita\/#primaryimage"},"thumbnailUrl":"https:\/\/files.gossip.it\/immagini_news\/2018\/08\/1534511696_emma-marrone.jpg","keywords":["cantante","dichiarazioni","giornale","lesbica","musica","social","verit\u00e0"],"articleSection":["News"],"inLanguage":"it-IT"},{"@type":"WebPage","@id":"https:\/\/www.gossip.it\/news\/emma-marrone-lesbica-verita\/","url":"https:\/\/www.gossip.it\/news\/emma-marrone-lesbica-verita\/","name":"Emma Marrone: 'Lesbica? Ora ve la dico io la verit\u00e0!' - Gossip.it | News sul Gossip e VIP","isPartOf":{"@id":"https:\/\/www.gossip.it\/#website"},"primaryImageOfPage":{"@id":"https:\/\/www.gossip.it\/news\/emma-marrone-lesbica-verita\/#primaryimage"},"image":{"@id":"https:\/\/www.gossip.it\/news\/emma-marrone-lesbica-verita\/#primaryimage"},"thumbnailUrl":"https:\/\/files.gossip.it\/immagini_news\/2018\/08\/1534511696_emma-marrone.jpg","datePublished":"2018-08-16T22:00:00+00:00","dateModified":"2018-08-16T22:00:00+00:00","description":"Io Spio pubblica in copertina la foto di\u00a0Emma Marrone in bikini e accanto titola: \"Emma lesbica? Tutta la verit\u00e0\". La cantante pubblica la foto della","breadcrumb":{"@id":"https:\/\/www.gossip.it\/news\/emma-marrone-lesbica-verita\/#breadcrumb"},"inLanguage":"it-IT","potentialAction":[{"@type":"ReadAction","target":["https:\/\/www.gossip.it\/news\/emma-marrone-lesbica-verita\/"]}]},{"@type":"ImageObject","inLanguage":"it-IT","@id":"https:\/\/www.gossip.it\/news\/emma-marrone-lesbica-verita\/#primaryimage","url":"https:\/\/files.gossip.it\/immagini_news\/2018\/08\/1534511696_emma-marrone.jpg","contentUrl":"https:\/\/files.gossip.it\/immagini_news\/2018\/08\/1534511696_emma-marrone.jpg"},{"@type":"BreadcrumbList","@id":"https:\/\/www.gossip.it\/news\/emma-marrone-lesbica-verita\/#breadcrumb","itemListElement":[{"@type":"ListItem","position":1,"name":"Home","item":"https:\/\/www.gossip.it\/"},{"@type":"ListItem","position":2,"name":"Emma Marrone: 'Lesbica? Ora ve la dico io la verit\u00e0!'"}]},{"@type":"WebSite","@id":"https:\/\/www.gossip.it\/#website","url":"https:\/\/www.gossip.it\/","name":"Gossip and VIP News","description":"Quotidiano di cronaca rosa, costume e societ\u00e0","publisher":{"@id":"https:\/\/www.gossip.it\/#organization"},"alternateName":"Gossip and VIP News","potentialAction":[{"@type":"SearchAction","target":{"@type":"EntryPoint","urlTemplate":"https:\/\/www.gossip.it\/?s={search_term_string}"},"query-input":{"@type":"PropertyValueSpecification","valueRequired":true,"valueName":"search_term_string"}}],"inLanguage":"it-IT"},{"@type":"Organization","@id":"https:\/\/www.gossip.it\/#organization","name":"Gossip and VIP News","alternateName":"Gossip News","url":"https:\/\/www.gossip.it\/","logo":{"@type":"ImageObject","inLanguage":"it-IT","@id":"https:\/\/www.gossip.it\/#\/schema\/logo\/image\/","url":"https:\/\/www.gossip.it\/wp-content\/uploads\/2022\/04\/cropped-corna-alta-tiny.png","contentUrl":"https:\/\/www.gossip.it\/wp-content\/uploads\/2022\/04\/cropped-corna-alta-tiny.png","width":512,"height":512,"caption":"Gossip and VIP News"},"image":{"@id":"https:\/\/www.gossip.it\/#\/schema\/logo\/image\/"},"sameAs":["https:\/\/www.facebook.com\/GossipIT","https:\/\/x.com\/gossinews_it","https:\/\/instagram.com\/gossip_it"]},{"@type":"Person","@id":"https:\/\/www.gossip.it\/#\/schema\/person\/488896f75158bff1cc83c6c39d141110","name":"La Redazione","image":{"@type":"ImageObject","inLanguage":"it-IT","@id":"https:\/\/www.gossip.it\/#\/schema\/person\/image\/","url":"https:\/\/secure.gravatar.com\/avatar\/5a5f5c6fa3e6700e4249abdad0263a1e94e927d9e0499b1cb09c1cd29c044d80?s=96&d=mm&r=g","contentUrl":"https:\/\/secure.gravatar.com\/avatar\/5a5f5c6fa3e6700e4249abdad0263a1e94e927d9e0499b1cb09c1cd29c044d80?s=96&d=mm&r=g","caption":"La Redazione"},"sameAs":["https:\/\/www.gossip.it"]}]}},"amp_enabled":true,"_links":{"self":[{"href":"https:\/\/www.gossip.it\/api\/wp\/v2\/posts\/61899","targetHints":{"allow":["GET"]}}],"collection":[{"href":"https:\/\/www.gossip.it\/api\/wp\/v2\/posts"}],"about":[{"href":"https:\/\/www.gossip.it\/api\/wp\/v2\/types\/post"}],"author":[{"embeddable":true,"href":"https:\/\/www.gossip.it\/api\/wp\/v2\/users\/1"}],"replies":[{"embeddable":true,"href":"https:\/\/www.gossip.it\/api\/wp\/v2\/comments?post=61899"}],"version-history":[{"count":0,"href":"https:\/\/www.gossip.it\/api\/wp\/v2\/posts\/61899\/revisions"}],"wp:featuredmedia":[{"embeddable":true,"href":"https:\/\/www.gossip.it\/api\/wp\/v2\/media\/117945"}],"wp:attachment":[{"href":"https:\/\/www.gossip.it\/api\/wp\/v2\/media?parent=61899"}],"wp:term":[{"taxonomy":"category","embeddable":true,"href":"https:\/\/www.gossip.it\/api\/wp\/v2\/categories?post=61899"},{"taxonomy":"post_tag","embeddable":true,"href":"https:\/\/www.gossip.it\/api\/wp\/v2\/tags?post=61899"},{"taxonomy":"vip","embeddable":true,"href":"https:\/\/www.gossip.it\/api\/wp\/v2\/vip?post=61899"}],"curies":[{"name":"wp","href":"https:\/\/api.w.org\/{rel}","templated":true}]}}