{"id":61925,"date":"2018-08-23T00:00:00","date_gmt":"2018-08-22T22:00:00","guid":{"rendered":"https:\/\/www.gossip.it\/senza-categoria\/eva-henger-perso-bambino\/"},"modified":"2018-08-23T00:00:00","modified_gmt":"2018-08-22T22:00:00","slug":"eva-henger-perso-bambino","status":"publish","type":"post","link":"https:\/\/www.gossip.it\/news\/eva-henger-perso-bambino\/","title":{"rendered":"Eva Henger: 'Ho perso un bambino e provo un grande vuoto'"},"content":{"rendered":"<p><a href=\"\/vip\/eva-henger\/\">Eva Henger<\/a>, 45 anni, intervistata dal settimanale Oggi nel numero edicola, ha rivelato di aver <strong>perso<\/strong> di recente il\u00a0<strong>bambino<\/strong> che aspettava dal marito, il produttore <a href=\"\/vip\/massimiliano-caroletti\/\">Massimiliano Caroletti<\/a>.<\/p>\n<figure class=\"caption\"><img decoding=\"async\" alt=\"\" width=\"640\" height=\"640\" src=\"https:\/\/files.gossip.it\/immagini_news\/2018\/08\/1535012614_eva-henger.jpg\" \/><figcaption>Eva Henger di recente ha perso il bimbo che aspettava dal marito Massimiliano Caroletti<\/figcaption><\/figure>\n<p>La bionda showgirl, gi\u00e0 mamma di <a href=\"\/vip\/mercedesz\/\">Mercedesz<\/a>, Riccardino, avuti dal matrimonio con\u00a0<a href=\"\/vip\/riccardo-schicchi\/\">Riccardo Schicchi<\/a>, e Jennifer, nata dall'unione con Caroletti, a 45 anni era pronta a vivere per la quarta volta l'esperienza della <a href=\"\/vip\/gravidanza\/\">gravidanza<\/a>\u00a0ma purtroppo ha avuto un aborto spontaneo e ha <strong>perso <\/strong>il bambino:<em> \"Ho sentito il suo battito e mi sono emozionata come fosse la prima volta. Ma dopo sette settimane le cose si sono complicate ed \u00e8 finito tutto\"<\/em>, ha raccontato l'ex naufraga dell'\"<a href=\"\/vip\/isola-dei famosi\/\">Isola dei Famosi<\/a>\" alla rivista.\u00a0<\/p>\n<figure class=\"caption\"><img decoding=\"async\" alt=\"\" width=\"640\" height=\"640\" src=\"https:\/\/files.gossip.it\/immagini_news\/2018\/08\/1535012655_eva-henger-2.jpg\" \/><figcaption>Eva Henger con la figlia Mercedesz, una dei suoi tre figli: \u00e8 mamma anche di Riccardino Schicchi e di Jennifer Caroletti<\/figcaption><\/figure>\n<p><strong>Eva Henger<\/strong> aveva anche deciso di mettere da parte la carriera per vivere in tranquilitt\u00e0 i nove mesi: <em>\"Avevo annullato tutti gli impegni di lavoro. Sapevo che una maternit\u00e0 non \u00e8 facile alla mia et\u00e0. Ora provo un grande senso di vuoto\"<\/em>, ha dichiarato la bionda che a 7 settimane ha <strong>perso<\/strong> il <strong>bambino<\/strong>.<\/p>\n<p>La<strong> Henger<\/strong> durante l'intervista ha commentato anche le voci che vorrebbero il marito Massimiliano Caroletti in procinto di partecipare al \"<a href=\"\/vip\/grande-fratello vip\/\">Grande Fratello Vip<\/a>\": <em>\"Massimiliano \u00e8 troppo vero per essere preso, troppo scomodo, dice quello che pensa e non ha santi in paradiso. Lo guarder\u00e0 in tv da casa, assieme a me\"<\/em>, ha fatto sapere <strong>Eva<\/strong>.\u00a0<\/p>\n","protected":false},"excerpt":{"rendered":"<p>Eva Henger, 45 anni, intervistata dal settimanale Oggi nel numero edicola, ha rivelato di aver perso di recente il\u00a0bambino che aspettava dal marito, il produttore Massimiliano Caroletti. Eva Henger di recente ha perso il bimbo che aspettava dal marito Massimiliano Caroletti La bionda showgirl, gi\u00e0 mamma di Mercedesz, Riccardino, avuti dal matrimonio con\u00a0Riccardo Schicchi, e [&hellip;]<\/p>\n","protected":false},"author":1,"featured_media":117971,"comment_status":"closed","ping_status":"closed","sticky":false,"template":"","format":"standard","meta":{"footnotes":""},"categories":[54],"tags":[37482,2102,1942,2181,2199,2095,4516,3085],"vip":[699],"class_list":["post-61925","post","type-post","status-publish","format-standard","has-post-thumbnail","hentry","category-news","tag-aborto-spontaneo","tag-dichiarazioni","tag-figlio","tag-gravidanza","tag-isola","tag-isola-dei-famosi","tag-massimiliano-caroletti","tag-naufraghi","vip-eva_henger"],"yoast_head":"<title>Eva Henger: &#039;Ho perso un bambino e provo un grande vuoto&#039; - Gossip.it | News sul Gossip e VIP<\/title>\n<meta name=\"description\" content=\"Eva Henger, 45 anni, intervistata dal settimanale Oggi nel numero edicola, ha rivelato di aver perso di recente il\u00a0bambino che aspettava dal marito, il\" \/>\n<meta name=\"robots\" content=\"index, follow, max-snippet:-1, max-image-preview:large, max-video-preview:-1\" \/>\n<link rel=\"canonical\" href=\"https:\/\/www.gossip.it\/news\/eva-henger-perso-bambino\/\" \/>\n<meta property=\"og:locale\" content=\"it_IT\" \/>\n<meta property=\"og:type\" content=\"article\" \/>\n<meta property=\"og:title\" content=\"Eva Henger: &#039;Ho perso un bambino e provo un grande vuoto&#039; - Gossip.it | News sul Gossip e VIP\" \/>\n<meta property=\"og:description\" content=\"Eva Henger, 45 anni, intervistata dal settimanale Oggi nel numero edicola, ha rivelato di aver perso di recente il\u00a0bambino che aspettava dal marito, il\" \/>\n<meta property=\"og:url\" content=\"https:\/\/www.gossip.it\/news\/eva-henger-perso-bambino\/\" \/>\n<meta property=\"og:site_name\" content=\"Gossip.it | News sul Gossip e VIP\" \/>\n<meta property=\"article:publisher\" content=\"https:\/\/www.facebook.com\/GossipIT\" \/>\n<meta property=\"article:published_time\" content=\"2018-08-22T22:00:00+00:00\" \/>\n<meta property=\"og:image\" content=\"https:\/\/files.gossip.it\/immagini_news\/2018\/08\/1535012614_eva-henger.jpg\" \/>\n<meta name=\"author\" content=\"La Redazione\" \/>\n<meta name=\"twitter:card\" content=\"summary_large_image\" \/>\n<meta name=\"twitter:image\" content=\"https:\/\/files.gossip.it\/immagini_news\/2018\/08\/1535012614_eva-henger.jpg\" \/>\n<meta name=\"twitter:creator\" content=\"@gossinews_it\" \/>\n<meta name=\"twitter:site\" content=\"@gossinews_it\" \/>\n<meta name=\"twitter:label1\" content=\"Scritto da\" \/>\n\t<meta name=\"twitter:data1\" content=\"Francesca Romana Domenici\" \/>\n\t<meta name=\"twitter:label2\" content=\"Tempo di lettura stimato\" \/>\n\t<meta name=\"twitter:data2\" content=\"1 minuto\" \/>","yoast_head_json":{"title":"Eva Henger: 'Ho perso un bambino e provo un grande vuoto' - Gossip.it | News sul Gossip e VIP","description":"Eva Henger, 45 anni, intervistata dal settimanale Oggi nel numero edicola, ha rivelato di aver perso di recente il\u00a0bambino che aspettava dal marito, il","robots":{"index":"index","follow":"follow","max-snippet":"max-snippet:-1","max-image-preview":"max-image-preview:large","max-video-preview":"max-video-preview:-1"},"canonical":"https:\/\/www.gossip.it\/news\/eva-henger-perso-bambino\/","og_locale":"it_IT","og_type":"article","og_title":"Eva Henger: 'Ho perso un bambino e provo un grande vuoto' - Gossip.it | News sul Gossip e VIP","og_description":"Eva Henger, 45 anni, intervistata dal settimanale Oggi nel numero edicola, ha rivelato di aver perso di recente il\u00a0bambino che aspettava dal marito, il","og_url":"https:\/\/www.gossip.it\/news\/eva-henger-perso-bambino\/","og_site_name":"Gossip.it | News sul Gossip e VIP","article_publisher":"https:\/\/www.facebook.com\/GossipIT","article_published_time":"2018-08-22T22:00:00+00:00","og_image":[{"url":"https:\/\/files.gossip.it\/immagini_news\/2018\/08\/1535012614_eva-henger.jpg"}],"author":"La Redazione","twitter_card":"summary_large_image","twitter_image":"https:\/\/files.gossip.it\/immagini_news\/2018\/08\/1535012614_eva-henger.jpg","twitter_creator":"@gossinews_it","twitter_site":"@gossinews_it","twitter_misc":{"Scritto da":"Francesca Romana Domenici","Tempo di lettura stimato":"1 minuto"},"schema":{"@context":"https:\/\/schema.org","@graph":[{"@type":"Article","@id":"https:\/\/www.gossip.it\/news\/eva-henger-perso-bambino\/#article","isPartOf":{"@id":"https:\/\/www.gossip.it\/news\/eva-henger-perso-bambino\/"},"author":{"name":"La Redazione","@id":"https:\/\/www.gossip.it\/#\/schema\/person\/488896f75158bff1cc83c6c39d141110"},"headline":"Eva Henger: 'Ho perso un bambino e provo un grande vuoto'","datePublished":"2018-08-22T22:00:00+00:00","dateModified":"2018-08-22T22:00:00+00:00","mainEntityOfPage":{"@id":"https:\/\/www.gossip.it\/news\/eva-henger-perso-bambino\/"},"wordCount":263,"publisher":{"@id":"https:\/\/www.gossip.it\/#organization"},"image":{"@id":"https:\/\/www.gossip.it\/news\/eva-henger-perso-bambino\/#primaryimage"},"thumbnailUrl":"https:\/\/files.gossip.it\/immagini_news\/2018\/08\/1535012614_eva-henger.jpg","keywords":["aborto spontaneo","dichiarazioni","figlio","gravidanza","isola","isola dei famosi","massimiliano caroletti","naufraghi"],"articleSection":["News"],"inLanguage":"it-IT"},{"@type":"WebPage","@id":"https:\/\/www.gossip.it\/news\/eva-henger-perso-bambino\/","url":"https:\/\/www.gossip.it\/news\/eva-henger-perso-bambino\/","name":"Eva Henger: 'Ho perso un bambino e provo un grande vuoto' - Gossip.it | News sul Gossip e VIP","isPartOf":{"@id":"https:\/\/www.gossip.it\/#website"},"primaryImageOfPage":{"@id":"https:\/\/www.gossip.it\/news\/eva-henger-perso-bambino\/#primaryimage"},"image":{"@id":"https:\/\/www.gossip.it\/news\/eva-henger-perso-bambino\/#primaryimage"},"thumbnailUrl":"https:\/\/files.gossip.it\/immagini_news\/2018\/08\/1535012614_eva-henger.jpg","datePublished":"2018-08-22T22:00:00+00:00","dateModified":"2018-08-22T22:00:00+00:00","description":"Eva Henger, 45 anni, intervistata dal settimanale Oggi nel numero edicola, ha rivelato di aver perso di recente il\u00a0bambino che aspettava dal marito, il","breadcrumb":{"@id":"https:\/\/www.gossip.it\/news\/eva-henger-perso-bambino\/#breadcrumb"},"inLanguage":"it-IT","potentialAction":[{"@type":"ReadAction","target":["https:\/\/www.gossip.it\/news\/eva-henger-perso-bambino\/"]}]},{"@type":"ImageObject","inLanguage":"it-IT","@id":"https:\/\/www.gossip.it\/news\/eva-henger-perso-bambino\/#primaryimage","url":"https:\/\/files.gossip.it\/immagini_news\/2018\/08\/1535012614_eva-henger.jpg","contentUrl":"https:\/\/files.gossip.it\/immagini_news\/2018\/08\/1535012614_eva-henger.jpg"},{"@type":"BreadcrumbList","@id":"https:\/\/www.gossip.it\/news\/eva-henger-perso-bambino\/#breadcrumb","itemListElement":[{"@type":"ListItem","position":1,"name":"Home","item":"https:\/\/www.gossip.it\/"},{"@type":"ListItem","position":2,"name":"Eva Henger: 'Ho perso un bambino e provo un grande vuoto'"}]},{"@type":"WebSite","@id":"https:\/\/www.gossip.it\/#website","url":"https:\/\/www.gossip.it\/","name":"Gossip and VIP News","description":"Quotidiano di cronaca rosa, costume e societ\u00e0","publisher":{"@id":"https:\/\/www.gossip.it\/#organization"},"alternateName":"Gossip and VIP News","potentialAction":[{"@type":"SearchAction","target":{"@type":"EntryPoint","urlTemplate":"https:\/\/www.gossip.it\/?s={search_term_string}"},"query-input":{"@type":"PropertyValueSpecification","valueRequired":true,"valueName":"search_term_string"}}],"inLanguage":"it-IT"},{"@type":"Organization","@id":"https:\/\/www.gossip.it\/#organization","name":"Gossip and VIP News","alternateName":"Gossip News","url":"https:\/\/www.gossip.it\/","logo":{"@type":"ImageObject","inLanguage":"it-IT","@id":"https:\/\/www.gossip.it\/#\/schema\/logo\/image\/","url":"https:\/\/www.gossip.it\/wp-content\/uploads\/2022\/04\/cropped-corna-alta-tiny.png","contentUrl":"https:\/\/www.gossip.it\/wp-content\/uploads\/2022\/04\/cropped-corna-alta-tiny.png","width":512,"height":512,"caption":"Gossip and VIP News"},"image":{"@id":"https:\/\/www.gossip.it\/#\/schema\/logo\/image\/"},"sameAs":["https:\/\/www.facebook.com\/GossipIT","https:\/\/x.com\/gossinews_it","https:\/\/instagram.com\/gossip_it"]},{"@type":"Person","@id":"https:\/\/www.gossip.it\/#\/schema\/person\/488896f75158bff1cc83c6c39d141110","name":"La Redazione","image":{"@type":"ImageObject","inLanguage":"it-IT","@id":"https:\/\/www.gossip.it\/#\/schema\/person\/image\/","url":"https:\/\/secure.gravatar.com\/avatar\/5a5f5c6fa3e6700e4249abdad0263a1e94e927d9e0499b1cb09c1cd29c044d80?s=96&d=mm&r=g","contentUrl":"https:\/\/secure.gravatar.com\/avatar\/5a5f5c6fa3e6700e4249abdad0263a1e94e927d9e0499b1cb09c1cd29c044d80?s=96&d=mm&r=g","caption":"La Redazione"},"sameAs":["https:\/\/www.gossip.it"]}]}},"amp_enabled":true,"_links":{"self":[{"href":"https:\/\/www.gossip.it\/api\/wp\/v2\/posts\/61925","targetHints":{"allow":["GET"]}}],"collection":[{"href":"https:\/\/www.gossip.it\/api\/wp\/v2\/posts"}],"about":[{"href":"https:\/\/www.gossip.it\/api\/wp\/v2\/types\/post"}],"author":[{"embeddable":true,"href":"https:\/\/www.gossip.it\/api\/wp\/v2\/users\/1"}],"replies":[{"embeddable":true,"href":"https:\/\/www.gossip.it\/api\/wp\/v2\/comments?post=61925"}],"version-history":[{"count":0,"href":"https:\/\/www.gossip.it\/api\/wp\/v2\/posts\/61925\/revisions"}],"wp:featuredmedia":[{"embeddable":true,"href":"https:\/\/www.gossip.it\/api\/wp\/v2\/media\/117971"}],"wp:attachment":[{"href":"https:\/\/www.gossip.it\/api\/wp\/v2\/media?parent=61925"}],"wp:term":[{"taxonomy":"category","embeddable":true,"href":"https:\/\/www.gossip.it\/api\/wp\/v2\/categories?post=61925"},{"taxonomy":"post_tag","embeddable":true,"href":"https:\/\/www.gossip.it\/api\/wp\/v2\/tags?post=61925"},{"taxonomy":"vip","embeddable":true,"href":"https:\/\/www.gossip.it\/api\/wp\/v2\/vip?post=61925"}],"curies":[{"name":"wp","href":"https:\/\/api.w.org\/{rel}","templated":true}]}}