{"id":61959,"date":"2018-08-28T00:00:00","date_gmt":"2018-08-27T22:00:00","guid":{"rendered":"https:\/\/www.gossip.it\/senza-categoria\/eleonora-pedron-nicolo-de-devitiis-gardaland\/"},"modified":"2018-08-28T00:00:00","modified_gmt":"2018-08-27T22:00:00","slug":"eleonora-pedron-nicolo-de-devitiis-gardaland","status":"publish","type":"post","link":"https:\/\/www.gossip.it\/news\/eleonora-pedron-nicolo-de-devitiis-gardaland\/","title":{"rendered":"Eleonora Pedron e Nicol\u00f2 De Devitiis a Gardaland con i due figli della bionda"},"content":{"rendered":"<p><a href=\"\/vip\/eleonora-pedron\/\">Eleonora Pedron<\/a> e <a href=\"\/vip\/nicol\u00f2-de devitiis\/\">Nicol\u00f2 De DeVitiis<\/a> fanno sul serio. I due, innamoratissimi, hanno trascorso due giorni spensierati a<strong> Gardaland<\/strong> insieme ai figli che la <a href=\"\/vip\/showgirl\/\">showgirl<\/a> e <a href=\"\/vip\/modella\/\">modella<\/a> ha avuto dall\u2019ex compagno, <a href=\"\/vip\/max-biaggi\/\">Max Biaggi<\/a>. Con In\u00e8s Angelica, 9 anni, e Leon Alenxander, 8, la coppia si \u00e8 divertita un mondo nel parco e ha sperimentato le attrazioni pi\u00f9 avventurose.<\/p>\n<figure class=\"caption\"><img decoding=\"async\" alt=\"\" width=\"640\" height=\"432\" src=\"https:\/\/files.gossip.it\/immagini_news\/2018\/08\/1535454654_pedron_de_devitiis_1.jpg\" \/><figcaption>Eleonora Pedron e Nicol\u00f2 De Devitiis a Gardaland spensierati<\/figcaption><\/figure>\n<p><strong>Gardaland<\/strong> fa da sfondo a un amore che pare portare lontano.<strong> Eleonora Pedron<\/strong> e <strong>Nicol\u00f2 De Devitiis<\/strong> sono sembrati pi\u00f9 affiatati che mai. Insieme ai bimbi dell\u2019ex <a href=\"\/vip\/miss-italia\/\">Miss Italia<\/a> i due non hanno avuto alcun timore di provare Fuga da Atlantide, Mammut, Kung Fu Panda Master. Poi da soli non si hanno rinunciato alle adrenaliniche Raptor e Oblivion - The Black Hole, attrazioni che lasciano esterrefatti.<\/p>\n<figure class=\"caption\"><img decoding=\"async\" alt=\"\" width=\"640\" height=\"427\" src=\"https:\/\/files.gossip.it\/immagini_news\/2018\/08\/1535454666_pedron_de_devitiis_2.jpg\" \/><figcaption>I due sulle attrazioni pi\u00f9 adrenaliniche del parco di divertimenti<\/figcaption><\/figure>\n<p>A <strong>Gardaland<\/strong> la due giorni in famiglia \u00e8 trascorsa in un attimo. La 36enne e la Iena di otto anni pi\u00f9 giovane sembrano aver trovato un equilibrio speciale. La spensieratezza dei loro volti e la voglia di stare<em> \u2018vicini, vicini\u2019,<\/em> ormai allo scoperto parlano chiaro.<\/p>\n<figure class=\"caption\"><img decoding=\"async\" alt=\"\" width=\"640\" height=\"427\" src=\"https:\/\/files.gossip.it\/immagini_news\/2018\/08\/1535454681_pedron_de_devitiis_3.jpg\" \/><figcaption>La coppia \u00e8 pi\u00f9 affiatata che mai<\/figcaption><\/figure>\n<p><em>\u201cPotete anche non chiedermi se sono felice\u2026\u00a0perch\u00e9 lo sono. L\u2019amore, dopo la rottura con Max, non aveva pi\u00f9 bussato alla mia porta. All\u2019improvviso \u00e8 arrivato Nicol\u00f2 ed eccoci qui\u201c<\/em>, ha detto recentemente<strong> Eleonora Pedron <\/strong>a <em>Chi<\/em> parlando di <strong>Nicol\u00f2 De Devitiis<\/strong>.\u00a0\u201c<em>La parola amore mi fa paura. La vita mi ha dato troppe batoste.\u00a0Per\u00f2, se ci guardate insieme, potete anche non chiedermi se sono felice\u2026 perch\u00e9 lo sono\u201d<\/em>, ha poi aggiunto.<\/p>\n<figure class=\"caption\"><img decoding=\"async\" alt=\"\" width=\"640\" height=\"427\" src=\"https:\/\/files.gossip.it\/immagini_news\/2018\/08\/1535454694_pedron_de_devitiis_4.jpg\" \/><figcaption>La 36enne e il fidanzato con i figli che la bionda ha avuto dall'ex Max Biaggi, In\u00e8s Angelica e Leon Alexander<\/figcaption><\/figure>\n<p>\u00a0<\/p>\n","protected":false},"excerpt":{"rendered":"<p>Eleonora Pedron e Nicol\u00f2 De DeVitiis fanno sul serio. I due, innamoratissimi, hanno trascorso due giorni spensierati a Gardaland insieme ai figli che la showgirl e modella ha avuto dall\u2019ex compagno, Max Biaggi. Con In\u00e8s Angelica, 9 anni, e Leon Alenxander, 8, la coppia si \u00e8 divertita un mondo nel parco e ha sperimentato le [&hellip;]<\/p>\n","protected":false},"author":1,"featured_media":118005,"comment_status":"closed","ping_status":"closed","sticky":false,"template":"","format":"standard","meta":{"footnotes":""},"categories":[54],"tags":[2387,1880,58182,2000,11149,6421,14085,2121,14086,2910,1997,57829,7270,1967,1923],"vip":[637],"class_list":["post-61959","post","type-post","status-publish","format-standard","has-post-thumbnail","hentry","category-news","tag-amore","tag-coppia","tag-escono-allo-scoperto","tag-figli","tag-gardaland","tag-iena","tag-ines-angelica","tag-instagram","tag-leon-alexander","tag-miss-italia","tag-modella","tag-nicolo-de-devitiis","tag-parco-divertimenti","tag-showgirl","tag-social","vip-eleonora_pedron"],"yoast_head":"<title>Eleonora Pedron e Nicol\u00f2 De Devitiis a Gardaland con i due figli della bionda - Gossip.it | News sul Gossip e VIP<\/title>\n<meta name=\"description\" content=\"Eleonora Pedron e Nicol\u00f2 De DeVitiis fanno sul serio. I due, innamoratissimi, hanno trascorso due giorni spensierati a Gardaland insieme ai figli che la\" \/>\n<meta name=\"robots\" content=\"index, follow, max-snippet:-1, max-image-preview:large, max-video-preview:-1\" \/>\n<link rel=\"canonical\" href=\"https:\/\/www.gossip.it\/news\/eleonora-pedron-nicolo-de-devitiis-gardaland\/\" \/>\n<meta property=\"og:locale\" content=\"it_IT\" \/>\n<meta property=\"og:type\" content=\"article\" \/>\n<meta property=\"og:title\" content=\"Eleonora Pedron e Nicol\u00f2 De Devitiis a Gardaland con i due figli della bionda - Gossip.it | News sul Gossip e VIP\" \/>\n<meta property=\"og:description\" content=\"Eleonora Pedron e Nicol\u00f2 De DeVitiis fanno sul serio. I due, innamoratissimi, hanno trascorso due giorni spensierati a Gardaland insieme ai figli che la\" \/>\n<meta property=\"og:url\" content=\"https:\/\/www.gossip.it\/news\/eleonora-pedron-nicolo-de-devitiis-gardaland\/\" \/>\n<meta property=\"og:site_name\" content=\"Gossip.it | News sul Gossip e VIP\" \/>\n<meta property=\"article:publisher\" content=\"https:\/\/www.facebook.com\/GossipIT\" \/>\n<meta property=\"article:published_time\" content=\"2018-08-27T22:00:00+00:00\" \/>\n<meta property=\"og:image\" content=\"https:\/\/files.gossip.it\/immagini_news\/2018\/08\/1535454654_pedron_de_devitiis_1.jpg\" \/>\n<meta name=\"author\" content=\"La Redazione\" \/>\n<meta name=\"twitter:card\" content=\"summary_large_image\" \/>\n<meta name=\"twitter:image\" content=\"https:\/\/files.gossip.it\/immagini_news\/2018\/08\/1535454654_pedron_de_devitiis_1.jpg\" \/>\n<meta name=\"twitter:creator\" content=\"@gossinews_it\" \/>\n<meta name=\"twitter:site\" content=\"@gossinews_it\" \/>\n<meta name=\"twitter:label1\" content=\"Scritto da\" \/>\n\t<meta name=\"twitter:data1\" content=\"Annamaria Capozzi\" \/>\n\t<meta name=\"twitter:label2\" content=\"Tempo di lettura stimato\" \/>\n\t<meta name=\"twitter:data2\" content=\"1 minuto\" \/>","yoast_head_json":{"title":"Eleonora Pedron e Nicol\u00f2 De Devitiis a Gardaland con i due figli della bionda - Gossip.it | News sul Gossip e VIP","description":"Eleonora Pedron e Nicol\u00f2 De DeVitiis fanno sul serio. I due, innamoratissimi, hanno trascorso due giorni spensierati a Gardaland insieme ai figli che la","robots":{"index":"index","follow":"follow","max-snippet":"max-snippet:-1","max-image-preview":"max-image-preview:large","max-video-preview":"max-video-preview:-1"},"canonical":"https:\/\/www.gossip.it\/news\/eleonora-pedron-nicolo-de-devitiis-gardaland\/","og_locale":"it_IT","og_type":"article","og_title":"Eleonora Pedron e Nicol\u00f2 De Devitiis a Gardaland con i due figli della bionda - Gossip.it | News sul Gossip e VIP","og_description":"Eleonora Pedron e Nicol\u00f2 De DeVitiis fanno sul serio. I due, innamoratissimi, hanno trascorso due giorni spensierati a Gardaland insieme ai figli che la","og_url":"https:\/\/www.gossip.it\/news\/eleonora-pedron-nicolo-de-devitiis-gardaland\/","og_site_name":"Gossip.it | News sul Gossip e VIP","article_publisher":"https:\/\/www.facebook.com\/GossipIT","article_published_time":"2018-08-27T22:00:00+00:00","og_image":[{"url":"https:\/\/files.gossip.it\/immagini_news\/2018\/08\/1535454654_pedron_de_devitiis_1.jpg"}],"author":"La Redazione","twitter_card":"summary_large_image","twitter_image":"https:\/\/files.gossip.it\/immagini_news\/2018\/08\/1535454654_pedron_de_devitiis_1.jpg","twitter_creator":"@gossinews_it","twitter_site":"@gossinews_it","twitter_misc":{"Scritto da":"Annamaria Capozzi","Tempo di lettura stimato":"1 minuto"},"schema":{"@context":"https:\/\/schema.org","@graph":[{"@type":"Article","@id":"https:\/\/www.gossip.it\/news\/eleonora-pedron-nicolo-de-devitiis-gardaland\/#article","isPartOf":{"@id":"https:\/\/www.gossip.it\/news\/eleonora-pedron-nicolo-de-devitiis-gardaland\/"},"author":{"name":"La Redazione","@id":"https:\/\/www.gossip.it\/#\/schema\/person\/488896f75158bff1cc83c6c39d141110"},"headline":"Eleonora Pedron e Nicol\u00f2 De Devitiis a Gardaland con i due figli della bionda","datePublished":"2018-08-27T22:00:00+00:00","dateModified":"2018-08-27T22:00:00+00:00","mainEntityOfPage":{"@id":"https:\/\/www.gossip.it\/news\/eleonora-pedron-nicolo-de-devitiis-gardaland\/"},"wordCount":304,"publisher":{"@id":"https:\/\/www.gossip.it\/#organization"},"image":{"@id":"https:\/\/www.gossip.it\/news\/eleonora-pedron-nicolo-de-devitiis-gardaland\/#primaryimage"},"thumbnailUrl":"https:\/\/files.gossip.it\/immagini_news\/2018\/08\/1535454654_pedron_de_devitiis_1.jpg","keywords":["amore","coppia","escono allo scoperto","figli","gardaland","iena","ines angelica","instagram","leon alexander","miss italia","modella","nicol\u00f2 de devitiis","parco divertimenti","showgirl","social"],"articleSection":["News"],"inLanguage":"it-IT"},{"@type":"WebPage","@id":"https:\/\/www.gossip.it\/news\/eleonora-pedron-nicolo-de-devitiis-gardaland\/","url":"https:\/\/www.gossip.it\/news\/eleonora-pedron-nicolo-de-devitiis-gardaland\/","name":"Eleonora Pedron e Nicol\u00f2 De Devitiis a Gardaland con i due figli della bionda - Gossip.it | News sul Gossip e VIP","isPartOf":{"@id":"https:\/\/www.gossip.it\/#website"},"primaryImageOfPage":{"@id":"https:\/\/www.gossip.it\/news\/eleonora-pedron-nicolo-de-devitiis-gardaland\/#primaryimage"},"image":{"@id":"https:\/\/www.gossip.it\/news\/eleonora-pedron-nicolo-de-devitiis-gardaland\/#primaryimage"},"thumbnailUrl":"https:\/\/files.gossip.it\/immagini_news\/2018\/08\/1535454654_pedron_de_devitiis_1.jpg","datePublished":"2018-08-27T22:00:00+00:00","dateModified":"2018-08-27T22:00:00+00:00","description":"Eleonora Pedron e Nicol\u00f2 De DeVitiis fanno sul serio. I due, innamoratissimi, hanno trascorso due giorni spensierati a Gardaland insieme ai figli che la","breadcrumb":{"@id":"https:\/\/www.gossip.it\/news\/eleonora-pedron-nicolo-de-devitiis-gardaland\/#breadcrumb"},"inLanguage":"it-IT","potentialAction":[{"@type":"ReadAction","target":["https:\/\/www.gossip.it\/news\/eleonora-pedron-nicolo-de-devitiis-gardaland\/"]}]},{"@type":"ImageObject","inLanguage":"it-IT","@id":"https:\/\/www.gossip.it\/news\/eleonora-pedron-nicolo-de-devitiis-gardaland\/#primaryimage","url":"https:\/\/files.gossip.it\/immagini_news\/2018\/08\/1535454654_pedron_de_devitiis_1.jpg","contentUrl":"https:\/\/files.gossip.it\/immagini_news\/2018\/08\/1535454654_pedron_de_devitiis_1.jpg"},{"@type":"BreadcrumbList","@id":"https:\/\/www.gossip.it\/news\/eleonora-pedron-nicolo-de-devitiis-gardaland\/#breadcrumb","itemListElement":[{"@type":"ListItem","position":1,"name":"Home","item":"https:\/\/www.gossip.it\/"},{"@type":"ListItem","position":2,"name":"Eleonora Pedron e Nicol\u00f2 De Devitiis a Gardaland con i due figli della bionda"}]},{"@type":"WebSite","@id":"https:\/\/www.gossip.it\/#website","url":"https:\/\/www.gossip.it\/","name":"Gossip and VIP News","description":"Quotidiano di cronaca rosa, costume e societ\u00e0","publisher":{"@id":"https:\/\/www.gossip.it\/#organization"},"alternateName":"Gossip and VIP News","potentialAction":[{"@type":"SearchAction","target":{"@type":"EntryPoint","urlTemplate":"https:\/\/www.gossip.it\/?s={search_term_string}"},"query-input":{"@type":"PropertyValueSpecification","valueRequired":true,"valueName":"search_term_string"}}],"inLanguage":"it-IT"},{"@type":"Organization","@id":"https:\/\/www.gossip.it\/#organization","name":"Gossip and VIP News","alternateName":"Gossip News","url":"https:\/\/www.gossip.it\/","logo":{"@type":"ImageObject","inLanguage":"it-IT","@id":"https:\/\/www.gossip.it\/#\/schema\/logo\/image\/","url":"https:\/\/www.gossip.it\/wp-content\/uploads\/2022\/04\/cropped-corna-alta-tiny.png","contentUrl":"https:\/\/www.gossip.it\/wp-content\/uploads\/2022\/04\/cropped-corna-alta-tiny.png","width":512,"height":512,"caption":"Gossip and VIP News"},"image":{"@id":"https:\/\/www.gossip.it\/#\/schema\/logo\/image\/"},"sameAs":["https:\/\/www.facebook.com\/GossipIT","https:\/\/x.com\/gossinews_it","https:\/\/instagram.com\/gossip_it"]},{"@type":"Person","@id":"https:\/\/www.gossip.it\/#\/schema\/person\/488896f75158bff1cc83c6c39d141110","name":"La Redazione","image":{"@type":"ImageObject","inLanguage":"it-IT","@id":"https:\/\/www.gossip.it\/#\/schema\/person\/image\/","url":"https:\/\/secure.gravatar.com\/avatar\/5a5f5c6fa3e6700e4249abdad0263a1e94e927d9e0499b1cb09c1cd29c044d80?s=96&d=mm&r=g","contentUrl":"https:\/\/secure.gravatar.com\/avatar\/5a5f5c6fa3e6700e4249abdad0263a1e94e927d9e0499b1cb09c1cd29c044d80?s=96&d=mm&r=g","caption":"La Redazione"},"sameAs":["https:\/\/www.gossip.it"]}]}},"amp_enabled":true,"_links":{"self":[{"href":"https:\/\/www.gossip.it\/api\/wp\/v2\/posts\/61959","targetHints":{"allow":["GET"]}}],"collection":[{"href":"https:\/\/www.gossip.it\/api\/wp\/v2\/posts"}],"about":[{"href":"https:\/\/www.gossip.it\/api\/wp\/v2\/types\/post"}],"author":[{"embeddable":true,"href":"https:\/\/www.gossip.it\/api\/wp\/v2\/users\/1"}],"replies":[{"embeddable":true,"href":"https:\/\/www.gossip.it\/api\/wp\/v2\/comments?post=61959"}],"version-history":[{"count":0,"href":"https:\/\/www.gossip.it\/api\/wp\/v2\/posts\/61959\/revisions"}],"wp:featuredmedia":[{"embeddable":true,"href":"https:\/\/www.gossip.it\/api\/wp\/v2\/media\/118005"}],"wp:attachment":[{"href":"https:\/\/www.gossip.it\/api\/wp\/v2\/media?parent=61959"}],"wp:term":[{"taxonomy":"category","embeddable":true,"href":"https:\/\/www.gossip.it\/api\/wp\/v2\/categories?post=61959"},{"taxonomy":"post_tag","embeddable":true,"href":"https:\/\/www.gossip.it\/api\/wp\/v2\/tags?post=61959"},{"taxonomy":"vip","embeddable":true,"href":"https:\/\/www.gossip.it\/api\/wp\/v2\/vip?post=61959"}],"curies":[{"name":"wp","href":"https:\/\/api.w.org\/{rel}","templated":true}]}}