{"id":61974,"date":"2018-08-29T00:00:00","date_gmt":"2018-08-28T22:00:00","guid":{"rendered":"https:\/\/www.gossip.it\/senza-categoria\/j-ax-annuncia-lo-stop\/"},"modified":"2018-08-29T00:00:00","modified_gmt":"2018-08-28T22:00:00","slug":"j-ax-annuncia-lo-stop","status":"publish","type":"post","link":"https:\/\/www.gossip.it\/news\/j-ax-annuncia-lo-stop\/","title":{"rendered":"J-Ax annuncia lo stop: 'Dopo 25 anni \u00e8 tempo di tornare ad essere Alessandro'"},"content":{"rendered":"<p><a href=\"\/vip\/j-ax\/\">J-Ax<\/a>, 46 anni, <strong>annuncia lo stop<\/strong>. L'ex leader degli <a href=\"\/vip\/articolo-31\/\">Articolo 31<\/a>, che di recente ha interrotto la collaborazione con <a href=\"\/vip\/fedez\/\">Fedez<\/a>, ha deciso di prendersi una pausa dalla musica e lo comunica ai fan tramite un post condiviso sui suoi profili social.<\/p>\n<figure class=\"caption\"><img decoding=\"async\" alt=\"\" width=\"640\" height=\"611\" src=\"https:\/\/files.gossip.it\/immagini_news\/2018\/08\/1535542535_j_ax_1.jpg\" \/><figcaption>J-Ax, 46 anni, vuole prendersi una pausa dalla musica<\/figcaption><\/figure>\n<p><strong>Annuncia lo stop J-Ax<\/strong> nell'anno in cui festeggia i 25 anni di carriera e prima di salutare temporaneamente i fan, chiuder\u00e0 in bellezza con una serie di date: <em>\"I concerti al Fabrique (previsti per il 15, 16, 17 e 22 ottobre, ndr) sono la mia voglia di dirvi che per andare avanti devo prima ricominciare da zero. Di nuovo. Ancora una volta volta. Ma sono anche per me un motivo di riflessione: 25 anni di carriera. Una volta pensavo che arrivare a 25 anni - di et\u00e0 - sarebbe stato impossibile\u2026 Gi\u00e0, la vita \u00e8 proprio strana. \u00c8 per quello che cerco sempre di dire, specialmente ai ragazzi, che non bisogna mai mollare. La vita migliora e noi con lei. Ma questi concerti saranno, per me, anche un punto di arrivo e un momento per una pausa di riflessione\"<\/em>.<\/p>\n<figure class=\"caption\"><img decoding=\"async\" alt=\"\" width=\"640\" height=\"685\" src=\"https:\/\/files.gossip.it\/immagini_news\/2018\/08\/1535542592_j_ax_2.jpg\" \/><figcaption>Il post con cui J-Ax annuncia il temporaneo ritiro dalle scene<\/figcaption><\/figure>\n<p><strong>J-Ax <\/strong>vuole prendersi una pausa e<strong> lo<\/strong> <strong>annuncia <\/strong>via social. Uno <strong>stop<\/strong> che ha il sapore di un cambiamento: <em>\"Ormai, grazie voi, 'essere J-Ax' \u00e8 tutto quello che conosco da 25 anni <\/em>- scrive il cantante ai fan -<em> A un certo punto, bisogna anche lasciare le briglie, fermarsi e guardarsi intorno per mangiare un po\u2019 di vita prima di ricominciare ancora una volta. \u00c8 tempo di essere Alessandro\"<\/em>. Aleotti, all'anagrafe.<\/p>\n","protected":false},"excerpt":{"rendered":"<p>J-Ax, 46 anni, annuncia lo stop. L'ex leader degli Articolo 31, che di recente ha interrotto la collaborazione con Fedez, ha deciso di prendersi una pausa dalla musica e lo comunica ai fan tramite un post condiviso sui suoi profili social. J-Ax, 46 anni, vuole prendersi una pausa dalla musica Annuncia lo stop J-Ax nell'anno [&hellip;]<\/p>\n","protected":false},"author":1,"featured_media":118020,"comment_status":"closed","ping_status":"closed","sticky":false,"template":"","format":"standard","meta":{"footnotes":""},"categories":[54],"tags":[15315,1981,10242,2408,3945,1923,10911],"vip":[],"class_list":["post-61974","post","type-post","status-publish","format-standard","has-post-thumbnail","hentry","category-news","tag-articolo-31","tag-cantante","tag-j-ax","tag-musica","tag-pausa","tag-social","tag-stop"],"yoast_head":"<title>J-Ax annuncia lo stop: &#039;Dopo 25 anni \u00e8 tempo di tornare ad essere Alessandro&#039; - Gossip.it | News sul Gossip e VIP<\/title>\n<meta name=\"description\" content=\"J-Ax, 46 anni, annuncia lo stop. L&#039;ex leader degli Articolo 31, che di recente ha interrotto la collaborazione con Fedez, ha deciso di prendersi una pausa\" \/>\n<meta name=\"robots\" content=\"index, follow, max-snippet:-1, max-image-preview:large, max-video-preview:-1\" \/>\n<link rel=\"canonical\" href=\"https:\/\/www.gossip.it\/news\/j-ax-annuncia-lo-stop\/\" \/>\n<meta property=\"og:locale\" content=\"it_IT\" \/>\n<meta property=\"og:type\" content=\"article\" \/>\n<meta property=\"og:title\" content=\"J-Ax annuncia lo stop: &#039;Dopo 25 anni \u00e8 tempo di tornare ad essere Alessandro&#039; - Gossip.it | News sul Gossip e VIP\" \/>\n<meta property=\"og:description\" content=\"J-Ax, 46 anni, annuncia lo stop. L&#039;ex leader degli Articolo 31, che di recente ha interrotto la collaborazione con Fedez, ha deciso di prendersi una pausa\" \/>\n<meta property=\"og:url\" content=\"https:\/\/www.gossip.it\/news\/j-ax-annuncia-lo-stop\/\" \/>\n<meta property=\"og:site_name\" content=\"Gossip.it | News sul Gossip e VIP\" \/>\n<meta property=\"article:publisher\" content=\"https:\/\/www.facebook.com\/GossipIT\" \/>\n<meta property=\"article:published_time\" content=\"2018-08-28T22:00:00+00:00\" \/>\n<meta property=\"og:image\" content=\"https:\/\/files.gossip.it\/immagini_news\/2018\/08\/1535542535_j_ax_1.jpg\" \/>\n<meta name=\"author\" content=\"La Redazione\" \/>\n<meta name=\"twitter:card\" content=\"summary_large_image\" \/>\n<meta name=\"twitter:image\" content=\"https:\/\/files.gossip.it\/immagini_news\/2018\/08\/1535542535_j_ax_1.jpg\" \/>\n<meta name=\"twitter:creator\" content=\"@gossinews_it\" \/>\n<meta name=\"twitter:site\" content=\"@gossinews_it\" \/>\n<meta name=\"twitter:label1\" content=\"Scritto da\" \/>\n\t<meta name=\"twitter:data1\" content=\"Francesca Romana Domenici\" \/>\n\t<meta name=\"twitter:label2\" content=\"Tempo di lettura stimato\" \/>\n\t<meta name=\"twitter:data2\" content=\"1 minuto\" \/>","yoast_head_json":{"title":"J-Ax annuncia lo stop: 'Dopo 25 anni \u00e8 tempo di tornare ad essere Alessandro' - Gossip.it | News sul Gossip e VIP","description":"J-Ax, 46 anni, annuncia lo stop. L'ex leader degli Articolo 31, che di recente ha interrotto la collaborazione con Fedez, ha deciso di prendersi una pausa","robots":{"index":"index","follow":"follow","max-snippet":"max-snippet:-1","max-image-preview":"max-image-preview:large","max-video-preview":"max-video-preview:-1"},"canonical":"https:\/\/www.gossip.it\/news\/j-ax-annuncia-lo-stop\/","og_locale":"it_IT","og_type":"article","og_title":"J-Ax annuncia lo stop: 'Dopo 25 anni \u00e8 tempo di tornare ad essere Alessandro' - Gossip.it | News sul Gossip e VIP","og_description":"J-Ax, 46 anni, annuncia lo stop. L'ex leader degli Articolo 31, che di recente ha interrotto la collaborazione con Fedez, ha deciso di prendersi una pausa","og_url":"https:\/\/www.gossip.it\/news\/j-ax-annuncia-lo-stop\/","og_site_name":"Gossip.it | News sul Gossip e VIP","article_publisher":"https:\/\/www.facebook.com\/GossipIT","article_published_time":"2018-08-28T22:00:00+00:00","og_image":[{"url":"https:\/\/files.gossip.it\/immagini_news\/2018\/08\/1535542535_j_ax_1.jpg"}],"author":"La Redazione","twitter_card":"summary_large_image","twitter_image":"https:\/\/files.gossip.it\/immagini_news\/2018\/08\/1535542535_j_ax_1.jpg","twitter_creator":"@gossinews_it","twitter_site":"@gossinews_it","twitter_misc":{"Scritto da":"Francesca Romana Domenici","Tempo di lettura stimato":"1 minuto"},"schema":{"@context":"https:\/\/schema.org","@graph":[{"@type":"Article","@id":"https:\/\/www.gossip.it\/news\/j-ax-annuncia-lo-stop\/#article","isPartOf":{"@id":"https:\/\/www.gossip.it\/news\/j-ax-annuncia-lo-stop\/"},"author":{"name":"La Redazione","@id":"https:\/\/www.gossip.it\/#\/schema\/person\/488896f75158bff1cc83c6c39d141110"},"headline":"J-Ax annuncia lo stop: 'Dopo 25 anni \u00e8 tempo di tornare ad essere Alessandro'","datePublished":"2018-08-28T22:00:00+00:00","dateModified":"2018-08-28T22:00:00+00:00","mainEntityOfPage":{"@id":"https:\/\/www.gossip.it\/news\/j-ax-annuncia-lo-stop\/"},"wordCount":271,"publisher":{"@id":"https:\/\/www.gossip.it\/#organization"},"image":{"@id":"https:\/\/www.gossip.it\/news\/j-ax-annuncia-lo-stop\/#primaryimage"},"thumbnailUrl":"https:\/\/files.gossip.it\/immagini_news\/2018\/08\/1535542535_j_ax_1.jpg","keywords":["articolo 31","cantante","j ax","musica","pausa","social","stop"],"articleSection":["News"],"inLanguage":"it-IT"},{"@type":"WebPage","@id":"https:\/\/www.gossip.it\/news\/j-ax-annuncia-lo-stop\/","url":"https:\/\/www.gossip.it\/news\/j-ax-annuncia-lo-stop\/","name":"J-Ax annuncia lo stop: 'Dopo 25 anni \u00e8 tempo di tornare ad essere Alessandro' - Gossip.it | News sul Gossip e VIP","isPartOf":{"@id":"https:\/\/www.gossip.it\/#website"},"primaryImageOfPage":{"@id":"https:\/\/www.gossip.it\/news\/j-ax-annuncia-lo-stop\/#primaryimage"},"image":{"@id":"https:\/\/www.gossip.it\/news\/j-ax-annuncia-lo-stop\/#primaryimage"},"thumbnailUrl":"https:\/\/files.gossip.it\/immagini_news\/2018\/08\/1535542535_j_ax_1.jpg","datePublished":"2018-08-28T22:00:00+00:00","dateModified":"2018-08-28T22:00:00+00:00","description":"J-Ax, 46 anni, annuncia lo stop. L'ex leader degli Articolo 31, che di recente ha interrotto la collaborazione con Fedez, ha deciso di prendersi una pausa","breadcrumb":{"@id":"https:\/\/www.gossip.it\/news\/j-ax-annuncia-lo-stop\/#breadcrumb"},"inLanguage":"it-IT","potentialAction":[{"@type":"ReadAction","target":["https:\/\/www.gossip.it\/news\/j-ax-annuncia-lo-stop\/"]}]},{"@type":"ImageObject","inLanguage":"it-IT","@id":"https:\/\/www.gossip.it\/news\/j-ax-annuncia-lo-stop\/#primaryimage","url":"https:\/\/files.gossip.it\/immagini_news\/2018\/08\/1535542535_j_ax_1.jpg","contentUrl":"https:\/\/files.gossip.it\/immagini_news\/2018\/08\/1535542535_j_ax_1.jpg"},{"@type":"BreadcrumbList","@id":"https:\/\/www.gossip.it\/news\/j-ax-annuncia-lo-stop\/#breadcrumb","itemListElement":[{"@type":"ListItem","position":1,"name":"Home","item":"https:\/\/www.gossip.it\/"},{"@type":"ListItem","position":2,"name":"J-Ax annuncia lo stop: 'Dopo 25 anni \u00e8 tempo di tornare ad essere Alessandro'"}]},{"@type":"WebSite","@id":"https:\/\/www.gossip.it\/#website","url":"https:\/\/www.gossip.it\/","name":"Gossip and VIP News","description":"Quotidiano di cronaca rosa, costume e societ\u00e0","publisher":{"@id":"https:\/\/www.gossip.it\/#organization"},"alternateName":"Gossip and VIP News","potentialAction":[{"@type":"SearchAction","target":{"@type":"EntryPoint","urlTemplate":"https:\/\/www.gossip.it\/?s={search_term_string}"},"query-input":{"@type":"PropertyValueSpecification","valueRequired":true,"valueName":"search_term_string"}}],"inLanguage":"it-IT"},{"@type":"Organization","@id":"https:\/\/www.gossip.it\/#organization","name":"Gossip and VIP News","alternateName":"Gossip News","url":"https:\/\/www.gossip.it\/","logo":{"@type":"ImageObject","inLanguage":"it-IT","@id":"https:\/\/www.gossip.it\/#\/schema\/logo\/image\/","url":"https:\/\/www.gossip.it\/wp-content\/uploads\/2022\/04\/cropped-corna-alta-tiny.png","contentUrl":"https:\/\/www.gossip.it\/wp-content\/uploads\/2022\/04\/cropped-corna-alta-tiny.png","width":512,"height":512,"caption":"Gossip and VIP News"},"image":{"@id":"https:\/\/www.gossip.it\/#\/schema\/logo\/image\/"},"sameAs":["https:\/\/www.facebook.com\/GossipIT","https:\/\/x.com\/gossinews_it","https:\/\/instagram.com\/gossip_it"]},{"@type":"Person","@id":"https:\/\/www.gossip.it\/#\/schema\/person\/488896f75158bff1cc83c6c39d141110","name":"La Redazione","image":{"@type":"ImageObject","inLanguage":"it-IT","@id":"https:\/\/www.gossip.it\/#\/schema\/person\/image\/","url":"https:\/\/secure.gravatar.com\/avatar\/5a5f5c6fa3e6700e4249abdad0263a1e94e927d9e0499b1cb09c1cd29c044d80?s=96&d=mm&r=g","contentUrl":"https:\/\/secure.gravatar.com\/avatar\/5a5f5c6fa3e6700e4249abdad0263a1e94e927d9e0499b1cb09c1cd29c044d80?s=96&d=mm&r=g","caption":"La Redazione"},"sameAs":["https:\/\/www.gossip.it"]}]}},"amp_enabled":true,"_links":{"self":[{"href":"https:\/\/www.gossip.it\/api\/wp\/v2\/posts\/61974","targetHints":{"allow":["GET"]}}],"collection":[{"href":"https:\/\/www.gossip.it\/api\/wp\/v2\/posts"}],"about":[{"href":"https:\/\/www.gossip.it\/api\/wp\/v2\/types\/post"}],"author":[{"embeddable":true,"href":"https:\/\/www.gossip.it\/api\/wp\/v2\/users\/1"}],"replies":[{"embeddable":true,"href":"https:\/\/www.gossip.it\/api\/wp\/v2\/comments?post=61974"}],"version-history":[{"count":0,"href":"https:\/\/www.gossip.it\/api\/wp\/v2\/posts\/61974\/revisions"}],"wp:featuredmedia":[{"embeddable":true,"href":"https:\/\/www.gossip.it\/api\/wp\/v2\/media\/118020"}],"wp:attachment":[{"href":"https:\/\/www.gossip.it\/api\/wp\/v2\/media?parent=61974"}],"wp:term":[{"taxonomy":"category","embeddable":true,"href":"https:\/\/www.gossip.it\/api\/wp\/v2\/categories?post=61974"},{"taxonomy":"post_tag","embeddable":true,"href":"https:\/\/www.gossip.it\/api\/wp\/v2\/tags?post=61974"},{"taxonomy":"vip","embeddable":true,"href":"https:\/\/www.gossip.it\/api\/wp\/v2\/vip?post=61974"}],"curies":[{"name":"wp","href":"https:\/\/api.w.org\/{rel}","templated":true}]}}