{"id":62113,"date":"2018-09-13T00:00:00","date_gmt":"2018-09-12T22:00:00","guid":{"rendered":"https:\/\/www.gossip.it\/senza-categoria\/figli-dei-vip-primo-giorno-di-scuola\/"},"modified":"2018-09-13T00:00:00","modified_gmt":"2018-09-12T22:00:00","slug":"figli-dei-vip-primo-giorno-di-scuola","status":"publish","type":"post","link":"https:\/\/www.gossip.it\/news\/figli-dei-vip-primo-giorno-di-scuola\/","title":{"rendered":"Primo giorno di scuola: i figli dei vip tutti in classe"},"content":{"rendered":"<p>I <strong>figli dei vip<\/strong>, come tutti gli altri bambini, sono tutti tornati in classe. L\u2019estate \u00e8 ormai un lontano ricordo. Le vacanze sono alle spalle, il <strong>primo giorno di scuola<\/strong> \u00e8 arrivato e ci si siede nuovamente tra i banchi in aula.<\/p>\n<figure class=\"caption\"><img decoding=\"async\" alt=\"\" width=\"640\" height=\"823\" src=\"https:\/\/files.gossip.it\/immagini_news\/2018\/09\/1536838750_satta_scuola.jpg\" \/><figcaption>Melissa Satta porta Maddox a scuola: per i figli dei vip \u00e8 ora di entrare in classe come per tutti gli altri bambini<\/figcaption><\/figure>\n<p><a href=\"\/vip\/wanda-nara\/\">Wanda Nara<\/a>, <a href=\"\/vip\/sonia-bruganelli\/\">Sonia Bruganelli<\/a>, <a href=\"\/vip\/melissa-satta\/\">Melissa Satta<\/a>, <a href=\"\/vip\/alessia-marcuzzi\/\">Alessia Marcuzzi<\/a>, tutte super emozionate per i loro piccoli, hanno condiviso sui <a href=\"\/vip\/social\/\">social<\/a> le foto del <strong>primo giorno di scuola<\/strong>. I <strong>figli dei vip<\/strong> catturano l\u2019attenzione, mamma e pap\u00e0 li lasciano ammirare dai fan prima del suono della campanella, con lo zaino sulle spalle o un trolley da portare a mano.<\/p>\n<figure class=\"caption\"><img decoding=\"async\" alt=\"\" width=\"640\" height=\"648\" src=\"https:\/\/files.gossip.it\/immagini_news\/2018\/09\/1536838845_mia_marcuzzi_scuola.jpg\" \/><figcaption>Mia, la figlia di Alessia Marcuzzi, allo zaino preferisce il trolley<\/figcaption><\/figure>\n<figure class=\"caption\"><img decoding=\"async\" alt=\"\" width=\"640\" height=\"875\" src=\"https:\/\/files.gossip.it\/immagini_news\/2018\/09\/1536839043_nargi_scuola.jpg\" \/><figcaption>Alessandro Matri con la piccola Sofia davanti all'entrata dell'asilo nido<\/figcaption><\/figure>\n<p>Tra i tanti c\u2019\u00e8 anche <a href=\"\/vip\/alessandro-matri\/\">Alessandro Matri<\/a>, <a href=\"\/vip\/federica-nargi\/\">Federica Nargi<\/a> lo fotografa con la dolce Sofia in braccio: la bimba, che il prossimo 26 settembre compir\u00e0 appena 2 anni, va all\u2019asilo.<\/p>\n<figure class=\"caption\"><img decoding=\"async\" alt=\"\" width=\"640\" height=\"641\" src=\"https:\/\/files.gossip.it\/immagini_news\/2018\/09\/1536839055_nara_scuola.jpg\" \/><figcaption>Wanda Nara con i figli:\u00a0Valentino, Benedicto, Constantino, Francesca, Isabella<\/figcaption><\/figure>\n<figure class=\"caption\"><img decoding=\"async\" alt=\"\" width=\"640\" height=\"811\" src=\"https:\/\/files.gossip.it\/immagini_news\/2018\/09\/1536839320_bruganelli_scuola2.jpg\" \/><figcaption>Primo giorno di prima media per Adele Bonolis, la figlia di Paolo Bonolis e Sonia Bruganelli<\/figcaption><\/figure>\n<p>C\u2019\u00e8 chi \u00e8 in divisa e chi no. Il <strong>primo giorno di scuola <\/strong>dei <strong>figli dei vip<\/strong> \u00e8 social. Wanda Nara tiene accanto a s\u00e9 tutti i suoi bimbi: Valentino, Benedicto, Constantino, Francesca, Isabella. Melissa Satta gioisce insieme al suo adorato Maddox, Alessia Marcuzzi \u00e8 un po\u2019 in ansia per la dolce Mia.<\/p>\n<figure class=\"caption\"><img decoding=\"async\" alt=\"\" width=\"640\" height=\"802\" src=\"https:\/\/files.gossip.it\/immagini_news\/2018\/09\/1536839077_bruganelli_scuola.jpg\" \/><figcaption>Primo giorno di liceo per Davide Bonolis<\/figcaption><\/figure>\n<p>Sonia Bruganelli d\u00e0 l\u2019in bocca al lupo ad Adele, che inizia la prima media, e a Davide, che frequenter\u00e0 il liceo scientifico sportivo. Per tutti si augurano un anno ricco di soddisfazioni.<\/p>\n<p>\u00a0<\/p>\n","protected":false},"excerpt":{"rendered":"<p>I figli dei vip, come tutti gli altri bambini, sono tutti tornati in classe. L\u2019estate \u00e8 ormai un lontano ricordo. Le vacanze sono alle spalle, il primo giorno di scuola \u00e8 arrivato e ci si siede nuovamente tra i banchi in aula. Melissa Satta porta Maddox a scuola: per i figli dei vip \u00e8 ora [&hellip;]<\/p>\n","protected":false},"author":1,"featured_media":118159,"comment_status":"closed","ping_status":"closed","sticky":false,"template":"","format":"standard","meta":{"footnotes":""},"categories":[54],"tags":[8718,2000,58309,2121,12647,3598,1923,214,11095,8920],"vip":[275,730,1333,1716],"class_list":["post-62113","post","type-post","status-publish","format-standard","has-post-thumbnail","hentry","category-news","tag-alessandro-matri","tag-figli","tag-figli-dei-vip","tag-instagram","tag-primo-giorno-di-scuola","tag-scuola","tag-social","tag-vip","tag-wanda-icardi","tag-wanda-nara","vip-alessia_marcuzzi","vip-federica_nargi","vip-melissa_satta","vip-sonia_bruganelli"],"yoast_head":"<title>Primo giorno di scuola: i figli dei vip tutti in classe - Gossip.it | News sul Gossip e VIP<\/title>\n<meta name=\"description\" content=\"I figli dei vip, come tutti gli altri bambini, sono tutti tornati in classe. L\u2019estate \u00e8 ormai un lontano ricordo. Le vacanze sono alle spalle, il primo\" \/>\n<meta name=\"robots\" content=\"index, follow, max-snippet:-1, max-image-preview:large, max-video-preview:-1\" \/>\n<link rel=\"canonical\" href=\"https:\/\/www.gossip.it\/news\/figli-dei-vip-primo-giorno-di-scuola\/\" \/>\n<meta property=\"og:locale\" content=\"it_IT\" \/>\n<meta property=\"og:type\" content=\"article\" \/>\n<meta property=\"og:title\" content=\"Primo giorno di scuola: i figli dei vip tutti in classe - Gossip.it | News sul Gossip e VIP\" \/>\n<meta property=\"og:description\" content=\"I figli dei vip, come tutti gli altri bambini, sono tutti tornati in classe. L\u2019estate \u00e8 ormai un lontano ricordo. Le vacanze sono alle spalle, il primo\" \/>\n<meta property=\"og:url\" content=\"https:\/\/www.gossip.it\/news\/figli-dei-vip-primo-giorno-di-scuola\/\" \/>\n<meta property=\"og:site_name\" content=\"Gossip.it | News sul Gossip e VIP\" \/>\n<meta property=\"article:publisher\" content=\"https:\/\/www.facebook.com\/GossipIT\" \/>\n<meta property=\"article:published_time\" content=\"2018-09-12T22:00:00+00:00\" \/>\n<meta property=\"og:image\" content=\"https:\/\/files.gossip.it\/immagini_news\/2018\/09\/1536838750_satta_scuola.jpg\" \/>\n<meta name=\"author\" content=\"La Redazione\" \/>\n<meta name=\"twitter:card\" content=\"summary_large_image\" \/>\n<meta name=\"twitter:image\" content=\"https:\/\/files.gossip.it\/immagini_news\/2018\/09\/1536838750_satta_scuola.jpg\" \/>\n<meta name=\"twitter:creator\" content=\"@gossinews_it\" \/>\n<meta name=\"twitter:site\" content=\"@gossinews_it\" \/>\n<meta name=\"twitter:label1\" content=\"Scritto da\" \/>\n\t<meta name=\"twitter:data1\" content=\"Annamaria Capozzi\" \/>\n\t<meta name=\"twitter:label2\" content=\"Tempo di lettura stimato\" \/>\n\t<meta name=\"twitter:data2\" content=\"1 minuto\" \/>","yoast_head_json":{"title":"Primo giorno di scuola: i figli dei vip tutti in classe - Gossip.it | News sul Gossip e VIP","description":"I figli dei vip, come tutti gli altri bambini, sono tutti tornati in classe. L\u2019estate \u00e8 ormai un lontano ricordo. Le vacanze sono alle spalle, il primo","robots":{"index":"index","follow":"follow","max-snippet":"max-snippet:-1","max-image-preview":"max-image-preview:large","max-video-preview":"max-video-preview:-1"},"canonical":"https:\/\/www.gossip.it\/news\/figli-dei-vip-primo-giorno-di-scuola\/","og_locale":"it_IT","og_type":"article","og_title":"Primo giorno di scuola: i figli dei vip tutti in classe - Gossip.it | News sul Gossip e VIP","og_description":"I figli dei vip, come tutti gli altri bambini, sono tutti tornati in classe. L\u2019estate \u00e8 ormai un lontano ricordo. Le vacanze sono alle spalle, il primo","og_url":"https:\/\/www.gossip.it\/news\/figli-dei-vip-primo-giorno-di-scuola\/","og_site_name":"Gossip.it | News sul Gossip e VIP","article_publisher":"https:\/\/www.facebook.com\/GossipIT","article_published_time":"2018-09-12T22:00:00+00:00","og_image":[{"url":"https:\/\/files.gossip.it\/immagini_news\/2018\/09\/1536838750_satta_scuola.jpg"}],"author":"La Redazione","twitter_card":"summary_large_image","twitter_image":"https:\/\/files.gossip.it\/immagini_news\/2018\/09\/1536838750_satta_scuola.jpg","twitter_creator":"@gossinews_it","twitter_site":"@gossinews_it","twitter_misc":{"Scritto da":"Annamaria Capozzi","Tempo di lettura stimato":"1 minuto"},"schema":{"@context":"https:\/\/schema.org","@graph":[{"@type":"Article","@id":"https:\/\/www.gossip.it\/news\/figli-dei-vip-primo-giorno-di-scuola\/#article","isPartOf":{"@id":"https:\/\/www.gossip.it\/news\/figli-dei-vip-primo-giorno-di-scuola\/"},"author":{"name":"La Redazione","@id":"https:\/\/www.gossip.it\/#\/schema\/person\/488896f75158bff1cc83c6c39d141110"},"headline":"Primo giorno di scuola: i figli dei vip tutti in classe","datePublished":"2018-09-12T22:00:00+00:00","dateModified":"2018-09-12T22:00:00+00:00","mainEntityOfPage":{"@id":"https:\/\/www.gossip.it\/news\/figli-dei-vip-primo-giorno-di-scuola\/"},"wordCount":300,"publisher":{"@id":"https:\/\/www.gossip.it\/#organization"},"image":{"@id":"https:\/\/www.gossip.it\/news\/figli-dei-vip-primo-giorno-di-scuola\/#primaryimage"},"thumbnailUrl":"https:\/\/files.gossip.it\/immagini_news\/2018\/09\/1536838750_satta_scuola.jpg","keywords":["alessandro matri","figli","figli dei vip","instagram","primo giorno di scuola","scuola","social","Vip","wanda icardi","wanda nara"],"articleSection":["News"],"inLanguage":"it-IT"},{"@type":"WebPage","@id":"https:\/\/www.gossip.it\/news\/figli-dei-vip-primo-giorno-di-scuola\/","url":"https:\/\/www.gossip.it\/news\/figli-dei-vip-primo-giorno-di-scuola\/","name":"Primo giorno di scuola: i figli dei vip tutti in classe - Gossip.it | News sul Gossip e VIP","isPartOf":{"@id":"https:\/\/www.gossip.it\/#website"},"primaryImageOfPage":{"@id":"https:\/\/www.gossip.it\/news\/figli-dei-vip-primo-giorno-di-scuola\/#primaryimage"},"image":{"@id":"https:\/\/www.gossip.it\/news\/figli-dei-vip-primo-giorno-di-scuola\/#primaryimage"},"thumbnailUrl":"https:\/\/files.gossip.it\/immagini_news\/2018\/09\/1536838750_satta_scuola.jpg","datePublished":"2018-09-12T22:00:00+00:00","dateModified":"2018-09-12T22:00:00+00:00","description":"I figli dei vip, come tutti gli altri bambini, sono tutti tornati in classe. L\u2019estate \u00e8 ormai un lontano ricordo. Le vacanze sono alle spalle, il primo","breadcrumb":{"@id":"https:\/\/www.gossip.it\/news\/figli-dei-vip-primo-giorno-di-scuola\/#breadcrumb"},"inLanguage":"it-IT","potentialAction":[{"@type":"ReadAction","target":["https:\/\/www.gossip.it\/news\/figli-dei-vip-primo-giorno-di-scuola\/"]}]},{"@type":"ImageObject","inLanguage":"it-IT","@id":"https:\/\/www.gossip.it\/news\/figli-dei-vip-primo-giorno-di-scuola\/#primaryimage","url":"https:\/\/files.gossip.it\/immagini_news\/2018\/09\/1536838750_satta_scuola.jpg","contentUrl":"https:\/\/files.gossip.it\/immagini_news\/2018\/09\/1536838750_satta_scuola.jpg"},{"@type":"BreadcrumbList","@id":"https:\/\/www.gossip.it\/news\/figli-dei-vip-primo-giorno-di-scuola\/#breadcrumb","itemListElement":[{"@type":"ListItem","position":1,"name":"Home","item":"https:\/\/www.gossip.it\/"},{"@type":"ListItem","position":2,"name":"Primo giorno di scuola: i figli dei vip tutti in classe"}]},{"@type":"WebSite","@id":"https:\/\/www.gossip.it\/#website","url":"https:\/\/www.gossip.it\/","name":"Gossip and VIP News","description":"Quotidiano di cronaca rosa, costume e societ\u00e0","publisher":{"@id":"https:\/\/www.gossip.it\/#organization"},"alternateName":"Gossip and VIP News","potentialAction":[{"@type":"SearchAction","target":{"@type":"EntryPoint","urlTemplate":"https:\/\/www.gossip.it\/?s={search_term_string}"},"query-input":{"@type":"PropertyValueSpecification","valueRequired":true,"valueName":"search_term_string"}}],"inLanguage":"it-IT"},{"@type":"Organization","@id":"https:\/\/www.gossip.it\/#organization","name":"Gossip and VIP News","alternateName":"Gossip News","url":"https:\/\/www.gossip.it\/","logo":{"@type":"ImageObject","inLanguage":"it-IT","@id":"https:\/\/www.gossip.it\/#\/schema\/logo\/image\/","url":"https:\/\/www.gossip.it\/wp-content\/uploads\/2022\/04\/cropped-corna-alta-tiny.png","contentUrl":"https:\/\/www.gossip.it\/wp-content\/uploads\/2022\/04\/cropped-corna-alta-tiny.png","width":512,"height":512,"caption":"Gossip and VIP News"},"image":{"@id":"https:\/\/www.gossip.it\/#\/schema\/logo\/image\/"},"sameAs":["https:\/\/www.facebook.com\/GossipIT","https:\/\/x.com\/gossinews_it","https:\/\/instagram.com\/gossip_it"]},{"@type":"Person","@id":"https:\/\/www.gossip.it\/#\/schema\/person\/488896f75158bff1cc83c6c39d141110","name":"La Redazione","image":{"@type":"ImageObject","inLanguage":"it-IT","@id":"https:\/\/www.gossip.it\/#\/schema\/person\/image\/","url":"https:\/\/secure.gravatar.com\/avatar\/5a5f5c6fa3e6700e4249abdad0263a1e94e927d9e0499b1cb09c1cd29c044d80?s=96&d=mm&r=g","contentUrl":"https:\/\/secure.gravatar.com\/avatar\/5a5f5c6fa3e6700e4249abdad0263a1e94e927d9e0499b1cb09c1cd29c044d80?s=96&d=mm&r=g","caption":"La Redazione"},"sameAs":["https:\/\/www.gossip.it"]}]}},"amp_enabled":true,"_links":{"self":[{"href":"https:\/\/www.gossip.it\/api\/wp\/v2\/posts\/62113","targetHints":{"allow":["GET"]}}],"collection":[{"href":"https:\/\/www.gossip.it\/api\/wp\/v2\/posts"}],"about":[{"href":"https:\/\/www.gossip.it\/api\/wp\/v2\/types\/post"}],"author":[{"embeddable":true,"href":"https:\/\/www.gossip.it\/api\/wp\/v2\/users\/1"}],"replies":[{"embeddable":true,"href":"https:\/\/www.gossip.it\/api\/wp\/v2\/comments?post=62113"}],"version-history":[{"count":0,"href":"https:\/\/www.gossip.it\/api\/wp\/v2\/posts\/62113\/revisions"}],"wp:featuredmedia":[{"embeddable":true,"href":"https:\/\/www.gossip.it\/api\/wp\/v2\/media\/118159"}],"wp:attachment":[{"href":"https:\/\/www.gossip.it\/api\/wp\/v2\/media?parent=62113"}],"wp:term":[{"taxonomy":"category","embeddable":true,"href":"https:\/\/www.gossip.it\/api\/wp\/v2\/categories?post=62113"},{"taxonomy":"post_tag","embeddable":true,"href":"https:\/\/www.gossip.it\/api\/wp\/v2\/tags?post=62113"},{"taxonomy":"vip","embeddable":true,"href":"https:\/\/www.gossip.it\/api\/wp\/v2\/vip?post=62113"}],"curies":[{"name":"wp","href":"https:\/\/api.w.org\/{rel}","templated":true}]}}