{"id":62149,"date":"2018-09-18T00:00:00","date_gmt":"2018-09-17T22:00:00","guid":{"rendered":"https:\/\/www.gossip.it\/senza-categoria\/fedez-l-intervista-maurizio-costanzo\/"},"modified":"2018-09-18T00:00:00","modified_gmt":"2018-09-17T22:00:00","slug":"fedez-l-intervista-maurizio-costanzo","status":"publish","type":"post","link":"https:\/\/www.gossip.it\/news\/fedez-l-intervista-maurizio-costanzo\/","title":{"rendered":"Fedez a 'L\u2019intervista\u2019 da Maurizio Costanzo: 'Sono diventato ci\u00f2 che ho sempre odiato\u2019"},"content":{"rendered":"<p><a href=\"\/vip\/fedez\/\">Fedez<\/a> a \u201c<a href=\"\/vip\/l\u2019intervista\/\">L\u2019Intervista<\/a>\u201d, primo ospite di <a href=\"\/vip\/maurizio-costanzo\/\">Maurizio Costanzo<\/a>, si apre e racconta tutto sul suo passato. Parla del successo e ammette: <em>\u201cSono diventato ci\u00f2 che ho sempre odiato\u201d.<\/em><\/p>\n<figure class=\"caption\"><img decoding=\"async\" alt=\"\" width=\"640\" height=\"370\" src=\"https:\/\/files.gossip.it\/immagini_news\/2018\/09\/1537263325_fedez_1.jpg\" \/><figcaption>Fedez ospite a 'L'Intervista' di Maurizio Costanzo<\/figcaption><\/figure>\n<p>Il successo lo ha cambiato. <strong>Fedez<\/strong> a \u201c<strong>L\u2019Intervista<\/strong>\u201d a <strong>Maurizio Costanzo<\/strong> sottolinea: <em>\u201cSono cambiato. Il successo ha significato tante cose. Non c'\u00e8 mai stata una ricerca ossessiva, quanto un'esigenza espressiva. Il successo mi ha reso ci\u00f2 che sono, nel bene e nel male. Ci\u00f2 che volevo essere e ci\u00f2 che non avrei mai voluto essere. Da piccolo avevo delle convinzioni, degli ideali. Sono diventato ci\u00f2 che ho sempre odiato. All'inizio affrontavo tematiche sociali, venivo da una generazione fortemente collocata politicamente. Il mio imborghesirmi mi ha fatto diventare una contraddizione vivente. La meritocrazia nella musica esiste. Tante persone hanno cercato di spingere artisti ma \u00e8 complesso perch\u00e9 \u00e8 il pubblico che decide\u201d.<\/em><\/p>\n<p>A \u201c<strong>L\u2019Intervista<\/strong>\" <strong>Maurizio Costanzo<\/strong> gli chiede delle sue ex.<strong> Fedez<\/strong> dice: <em>\u201cLa prima fidanzata si chiamava Fiammetta. Ci siamo presi e lasciati pi\u00f9 volte. So che si \u00e8 trasferita in Australia, non l'ho mai pi\u00f9 vista\u201d<\/em>, Il\u00a0<a href=\"\/vip\/-rapper\/\">rapper<\/a> va in difficolt\u00e0 quando davanti a lui c\u2019\u00e8 la foto di <a href=\"\/vip\/giulia-valentina\/\">Giulia Valentina<\/a> e glissa. Fa lo stesso quando si affronta l\u2019argomento\u00a0<a href=\"\/vip\/-fabio rovazzi\/\">Fabio Rovazzi<\/a> e dice:<em> \u201cNon ho proferito parola su questo argomento per tutto questo periodo. Preferisco non dire niente e nemmeno di <\/em><a href=\"\/vip\/j-ax\/\">J-Ax<\/a><em>. Possiamo stare qui tutta la sera con te che insisti, non rispondo. Quello che devo dire non lo dico nelle interviste. Lo dico guardando in faccia le persone\".<\/em><\/p>\n<figure class=\"caption\"><img decoding=\"async\" alt=\"\" width=\"640\" height=\"359\" src=\"https:\/\/files.gossip.it\/immagini_news\/2018\/09\/1537263339_fedez_2.jpg\" \/><figcaption>Il rapper ammette: 'Sono diventato ci\u00f2 che ho sempre odiato'<\/figcaption><\/figure>\n<p>Il 28enne si commuove guardando lo scambio di promesse con <a href=\"\/vip\/chiara-ferragni\/\">Chiara Ferragni<\/a>, che dice essere l\u2019amore della sua vita. Della <a href=\"\/vip\/fashion-blogger\/\">fashion blogger<\/a> sottolinea: <em>\u201cPer me \u00e8 stata una medicina. Con Chiara ci fu da subito un\u2019affinit\u00e0 che era fuori dal comune. Penso che sia una persona estremamente intelligente ed estremamente positiva\u2026 per me \u00e8 stata una sorta di medicina perch\u00e9 io sono praticamente l\u2019opposto, io sono una persona molto cinica\u2026 sono una persona poco spensierata\u2026 quando c\u2019\u00e8 da vedere il bicchiere mezzo pieno o mezzo vuoto io vado verso il vuoto e il problema \u00e8 che il vuoto ti pu\u00f2 anche risucchiare. Lei cerca di vedere il bene e il bello in tutto e di conseguenza riesce a godersi le cose come io non sono mai riuscito a fare prima di lei\u201d.<\/em><\/p>\n<p>In questo momento si dichiara un uomo felice. <strong>Fedez<\/strong> ha tutto ci\u00f2 che desiderava. Su Leone mostrato sui <a href=\"\/vip\/social\/\">social<\/a>, precisa: <em>\"Esistono persone che hanno creato profili instagram ai propri figli per pubblicizzare prodotti, cosa che noi non abbiamo mai fatto. Non sono per coprire il viso di mio figlio, mostro la cosa pi\u00f9 bella che ho al mondo\".<\/em><\/p>\n<figure class=\"caption\"><img decoding=\"async\" alt=\"\" width=\"640\" height=\"361\" src=\"https:\/\/files.gossip.it\/immagini_news\/2018\/09\/1537263353_fedez_3.jpg\" \/><figcaption>Il giudice di 'X Factor'' si commuove guardando le immagini del figlio Leone e delle sue promesse di nozze<\/figcaption><\/figure>\n<p><strong>Fedez<\/strong> si augura che <a href=\"\/vip\/asia-argento\/\">Asia Argento<\/a> rientri a <a href=\"\/vip\/x-factor\/\">X Factor<\/a> da giudice e non venga pi\u00f9 mandata via: <em>\u201cE\u2019 bravissima\u201d<\/em>.\u00a0 Poi sulle <a href=\"\/vip\/nozze\/\">nozze<\/a> condivise sul <a href=\"\/vip\/social\/\">social<\/a>\u00a0spiega: \u201c<em>Un miliardo di persone hanno guardato il matrimonio anche se solo per qualche istante. Non ho visto l'inferno intorno. Per me \u00e8 stata una giornata incredibile. Si sono sprecate tante parole sul nostro <\/em><a href=\"\/vip\/matrimonio\/\">matrimonio<\/a><em> e sul volerlo esporre. Non abbiamo dato alcun tipo di esclusiva proprio per permettere ai nostri invitati di fare ci\u00f2 che volevano. Che poi questo abbia avuto una risonanza che pu\u00f2 battere un'esclusiva televisiva, forse bisogna interrogarsi su come vengono gestiti questi fenomeni web. L'idea del luna park \u00e8 stata della nostra wedding planner\".<\/em><\/p>\n<div class=\"video_integrato\" data-videoid=\"5410\" data-autostart=\"false\">\u00a0<\/div>\n<p>E ancora: <em>\u201dLe promesse che ci siamo fatti sono state pazzesche. Ci siamo messi a lavorare alle promesse da tempo ed eravamo molto tesi. Era difficile esprimere a parole i nostri sentimenti. Il viaggio di nozze? No, per adesso no\"<\/em>. Sulla raccolta fondi per la lista nozze fa sapere: <em>\"Quando \u00e8 stata pubblicata la notizia, il matrimonio non era ancora avvenuto. Adesso siamo a 44 mila euro. Stiamo vagliando tutte le mail che ci sono arrivate. Scegliere \u00e8 difficile perch\u00e9 sono storie commoventi. Forse andremo nella direzione di aiutare chi ha bisogno di protesi\".\u00a0<\/em><\/p>\n<p>\u00a0<\/p>\n<p>\u00a0<\/p>\n","protected":false},"excerpt":{"rendered":"<p>Fedez a \u201cL\u2019Intervista\u201d, primo ospite di Maurizio Costanzo, si apre e racconta tutto sul suo passato. Parla del successo e ammette: \u201cSono diventato ci\u00f2 che ho sempre odiato\u201d. Fedez ospite a 'L'Intervista' di Maurizio Costanzo Il successo lo ha cambiato. Fedez a \u201cL\u2019Intervista\u201d a Maurizio Costanzo sottolinea: \u201cSono cambiato. Il successo ha significato tante cose. [&hellip;]<\/p>\n","protected":false},"author":1,"featured_media":118195,"comment_status":"closed","ping_status":"closed","sticky":false,"template":"","format":"standard","meta":{"footnotes":""},"categories":[54],"tags":[2098,2102,10875,6035,9784,2103,10242,10759,7543,5463,2097,5411],"vip":[373,481,1320],"class_list":["post-62149","post","type-post","status-publish","format-standard","has-post-thumbnail","hentry","category-news","tag-canale-5","tag-dichiarazioni","tag-fabio-rovazzi","tag-fedez","tag-giulia-valentina","tag-intervista","tag-j-ax","tag-lintervista","tag-leone","tag-rapper","tag-tv","tag-x-factor","vip-asia_argento","vip-chiara_ferragni","vip-maurizio_costanzo"],"yoast_head":"<title>Fedez a &#039;L\u2019intervista\u2019 da Maurizio Costanzo: &#039;Sono diventato ci\u00f2 che ho sempre odiato\u2019 - Gossip.it | News sul Gossip e VIP<\/title>\n<meta name=\"description\" content=\"Fedez a \u201cL\u2019Intervista\u201d, primo ospite di Maurizio Costanzo, si apre e racconta tutto sul suo passato. Parla del successo e ammette: \u201cSono diventato ci\u00f2 che\" \/>\n<meta name=\"robots\" content=\"index, follow, max-snippet:-1, max-image-preview:large, max-video-preview:-1\" \/>\n<link rel=\"canonical\" href=\"https:\/\/www.gossip.it\/news\/fedez-l-intervista-maurizio-costanzo\/\" \/>\n<meta property=\"og:locale\" content=\"it_IT\" \/>\n<meta property=\"og:type\" content=\"article\" \/>\n<meta property=\"og:title\" content=\"Fedez a &#039;L\u2019intervista\u2019 da Maurizio Costanzo: &#039;Sono diventato ci\u00f2 che ho sempre odiato\u2019 - Gossip.it | News sul Gossip e VIP\" \/>\n<meta property=\"og:description\" content=\"Fedez a \u201cL\u2019Intervista\u201d, primo ospite di Maurizio Costanzo, si apre e racconta tutto sul suo passato. Parla del successo e ammette: \u201cSono diventato ci\u00f2 che\" \/>\n<meta property=\"og:url\" content=\"https:\/\/www.gossip.it\/news\/fedez-l-intervista-maurizio-costanzo\/\" \/>\n<meta property=\"og:site_name\" content=\"Gossip.it | News sul Gossip e VIP\" \/>\n<meta property=\"article:publisher\" content=\"https:\/\/www.facebook.com\/GossipIT\" \/>\n<meta property=\"article:published_time\" content=\"2018-09-17T22:00:00+00:00\" \/>\n<meta property=\"og:image\" content=\"https:\/\/files.gossip.it\/immagini_news\/2018\/09\/1537263325_fedez_1.jpg\" \/>\n<meta name=\"author\" content=\"La Redazione\" \/>\n<meta name=\"twitter:card\" content=\"summary_large_image\" \/>\n<meta name=\"twitter:image\" content=\"https:\/\/files.gossip.it\/immagini_news\/2018\/09\/1537263325_fedez_1.jpg\" \/>\n<meta name=\"twitter:creator\" content=\"@gossinews_it\" \/>\n<meta name=\"twitter:site\" content=\"@gossinews_it\" \/>\n<meta name=\"twitter:label1\" content=\"Scritto da\" \/>\n\t<meta name=\"twitter:data1\" content=\"Annamaria Capozzi\" \/>\n\t<meta name=\"twitter:label2\" content=\"Tempo di lettura stimato\" \/>\n\t<meta name=\"twitter:data2\" content=\"3 minuti\" \/>","yoast_head_json":{"title":"Fedez a 'L\u2019intervista\u2019 da Maurizio Costanzo: 'Sono diventato ci\u00f2 che ho sempre odiato\u2019 - Gossip.it | News sul Gossip e VIP","description":"Fedez a \u201cL\u2019Intervista\u201d, primo ospite di Maurizio Costanzo, si apre e racconta tutto sul suo passato. Parla del successo e ammette: \u201cSono diventato ci\u00f2 che","robots":{"index":"index","follow":"follow","max-snippet":"max-snippet:-1","max-image-preview":"max-image-preview:large","max-video-preview":"max-video-preview:-1"},"canonical":"https:\/\/www.gossip.it\/news\/fedez-l-intervista-maurizio-costanzo\/","og_locale":"it_IT","og_type":"article","og_title":"Fedez a 'L\u2019intervista\u2019 da Maurizio Costanzo: 'Sono diventato ci\u00f2 che ho sempre odiato\u2019 - Gossip.it | News sul Gossip e VIP","og_description":"Fedez a \u201cL\u2019Intervista\u201d, primo ospite di Maurizio Costanzo, si apre e racconta tutto sul suo passato. Parla del successo e ammette: \u201cSono diventato ci\u00f2 che","og_url":"https:\/\/www.gossip.it\/news\/fedez-l-intervista-maurizio-costanzo\/","og_site_name":"Gossip.it | News sul Gossip e VIP","article_publisher":"https:\/\/www.facebook.com\/GossipIT","article_published_time":"2018-09-17T22:00:00+00:00","og_image":[{"url":"https:\/\/files.gossip.it\/immagini_news\/2018\/09\/1537263325_fedez_1.jpg"}],"author":"La Redazione","twitter_card":"summary_large_image","twitter_image":"https:\/\/files.gossip.it\/immagini_news\/2018\/09\/1537263325_fedez_1.jpg","twitter_creator":"@gossinews_it","twitter_site":"@gossinews_it","twitter_misc":{"Scritto da":"Annamaria Capozzi","Tempo di lettura stimato":"3 minuti"},"schema":{"@context":"https:\/\/schema.org","@graph":[{"@type":"Article","@id":"https:\/\/www.gossip.it\/news\/fedez-l-intervista-maurizio-costanzo\/#article","isPartOf":{"@id":"https:\/\/www.gossip.it\/news\/fedez-l-intervista-maurizio-costanzo\/"},"author":{"name":"La Redazione","@id":"https:\/\/www.gossip.it\/#\/schema\/person\/488896f75158bff1cc83c6c39d141110"},"headline":"Fedez a 'L\u2019intervista\u2019 da Maurizio Costanzo: 'Sono diventato ci\u00f2 che ho sempre odiato\u2019","datePublished":"2018-09-17T22:00:00+00:00","dateModified":"2018-09-17T22:00:00+00:00","mainEntityOfPage":{"@id":"https:\/\/www.gossip.it\/news\/fedez-l-intervista-maurizio-costanzo\/"},"wordCount":702,"publisher":{"@id":"https:\/\/www.gossip.it\/#organization"},"image":{"@id":"https:\/\/www.gossip.it\/news\/fedez-l-intervista-maurizio-costanzo\/#primaryimage"},"thumbnailUrl":"https:\/\/files.gossip.it\/immagini_news\/2018\/09\/1537263325_fedez_1.jpg","keywords":["canale 5","dichiarazioni","fabio rovazzi","fedez","giulia valentina","intervista","j ax","l'intervista","Leone","rapper","tv","x factor"],"articleSection":["News"],"inLanguage":"it-IT"},{"@type":"WebPage","@id":"https:\/\/www.gossip.it\/news\/fedez-l-intervista-maurizio-costanzo\/","url":"https:\/\/www.gossip.it\/news\/fedez-l-intervista-maurizio-costanzo\/","name":"Fedez a 'L\u2019intervista\u2019 da Maurizio Costanzo: 'Sono diventato ci\u00f2 che ho sempre odiato\u2019 - Gossip.it | News sul Gossip e VIP","isPartOf":{"@id":"https:\/\/www.gossip.it\/#website"},"primaryImageOfPage":{"@id":"https:\/\/www.gossip.it\/news\/fedez-l-intervista-maurizio-costanzo\/#primaryimage"},"image":{"@id":"https:\/\/www.gossip.it\/news\/fedez-l-intervista-maurizio-costanzo\/#primaryimage"},"thumbnailUrl":"https:\/\/files.gossip.it\/immagini_news\/2018\/09\/1537263325_fedez_1.jpg","datePublished":"2018-09-17T22:00:00+00:00","dateModified":"2018-09-17T22:00:00+00:00","description":"Fedez a \u201cL\u2019Intervista\u201d, primo ospite di Maurizio Costanzo, si apre e racconta tutto sul suo passato. Parla del successo e ammette: \u201cSono diventato ci\u00f2 che","breadcrumb":{"@id":"https:\/\/www.gossip.it\/news\/fedez-l-intervista-maurizio-costanzo\/#breadcrumb"},"inLanguage":"it-IT","potentialAction":[{"@type":"ReadAction","target":["https:\/\/www.gossip.it\/news\/fedez-l-intervista-maurizio-costanzo\/"]}]},{"@type":"ImageObject","inLanguage":"it-IT","@id":"https:\/\/www.gossip.it\/news\/fedez-l-intervista-maurizio-costanzo\/#primaryimage","url":"https:\/\/files.gossip.it\/immagini_news\/2018\/09\/1537263325_fedez_1.jpg","contentUrl":"https:\/\/files.gossip.it\/immagini_news\/2018\/09\/1537263325_fedez_1.jpg"},{"@type":"BreadcrumbList","@id":"https:\/\/www.gossip.it\/news\/fedez-l-intervista-maurizio-costanzo\/#breadcrumb","itemListElement":[{"@type":"ListItem","position":1,"name":"Home","item":"https:\/\/www.gossip.it\/"},{"@type":"ListItem","position":2,"name":"Fedez a 'L\u2019intervista\u2019 da Maurizio Costanzo: 'Sono diventato ci\u00f2 che ho sempre odiato\u2019"}]},{"@type":"WebSite","@id":"https:\/\/www.gossip.it\/#website","url":"https:\/\/www.gossip.it\/","name":"Gossip and VIP News","description":"Quotidiano di cronaca rosa, costume e societ\u00e0","publisher":{"@id":"https:\/\/www.gossip.it\/#organization"},"alternateName":"Gossip and VIP News","potentialAction":[{"@type":"SearchAction","target":{"@type":"EntryPoint","urlTemplate":"https:\/\/www.gossip.it\/?s={search_term_string}"},"query-input":{"@type":"PropertyValueSpecification","valueRequired":true,"valueName":"search_term_string"}}],"inLanguage":"it-IT"},{"@type":"Organization","@id":"https:\/\/www.gossip.it\/#organization","name":"Gossip and VIP News","alternateName":"Gossip News","url":"https:\/\/www.gossip.it\/","logo":{"@type":"ImageObject","inLanguage":"it-IT","@id":"https:\/\/www.gossip.it\/#\/schema\/logo\/image\/","url":"https:\/\/www.gossip.it\/wp-content\/uploads\/2022\/04\/cropped-corna-alta-tiny.png","contentUrl":"https:\/\/www.gossip.it\/wp-content\/uploads\/2022\/04\/cropped-corna-alta-tiny.png","width":512,"height":512,"caption":"Gossip and VIP News"},"image":{"@id":"https:\/\/www.gossip.it\/#\/schema\/logo\/image\/"},"sameAs":["https:\/\/www.facebook.com\/GossipIT","https:\/\/x.com\/gossinews_it","https:\/\/instagram.com\/gossip_it"]},{"@type":"Person","@id":"https:\/\/www.gossip.it\/#\/schema\/person\/488896f75158bff1cc83c6c39d141110","name":"La Redazione","image":{"@type":"ImageObject","inLanguage":"it-IT","@id":"https:\/\/www.gossip.it\/#\/schema\/person\/image\/","url":"https:\/\/secure.gravatar.com\/avatar\/5a5f5c6fa3e6700e4249abdad0263a1e94e927d9e0499b1cb09c1cd29c044d80?s=96&d=mm&r=g","contentUrl":"https:\/\/secure.gravatar.com\/avatar\/5a5f5c6fa3e6700e4249abdad0263a1e94e927d9e0499b1cb09c1cd29c044d80?s=96&d=mm&r=g","caption":"La Redazione"},"sameAs":["https:\/\/www.gossip.it"]}]}},"amp_enabled":true,"_links":{"self":[{"href":"https:\/\/www.gossip.it\/api\/wp\/v2\/posts\/62149","targetHints":{"allow":["GET"]}}],"collection":[{"href":"https:\/\/www.gossip.it\/api\/wp\/v2\/posts"}],"about":[{"href":"https:\/\/www.gossip.it\/api\/wp\/v2\/types\/post"}],"author":[{"embeddable":true,"href":"https:\/\/www.gossip.it\/api\/wp\/v2\/users\/1"}],"replies":[{"embeddable":true,"href":"https:\/\/www.gossip.it\/api\/wp\/v2\/comments?post=62149"}],"version-history":[{"count":0,"href":"https:\/\/www.gossip.it\/api\/wp\/v2\/posts\/62149\/revisions"}],"wp:featuredmedia":[{"embeddable":true,"href":"https:\/\/www.gossip.it\/api\/wp\/v2\/media\/118195"}],"wp:attachment":[{"href":"https:\/\/www.gossip.it\/api\/wp\/v2\/media?parent=62149"}],"wp:term":[{"taxonomy":"category","embeddable":true,"href":"https:\/\/www.gossip.it\/api\/wp\/v2\/categories?post=62149"},{"taxonomy":"post_tag","embeddable":true,"href":"https:\/\/www.gossip.it\/api\/wp\/v2\/tags?post=62149"},{"taxonomy":"vip","embeddable":true,"href":"https:\/\/www.gossip.it\/api\/wp\/v2\/vip?post=62149"}],"curies":[{"name":"wp","href":"https:\/\/api.w.org\/{rel}","templated":true}]}}