{"id":62189,"date":"2018-09-21T00:00:00","date_gmt":"2018-09-20T22:00:00","guid":{"rendered":"https:\/\/www.gossip.it\/senza-categoria\/lory-del-santo-gf-vip-mediaset\/"},"modified":"2018-09-21T00:00:00","modified_gmt":"2018-09-20T22:00:00","slug":"lory-del-santo-gf-vip-mediaset","status":"publish","type":"post","link":"https:\/\/www.gossip.it\/news\/lory-del-santo-gf-vip-mediaset\/","title":{"rendered":"Lory Del Santo al GF Vip, Mediaset: 'Decider\u00e0 lei se entrare o no\u2019"},"content":{"rendered":"<p><a href=\"\/vip\/lory-del santo\/\">Lory Del Santo<\/a>, dopo il suicidio del figlio Loren, avvenuto lo scorso agosto, ha cambiato idea: aveva firmato un contratto per essere al <a href=\"\/vip\/gf-vi\/\">GF Vi<\/a>p lo scorso luglio, poi, data l\u2019entit\u00e0 della tragedia vissuta, ha detto di no, ora vuole partecipare e usare il <a href=\"\/vip\/reality\/\">reality<\/a> come <em>\u2018terapia\u2019<\/em> contro il dolore. Durante la conferenza stampa del programma, che partir\u00e0 luned\u00ec 24 settembre, i vertici di <strong>Mediaset<\/strong> sono chiarissimi:<em> \u201cDecider\u00e0 lei se entrare o no\u201d.<\/em><\/p>\n<figure class=\"caption\"><img decoding=\"async\" alt=\"\" width=\"640\" height=\"453\" src=\"https:\/\/files.gossip.it\/immagini_news\/2018\/09\/1537530174_gfvip_conferenza_stampa_1.jpg\" \/><figcaption>Alla conferenza stampa del 'GF Vip' si parla soprattutto di Lory Del Santo<\/figcaption><\/figure>\n<p>Giancarlo Scheri, il direttore di Canale 5, alle domande dei giornalisti su <strong>Lory Del Santo<\/strong> al <strong>GF Vip<\/strong>, parlando a nome di <strong>Mediaset<\/strong>, spiega: <em>\u201cAd agosto \u00e8 morto il figlio di Lory. Lei aveva firmato a luglio il contratto per il <strong>GF Vip<\/strong> 3. Quando \u00e8 successo questo dramma si \u00e8 messa in contatto con gli autori, dicendo che il lutto avrebbe cambiato per tutti la situazione. Eravamo d'accordo con lei. E\u2019 una cosa molto personale. Abbiamo rispettato il suo volere, ma anche il nostro. Poi \u00e8 successo che la Del Santo ha capito probabilmente che ritornare alla normalit\u00e0, al lavoro, alla vita le sarebbe servito<\/em>\u201d. E aggiunge: <em>\"Vogliamo rispettare il suo volere, ma non sappiamo se sar\u00e0 effettivamente nel cast, fino all'ultimo le daremo la possibilit\u00e0 di decidere. Lei ha dichiarato di volerci essere, ma anche di voler aspettare fino all'ultimo per valutare i suoi sentimenti\u201d.<\/em><\/p>\n<div class=\"video_integrato\" data-videoid=\"5435\" data-autostart=\"false\">\u00a0<\/div>\n<figure class=\"caption\"><img decoding=\"async\" alt=\"\" width=\"640\" height=\"702\" src=\"https:\/\/files.gossip.it\/immagini_news\/2018\/09\/1537530222_gfvip_conferenza_stampa_7.jpg\" \/><figcaption>I giornalisti vogliono sapere come Mediaset si comporter\u00e0 con la 59enne, che ha dichiarato di voler entrare nella Casa e usare il 'GF' come terapia contro il dolore dopo il suicidio del figlio<\/figcaption><\/figure>\n<p><em>\"Abbiamo messo in guardia Lory, perch\u00e9 tutti conosciamo il meccanismo del programma: tutto quello che accade nella casa \u00e8 pubblico, nulla \u00e8 privato\u201d<\/em>, sottolinea Andrea Palazzo, capo degli autori. Anche <a href=\"\/vip\/ilary-blasi\/\">Ilary Blasi<\/a>, interrogata sulla questione, dice la sua su <strong>Lory Del Santo<\/strong> al <strong>GF Vip<\/strong>: <em>\"Il dolore non va giudicato, rispetteremo la sua volont\u00e0\".<\/em><\/p>\n<figure class=\"caption\"><img decoding=\"async\" alt=\"\" width=\"640\" height=\"480\" src=\"https:\/\/files.gossip.it\/immagini_news\/2018\/09\/1537530347_gfvip_conferenza_stampa_2.jpg\" \/><figcaption>Sar\u00e0 la Del Santo a decidere se entrare nella Casa o meno, i veritci di Mediaset lo sottolineano<\/figcaption><\/figure>\n<p><em>\"Il dolore \u00e8 un buco nero, ognuno lo vive come vuole. Va sempre rispettato<\/em> - precisa <a href=\"\/vip\/alfonso-signorini\/\">Alfonso Signorini<\/a> - <em>Se Lory entrer\u00e0 nella Casa, giocher\u00e0. So che questo pu\u00f2 stridere in maniera imbarazzante, ma \u00e8 giusto cos\u00ec\u201d<\/em>. Se<strong> Lory Del Santo<\/strong> parteciper\u00e0 al <strong>GF Vip<\/strong> non avr\u00e0 sconti. Ma per <strong>Mediaset<\/strong> tutta sar\u00e0 lei a decidere se farlo o meno, potr\u00e0 decidere anche dopo luned\u00ec prossimo.<\/p>\n<figure class=\"caption\"><img decoding=\"async\" alt=\"\" width=\"640\" height=\"635\" src=\"https:\/\/files.gossip.it\/immagini_news\/2018\/09\/1537530467_gfvip_conferenza_stampa_3.jpg\" \/><figcaption>Ilary Blasi se sar\u00e0 tra i concorrenti la tratter\u00e0 come gli altri<\/figcaption><\/figure>\n<p><em>\"Ad agosto il nostro consiglio nei suoi confronti era quello di non partecipare. A fronte di una sua richiesta, motivata dalla possibilit\u00e0 di superare la tragedia, abbiamo riflettuto anche noi\u201d,<\/em> dice ancora Scheri. Sottolinea che <strong>Mediaset<\/strong>, il <strong>GF Vip<\/strong> in particolare, non ha bisogno di mettere nel programma questo tipo di storie per fare ascolti. E sul contratto firmato dalla <a href=\"\/vip\/showgirl\/\">showgirl<\/a> 59enne lo scorso luglio chiarisce:<em> \u201cIn questi casi, i contratti non valgono!\u201d.<\/em><\/p>\n<figure class=\"caption\"><img decoding=\"async\" alt=\"\" width=\"640\" height=\"638\" src=\"https:\/\/files.gossip.it\/immagini_news\/2018\/09\/1537530525_gfvip_conferenza_stampa_4.jpg\" \/><figcaption>Il reality show prender\u00e0 il via luned\u00ec 24 settembre<\/figcaption><\/figure>\n<p>La stampa vuole conoscere la posizione di Ilary sul caso: <em>\"Il confine \u00e8 molto labile, l'opinione pubblica si divider\u00e0. Lory ha dichiarato che non vuole addosso gli occhi della piet\u00e0. Mi relazioner\u00f2 con lei, come lei vuole, la tratter\u00f2 come tutti gli altri\".<\/em><\/p>\n<figure class=\"caption\"><img decoding=\"async\" alt=\"\" width=\"640\" height=\"480\" src=\"https:\/\/files.gossip.it\/immagini_news\/2018\/09\/1537530563_gfvip_conferenza_stampa_5.jpg\" \/><figcaption>Al timone per il terzo anno consecutivo ci sar\u00e0 la moglie di Francesco Totti, alla conferenza stampa in 'total red'<\/figcaption><\/figure>\n<p>\u00a0<\/p>\n","protected":false},"excerpt":{"rendered":"<p>Lory Del Santo, dopo il suicidio del figlio Loren, avvenuto lo scorso agosto, ha cambiato idea: aveva firmato un contratto per essere al GF Vip lo scorso luglio, poi, data l\u2019entit\u00e0 della tragedia vissuta, ha detto di no, ora vuole partecipare e usare il reality come \u2018terapia\u2019 contro il dolore. Durante la conferenza stampa del [&hellip;]<\/p>\n","protected":false},"author":1,"featured_media":118235,"comment_status":"closed","ping_status":"closed","sticky":false,"template":"","format":"standard","meta":{"footnotes":""},"categories":[54],"tags":[19063,2098,2446,2102,1942,2126,11843,46475,1875,11844,2121,11863,2291,2122,1934,2128,1923,11702,2097],"vip":[286,952,1131],"class_list":["post-62189","post","type-post","status-publish","format-standard","has-post-thumbnail","hentry","category-news","tag-andrea-palazzo","tag-canale-5","tag-conferenza-stampa","tag-dichiarazioni","tag-figlio","tag-gf-vip","tag-gf-vip-3","tag-giancarlo-scheri","tag-grande-fratello-vip","tag-grande-fratello-vip-3","tag-instagram","tag-loren","tag-mediaset","tag-post","tag-reality","tag-reality-show","tag-social","tag-suicidio","tag-tv","vip-alfonso_signorini","vip-ilary_blasi","vip-lory_del_santo"],"yoast_head":"<title>Lory Del Santo al GF Vip, Mediaset: &#039;Decider\u00e0 lei se entrare o no\u2019 - Gossip.it | News sul Gossip e VIP<\/title>\n<meta name=\"description\" content=\"Lory Del Santo, dopo il suicidio del figlio Loren, avvenuto lo scorso agosto, ha cambiato idea: aveva firmato un contratto per essere al GF Vip lo scorso\" \/>\n<meta name=\"robots\" content=\"index, follow, max-snippet:-1, max-image-preview:large, max-video-preview:-1\" \/>\n<link rel=\"canonical\" href=\"https:\/\/www.gossip.it\/news\/lory-del-santo-gf-vip-mediaset\/\" \/>\n<meta property=\"og:locale\" content=\"it_IT\" \/>\n<meta property=\"og:type\" content=\"article\" \/>\n<meta property=\"og:title\" content=\"Lory Del Santo al GF Vip, Mediaset: &#039;Decider\u00e0 lei se entrare o no\u2019 - Gossip.it | News sul Gossip e VIP\" \/>\n<meta property=\"og:description\" content=\"Lory Del Santo, dopo il suicidio del figlio Loren, avvenuto lo scorso agosto, ha cambiato idea: aveva firmato un contratto per essere al GF Vip lo scorso\" \/>\n<meta property=\"og:url\" content=\"https:\/\/www.gossip.it\/news\/lory-del-santo-gf-vip-mediaset\/\" \/>\n<meta property=\"og:site_name\" content=\"Gossip.it | News sul Gossip e VIP\" \/>\n<meta property=\"article:publisher\" content=\"https:\/\/www.facebook.com\/GossipIT\" \/>\n<meta property=\"article:published_time\" content=\"2018-09-20T22:00:00+00:00\" \/>\n<meta property=\"og:image\" content=\"https:\/\/files.gossip.it\/immagini_news\/2018\/09\/1537530174_gfvip_conferenza_stampa_1.jpg\" \/>\n<meta name=\"author\" content=\"La Redazione\" \/>\n<meta name=\"twitter:card\" content=\"summary_large_image\" \/>\n<meta name=\"twitter:image\" content=\"https:\/\/files.gossip.it\/immagini_news\/2018\/09\/1537530174_gfvip_conferenza_stampa_1.jpg\" \/>\n<meta name=\"twitter:creator\" content=\"@gossinews_it\" \/>\n<meta name=\"twitter:site\" content=\"@gossinews_it\" \/>\n<meta name=\"twitter:label1\" content=\"Scritto da\" \/>\n\t<meta name=\"twitter:data1\" content=\"Annamaria Capozzi\" \/>\n\t<meta name=\"twitter:label2\" content=\"Tempo di lettura stimato\" \/>\n\t<meta name=\"twitter:data2\" content=\"3 minuti\" \/>","yoast_head_json":{"title":"Lory Del Santo al GF Vip, Mediaset: 'Decider\u00e0 lei se entrare o no\u2019 - Gossip.it | News sul Gossip e VIP","description":"Lory Del Santo, dopo il suicidio del figlio Loren, avvenuto lo scorso agosto, ha cambiato idea: aveva firmato un contratto per essere al GF Vip lo scorso","robots":{"index":"index","follow":"follow","max-snippet":"max-snippet:-1","max-image-preview":"max-image-preview:large","max-video-preview":"max-video-preview:-1"},"canonical":"https:\/\/www.gossip.it\/news\/lory-del-santo-gf-vip-mediaset\/","og_locale":"it_IT","og_type":"article","og_title":"Lory Del Santo al GF Vip, Mediaset: 'Decider\u00e0 lei se entrare o no\u2019 - Gossip.it | News sul Gossip e VIP","og_description":"Lory Del Santo, dopo il suicidio del figlio Loren, avvenuto lo scorso agosto, ha cambiato idea: aveva firmato un contratto per essere al GF Vip lo scorso","og_url":"https:\/\/www.gossip.it\/news\/lory-del-santo-gf-vip-mediaset\/","og_site_name":"Gossip.it | News sul Gossip e VIP","article_publisher":"https:\/\/www.facebook.com\/GossipIT","article_published_time":"2018-09-20T22:00:00+00:00","og_image":[{"url":"https:\/\/files.gossip.it\/immagini_news\/2018\/09\/1537530174_gfvip_conferenza_stampa_1.jpg"}],"author":"La Redazione","twitter_card":"summary_large_image","twitter_image":"https:\/\/files.gossip.it\/immagini_news\/2018\/09\/1537530174_gfvip_conferenza_stampa_1.jpg","twitter_creator":"@gossinews_it","twitter_site":"@gossinews_it","twitter_misc":{"Scritto da":"Annamaria Capozzi","Tempo di lettura stimato":"3 minuti"},"schema":{"@context":"https:\/\/schema.org","@graph":[{"@type":"Article","@id":"https:\/\/www.gossip.it\/news\/lory-del-santo-gf-vip-mediaset\/#article","isPartOf":{"@id":"https:\/\/www.gossip.it\/news\/lory-del-santo-gf-vip-mediaset\/"},"author":{"name":"La Redazione","@id":"https:\/\/www.gossip.it\/#\/schema\/person\/488896f75158bff1cc83c6c39d141110"},"headline":"Lory Del Santo al GF Vip, Mediaset: 'Decider\u00e0 lei se entrare o no\u2019","datePublished":"2018-09-20T22:00:00+00:00","dateModified":"2018-09-20T22:00:00+00:00","mainEntityOfPage":{"@id":"https:\/\/www.gossip.it\/news\/lory-del-santo-gf-vip-mediaset\/"},"wordCount":566,"publisher":{"@id":"https:\/\/www.gossip.it\/#organization"},"image":{"@id":"https:\/\/www.gossip.it\/news\/lory-del-santo-gf-vip-mediaset\/#primaryimage"},"thumbnailUrl":"https:\/\/files.gossip.it\/immagini_news\/2018\/09\/1537530174_gfvip_conferenza_stampa_1.jpg","keywords":["andrea palazzo","canale 5","conferenza stampa","dichiarazioni","figlio","gf vip","gf vip 3","giancarlo scheri","grande fratello vip","grande fratello vip 3","instagram","loren","mediaset","post","reality","reality show","social","suicidio","tv"],"articleSection":["News"],"inLanguage":"it-IT"},{"@type":"WebPage","@id":"https:\/\/www.gossip.it\/news\/lory-del-santo-gf-vip-mediaset\/","url":"https:\/\/www.gossip.it\/news\/lory-del-santo-gf-vip-mediaset\/","name":"Lory Del Santo al GF Vip, Mediaset: 'Decider\u00e0 lei se entrare o no\u2019 - Gossip.it | News sul Gossip e VIP","isPartOf":{"@id":"https:\/\/www.gossip.it\/#website"},"primaryImageOfPage":{"@id":"https:\/\/www.gossip.it\/news\/lory-del-santo-gf-vip-mediaset\/#primaryimage"},"image":{"@id":"https:\/\/www.gossip.it\/news\/lory-del-santo-gf-vip-mediaset\/#primaryimage"},"thumbnailUrl":"https:\/\/files.gossip.it\/immagini_news\/2018\/09\/1537530174_gfvip_conferenza_stampa_1.jpg","datePublished":"2018-09-20T22:00:00+00:00","dateModified":"2018-09-20T22:00:00+00:00","description":"Lory Del Santo, dopo il suicidio del figlio Loren, avvenuto lo scorso agosto, ha cambiato idea: aveva firmato un contratto per essere al GF Vip lo scorso","breadcrumb":{"@id":"https:\/\/www.gossip.it\/news\/lory-del-santo-gf-vip-mediaset\/#breadcrumb"},"inLanguage":"it-IT","potentialAction":[{"@type":"ReadAction","target":["https:\/\/www.gossip.it\/news\/lory-del-santo-gf-vip-mediaset\/"]}]},{"@type":"ImageObject","inLanguage":"it-IT","@id":"https:\/\/www.gossip.it\/news\/lory-del-santo-gf-vip-mediaset\/#primaryimage","url":"https:\/\/files.gossip.it\/immagini_news\/2018\/09\/1537530174_gfvip_conferenza_stampa_1.jpg","contentUrl":"https:\/\/files.gossip.it\/immagini_news\/2018\/09\/1537530174_gfvip_conferenza_stampa_1.jpg"},{"@type":"BreadcrumbList","@id":"https:\/\/www.gossip.it\/news\/lory-del-santo-gf-vip-mediaset\/#breadcrumb","itemListElement":[{"@type":"ListItem","position":1,"name":"Home","item":"https:\/\/www.gossip.it\/"},{"@type":"ListItem","position":2,"name":"Lory Del Santo al GF Vip, Mediaset: 'Decider\u00e0 lei se entrare o no\u2019"}]},{"@type":"WebSite","@id":"https:\/\/www.gossip.it\/#website","url":"https:\/\/www.gossip.it\/","name":"Gossip and VIP News","description":"Quotidiano di cronaca rosa, costume e societ\u00e0","publisher":{"@id":"https:\/\/www.gossip.it\/#organization"},"alternateName":"Gossip and VIP News","potentialAction":[{"@type":"SearchAction","target":{"@type":"EntryPoint","urlTemplate":"https:\/\/www.gossip.it\/?s={search_term_string}"},"query-input":{"@type":"PropertyValueSpecification","valueRequired":true,"valueName":"search_term_string"}}],"inLanguage":"it-IT"},{"@type":"Organization","@id":"https:\/\/www.gossip.it\/#organization","name":"Gossip and VIP News","alternateName":"Gossip News","url":"https:\/\/www.gossip.it\/","logo":{"@type":"ImageObject","inLanguage":"it-IT","@id":"https:\/\/www.gossip.it\/#\/schema\/logo\/image\/","url":"https:\/\/www.gossip.it\/wp-content\/uploads\/2022\/04\/cropped-corna-alta-tiny.png","contentUrl":"https:\/\/www.gossip.it\/wp-content\/uploads\/2022\/04\/cropped-corna-alta-tiny.png","width":512,"height":512,"caption":"Gossip and VIP News"},"image":{"@id":"https:\/\/www.gossip.it\/#\/schema\/logo\/image\/"},"sameAs":["https:\/\/www.facebook.com\/GossipIT","https:\/\/x.com\/gossinews_it","https:\/\/instagram.com\/gossip_it"]},{"@type":"Person","@id":"https:\/\/www.gossip.it\/#\/schema\/person\/488896f75158bff1cc83c6c39d141110","name":"La Redazione","image":{"@type":"ImageObject","inLanguage":"it-IT","@id":"https:\/\/www.gossip.it\/#\/schema\/person\/image\/","url":"https:\/\/secure.gravatar.com\/avatar\/5a5f5c6fa3e6700e4249abdad0263a1e94e927d9e0499b1cb09c1cd29c044d80?s=96&d=mm&r=g","contentUrl":"https:\/\/secure.gravatar.com\/avatar\/5a5f5c6fa3e6700e4249abdad0263a1e94e927d9e0499b1cb09c1cd29c044d80?s=96&d=mm&r=g","caption":"La Redazione"},"sameAs":["https:\/\/www.gossip.it"]}]}},"amp_enabled":true,"_links":{"self":[{"href":"https:\/\/www.gossip.it\/api\/wp\/v2\/posts\/62189","targetHints":{"allow":["GET"]}}],"collection":[{"href":"https:\/\/www.gossip.it\/api\/wp\/v2\/posts"}],"about":[{"href":"https:\/\/www.gossip.it\/api\/wp\/v2\/types\/post"}],"author":[{"embeddable":true,"href":"https:\/\/www.gossip.it\/api\/wp\/v2\/users\/1"}],"replies":[{"embeddable":true,"href":"https:\/\/www.gossip.it\/api\/wp\/v2\/comments?post=62189"}],"version-history":[{"count":0,"href":"https:\/\/www.gossip.it\/api\/wp\/v2\/posts\/62189\/revisions"}],"wp:featuredmedia":[{"embeddable":true,"href":"https:\/\/www.gossip.it\/api\/wp\/v2\/media\/118235"}],"wp:attachment":[{"href":"https:\/\/www.gossip.it\/api\/wp\/v2\/media?parent=62189"}],"wp:term":[{"taxonomy":"category","embeddable":true,"href":"https:\/\/www.gossip.it\/api\/wp\/v2\/categories?post=62189"},{"taxonomy":"post_tag","embeddable":true,"href":"https:\/\/www.gossip.it\/api\/wp\/v2\/tags?post=62189"},{"taxonomy":"vip","embeddable":true,"href":"https:\/\/www.gossip.it\/api\/wp\/v2\/vip?post=62189"}],"curies":[{"name":"wp","href":"https:\/\/api.w.org\/{rel}","templated":true}]}}