{"id":62217,"date":"2018-09-25T00:00:00","date_gmt":"2018-09-24T22:00:00","guid":{"rendered":"https:\/\/www.gossip.it\/senza-categoria\/tina-cipollari-fidanzato-vincenzo-ferrara-innamorata\/"},"modified":"2018-09-25T00:00:00","modified_gmt":"2018-09-24T22:00:00","slug":"tina-cipollari-fidanzato-vincenzo-ferrara-innamorata","status":"publish","type":"post","link":"https:\/\/www.gossip.it\/news\/tina-cipollari-fidanzato-vincenzo-ferrara-innamorata\/","title":{"rendered":"Tina Cipollari parla del fidanzato Vincenzo Ferrara: 'Sono innamorata\u2019"},"content":{"rendered":"<p><a href=\"\/vip\/tina-cipollari\/\">Tina Cipollari<\/a>, la super opinionista di <a href=\"\/vip\/uomini-e donne\/\">Uomini e Donne<\/a> di <a href=\"\/vip\/maria-de filippi\/\">Maria De Filippi<\/a>, parla del <strong>fidanzato Vincenzo Ferrara<\/strong> al settimanale <em>Sono<\/em>. La bionda ammette:<em> \u201cSono <strong>innamorata<\/strong>\u201d.<\/em><\/p>\n<figure class=\"caption\"><img decoding=\"async\" alt=\"\" width=\"640\" height=\"635\" src=\"https:\/\/files.gossip.it\/immagini_news\/2018\/09\/1537879314_tina_cipollari.jpg\" \/><figcaption>Tina Cipollari parla del fidanzato Vincenzo Ferrara: 'Sono innamorata'<\/figcaption><\/figure>\n<p>E\u2019 la prima volta che rileva senza peli sulla lingua i sentimenti per il nuovo <strong>fidanzato Vincenzo Ferrara<\/strong>. <strong>Tina Cipollari <\/strong>al giornale dice:<em> \u201cLe cose vanno benissimo. Sono felice, sono <strong>innamorata<\/strong>. Procede tutto davvero a gonfie vele\u201d.<\/em> La 52enne, che vive a Roma con i tre figli avuti dall\u2019ex marito <a href=\"\/vip\/chicco-nalli\/\">Chicco Nalli<\/a>, per l\u2019imprenditore fa la pendolare tra la Capitale e Firenze, dove l\u2019uomo vive e lavora.<\/p>\n<p>Svela di essere<strong> innamorata<\/strong>. <strong>Tina Cipollari <\/strong>\u00e8 contenta di aver accanto il<strong> fidanzato Vincenzo Ferrara<\/strong>.<em> \u201cNon tiene famiglia\u201d<\/em>, sottolinea. Il compagno non ha figli e non \u00e8 stato sposato. <em>\u201cCi vediamo soprattutto a Firenze. Sono una delle migliori clienti della sua osteria\u201d<\/em>, ammette subito dopo. Vincenzo \u00e8 il proprietario di uno dei pi\u00f9 rinomati ristoranti della citt\u00e0 toscana.<\/p>\n<figure class=\"caption\"><img decoding=\"async\" alt=\"\" width=\"640\" height=\"640\" src=\"https:\/\/files.gossip.it\/immagini_news\/2018\/09\/1537879330_tina_cipollari_vincenzo_ferrara.jpg\" \/><figcaption>La 52enne per vedere il compagno fa la pendolare tra Roma e Firenze, dove l'uomo vive e lavora<\/figcaption><\/figure>\n<p>Tina,<strong> innamorata<\/strong>, in questo momento della sua vita \u00e8 serena, le danno per\u00f2 fastidio i continui gossip:<em> \u201cOgni anno \u00e8 cos\u00ec, niente di nuovo sotto il sole. Sempre le solite cose del pubblico\u2026I chili di troppo? Non gli do importanza. Sono attacchi strumentali di chi \u00e8 nemico di quel che rappresentano per il pubblico di Uomini e Donne o di fazioni del pubblico a favore di Gemma. Ma a me non importa niente n\u00e9 mi fa in nessun modo arrabbiare. Come non mi sono fatta toccare quando si dicevano certe stupidaggini\u2026 Che sarei stata <\/em><a href=\"\/vip\/incinta\/\">incinta<\/a><em>\u201d.<\/em><\/p>\n<p>\u00a0<\/p>\n","protected":false},"excerpt":{"rendered":"<p>Tina Cipollari, la super opinionista di Uomini e Donne di Maria De Filippi, parla del fidanzato Vincenzo Ferrara al settimanale Sono. La bionda ammette: \u201cSono innamorata\u201d. Tina Cipollari parla del fidanzato Vincenzo Ferrara: 'Sono innamorata' E\u2019 la prima volta che rileva senza peli sulla lingua i sentimenti per il nuovo fidanzato Vincenzo Ferrara. Tina Cipollari [&hellip;]<\/p>\n","protected":false},"author":1,"featured_media":118263,"comment_status":"closed","ping_status":"closed","sticky":false,"template":"","format":"standard","meta":{"footnotes":""},"categories":[54],"tags":[2102,2298,4280,2103,6274,58150,2115,12519],"vip":[1764],"class_list":["post-62217","post","type-post","status-publish","format-standard","has-post-thumbnail","hentry","category-news","tag-dichiarazioni","tag-fidanzato","tag-innamorata","tag-intervista","tag-opinionista","tag-sono","tag-uomini-e-donne","tag-vincenzo-ferrara","vip-tina_cipollari"],"yoast_head":"<title>Tina Cipollari parla del fidanzato Vincenzo Ferrara: &#039;Sono innamorata\u2019 - Gossip.it | News sul Gossip e VIP<\/title>\n<meta name=\"description\" content=\"Tina Cipollari, la super opinionista di Uomini e Donne di Maria De Filippi, parla del fidanzato Vincenzo Ferrara al settimanale Sono. La bionda ammette:\" \/>\n<meta name=\"robots\" content=\"index, follow, max-snippet:-1, max-image-preview:large, max-video-preview:-1\" \/>\n<link rel=\"canonical\" href=\"https:\/\/www.gossip.it\/news\/tina-cipollari-fidanzato-vincenzo-ferrara-innamorata\/\" \/>\n<meta property=\"og:locale\" content=\"it_IT\" \/>\n<meta property=\"og:type\" content=\"article\" \/>\n<meta property=\"og:title\" content=\"Tina Cipollari parla del fidanzato Vincenzo Ferrara: &#039;Sono innamorata\u2019 - Gossip.it | News sul Gossip e VIP\" \/>\n<meta property=\"og:description\" content=\"Tina Cipollari, la super opinionista di Uomini e Donne di Maria De Filippi, parla del fidanzato Vincenzo Ferrara al settimanale Sono. La bionda ammette:\" \/>\n<meta property=\"og:url\" content=\"https:\/\/www.gossip.it\/news\/tina-cipollari-fidanzato-vincenzo-ferrara-innamorata\/\" \/>\n<meta property=\"og:site_name\" content=\"Gossip.it | News sul Gossip e VIP\" \/>\n<meta property=\"article:publisher\" content=\"https:\/\/www.facebook.com\/GossipIT\" \/>\n<meta property=\"article:published_time\" content=\"2018-09-24T22:00:00+00:00\" \/>\n<meta property=\"og:image\" content=\"https:\/\/files.gossip.it\/immagini_news\/2018\/09\/1537879314_tina_cipollari.jpg\" \/>\n<meta name=\"author\" content=\"La Redazione\" \/>\n<meta name=\"twitter:card\" content=\"summary_large_image\" \/>\n<meta name=\"twitter:image\" content=\"https:\/\/files.gossip.it\/immagini_news\/2018\/09\/1537879314_tina_cipollari.jpg\" \/>\n<meta name=\"twitter:creator\" content=\"@gossinews_it\" \/>\n<meta name=\"twitter:site\" content=\"@gossinews_it\" \/>\n<meta name=\"twitter:label1\" content=\"Scritto da\" \/>\n\t<meta name=\"twitter:data1\" content=\"Annamaria Capozzi\" \/>\n\t<meta name=\"twitter:label2\" content=\"Tempo di lettura stimato\" \/>\n\t<meta name=\"twitter:data2\" content=\"1 minuto\" \/>","yoast_head_json":{"title":"Tina Cipollari parla del fidanzato Vincenzo Ferrara: 'Sono innamorata\u2019 - Gossip.it | News sul Gossip e VIP","description":"Tina Cipollari, la super opinionista di Uomini e Donne di Maria De Filippi, parla del fidanzato Vincenzo Ferrara al settimanale Sono. La bionda ammette:","robots":{"index":"index","follow":"follow","max-snippet":"max-snippet:-1","max-image-preview":"max-image-preview:large","max-video-preview":"max-video-preview:-1"},"canonical":"https:\/\/www.gossip.it\/news\/tina-cipollari-fidanzato-vincenzo-ferrara-innamorata\/","og_locale":"it_IT","og_type":"article","og_title":"Tina Cipollari parla del fidanzato Vincenzo Ferrara: 'Sono innamorata\u2019 - Gossip.it | News sul Gossip e VIP","og_description":"Tina Cipollari, la super opinionista di Uomini e Donne di Maria De Filippi, parla del fidanzato Vincenzo Ferrara al settimanale Sono. La bionda ammette:","og_url":"https:\/\/www.gossip.it\/news\/tina-cipollari-fidanzato-vincenzo-ferrara-innamorata\/","og_site_name":"Gossip.it | News sul Gossip e VIP","article_publisher":"https:\/\/www.facebook.com\/GossipIT","article_published_time":"2018-09-24T22:00:00+00:00","og_image":[{"url":"https:\/\/files.gossip.it\/immagini_news\/2018\/09\/1537879314_tina_cipollari.jpg"}],"author":"La Redazione","twitter_card":"summary_large_image","twitter_image":"https:\/\/files.gossip.it\/immagini_news\/2018\/09\/1537879314_tina_cipollari.jpg","twitter_creator":"@gossinews_it","twitter_site":"@gossinews_it","twitter_misc":{"Scritto da":"Annamaria Capozzi","Tempo di lettura stimato":"1 minuto"},"schema":{"@context":"https:\/\/schema.org","@graph":[{"@type":"Article","@id":"https:\/\/www.gossip.it\/news\/tina-cipollari-fidanzato-vincenzo-ferrara-innamorata\/#article","isPartOf":{"@id":"https:\/\/www.gossip.it\/news\/tina-cipollari-fidanzato-vincenzo-ferrara-innamorata\/"},"author":{"name":"La Redazione","@id":"https:\/\/www.gossip.it\/#\/schema\/person\/488896f75158bff1cc83c6c39d141110"},"headline":"Tina Cipollari parla del fidanzato Vincenzo Ferrara: 'Sono innamorata\u2019","datePublished":"2018-09-24T22:00:00+00:00","dateModified":"2018-09-24T22:00:00+00:00","mainEntityOfPage":{"@id":"https:\/\/www.gossip.it\/news\/tina-cipollari-fidanzato-vincenzo-ferrara-innamorata\/"},"wordCount":281,"publisher":{"@id":"https:\/\/www.gossip.it\/#organization"},"image":{"@id":"https:\/\/www.gossip.it\/news\/tina-cipollari-fidanzato-vincenzo-ferrara-innamorata\/#primaryimage"},"thumbnailUrl":"https:\/\/files.gossip.it\/immagini_news\/2018\/09\/1537879314_tina_cipollari.jpg","keywords":["dichiarazioni","fidanzato","innamorata","intervista","opinionista","sono","uomini e donne","vincenzo ferrara"],"articleSection":["News"],"inLanguage":"it-IT"},{"@type":"WebPage","@id":"https:\/\/www.gossip.it\/news\/tina-cipollari-fidanzato-vincenzo-ferrara-innamorata\/","url":"https:\/\/www.gossip.it\/news\/tina-cipollari-fidanzato-vincenzo-ferrara-innamorata\/","name":"Tina Cipollari parla del fidanzato Vincenzo Ferrara: 'Sono innamorata\u2019 - Gossip.it | News sul Gossip e VIP","isPartOf":{"@id":"https:\/\/www.gossip.it\/#website"},"primaryImageOfPage":{"@id":"https:\/\/www.gossip.it\/news\/tina-cipollari-fidanzato-vincenzo-ferrara-innamorata\/#primaryimage"},"image":{"@id":"https:\/\/www.gossip.it\/news\/tina-cipollari-fidanzato-vincenzo-ferrara-innamorata\/#primaryimage"},"thumbnailUrl":"https:\/\/files.gossip.it\/immagini_news\/2018\/09\/1537879314_tina_cipollari.jpg","datePublished":"2018-09-24T22:00:00+00:00","dateModified":"2018-09-24T22:00:00+00:00","description":"Tina Cipollari, la super opinionista di Uomini e Donne di Maria De Filippi, parla del fidanzato Vincenzo Ferrara al settimanale Sono. La bionda ammette:","breadcrumb":{"@id":"https:\/\/www.gossip.it\/news\/tina-cipollari-fidanzato-vincenzo-ferrara-innamorata\/#breadcrumb"},"inLanguage":"it-IT","potentialAction":[{"@type":"ReadAction","target":["https:\/\/www.gossip.it\/news\/tina-cipollari-fidanzato-vincenzo-ferrara-innamorata\/"]}]},{"@type":"ImageObject","inLanguage":"it-IT","@id":"https:\/\/www.gossip.it\/news\/tina-cipollari-fidanzato-vincenzo-ferrara-innamorata\/#primaryimage","url":"https:\/\/files.gossip.it\/immagini_news\/2018\/09\/1537879314_tina_cipollari.jpg","contentUrl":"https:\/\/files.gossip.it\/immagini_news\/2018\/09\/1537879314_tina_cipollari.jpg"},{"@type":"BreadcrumbList","@id":"https:\/\/www.gossip.it\/news\/tina-cipollari-fidanzato-vincenzo-ferrara-innamorata\/#breadcrumb","itemListElement":[{"@type":"ListItem","position":1,"name":"Home","item":"https:\/\/www.gossip.it\/"},{"@type":"ListItem","position":2,"name":"Tina Cipollari parla del fidanzato Vincenzo Ferrara: 'Sono innamorata\u2019"}]},{"@type":"WebSite","@id":"https:\/\/www.gossip.it\/#website","url":"https:\/\/www.gossip.it\/","name":"Gossip and VIP News","description":"Quotidiano di cronaca rosa, costume e societ\u00e0","publisher":{"@id":"https:\/\/www.gossip.it\/#organization"},"alternateName":"Gossip and VIP News","potentialAction":[{"@type":"SearchAction","target":{"@type":"EntryPoint","urlTemplate":"https:\/\/www.gossip.it\/?s={search_term_string}"},"query-input":{"@type":"PropertyValueSpecification","valueRequired":true,"valueName":"search_term_string"}}],"inLanguage":"it-IT"},{"@type":"Organization","@id":"https:\/\/www.gossip.it\/#organization","name":"Gossip and VIP News","alternateName":"Gossip News","url":"https:\/\/www.gossip.it\/","logo":{"@type":"ImageObject","inLanguage":"it-IT","@id":"https:\/\/www.gossip.it\/#\/schema\/logo\/image\/","url":"https:\/\/www.gossip.it\/wp-content\/uploads\/2022\/04\/cropped-corna-alta-tiny.png","contentUrl":"https:\/\/www.gossip.it\/wp-content\/uploads\/2022\/04\/cropped-corna-alta-tiny.png","width":512,"height":512,"caption":"Gossip and VIP News"},"image":{"@id":"https:\/\/www.gossip.it\/#\/schema\/logo\/image\/"},"sameAs":["https:\/\/www.facebook.com\/GossipIT","https:\/\/x.com\/gossinews_it","https:\/\/instagram.com\/gossip_it"]},{"@type":"Person","@id":"https:\/\/www.gossip.it\/#\/schema\/person\/488896f75158bff1cc83c6c39d141110","name":"La Redazione","image":{"@type":"ImageObject","inLanguage":"it-IT","@id":"https:\/\/www.gossip.it\/#\/schema\/person\/image\/","url":"https:\/\/secure.gravatar.com\/avatar\/5a5f5c6fa3e6700e4249abdad0263a1e94e927d9e0499b1cb09c1cd29c044d80?s=96&d=mm&r=g","contentUrl":"https:\/\/secure.gravatar.com\/avatar\/5a5f5c6fa3e6700e4249abdad0263a1e94e927d9e0499b1cb09c1cd29c044d80?s=96&d=mm&r=g","caption":"La Redazione"},"sameAs":["https:\/\/www.gossip.it"]}]}},"amp_enabled":true,"_links":{"self":[{"href":"https:\/\/www.gossip.it\/api\/wp\/v2\/posts\/62217","targetHints":{"allow":["GET"]}}],"collection":[{"href":"https:\/\/www.gossip.it\/api\/wp\/v2\/posts"}],"about":[{"href":"https:\/\/www.gossip.it\/api\/wp\/v2\/types\/post"}],"author":[{"embeddable":true,"href":"https:\/\/www.gossip.it\/api\/wp\/v2\/users\/1"}],"replies":[{"embeddable":true,"href":"https:\/\/www.gossip.it\/api\/wp\/v2\/comments?post=62217"}],"version-history":[{"count":0,"href":"https:\/\/www.gossip.it\/api\/wp\/v2\/posts\/62217\/revisions"}],"wp:featuredmedia":[{"embeddable":true,"href":"https:\/\/www.gossip.it\/api\/wp\/v2\/media\/118263"}],"wp:attachment":[{"href":"https:\/\/www.gossip.it\/api\/wp\/v2\/media?parent=62217"}],"wp:term":[{"taxonomy":"category","embeddable":true,"href":"https:\/\/www.gossip.it\/api\/wp\/v2\/categories?post=62217"},{"taxonomy":"post_tag","embeddable":true,"href":"https:\/\/www.gossip.it\/api\/wp\/v2\/tags?post=62217"},{"taxonomy":"vip","embeddable":true,"href":"https:\/\/www.gossip.it\/api\/wp\/v2\/vip?post=62217"}],"curies":[{"name":"wp","href":"https:\/\/api.w.org\/{rel}","templated":true}]}}