{"id":62242,"date":"2018-09-27T00:00:00","date_gmt":"2018-09-26T22:00:00","guid":{"rendered":"https:\/\/www.gossip.it\/senza-categoria\/costanza-caracciolo-pancione-cena\/"},"modified":"2018-09-27T00:00:00","modified_gmt":"2018-09-26T22:00:00","slug":"costanza-caracciolo-pancione-cena","status":"publish","type":"post","link":"https:\/\/www.gossip.it\/news\/costanza-caracciolo-pancione-cena\/","title":{"rendered":"Costanza Caracciolo, elegantissima anche con il pancione per una cena speciale"},"content":{"rendered":"<p><a href=\"\/vip\/costanza-caracciolo\/\">Costanza Caracciolo<\/a>, 28 anni, ha partecipato a una <strong>cena<\/strong> organizzata a Milano da Atelier Eme. L'ex velina bionda per l'occasione ha indossato un abito lungo bordeaux che cingeva il bel <strong>pancione<\/strong>. La futura mamma ha postato uno scatto sul <a href=\"\/vip\/social-\/\">social <\/a>e accanto ha scritto: <em>\"Special dinner\"<\/em>.<\/p>\n<figure class=\"caption\"><img decoding=\"async\" alt=\"\" width=\"640\" height=\"797\" src=\"https:\/\/files.gossip.it\/immagini_news\/2018\/09\/1538047213_caracciolo_pancione_ateliereme.jpg\" \/><figcaption>Costanza Caracciolo bellissima in lungo<\/figcaption><\/figure>\n<p><strong>Costanza <\/strong>a novembre diventer\u00e0 mamma di una femminuccia. Aspetta la prima figlia dal compagno <a href=\"\/vip\/christian-vieri\/\">Christian Vieri<\/a>. Il suo look premaman \u00e8 ineccepibile. Anche con il <strong>pancione<\/strong> \u00e8 sempre elegante. I follower apprezzano la mise della <strong>Caracciolo<\/strong>: <em>\"Pi\u00f9 bella di sempre, anzi belle\"<\/em>, si legge tra i commenti. E ancora: <em>\"Sei bellissima e meravigliosa\"<\/em>. Complimenti arrivano anche dall'amica ed ex collega di \"<a href=\"\/vip\/striscia\/\">Striscia<\/a>\" <a href=\"\/vip\/federica-nargi\/\">Federica Nargi<\/a> che scrive un semplice ma esplicativo <em>\"wooooooow<\/em>\".<\/p>\n<p>Ha incantato tutti alla <strong>cena<\/strong> di gala<strong> Costanza Caracciolo<\/strong> con il suo bel pancione e il sorriso smagliante. Per lei questo \u00e8 un momento d'oro: dopo un'amicizia durata 10 anni, \u00e8 sbocciato l'amore con Bobo Vieri. La coppia ha dovuto superare un momento difficile quando la prima gravidanza non \u00e8 andata a buon fine. Ora, per\u00f2, una bimba sta per arrivare e i due futuri genitori non potrebbero essere pi\u00f9 felici.\u00a0<\/p>\n","protected":false},"excerpt":{"rendered":"<p>Costanza Caracciolo, 28 anni, ha partecipato a una cena organizzata a Milano da Atelier Eme. L'ex velina bionda per l'occasione ha indossato un abito lungo bordeaux che cingeva il bel pancione. La futura mamma ha postato uno scatto sul social e accanto ha scritto: \"Special dinner\". Costanza Caracciolo bellissima in lungo Costanza a novembre diventer\u00e0 [&hellip;]<\/p>\n","protected":false},"author":1,"featured_media":118288,"comment_status":"closed","ping_status":"closed","sticky":false,"template":"","format":"standard","meta":{"footnotes":""},"categories":[54],"tags":[12432,6560,1970,1979,4812,1923],"vip":[419,532],"class_list":["post-62242","post","type-post","status-publish","format-standard","has-post-thumbnail","hentry","category-news","tag-cena-di-gala","tag-christian-vieri","tag-look","tag-milano","tag-pancione","tag-social","vip-bobo_vieri","vip-costanza_caracciolo"],"yoast_head":"<title>Costanza Caracciolo, elegantissima anche con il pancione per una cena speciale - Gossip.it | News sul Gossip e VIP<\/title>\n<meta name=\"description\" content=\"Costanza Caracciolo, 28 anni, ha partecipato a una cena organizzata a Milano da Atelier Eme. L&#039;ex velina bionda per l&#039;occasione ha indossato un abito\" \/>\n<meta name=\"robots\" content=\"index, follow, max-snippet:-1, max-image-preview:large, max-video-preview:-1\" \/>\n<link rel=\"canonical\" href=\"https:\/\/www.gossip.it\/news\/costanza-caracciolo-pancione-cena\/\" \/>\n<meta property=\"og:locale\" content=\"it_IT\" \/>\n<meta property=\"og:type\" content=\"article\" \/>\n<meta property=\"og:title\" content=\"Costanza Caracciolo, elegantissima anche con il pancione per una cena speciale - Gossip.it | News sul Gossip e VIP\" \/>\n<meta property=\"og:description\" content=\"Costanza Caracciolo, 28 anni, ha partecipato a una cena organizzata a Milano da Atelier Eme. L&#039;ex velina bionda per l&#039;occasione ha indossato un abito\" \/>\n<meta property=\"og:url\" content=\"https:\/\/www.gossip.it\/news\/costanza-caracciolo-pancione-cena\/\" \/>\n<meta property=\"og:site_name\" content=\"Gossip.it | News sul Gossip e VIP\" \/>\n<meta property=\"article:publisher\" content=\"https:\/\/www.facebook.com\/GossipIT\" \/>\n<meta property=\"article:published_time\" content=\"2018-09-26T22:00:00+00:00\" \/>\n<meta property=\"og:image\" content=\"https:\/\/files.gossip.it\/immagini_news\/2018\/09\/1538047213_caracciolo_pancione_ateliereme.jpg\" \/>\n<meta name=\"author\" content=\"La Redazione\" \/>\n<meta name=\"twitter:card\" content=\"summary_large_image\" \/>\n<meta name=\"twitter:image\" content=\"https:\/\/files.gossip.it\/immagini_news\/2018\/09\/1538047213_caracciolo_pancione_ateliereme.jpg\" \/>\n<meta name=\"twitter:creator\" content=\"@gossinews_it\" \/>\n<meta name=\"twitter:site\" content=\"@gossinews_it\" \/>\n<meta name=\"twitter:label1\" content=\"Scritto da\" \/>\n\t<meta name=\"twitter:data1\" content=\"Francesca Romana Domenici\" \/>\n\t<meta name=\"twitter:label2\" content=\"Tempo di lettura stimato\" \/>\n\t<meta name=\"twitter:data2\" content=\"1 minuto\" \/>","yoast_head_json":{"title":"Costanza Caracciolo, elegantissima anche con il pancione per una cena speciale - Gossip.it | News sul Gossip e VIP","description":"Costanza Caracciolo, 28 anni, ha partecipato a una cena organizzata a Milano da Atelier Eme. L'ex velina bionda per l'occasione ha indossato un abito","robots":{"index":"index","follow":"follow","max-snippet":"max-snippet:-1","max-image-preview":"max-image-preview:large","max-video-preview":"max-video-preview:-1"},"canonical":"https:\/\/www.gossip.it\/news\/costanza-caracciolo-pancione-cena\/","og_locale":"it_IT","og_type":"article","og_title":"Costanza Caracciolo, elegantissima anche con il pancione per una cena speciale - Gossip.it | News sul Gossip e VIP","og_description":"Costanza Caracciolo, 28 anni, ha partecipato a una cena organizzata a Milano da Atelier Eme. L'ex velina bionda per l'occasione ha indossato un abito","og_url":"https:\/\/www.gossip.it\/news\/costanza-caracciolo-pancione-cena\/","og_site_name":"Gossip.it | News sul Gossip e VIP","article_publisher":"https:\/\/www.facebook.com\/GossipIT","article_published_time":"2018-09-26T22:00:00+00:00","og_image":[{"url":"https:\/\/files.gossip.it\/immagini_news\/2018\/09\/1538047213_caracciolo_pancione_ateliereme.jpg"}],"author":"La Redazione","twitter_card":"summary_large_image","twitter_image":"https:\/\/files.gossip.it\/immagini_news\/2018\/09\/1538047213_caracciolo_pancione_ateliereme.jpg","twitter_creator":"@gossinews_it","twitter_site":"@gossinews_it","twitter_misc":{"Scritto da":"Francesca Romana Domenici","Tempo di lettura stimato":"1 minuto"},"schema":{"@context":"https:\/\/schema.org","@graph":[{"@type":"Article","@id":"https:\/\/www.gossip.it\/news\/costanza-caracciolo-pancione-cena\/#article","isPartOf":{"@id":"https:\/\/www.gossip.it\/news\/costanza-caracciolo-pancione-cena\/"},"author":{"name":"La Redazione","@id":"https:\/\/www.gossip.it\/#\/schema\/person\/488896f75158bff1cc83c6c39d141110"},"headline":"Costanza Caracciolo, elegantissima anche con il pancione per una cena speciale","datePublished":"2018-09-26T22:00:00+00:00","dateModified":"2018-09-26T22:00:00+00:00","mainEntityOfPage":{"@id":"https:\/\/www.gossip.it\/news\/costanza-caracciolo-pancione-cena\/"},"wordCount":203,"publisher":{"@id":"https:\/\/www.gossip.it\/#organization"},"image":{"@id":"https:\/\/www.gossip.it\/news\/costanza-caracciolo-pancione-cena\/#primaryimage"},"thumbnailUrl":"https:\/\/files.gossip.it\/immagini_news\/2018\/09\/1538047213_caracciolo_pancione_ateliereme.jpg","keywords":["cena di gala","christian vieri","look","milano","pancione","social"],"articleSection":["News"],"inLanguage":"it-IT"},{"@type":"WebPage","@id":"https:\/\/www.gossip.it\/news\/costanza-caracciolo-pancione-cena\/","url":"https:\/\/www.gossip.it\/news\/costanza-caracciolo-pancione-cena\/","name":"Costanza Caracciolo, elegantissima anche con il pancione per una cena speciale - Gossip.it | News sul Gossip e VIP","isPartOf":{"@id":"https:\/\/www.gossip.it\/#website"},"primaryImageOfPage":{"@id":"https:\/\/www.gossip.it\/news\/costanza-caracciolo-pancione-cena\/#primaryimage"},"image":{"@id":"https:\/\/www.gossip.it\/news\/costanza-caracciolo-pancione-cena\/#primaryimage"},"thumbnailUrl":"https:\/\/files.gossip.it\/immagini_news\/2018\/09\/1538047213_caracciolo_pancione_ateliereme.jpg","datePublished":"2018-09-26T22:00:00+00:00","dateModified":"2018-09-26T22:00:00+00:00","description":"Costanza Caracciolo, 28 anni, ha partecipato a una cena organizzata a Milano da Atelier Eme. L'ex velina bionda per l'occasione ha indossato un abito","breadcrumb":{"@id":"https:\/\/www.gossip.it\/news\/costanza-caracciolo-pancione-cena\/#breadcrumb"},"inLanguage":"it-IT","potentialAction":[{"@type":"ReadAction","target":["https:\/\/www.gossip.it\/news\/costanza-caracciolo-pancione-cena\/"]}]},{"@type":"ImageObject","inLanguage":"it-IT","@id":"https:\/\/www.gossip.it\/news\/costanza-caracciolo-pancione-cena\/#primaryimage","url":"https:\/\/files.gossip.it\/immagini_news\/2018\/09\/1538047213_caracciolo_pancione_ateliereme.jpg","contentUrl":"https:\/\/files.gossip.it\/immagini_news\/2018\/09\/1538047213_caracciolo_pancione_ateliereme.jpg"},{"@type":"BreadcrumbList","@id":"https:\/\/www.gossip.it\/news\/costanza-caracciolo-pancione-cena\/#breadcrumb","itemListElement":[{"@type":"ListItem","position":1,"name":"Home","item":"https:\/\/www.gossip.it\/"},{"@type":"ListItem","position":2,"name":"Costanza Caracciolo, elegantissima anche con il pancione per una cena speciale"}]},{"@type":"WebSite","@id":"https:\/\/www.gossip.it\/#website","url":"https:\/\/www.gossip.it\/","name":"Gossip and VIP News","description":"Quotidiano di cronaca rosa, costume e societ\u00e0","publisher":{"@id":"https:\/\/www.gossip.it\/#organization"},"alternateName":"Gossip and VIP News","potentialAction":[{"@type":"SearchAction","target":{"@type":"EntryPoint","urlTemplate":"https:\/\/www.gossip.it\/?s={search_term_string}"},"query-input":{"@type":"PropertyValueSpecification","valueRequired":true,"valueName":"search_term_string"}}],"inLanguage":"it-IT"},{"@type":"Organization","@id":"https:\/\/www.gossip.it\/#organization","name":"Gossip and VIP News","alternateName":"Gossip News","url":"https:\/\/www.gossip.it\/","logo":{"@type":"ImageObject","inLanguage":"it-IT","@id":"https:\/\/www.gossip.it\/#\/schema\/logo\/image\/","url":"https:\/\/www.gossip.it\/wp-content\/uploads\/2022\/04\/cropped-corna-alta-tiny.png","contentUrl":"https:\/\/www.gossip.it\/wp-content\/uploads\/2022\/04\/cropped-corna-alta-tiny.png","width":512,"height":512,"caption":"Gossip and VIP News"},"image":{"@id":"https:\/\/www.gossip.it\/#\/schema\/logo\/image\/"},"sameAs":["https:\/\/www.facebook.com\/GossipIT","https:\/\/x.com\/gossinews_it","https:\/\/instagram.com\/gossip_it"]},{"@type":"Person","@id":"https:\/\/www.gossip.it\/#\/schema\/person\/488896f75158bff1cc83c6c39d141110","name":"La Redazione","image":{"@type":"ImageObject","inLanguage":"it-IT","@id":"https:\/\/www.gossip.it\/#\/schema\/person\/image\/","url":"https:\/\/secure.gravatar.com\/avatar\/5a5f5c6fa3e6700e4249abdad0263a1e94e927d9e0499b1cb09c1cd29c044d80?s=96&d=mm&r=g","contentUrl":"https:\/\/secure.gravatar.com\/avatar\/5a5f5c6fa3e6700e4249abdad0263a1e94e927d9e0499b1cb09c1cd29c044d80?s=96&d=mm&r=g","caption":"La Redazione"},"sameAs":["https:\/\/www.gossip.it"]}]}},"amp_enabled":true,"_links":{"self":[{"href":"https:\/\/www.gossip.it\/api\/wp\/v2\/posts\/62242","targetHints":{"allow":["GET"]}}],"collection":[{"href":"https:\/\/www.gossip.it\/api\/wp\/v2\/posts"}],"about":[{"href":"https:\/\/www.gossip.it\/api\/wp\/v2\/types\/post"}],"author":[{"embeddable":true,"href":"https:\/\/www.gossip.it\/api\/wp\/v2\/users\/1"}],"replies":[{"embeddable":true,"href":"https:\/\/www.gossip.it\/api\/wp\/v2\/comments?post=62242"}],"version-history":[{"count":0,"href":"https:\/\/www.gossip.it\/api\/wp\/v2\/posts\/62242\/revisions"}],"wp:featuredmedia":[{"embeddable":true,"href":"https:\/\/www.gossip.it\/api\/wp\/v2\/media\/118288"}],"wp:attachment":[{"href":"https:\/\/www.gossip.it\/api\/wp\/v2\/media?parent=62242"}],"wp:term":[{"taxonomy":"category","embeddable":true,"href":"https:\/\/www.gossip.it\/api\/wp\/v2\/categories?post=62242"},{"taxonomy":"post_tag","embeddable":true,"href":"https:\/\/www.gossip.it\/api\/wp\/v2\/tags?post=62242"},{"taxonomy":"vip","embeddable":true,"href":"https:\/\/www.gossip.it\/api\/wp\/v2\/vip?post=62242"}],"curies":[{"name":"wp","href":"https:\/\/api.w.org\/{rel}","templated":true}]}}