{"id":62266,"date":"2018-10-01T00:00:00","date_gmt":"2018-09-30T22:00:00","guid":{"rendered":"https:\/\/www.gossip.it\/senza-categoria\/marco-carta-intervento-domenica-live\/"},"modified":"2018-10-01T00:00:00","modified_gmt":"2018-09-30T22:00:00","slug":"marco-carta-intervento-domenica-live","status":"publish","type":"post","link":"https:\/\/www.gossip.it\/news\/marco-carta-intervento-domenica-live\/","title":{"rendered":"'Domenica Live', Marco Carta parla dell'intervento: 'Avevo una macchia gigantesca all'addome'"},"content":{"rendered":"<p><a href=\"\/vip\/marco-carta\/\">Marco Carta<\/a>, 33 anni, ospite di <a href=\"\/vip\/barbara-d'urso\/\">Barbara D'Urso<\/a> a \"<a href=\"\/vip\/domenica-live\/\">Domenica Live<\/a>\", ha finalmente rivelato il motivo per cui questa estate si \u00e8 dovuto sottoporre a un <strong>intervento<\/strong> d'urgenza: aveva l'intestino perforato.<\/p>\n<figure class=\"caption\"><img decoding=\"async\" alt=\"\" width=\"640\" height=\"360\" src=\"https:\/\/files.gossip.it\/immagini_news\/2018\/10\/1538394632_marco_carta_domenica_live_1.jpg\" \/><figcaption>Marco Carta racconta i momenti difficili vissuti questa estate quando \u00e8 stato operato d'urgenza<\/figcaption><\/figure>\n<p><strong>Marco<\/strong> sui social nei mesi scorsi ha mostrato le cicatrici sull'addome, ma non ha fornito molti dettagli sull'i<strong>ntervento<\/strong>. Durante \"<strong>Domenica Live<\/strong>\", invece, ha raccontato i momenti difficili vissuti, quando si \u00e8 sentito male a causa dell'intestino perforato: <em>\"In buona sostanza, improvvisamente, dovevo andare a cantare ad Assisi e sono stato malissimo in treno dal nulla\u00a0<\/em>- ha dichiarato<strong> Carta<\/strong> - <em>Sono stato talmente male che il capotreno ha fermato il treno. In precedenza, era stato chiamato un dottore. Stavo facendo i salti mortali. Mi hanno tenuto sotto sorveglianza ad Arezzo per qualche ora. C'era l'ambulanza che mi aspettava. Dopo il concerto ad Assisi, stavo malissimo, in albergo non ho dormito. La mattina dopo, ho preso il treno per tornare a Milano e i dolori non mi hanno lasciato un attimo\"<\/em>.<\/p>\n<figure class=\"caption\"><img decoding=\"async\" alt=\"\" width=\"640\" height=\"355\" src=\"https:\/\/files.gossip.it\/immagini_news\/2018\/10\/1538394706_marco_carta_domenica_live_2.jpg\" \/><figcaption>Il cantante aveva l'intestino perforato e l'intervento ha lasciato delle cicatrici sul suo addome<\/figcaption><\/figure>\n<p><em>\"Ho capito che stavo veramente male quando mi sono reso conto di non capire quello che stavo vedendo in tv<\/em> - ha continuato il cantante -<em> Ho chiamato i miei amici e mi sono fatto portare all'ospedale. Da l\u00ec, \u00e8 cominciata una piccola odissea. Ho avuto il codice verde e ho aspettato molto. Dopo la Tac, hanno visto una macchia gigantesca nell'addome. Mi hanno detto che o era un'ulcera o era una diverticolite. Mi hanno operato subito, mi hanno preso per i capelli, ero grave. Prendevo antidolorifici prima e ho fatto una cosa sbagliatissima\"<\/em>.<\/p>\n<figure class=\"caption\"><img decoding=\"async\" alt=\"\" width=\"640\" height=\"354\" src=\"https:\/\/files.gossip.it\/immagini_news\/2018\/10\/1538394758_marco_carta_domenica_live_3.jpg\" \/><figcaption>Il cantante negli studi di 'Domenica Live'<\/figcaption><\/figure>\n<p><em>\"L'intestino si era perforato ma si poteva riparare da solo con gli antibiotici. Ce l'ho fatta ed \u00e8 andata bene. Mi hanno messo 36 punti. La cicatrice? Dico che \u00e8 un mio tatuaggio che mi ricorder\u00e0 di fare le cure che devo fare\"<\/em>, ha concluso <strong>Marco Carta<\/strong>.<\/p>\n<figure class=\"caption\"><img decoding=\"async\" alt=\"\" width=\"640\" height=\"363\" src=\"https:\/\/files.gossip.it\/immagini_news\/2018\/10\/1538394816_marco_carta_domenica_live_4.jpg\" \/><figcaption>Barbara D'Urso si commuove quando Carta ricorda i genitori scomparsi<\/figcaption><\/figure>\n<p><strong>Marco<\/strong> ha perso entrambi i genitori. Durante l'intervista a \"<strong>Domenica Live<\/strong>\" li ha ricordati facendo commuovere Barbara D'Urso che non \u00e8 riuscita a trattenere le lacrime:<em> \"Io so cosa significa, so quando si perde la madre da bambini, so cosa significa crescere senza\"<\/em>, ha dichiarato la conduttrice. <em>\"Mi fermo qui, che \u00e8 meglio\"<\/em>, ha detto poi Carmelita visibilmente scossa.\u00a0<\/p>\n","protected":false},"excerpt":{"rendered":"<p>Marco Carta, 33 anni, ospite di Barbara D'Urso a \"Domenica Live\", ha finalmente rivelato il motivo per cui questa estate si \u00e8 dovuto sottoporre a un intervento d'urgenza: aveva l'intestino perforato. Marco Carta racconta i momenti difficili vissuti questa estate quando \u00e8 stato operato d'urgenza Marco sui social nei mesi scorsi ha mostrato le cicatrici [&hellip;]<\/p>\n","protected":false},"author":1,"featured_media":118312,"comment_status":"closed","ping_status":"closed","sticky":false,"template":"","format":"standard","meta":{"footnotes":""},"categories":[54],"tags":[12745,1981,13100,7441,9029,58382,2097],"vip":[383,1204],"class_list":["post-62266","post","type-post","status-publish","format-standard","has-post-thumbnail","hentry","category-news","tag-addome","tag-cantante","tag-cicatrici","tag-domenica-live","tag-intervento","tag-intestino","tag-tv","vip-barbara_durso","vip-marco_carta"],"yoast_head":"<title>&#039;Domenica Live&#039;, Marco Carta parla dell&#039;intervento: &#039;Avevo una macchia gigantesca all&#039;addome&#039; - Gossip.it | News sul Gossip e VIP<\/title>\n<meta name=\"description\" content=\"Marco Carta, 33 anni, ospite di Barbara D&#039;Urso a &quot;Domenica Live&quot;, ha finalmente rivelato il motivo per cui questa estate si \u00e8 dovuto sottoporre a un\" \/>\n<meta name=\"robots\" content=\"index, follow, max-snippet:-1, max-image-preview:large, max-video-preview:-1\" \/>\n<link rel=\"canonical\" href=\"https:\/\/www.gossip.it\/news\/marco-carta-intervento-domenica-live\/\" \/>\n<meta property=\"og:locale\" content=\"it_IT\" \/>\n<meta property=\"og:type\" content=\"article\" \/>\n<meta property=\"og:title\" content=\"&#039;Domenica Live&#039;, Marco Carta parla dell&#039;intervento: &#039;Avevo una macchia gigantesca all&#039;addome&#039; - Gossip.it | News sul Gossip e VIP\" \/>\n<meta property=\"og:description\" content=\"Marco Carta, 33 anni, ospite di Barbara D&#039;Urso a &quot;Domenica Live&quot;, ha finalmente rivelato il motivo per cui questa estate si \u00e8 dovuto sottoporre a un\" \/>\n<meta property=\"og:url\" content=\"https:\/\/www.gossip.it\/news\/marco-carta-intervento-domenica-live\/\" \/>\n<meta property=\"og:site_name\" content=\"Gossip.it | News sul Gossip e VIP\" \/>\n<meta property=\"article:publisher\" content=\"https:\/\/www.facebook.com\/GossipIT\" \/>\n<meta property=\"article:published_time\" content=\"2018-09-30T22:00:00+00:00\" \/>\n<meta property=\"og:image\" content=\"https:\/\/files.gossip.it\/immagini_news\/2018\/10\/1538394632_marco_carta_domenica_live_1.jpg\" \/>\n<meta name=\"author\" content=\"La Redazione\" \/>\n<meta name=\"twitter:card\" content=\"summary_large_image\" \/>\n<meta name=\"twitter:image\" content=\"https:\/\/files.gossip.it\/immagini_news\/2018\/10\/1538394632_marco_carta_domenica_live_1.jpg\" \/>\n<meta name=\"twitter:creator\" content=\"@gossinews_it\" \/>\n<meta name=\"twitter:site\" content=\"@gossinews_it\" \/>\n<meta name=\"twitter:label1\" content=\"Scritto da\" \/>\n\t<meta name=\"twitter:data1\" content=\"Francesca Romana Domenici\" \/>\n\t<meta name=\"twitter:label2\" content=\"Tempo di lettura stimato\" \/>\n\t<meta name=\"twitter:data2\" content=\"2 minuti\" \/>","yoast_head_json":{"title":"'Domenica Live', Marco Carta parla dell'intervento: 'Avevo una macchia gigantesca all'addome' - Gossip.it | News sul Gossip e VIP","description":"Marco Carta, 33 anni, ospite di Barbara D'Urso a \"Domenica Live\", ha finalmente rivelato il motivo per cui questa estate si \u00e8 dovuto sottoporre a un","robots":{"index":"index","follow":"follow","max-snippet":"max-snippet:-1","max-image-preview":"max-image-preview:large","max-video-preview":"max-video-preview:-1"},"canonical":"https:\/\/www.gossip.it\/news\/marco-carta-intervento-domenica-live\/","og_locale":"it_IT","og_type":"article","og_title":"'Domenica Live', Marco Carta parla dell'intervento: 'Avevo una macchia gigantesca all'addome' - Gossip.it | News sul Gossip e VIP","og_description":"Marco Carta, 33 anni, ospite di Barbara D'Urso a \"Domenica Live\", ha finalmente rivelato il motivo per cui questa estate si \u00e8 dovuto sottoporre a un","og_url":"https:\/\/www.gossip.it\/news\/marco-carta-intervento-domenica-live\/","og_site_name":"Gossip.it | News sul Gossip e VIP","article_publisher":"https:\/\/www.facebook.com\/GossipIT","article_published_time":"2018-09-30T22:00:00+00:00","og_image":[{"url":"https:\/\/files.gossip.it\/immagini_news\/2018\/10\/1538394632_marco_carta_domenica_live_1.jpg"}],"author":"La Redazione","twitter_card":"summary_large_image","twitter_image":"https:\/\/files.gossip.it\/immagini_news\/2018\/10\/1538394632_marco_carta_domenica_live_1.jpg","twitter_creator":"@gossinews_it","twitter_site":"@gossinews_it","twitter_misc":{"Scritto da":"Francesca Romana Domenici","Tempo di lettura stimato":"2 minuti"},"schema":{"@context":"https:\/\/schema.org","@graph":[{"@type":"Article","@id":"https:\/\/www.gossip.it\/news\/marco-carta-intervento-domenica-live\/#article","isPartOf":{"@id":"https:\/\/www.gossip.it\/news\/marco-carta-intervento-domenica-live\/"},"author":{"name":"La Redazione","@id":"https:\/\/www.gossip.it\/#\/schema\/person\/488896f75158bff1cc83c6c39d141110"},"headline":"'Domenica Live', Marco Carta parla dell'intervento: 'Avevo una macchia gigantesca all'addome'","datePublished":"2018-09-30T22:00:00+00:00","dateModified":"2018-09-30T22:00:00+00:00","mainEntityOfPage":{"@id":"https:\/\/www.gossip.it\/news\/marco-carta-intervento-domenica-live\/"},"wordCount":428,"publisher":{"@id":"https:\/\/www.gossip.it\/#organization"},"image":{"@id":"https:\/\/www.gossip.it\/news\/marco-carta-intervento-domenica-live\/#primaryimage"},"thumbnailUrl":"https:\/\/files.gossip.it\/immagini_news\/2018\/10\/1538394632_marco_carta_domenica_live_1.jpg","keywords":["addome","cantante","cicatrici","domenica live","intervento","intestino","tv"],"articleSection":["News"],"inLanguage":"it-IT"},{"@type":"WebPage","@id":"https:\/\/www.gossip.it\/news\/marco-carta-intervento-domenica-live\/","url":"https:\/\/www.gossip.it\/news\/marco-carta-intervento-domenica-live\/","name":"'Domenica Live', Marco Carta parla dell'intervento: 'Avevo una macchia gigantesca all'addome' - Gossip.it | News sul Gossip e VIP","isPartOf":{"@id":"https:\/\/www.gossip.it\/#website"},"primaryImageOfPage":{"@id":"https:\/\/www.gossip.it\/news\/marco-carta-intervento-domenica-live\/#primaryimage"},"image":{"@id":"https:\/\/www.gossip.it\/news\/marco-carta-intervento-domenica-live\/#primaryimage"},"thumbnailUrl":"https:\/\/files.gossip.it\/immagini_news\/2018\/10\/1538394632_marco_carta_domenica_live_1.jpg","datePublished":"2018-09-30T22:00:00+00:00","dateModified":"2018-09-30T22:00:00+00:00","description":"Marco Carta, 33 anni, ospite di Barbara D'Urso a \"Domenica Live\", ha finalmente rivelato il motivo per cui questa estate si \u00e8 dovuto sottoporre a un","breadcrumb":{"@id":"https:\/\/www.gossip.it\/news\/marco-carta-intervento-domenica-live\/#breadcrumb"},"inLanguage":"it-IT","potentialAction":[{"@type":"ReadAction","target":["https:\/\/www.gossip.it\/news\/marco-carta-intervento-domenica-live\/"]}]},{"@type":"ImageObject","inLanguage":"it-IT","@id":"https:\/\/www.gossip.it\/news\/marco-carta-intervento-domenica-live\/#primaryimage","url":"https:\/\/files.gossip.it\/immagini_news\/2018\/10\/1538394632_marco_carta_domenica_live_1.jpg","contentUrl":"https:\/\/files.gossip.it\/immagini_news\/2018\/10\/1538394632_marco_carta_domenica_live_1.jpg"},{"@type":"BreadcrumbList","@id":"https:\/\/www.gossip.it\/news\/marco-carta-intervento-domenica-live\/#breadcrumb","itemListElement":[{"@type":"ListItem","position":1,"name":"Home","item":"https:\/\/www.gossip.it\/"},{"@type":"ListItem","position":2,"name":"'Domenica Live', Marco Carta parla dell'intervento: 'Avevo una macchia gigantesca all'addome'"}]},{"@type":"WebSite","@id":"https:\/\/www.gossip.it\/#website","url":"https:\/\/www.gossip.it\/","name":"Gossip and VIP News","description":"Quotidiano di cronaca rosa, costume e societ\u00e0","publisher":{"@id":"https:\/\/www.gossip.it\/#organization"},"alternateName":"Gossip and VIP News","potentialAction":[{"@type":"SearchAction","target":{"@type":"EntryPoint","urlTemplate":"https:\/\/www.gossip.it\/?s={search_term_string}"},"query-input":{"@type":"PropertyValueSpecification","valueRequired":true,"valueName":"search_term_string"}}],"inLanguage":"it-IT"},{"@type":"Organization","@id":"https:\/\/www.gossip.it\/#organization","name":"Gossip and VIP News","alternateName":"Gossip News","url":"https:\/\/www.gossip.it\/","logo":{"@type":"ImageObject","inLanguage":"it-IT","@id":"https:\/\/www.gossip.it\/#\/schema\/logo\/image\/","url":"https:\/\/www.gossip.it\/wp-content\/uploads\/2022\/04\/cropped-corna-alta-tiny.png","contentUrl":"https:\/\/www.gossip.it\/wp-content\/uploads\/2022\/04\/cropped-corna-alta-tiny.png","width":512,"height":512,"caption":"Gossip and VIP News"},"image":{"@id":"https:\/\/www.gossip.it\/#\/schema\/logo\/image\/"},"sameAs":["https:\/\/www.facebook.com\/GossipIT","https:\/\/x.com\/gossinews_it","https:\/\/instagram.com\/gossip_it"]},{"@type":"Person","@id":"https:\/\/www.gossip.it\/#\/schema\/person\/488896f75158bff1cc83c6c39d141110","name":"La Redazione","image":{"@type":"ImageObject","inLanguage":"it-IT","@id":"https:\/\/www.gossip.it\/#\/schema\/person\/image\/","url":"https:\/\/secure.gravatar.com\/avatar\/5a5f5c6fa3e6700e4249abdad0263a1e94e927d9e0499b1cb09c1cd29c044d80?s=96&d=mm&r=g","contentUrl":"https:\/\/secure.gravatar.com\/avatar\/5a5f5c6fa3e6700e4249abdad0263a1e94e927d9e0499b1cb09c1cd29c044d80?s=96&d=mm&r=g","caption":"La Redazione"},"sameAs":["https:\/\/www.gossip.it"]}]}},"amp_enabled":true,"_links":{"self":[{"href":"https:\/\/www.gossip.it\/api\/wp\/v2\/posts\/62266","targetHints":{"allow":["GET"]}}],"collection":[{"href":"https:\/\/www.gossip.it\/api\/wp\/v2\/posts"}],"about":[{"href":"https:\/\/www.gossip.it\/api\/wp\/v2\/types\/post"}],"author":[{"embeddable":true,"href":"https:\/\/www.gossip.it\/api\/wp\/v2\/users\/1"}],"replies":[{"embeddable":true,"href":"https:\/\/www.gossip.it\/api\/wp\/v2\/comments?post=62266"}],"version-history":[{"count":0,"href":"https:\/\/www.gossip.it\/api\/wp\/v2\/posts\/62266\/revisions"}],"wp:featuredmedia":[{"embeddable":true,"href":"https:\/\/www.gossip.it\/api\/wp\/v2\/media\/118312"}],"wp:attachment":[{"href":"https:\/\/www.gossip.it\/api\/wp\/v2\/media?parent=62266"}],"wp:term":[{"taxonomy":"category","embeddable":true,"href":"https:\/\/www.gossip.it\/api\/wp\/v2\/categories?post=62266"},{"taxonomy":"post_tag","embeddable":true,"href":"https:\/\/www.gossip.it\/api\/wp\/v2\/tags?post=62266"},{"taxonomy":"vip","embeddable":true,"href":"https:\/\/www.gossip.it\/api\/wp\/v2\/vip?post=62266"}],"curies":[{"name":"wp","href":"https:\/\/api.w.org\/{rel}","templated":true}]}}