{"id":62421,"date":"2018-10-16T00:00:00","date_gmt":"2018-10-15T22:00:00","guid":{"rendered":"https:\/\/www.gossip.it\/senza-categoria\/ilary-blasi-fabrizio-corona-lite\/"},"modified":"2018-10-16T00:00:00","modified_gmt":"2018-10-15T22:00:00","slug":"ilary-blasi-fabrizio-corona-lite","status":"publish","type":"post","link":"https:\/\/www.gossip.it\/news\/ilary-blasi-fabrizio-corona-lite\/","title":{"rendered":"Ilary Blasi e Fabrizio Corona: costa sta succedendo?"},"content":{"rendered":"<p>Cosa sta succedendo tra <a href=\"\/vip\/ilary-blasi\/\">Ilary Blasi<\/a> e <a href=\"\/vip\/fabrizio-corona\/\">Fabrizio Corona<\/a>? Quella tra la conduttrice del \u2018<em>Grande Fratello Vip<\/em>\u2019 e l\u2019ex manager dei paparazzi sembra ormai una vera e propria guerra aperta. Dopo che l\u2019ultima puntata del reality Mediaset ha visto la mamma di <a href=\"\/vip\/silvia-provvedi\/\">Silvia Provvedi<\/a>, ex fidanzata di Corona, dare la sua versione dei fatti sulla fine della relazione tra la figlia e Fabrizio, che non \u00e8 uscito esattamente \u2018bene\u2019 dal racconto della donna, Ilary ha detto in diretta che l\u2019ex marito di <a href=\"\/vip\/nina-moric\/\">Nina Moric<\/a> \u00e8 il benvenuto in studio qualora volesse <strong>replicare<\/strong> e dare la sua versione dei fatti.<\/p>\n<figure class=\"caption\"><img decoding=\"async\" alt=\"\" width=\"640\" height=\"792\" src=\"https:\/\/files.gossip.it\/immagini_news\/2018\/10\/1539710209_blasi_corona_2.jpg\" \/><figcaption>Ilary Blasi ha invitato Corona a replicare qualora lo volesse<\/figcaption><\/figure>\n<p>Alle parole della Blasi, per\u00f2, sono seguite quelle dello stesso Corona, che in un <strong>post<\/strong> pubblicato su Instagram ha contraddetto quanto affermato da Ilary. Secondo lui infatti ci sarebbe un veto della Signora Totti a una sua presenza nel <strong>reality<\/strong> e addirittura un\u2019ospitata gi\u00e0 programmata per il prossimo gioved\u00ec (la prossima settimana la trasmissione andr\u00e0 eccezionalmente in onda ben due volte, di luned\u00ec e di gioved\u00ec) sarebbe stata <strong>annullata<\/strong> per volont\u00e0 della presentatrice.<\/p>\n<figure class=\"caption\"><img decoding=\"async\" alt=\"\" width=\"640\" height=\"754\" src=\"https:\/\/files.gossip.it\/immagini_news\/2018\/10\/1539710244_blasi_corona_1.jpg\" \/><figcaption>Fabrizio Corona ha dato una versione dei fatti molto diversa<\/figcaption><\/figure>\n<p><em>\u201cPeccato che\u00a0Ilary Blasi il diritto di replica non vuole concedermelo, perch\u00e9 si spaventa, mi ha messo un <strong>veto<\/strong> pesantissimo, dopo un accordo gi\u00e0 trovato\u201d<\/em>, ha scritto Corona. <em>\u201cDovevo essere in trasmissione gioved\u00ec prossimo, ma oggi chiss\u00e0 come mai, tutto sospeso\u201d<\/em>, ha aggiunto. <em>\u201cForse per i due anni di silenzio? O forse \u00e8 difficile dialogare in diretta con una persona colta, preparata, che legge e studia o forse \u00e8 pi\u00f9 semplice attaccarla, senza far s\u00ec che lei si possa difendere. Ilary Blasi,\u00a0io sono qui, sto aspettando solo te\u201d<\/em>, ha quindi concluso.<\/p>\n<figure class=\"caption\"><img decoding=\"async\" alt=\"\" width=\"640\" height=\"1047\" src=\"https:\/\/files.gossip.it\/immagini_news\/2018\/10\/1539710262_blasi_corona_3.jpg\" \/><figcaption>Il post di accusa di Corona alla Blasi<\/figcaption><\/figure>\n<p>Dietro le quinte c\u2019\u00e8 chi dice che Ilary non veda di buon occhio Corona per <strong>vecchie ruggini<\/strong> mai del tutto dimenticate...<\/p>\n<p>\u00a0<\/p>\n","protected":false},"excerpt":{"rendered":"<p>Cosa sta succedendo tra Ilary Blasi e Fabrizio Corona? Quella tra la conduttrice del \u2018Grande Fratello Vip\u2019 e l\u2019ex manager dei paparazzi sembra ormai una vera e propria guerra aperta. Dopo che l\u2019ultima puntata del reality Mediaset ha visto la mamma di Silvia Provvedi, ex fidanzata di Corona, dare la sua versione dei fatti sulla [&hellip;]<\/p>\n","protected":false},"author":1,"featured_media":118467,"comment_status":"closed","ping_status":"closed","sticky":false,"template":"","format":"standard","meta":{"footnotes":""},"categories":[54],"tags":[1875],"vip":[719,952],"class_list":["post-62421","post","type-post","status-publish","format-standard","has-post-thumbnail","hentry","category-news","tag-grande-fratello-vip","vip-fabrizio_corona","vip-ilary_blasi"],"yoast_head":"<title>Ilary Blasi e Fabrizio Corona: costa sta succedendo? - Gossip.it | News sul Gossip e VIP<\/title>\n<meta name=\"description\" content=\"Cosa sta succedendo tra Ilary Blasi e Fabrizio Corona? Quella tra la conduttrice del \u2018Grande Fratello Vip\u2019 e l\u2019ex manager dei paparazzi sembra ormai una\" \/>\n<meta name=\"robots\" content=\"index, follow, max-snippet:-1, max-image-preview:large, max-video-preview:-1\" \/>\n<link rel=\"canonical\" href=\"https:\/\/www.gossip.it\/news\/ilary-blasi-fabrizio-corona-lite\/\" \/>\n<meta property=\"og:locale\" content=\"it_IT\" \/>\n<meta property=\"og:type\" content=\"article\" \/>\n<meta property=\"og:title\" content=\"Ilary Blasi e Fabrizio Corona: costa sta succedendo? - Gossip.it | News sul Gossip e VIP\" \/>\n<meta property=\"og:description\" content=\"Cosa sta succedendo tra Ilary Blasi e Fabrizio Corona? Quella tra la conduttrice del \u2018Grande Fratello Vip\u2019 e l\u2019ex manager dei paparazzi sembra ormai una\" \/>\n<meta property=\"og:url\" content=\"https:\/\/www.gossip.it\/news\/ilary-blasi-fabrizio-corona-lite\/\" \/>\n<meta property=\"og:site_name\" content=\"Gossip.it | News sul Gossip e VIP\" \/>\n<meta property=\"article:publisher\" content=\"https:\/\/www.facebook.com\/GossipIT\" \/>\n<meta property=\"article:published_time\" content=\"2018-10-15T22:00:00+00:00\" \/>\n<meta property=\"og:image\" content=\"https:\/\/files.gossip.it\/immagini_news\/2018\/10\/1539710209_blasi_corona_2.jpg\" \/>\n<meta name=\"author\" content=\"La Redazione\" \/>\n<meta name=\"twitter:card\" content=\"summary_large_image\" \/>\n<meta name=\"twitter:image\" content=\"https:\/\/files.gossip.it\/immagini_news\/2018\/10\/1539710209_blasi_corona_2.jpg\" \/>\n<meta name=\"twitter:creator\" content=\"@gossinews_it\" \/>\n<meta name=\"twitter:site\" content=\"@gossinews_it\" \/>\n<meta name=\"twitter:label1\" content=\"Scritto da\" \/>\n\t<meta name=\"twitter:data1\" content=\"la Redazione\" \/>\n\t<meta name=\"twitter:label2\" content=\"Tempo di lettura stimato\" \/>\n\t<meta name=\"twitter:data2\" content=\"2 minuti\" \/>","yoast_head_json":{"title":"Ilary Blasi e Fabrizio Corona: costa sta succedendo? - Gossip.it | News sul Gossip e VIP","description":"Cosa sta succedendo tra Ilary Blasi e Fabrizio Corona? Quella tra la conduttrice del \u2018Grande Fratello Vip\u2019 e l\u2019ex manager dei paparazzi sembra ormai una","robots":{"index":"index","follow":"follow","max-snippet":"max-snippet:-1","max-image-preview":"max-image-preview:large","max-video-preview":"max-video-preview:-1"},"canonical":"https:\/\/www.gossip.it\/news\/ilary-blasi-fabrizio-corona-lite\/","og_locale":"it_IT","og_type":"article","og_title":"Ilary Blasi e Fabrizio Corona: costa sta succedendo? - Gossip.it | News sul Gossip e VIP","og_description":"Cosa sta succedendo tra Ilary Blasi e Fabrizio Corona? Quella tra la conduttrice del \u2018Grande Fratello Vip\u2019 e l\u2019ex manager dei paparazzi sembra ormai una","og_url":"https:\/\/www.gossip.it\/news\/ilary-blasi-fabrizio-corona-lite\/","og_site_name":"Gossip.it | News sul Gossip e VIP","article_publisher":"https:\/\/www.facebook.com\/GossipIT","article_published_time":"2018-10-15T22:00:00+00:00","og_image":[{"url":"https:\/\/files.gossip.it\/immagini_news\/2018\/10\/1539710209_blasi_corona_2.jpg"}],"author":"La Redazione","twitter_card":"summary_large_image","twitter_image":"https:\/\/files.gossip.it\/immagini_news\/2018\/10\/1539710209_blasi_corona_2.jpg","twitter_creator":"@gossinews_it","twitter_site":"@gossinews_it","twitter_misc":{"Scritto da":"la Redazione","Tempo di lettura stimato":"2 minuti"},"schema":{"@context":"https:\/\/schema.org","@graph":[{"@type":"Article","@id":"https:\/\/www.gossip.it\/news\/ilary-blasi-fabrizio-corona-lite\/#article","isPartOf":{"@id":"https:\/\/www.gossip.it\/news\/ilary-blasi-fabrizio-corona-lite\/"},"author":{"name":"La Redazione","@id":"https:\/\/www.gossip.it\/#\/schema\/person\/488896f75158bff1cc83c6c39d141110"},"headline":"Ilary Blasi e Fabrizio Corona: costa sta succedendo?","datePublished":"2018-10-15T22:00:00+00:00","dateModified":"2018-10-15T22:00:00+00:00","mainEntityOfPage":{"@id":"https:\/\/www.gossip.it\/news\/ilary-blasi-fabrizio-corona-lite\/"},"wordCount":321,"publisher":{"@id":"https:\/\/www.gossip.it\/#organization"},"image":{"@id":"https:\/\/www.gossip.it\/news\/ilary-blasi-fabrizio-corona-lite\/#primaryimage"},"thumbnailUrl":"https:\/\/files.gossip.it\/immagini_news\/2018\/10\/1539710209_blasi_corona_2.jpg","keywords":["grande fratello vip"],"articleSection":["News"],"inLanguage":"it-IT"},{"@type":"WebPage","@id":"https:\/\/www.gossip.it\/news\/ilary-blasi-fabrizio-corona-lite\/","url":"https:\/\/www.gossip.it\/news\/ilary-blasi-fabrizio-corona-lite\/","name":"Ilary Blasi e Fabrizio Corona: costa sta succedendo? - Gossip.it | News sul Gossip e VIP","isPartOf":{"@id":"https:\/\/www.gossip.it\/#website"},"primaryImageOfPage":{"@id":"https:\/\/www.gossip.it\/news\/ilary-blasi-fabrizio-corona-lite\/#primaryimage"},"image":{"@id":"https:\/\/www.gossip.it\/news\/ilary-blasi-fabrizio-corona-lite\/#primaryimage"},"thumbnailUrl":"https:\/\/files.gossip.it\/immagini_news\/2018\/10\/1539710209_blasi_corona_2.jpg","datePublished":"2018-10-15T22:00:00+00:00","dateModified":"2018-10-15T22:00:00+00:00","description":"Cosa sta succedendo tra Ilary Blasi e Fabrizio Corona? Quella tra la conduttrice del \u2018Grande Fratello Vip\u2019 e l\u2019ex manager dei paparazzi sembra ormai una","breadcrumb":{"@id":"https:\/\/www.gossip.it\/news\/ilary-blasi-fabrizio-corona-lite\/#breadcrumb"},"inLanguage":"it-IT","potentialAction":[{"@type":"ReadAction","target":["https:\/\/www.gossip.it\/news\/ilary-blasi-fabrizio-corona-lite\/"]}]},{"@type":"ImageObject","inLanguage":"it-IT","@id":"https:\/\/www.gossip.it\/news\/ilary-blasi-fabrizio-corona-lite\/#primaryimage","url":"https:\/\/files.gossip.it\/immagini_news\/2018\/10\/1539710209_blasi_corona_2.jpg","contentUrl":"https:\/\/files.gossip.it\/immagini_news\/2018\/10\/1539710209_blasi_corona_2.jpg"},{"@type":"BreadcrumbList","@id":"https:\/\/www.gossip.it\/news\/ilary-blasi-fabrizio-corona-lite\/#breadcrumb","itemListElement":[{"@type":"ListItem","position":1,"name":"Home","item":"https:\/\/www.gossip.it\/"},{"@type":"ListItem","position":2,"name":"Ilary Blasi e Fabrizio Corona: costa sta succedendo?"}]},{"@type":"WebSite","@id":"https:\/\/www.gossip.it\/#website","url":"https:\/\/www.gossip.it\/","name":"Gossip and VIP News","description":"Quotidiano di cronaca rosa, costume e societ\u00e0","publisher":{"@id":"https:\/\/www.gossip.it\/#organization"},"alternateName":"Gossip and VIP News","potentialAction":[{"@type":"SearchAction","target":{"@type":"EntryPoint","urlTemplate":"https:\/\/www.gossip.it\/?s={search_term_string}"},"query-input":{"@type":"PropertyValueSpecification","valueRequired":true,"valueName":"search_term_string"}}],"inLanguage":"it-IT"},{"@type":"Organization","@id":"https:\/\/www.gossip.it\/#organization","name":"Gossip and VIP News","alternateName":"Gossip News","url":"https:\/\/www.gossip.it\/","logo":{"@type":"ImageObject","inLanguage":"it-IT","@id":"https:\/\/www.gossip.it\/#\/schema\/logo\/image\/","url":"https:\/\/www.gossip.it\/wp-content\/uploads\/2022\/04\/cropped-corna-alta-tiny.png","contentUrl":"https:\/\/www.gossip.it\/wp-content\/uploads\/2022\/04\/cropped-corna-alta-tiny.png","width":512,"height":512,"caption":"Gossip and VIP News"},"image":{"@id":"https:\/\/www.gossip.it\/#\/schema\/logo\/image\/"},"sameAs":["https:\/\/www.facebook.com\/GossipIT","https:\/\/x.com\/gossinews_it","https:\/\/instagram.com\/gossip_it"]},{"@type":"Person","@id":"https:\/\/www.gossip.it\/#\/schema\/person\/488896f75158bff1cc83c6c39d141110","name":"La Redazione","image":{"@type":"ImageObject","inLanguage":"it-IT","@id":"https:\/\/www.gossip.it\/#\/schema\/person\/image\/","url":"https:\/\/secure.gravatar.com\/avatar\/5a5f5c6fa3e6700e4249abdad0263a1e94e927d9e0499b1cb09c1cd29c044d80?s=96&d=mm&r=g","contentUrl":"https:\/\/secure.gravatar.com\/avatar\/5a5f5c6fa3e6700e4249abdad0263a1e94e927d9e0499b1cb09c1cd29c044d80?s=96&d=mm&r=g","caption":"La Redazione"},"sameAs":["https:\/\/www.gossip.it"]}]}},"amp_enabled":true,"_links":{"self":[{"href":"https:\/\/www.gossip.it\/api\/wp\/v2\/posts\/62421","targetHints":{"allow":["GET"]}}],"collection":[{"href":"https:\/\/www.gossip.it\/api\/wp\/v2\/posts"}],"about":[{"href":"https:\/\/www.gossip.it\/api\/wp\/v2\/types\/post"}],"author":[{"embeddable":true,"href":"https:\/\/www.gossip.it\/api\/wp\/v2\/users\/1"}],"replies":[{"embeddable":true,"href":"https:\/\/www.gossip.it\/api\/wp\/v2\/comments?post=62421"}],"version-history":[{"count":0,"href":"https:\/\/www.gossip.it\/api\/wp\/v2\/posts\/62421\/revisions"}],"wp:featuredmedia":[{"embeddable":true,"href":"https:\/\/www.gossip.it\/api\/wp\/v2\/media\/118467"}],"wp:attachment":[{"href":"https:\/\/www.gossip.it\/api\/wp\/v2\/media?parent=62421"}],"wp:term":[{"taxonomy":"category","embeddable":true,"href":"https:\/\/www.gossip.it\/api\/wp\/v2\/categories?post=62421"},{"taxonomy":"post_tag","embeddable":true,"href":"https:\/\/www.gossip.it\/api\/wp\/v2\/tags?post=62421"},{"taxonomy":"vip","embeddable":true,"href":"https:\/\/www.gossip.it\/api\/wp\/v2\/vip?post=62421"}],"curies":[{"name":"wp","href":"https:\/\/api.w.org\/{rel}","templated":true}]}}