{"id":62484,"date":"2018-10-23T00:00:00","date_gmt":"2018-10-22T22:00:00","guid":{"rendered":"https:\/\/www.gossip.it\/senza-categoria\/fedez-festa-compleanno-supermercato\/"},"modified":"2018-10-23T00:00:00","modified_gmt":"2018-10-22T22:00:00","slug":"fedez-festa-compleanno-supermercato","status":"publish","type":"post","link":"https:\/\/www.gossip.it\/news\/fedez-festa-compleanno-supermercato\/","title":{"rendered":"Fedez, festa di compleanno al supermercato. Poi si pente: in lacrime"},"content":{"rendered":"<p><a href=\"\/vip\/fedez\/\">Fedez<\/a> a sorpresa celebra il <strong>compleanno<\/strong> in ritardo con una mega <strong>festa <\/strong>al <strong>supermercato<\/strong> organizzata da <a href=\"\/vip\/chiara-ferragni\/\">Chiara Ferragni<\/a> e dalla sua mamma. Il <a href=\"\/vip\/rapper\/\">rapper<\/a>, la moglie e i suoi ospiti fanno baldoria. C\u2019\u00e8 anche <a href=\"\/vip\/gilda-ambrosio\/\">Gilda Ambrosio<\/a> e la nonna del giudice di <a href=\"\/vip\/x-factor\/\">X Factor<\/a>. Si balla con le banane, si fanno le corse nei carrelli, lattuga e panettoni vengono lanciati in aria.<\/p>\n<figure class=\"caption\"><img decoding=\"async\" alt=\"\" width=\"640\" height=\"857\" src=\"https:\/\/files.gossip.it\/immagini_news\/2018\/10\/1540291371_fedez_3.jpg\" \/><figcaption>Fedez \u00e8 scatenato alla sua festa di compleanno a sorpresa organizzata al supermercato<\/figcaption><\/figure>\n<p>La <strong>festa <\/strong>di <strong>compleanno<\/strong> al<strong> supermercato<\/strong>, al Carrefour di Citylife a Milano, di <strong>Fedez<\/strong>, prontamente raccontata sui <a href=\"\/vip\/social\/\">social<\/a>, crea subito polemica. E\u2019 un party in perfetto stile \u201c<a href=\"\/vip\/ferragnez\/\">Ferragnez<\/a>\u201d e in tanti storcono in naso. Ci vedono una dimostrazione di opulenza inopportuna. Si indignano. Gli invitati possono prendere tutto quel che vogliono, molti prodotti hanno addirittura un packaging personalizzato con il nome del rapper in primo piano.<\/p>\n<div class=\"video_integrato\" data-videoid=\"5499\" data-autostart=\"true\">\u00a0<\/div>\n<figure class=\"caption\"><img decoding=\"async\" alt=\"\" width=\"640\" height=\"860\" src=\"https:\/\/files.gossip.it\/immagini_news\/2018\/10\/1540291387_fedez_4.jpg\" \/><figcaption>Anche Chiara Ferragni si diverte<\/figcaption><\/figure>\n<p>In tanti non rimangono in silenzio davanti alla<strong> festa<\/strong> di <strong>compleanno<\/strong> di<strong> Fedez<\/strong>. Il popolo del web, quello critico, vede tutto come un vero e proprio schiaffo alla povert\u00e0. Critica la coppia. <strong>Fedez<\/strong> legge e si pente. Il giudice di X Factor nelle sue Stories chiede scusa, poi, addirittura, scoppia in lacrime. Ci \u00e8 rimasto malissimo: non vuole essere criticato per quel che non \u00e8, cos\u00ec dice.<\/p>\n<figure class=\"caption\"><img decoding=\"async\" alt=\"\" width=\"640\" height=\"1002\" src=\"https:\/\/files.gossip.it\/immagini_news\/2018\/10\/1540291400_fedez_5.jpg\" \/><figcaption>Mega torta per il rapper<\/figcaption><\/figure>\n<figure class=\"caption\"><img decoding=\"async\" alt=\"\" width=\"640\" height=\"929\" src=\"https:\/\/files.gossip.it\/immagini_news\/2018\/10\/1540291417_fedez.jpg\" \/><figcaption>Gli invitati fanno baldoria, ma sui social monta la polemica per il party...<\/figcaption><\/figure>\n<p><em>\u201cMi sono defilato dalla festa per dirvi una cosa: tutti quelli che si sono sentiti indignati sappiate che\u00a0la spesa e il cibo domani verranno donati ai pi\u00f9 bisognosi.\u00a0L\u2019unica storia di spreco che che avete visto \u00e8 la mia e me ne assumo le responsabilit\u00e0. Non \u00e8 una festa per esprimere opulenza ma \u00e8 una cosa simpatica che hanno voluto fare per me, spero che capiate. So che tutte le testate diranno che \u2018abbiamo sprecato in barba alla fame nel mondo\u2019. Se l\u2019indignazione e la morale facile arrivano da una foglia di lattuga e un panettone che ho lanciato, manger\u00f2 la foglia di lattuga e mi porter\u00f2 il panettone a casa. Detto questo star\u00f2 tutta la sera a vigilare che nessuno sprechi cibo. Mi sta sul cu*o passare per quello che non siamo<\/em>\u00a0- sottolinea - <em>Incredibile che mi debba giustificare come se avessi ucciso una persona,\u00a0indignatevi anche quando guardate <\/em><a href=\"\/vip\/masterchef\/\">Masterchef<\/a><em>\u00a0perch\u00e9 tante materie prime vengono sprecate\u201d.<\/em><\/p>\n<figure class=\"caption\"><img decoding=\"async\" alt=\"\" width=\"640\" height=\"1005\" src=\"https:\/\/files.gossip.it\/immagini_news\/2018\/10\/1540291428_fedez_1.jpg\" \/><figcaption>Fedez si pente e chiede scusa<\/figcaption><\/figure>\n<figure class=\"caption\"><img decoding=\"async\" alt=\"\" width=\"640\" height=\"1009\" src=\"https:\/\/files.gossip.it\/immagini_news\/2018\/10\/1540291443_fedez_2.jpg\" \/><figcaption>In lacrime aggiunge: 'Mi far\u00f2 perdonare'<\/figcaption><\/figure>\n<p><strong>Fedez<\/strong> mostra poi il <strong>supermercato<\/strong> vuoto e aggiunge: \u201c<em>Come potete vedere ho mandato via tutti gli invitati, il negozio \u00e8 integro, tutti gli indignati possono andare a dormire sereni, grazie mille a tutti per la morale\u201d.\u00a0<\/em>Poco dopo quasi in lacrime <strong>Fedez <\/strong>aggiunge: <em>\u201cQuesta cosa mi ha toccato tantissimo perch\u00e9 mi dipinge come una persona molto lontana da quel che sono io. Probabilmente non era il luogo pi\u00f9 adatto per una festa, come ogni festa c\u2019era una goliardia, mi spiace che il mio comportamento e quello di alcuni invitati abbia urtato la sensibilit\u00e0 di alcuni di voi, per questo mi scuso e mi far\u00f2 perdonare\u201d.<\/em><\/p>\n<p>\u00a0<\/p>\n","protected":false},"excerpt":{"rendered":"<p>Fedez a sorpresa celebra il compleanno in ritardo con una mega festa al supermercato organizzata da Chiara Ferragni e dalla sua mamma. Il rapper, la moglie e i suoi ospiti fanno baldoria. C\u2019\u00e8 anche Gilda Ambrosio e la nonna del giudice di X Factor. Si balla con le banane, si fanno le corse nei carrelli, [&hellip;]<\/p>\n","protected":false},"author":1,"featured_media":118530,"comment_status":"closed","ping_status":"closed","sticky":false,"template":"","format":"standard","meta":{"footnotes":""},"categories":[54],"tags":[58476,55044,1904,2102,6035,1907,2121,1979,1965,2179,5463,7948,2142,9600],"vip":[481],"class_list":["post-62484","post","type-post","status-publish","format-standard","has-post-thumbnail","hentry","category-news","tag-caffefour","tag-citylife","tag-compleanno","tag-dichiarazioni","tag-fedez","tag-festa","tag-instagram","tag-milano","tag-party","tag-polemica","tag-rapper","tag-scusa","tag-stories","tag-supermercato","vip-chiara_ferragni"],"yoast_head":"<title>Fedez, festa di compleanno al supermercato. Poi si pente: in lacrime - Gossip.it | News sul Gossip e VIP<\/title>\n<meta name=\"description\" content=\"Fedez a sorpresa celebra il compleanno in ritardo con una mega festa al supermercato organizzata da Chiara Ferragni e dalla sua mamma. Il rapper, la\" \/>\n<meta name=\"robots\" content=\"index, follow, max-snippet:-1, max-image-preview:large, max-video-preview:-1\" \/>\n<link rel=\"canonical\" href=\"https:\/\/www.gossip.it\/news\/fedez-festa-compleanno-supermercato\/\" \/>\n<meta property=\"og:locale\" content=\"it_IT\" \/>\n<meta property=\"og:type\" content=\"article\" \/>\n<meta property=\"og:title\" content=\"Fedez, festa di compleanno al supermercato. Poi si pente: in lacrime - Gossip.it | News sul Gossip e VIP\" \/>\n<meta property=\"og:description\" content=\"Fedez a sorpresa celebra il compleanno in ritardo con una mega festa al supermercato organizzata da Chiara Ferragni e dalla sua mamma. Il rapper, la\" \/>\n<meta property=\"og:url\" content=\"https:\/\/www.gossip.it\/news\/fedez-festa-compleanno-supermercato\/\" \/>\n<meta property=\"og:site_name\" content=\"Gossip.it | News sul Gossip e VIP\" \/>\n<meta property=\"article:publisher\" content=\"https:\/\/www.facebook.com\/GossipIT\" \/>\n<meta property=\"article:published_time\" content=\"2018-10-22T22:00:00+00:00\" \/>\n<meta property=\"og:image\" content=\"https:\/\/files.gossip.it\/immagini_news\/2018\/10\/1540291371_fedez_3.jpg\" \/>\n<meta name=\"author\" content=\"La Redazione\" \/>\n<meta name=\"twitter:card\" content=\"summary_large_image\" \/>\n<meta name=\"twitter:image\" content=\"https:\/\/files.gossip.it\/immagini_news\/2018\/10\/1540291371_fedez_3.jpg\" \/>\n<meta name=\"twitter:creator\" content=\"@gossinews_it\" \/>\n<meta name=\"twitter:site\" content=\"@gossinews_it\" \/>\n<meta name=\"twitter:label1\" content=\"Scritto da\" \/>\n\t<meta name=\"twitter:data1\" content=\"Annamaria Capozzi\" \/>\n\t<meta name=\"twitter:label2\" content=\"Tempo di lettura stimato\" \/>\n\t<meta name=\"twitter:data2\" content=\"2 minuti\" \/>","yoast_head_json":{"title":"Fedez, festa di compleanno al supermercato. Poi si pente: in lacrime - Gossip.it | News sul Gossip e VIP","description":"Fedez a sorpresa celebra il compleanno in ritardo con una mega festa al supermercato organizzata da Chiara Ferragni e dalla sua mamma. Il rapper, la","robots":{"index":"index","follow":"follow","max-snippet":"max-snippet:-1","max-image-preview":"max-image-preview:large","max-video-preview":"max-video-preview:-1"},"canonical":"https:\/\/www.gossip.it\/news\/fedez-festa-compleanno-supermercato\/","og_locale":"it_IT","og_type":"article","og_title":"Fedez, festa di compleanno al supermercato. Poi si pente: in lacrime - Gossip.it | News sul Gossip e VIP","og_description":"Fedez a sorpresa celebra il compleanno in ritardo con una mega festa al supermercato organizzata da Chiara Ferragni e dalla sua mamma. Il rapper, la","og_url":"https:\/\/www.gossip.it\/news\/fedez-festa-compleanno-supermercato\/","og_site_name":"Gossip.it | News sul Gossip e VIP","article_publisher":"https:\/\/www.facebook.com\/GossipIT","article_published_time":"2018-10-22T22:00:00+00:00","og_image":[{"url":"https:\/\/files.gossip.it\/immagini_news\/2018\/10\/1540291371_fedez_3.jpg"}],"author":"La Redazione","twitter_card":"summary_large_image","twitter_image":"https:\/\/files.gossip.it\/immagini_news\/2018\/10\/1540291371_fedez_3.jpg","twitter_creator":"@gossinews_it","twitter_site":"@gossinews_it","twitter_misc":{"Scritto da":"Annamaria Capozzi","Tempo di lettura stimato":"2 minuti"},"schema":{"@context":"https:\/\/schema.org","@graph":[{"@type":"Article","@id":"https:\/\/www.gossip.it\/news\/fedez-festa-compleanno-supermercato\/#article","isPartOf":{"@id":"https:\/\/www.gossip.it\/news\/fedez-festa-compleanno-supermercato\/"},"author":{"name":"La Redazione","@id":"https:\/\/www.gossip.it\/#\/schema\/person\/488896f75158bff1cc83c6c39d141110"},"headline":"Fedez, festa di compleanno al supermercato. Poi si pente: in lacrime","datePublished":"2018-10-22T22:00:00+00:00","dateModified":"2018-10-22T22:00:00+00:00","mainEntityOfPage":{"@id":"https:\/\/www.gossip.it\/news\/fedez-festa-compleanno-supermercato\/"},"wordCount":515,"publisher":{"@id":"https:\/\/www.gossip.it\/#organization"},"image":{"@id":"https:\/\/www.gossip.it\/news\/fedez-festa-compleanno-supermercato\/#primaryimage"},"thumbnailUrl":"https:\/\/files.gossip.it\/immagini_news\/2018\/10\/1540291371_fedez_3.jpg","keywords":["caffefour","citylife","compleanno","dichiarazioni","fedez","festa","instagram","milano","party","polemica","rapper","scusa","stories","supermercato"],"articleSection":["News"],"inLanguage":"it-IT"},{"@type":"WebPage","@id":"https:\/\/www.gossip.it\/news\/fedez-festa-compleanno-supermercato\/","url":"https:\/\/www.gossip.it\/news\/fedez-festa-compleanno-supermercato\/","name":"Fedez, festa di compleanno al supermercato. Poi si pente: in lacrime - Gossip.it | News sul Gossip e VIP","isPartOf":{"@id":"https:\/\/www.gossip.it\/#website"},"primaryImageOfPage":{"@id":"https:\/\/www.gossip.it\/news\/fedez-festa-compleanno-supermercato\/#primaryimage"},"image":{"@id":"https:\/\/www.gossip.it\/news\/fedez-festa-compleanno-supermercato\/#primaryimage"},"thumbnailUrl":"https:\/\/files.gossip.it\/immagini_news\/2018\/10\/1540291371_fedez_3.jpg","datePublished":"2018-10-22T22:00:00+00:00","dateModified":"2018-10-22T22:00:00+00:00","description":"Fedez a sorpresa celebra il compleanno in ritardo con una mega festa al supermercato organizzata da Chiara Ferragni e dalla sua mamma. Il rapper, la","breadcrumb":{"@id":"https:\/\/www.gossip.it\/news\/fedez-festa-compleanno-supermercato\/#breadcrumb"},"inLanguage":"it-IT","potentialAction":[{"@type":"ReadAction","target":["https:\/\/www.gossip.it\/news\/fedez-festa-compleanno-supermercato\/"]}]},{"@type":"ImageObject","inLanguage":"it-IT","@id":"https:\/\/www.gossip.it\/news\/fedez-festa-compleanno-supermercato\/#primaryimage","url":"https:\/\/files.gossip.it\/immagini_news\/2018\/10\/1540291371_fedez_3.jpg","contentUrl":"https:\/\/files.gossip.it\/immagini_news\/2018\/10\/1540291371_fedez_3.jpg"},{"@type":"BreadcrumbList","@id":"https:\/\/www.gossip.it\/news\/fedez-festa-compleanno-supermercato\/#breadcrumb","itemListElement":[{"@type":"ListItem","position":1,"name":"Home","item":"https:\/\/www.gossip.it\/"},{"@type":"ListItem","position":2,"name":"Fedez, festa di compleanno al supermercato. Poi si pente: in lacrime"}]},{"@type":"WebSite","@id":"https:\/\/www.gossip.it\/#website","url":"https:\/\/www.gossip.it\/","name":"Gossip and VIP News","description":"Quotidiano di cronaca rosa, costume e societ\u00e0","publisher":{"@id":"https:\/\/www.gossip.it\/#organization"},"alternateName":"Gossip and VIP News","potentialAction":[{"@type":"SearchAction","target":{"@type":"EntryPoint","urlTemplate":"https:\/\/www.gossip.it\/?s={search_term_string}"},"query-input":{"@type":"PropertyValueSpecification","valueRequired":true,"valueName":"search_term_string"}}],"inLanguage":"it-IT"},{"@type":"Organization","@id":"https:\/\/www.gossip.it\/#organization","name":"Gossip and VIP News","alternateName":"Gossip News","url":"https:\/\/www.gossip.it\/","logo":{"@type":"ImageObject","inLanguage":"it-IT","@id":"https:\/\/www.gossip.it\/#\/schema\/logo\/image\/","url":"https:\/\/www.gossip.it\/wp-content\/uploads\/2022\/04\/cropped-corna-alta-tiny.png","contentUrl":"https:\/\/www.gossip.it\/wp-content\/uploads\/2022\/04\/cropped-corna-alta-tiny.png","width":512,"height":512,"caption":"Gossip and VIP News"},"image":{"@id":"https:\/\/www.gossip.it\/#\/schema\/logo\/image\/"},"sameAs":["https:\/\/www.facebook.com\/GossipIT","https:\/\/x.com\/gossinews_it","https:\/\/instagram.com\/gossip_it"]},{"@type":"Person","@id":"https:\/\/www.gossip.it\/#\/schema\/person\/488896f75158bff1cc83c6c39d141110","name":"La Redazione","image":{"@type":"ImageObject","inLanguage":"it-IT","@id":"https:\/\/www.gossip.it\/#\/schema\/person\/image\/","url":"https:\/\/secure.gravatar.com\/avatar\/5a5f5c6fa3e6700e4249abdad0263a1e94e927d9e0499b1cb09c1cd29c044d80?s=96&d=mm&r=g","contentUrl":"https:\/\/secure.gravatar.com\/avatar\/5a5f5c6fa3e6700e4249abdad0263a1e94e927d9e0499b1cb09c1cd29c044d80?s=96&d=mm&r=g","caption":"La Redazione"},"sameAs":["https:\/\/www.gossip.it"]}]}},"amp_enabled":true,"_links":{"self":[{"href":"https:\/\/www.gossip.it\/api\/wp\/v2\/posts\/62484","targetHints":{"allow":["GET"]}}],"collection":[{"href":"https:\/\/www.gossip.it\/api\/wp\/v2\/posts"}],"about":[{"href":"https:\/\/www.gossip.it\/api\/wp\/v2\/types\/post"}],"author":[{"embeddable":true,"href":"https:\/\/www.gossip.it\/api\/wp\/v2\/users\/1"}],"replies":[{"embeddable":true,"href":"https:\/\/www.gossip.it\/api\/wp\/v2\/comments?post=62484"}],"version-history":[{"count":0,"href":"https:\/\/www.gossip.it\/api\/wp\/v2\/posts\/62484\/revisions"}],"wp:featuredmedia":[{"embeddable":true,"href":"https:\/\/www.gossip.it\/api\/wp\/v2\/media\/118530"}],"wp:attachment":[{"href":"https:\/\/www.gossip.it\/api\/wp\/v2\/media?parent=62484"}],"wp:term":[{"taxonomy":"category","embeddable":true,"href":"https:\/\/www.gossip.it\/api\/wp\/v2\/categories?post=62484"},{"taxonomy":"post_tag","embeddable":true,"href":"https:\/\/www.gossip.it\/api\/wp\/v2\/tags?post=62484"},{"taxonomy":"vip","embeddable":true,"href":"https:\/\/www.gossip.it\/api\/wp\/v2\/vip?post=62484"}],"curies":[{"name":"wp","href":"https:\/\/api.w.org\/{rel}","templated":true}]}}