{"id":62619,"date":"2018-11-06T00:00:00","date_gmt":"2018-11-05T23:00:00","guid":{"rendered":"https:\/\/www.gossip.it\/senza-categoria\/ilary-blasi-giornata-tipo-mamma-inferno-gf-vip\/"},"modified":"2018-11-06T00:00:00","modified_gmt":"2018-11-05T23:00:00","slug":"ilary-blasi-giornata-tipo-mamma-inferno-gf-vip","status":"publish","type":"post","link":"https:\/\/www.gossip.it\/news\/ilary-blasi-giornata-tipo-mamma-inferno-gf-vip\/","title":{"rendered":"Ilary Blasi: 'La mia giornata tipo da mamma? Un inferno. Al GF Vip mi riposo\u2019"},"content":{"rendered":"<p><a href=\"\/vip\/ilary-blasi\/\">Ilary Blasi<\/a> a <em>Tv Sorrisi e Canzoni <\/em>confessa che la sua <strong>giornata tipo<\/strong> da <strong>mamma<\/strong> con i tre figli, Cristian, 13 anni, Chanel, 11, e Isabel, 2, \u00e8<em> \u201cun i<strong>nferno<\/strong>\u201d<\/em>. Al punto che al <a href=\"\/vip\/gf-vip\/\">GF Vip<\/a> si riposa. La conduttrice 37enne prende la conduzione del <a href=\"\/vip\/reality-show\/\">reality show<\/a> quasi fosse non lavoro ma uno svago dalla caotica routine giornaliera in famiglia.<\/p>\n<figure class=\"caption\"><img decoding=\"async\" alt=\"\" width=\"640\" height=\"454\" src=\"https:\/\/files.gossip.it\/immagini_news\/2018\/11\/1541514229_ilary_blasi.jpg\" \/><figcaption>Ilary Blasi al 'GF Vip' si riposa: la sua giornata tipo da mamma \u00e8 'un inferno'<\/figcaption><\/figure>\n<p>Lavora due giorni la settimana, la domenica pomeriggio e il luned\u00ec, quando fa le prove e c\u2019\u00e8 la diretta. Raddoppia con il doppio appuntamento con il <strong>GF Vip<\/strong>, come accadr\u00e0 questa settimana, con la nona puntata in onda gioved\u00ec 8 novembre.<strong> Ilary Blasi<\/strong> se deve raccontare la sua <strong>giornata tipo<\/strong> da <strong>mamma<\/strong> dice:<em> \u201cUn <strong>inferno<\/strong>: dico solo che a fare il <strong>GF Vip<\/strong> mi riposo! Portali a scuola, riprendili, ospita gli amichetti a casa, fagli fare lo sport e i compiti\u2026\u201d.<\/em><\/p>\n<p>La<strong> giornata tipo<\/strong> da <strong>mamma<\/strong> \u00e8 <em>\u201cun <strong>inferno<\/strong>\u201d<\/em> per<strong> Ilary Blasi<\/strong>, anche se in realt\u00e0 stare con i ragazzi le piace moltissimo. Sui compiti dei pargoli per\u00f2 ammette:<em> \u201cQuelli di matematica, il mio cruccio. Ho fatto lo scientifico, ma quando vedo i numeri mi si incrociano gli occhi. Per fortuna ci sono anche mia mamma e mia suocera\u201d.<\/em><\/p>\n<div class=\"video_integrato\" data-videoid=\"5531\" data-autostart=\"true\">\u00a0<\/div>\n<p>In casa non si parla del suo lavoro in <a href=\"\/vip\/tv\/\">tv<\/a>: <em>\u201cNun me se filano proprio!<\/em>\u201d. Ilary Blasi rimane comunque sempre sotto i riflettori, anche per il marito, <a href=\"\/vip\/francesco-totti\/\">Francesco Totti<\/a>, la bionda per\u00f2 sottolinea: \u201c<em>Sinceramente \u2019sto 'Lady Totti' mi suona strano, non mi ci sono mai ritrovata. Io sono solo Ilary. Non mi metto a competere sui cognomi o su altro con mio marito\u201d.<\/em><\/p>\n<p>I suoi look al <strong>GF Vip<\/strong> sono sempre molti discussi: <em>\u201cLi scelgo d\u2019istinto. Mi aiutano due stylist, Elena e Silvia, i miei angeli custodi. A volte gli abiti piacciono, a volte no. Ma \u00e8 giusto cos\u00ec. Anch\u2019io, se fossi sul divano di casa per ore davanti alla tv, vorrei avere qualcosa da criticare\u201d. <\/em>E sulle parrucche precisa: <em>\u201cPer me sono un gioco. Mia nonna Marcella ne aveva tante e volevo riportare in auge il suo stile. In America le usano tantissimo, qui da noi dovevo sdoganare un tab\u00f9. Poi sono pratiche: arrivi e trovi la testa pronta, gi\u00e0 phonata e via!\u201d.<\/em><\/p>\n<figure class=\"caption\"><img decoding=\"async\" alt=\"\" width=\"640\" height=\"421\" src=\"https:\/\/files.gossip.it\/immagini_news\/2018\/11\/1541514333_totti-ilary-figli-colosseo.jpg\" \/><figcaption>In famiglia non parlano mai del suo lavoro in tv<\/figcaption><\/figure>\n<p><strong>Ilary Blasi <\/strong>al timone del<strong> GF Vip <\/strong>sta bene. Le si domanda se lo ritiene <em>\u201cun vestito cucito su misura per lei\u201d.<\/em> <em>\u201cPrima o poi i vestiti stanno stretti o passano di moda\u201d<\/em>, replica. Il sogno <a href=\"\/vip\/sanremo\/\">Sanremo<\/a> 2019, nonostante sia gi\u00e0 stata protagonista all\u2019Ariston, non svanisce: <em>\u201cSanremo \u00e8 un viaggio a s\u00e9, che \u00e8 sempre bello ripetere. Un abito di quelli eleganti, neri, lunghi, che custodisci nell\u2019armadio: un abito \u201cuntouchable\u201d, intoccabile\u201d.<\/em><\/p>\n<p>Quando le si chiede se da fruttivendola sposata con un benzinaio, i mestieri che sognavano di fare lei e Totti da bambini, sarebbe stata felice, dice:<em> \u201cS\u00ec, perch\u00e9 la felicit\u00e0 viene da dentro. Anche se tutto il resto aiuta, non voglio essere ipocrita o populista e negarlo. Ma ci\u00f2 che conta di pi\u00f9 \u00e8 l\u2019approccio alla vita: io la mattina mi sveglio e sono felice, a prescindere\u201d.<\/em><\/p>\n<p>\u00a0<\/p>\n","protected":false},"excerpt":{"rendered":"<p>Ilary Blasi a Tv Sorrisi e Canzoni confessa che la sua giornata tipo da mamma con i tre figli, Cristian, 13 anni, Chanel, 11, e Isabel, 2, \u00e8 \u201cun inferno\u201d. Al punto che al GF Vip si riposa. La conduttrice 37enne prende la conduzione del reality show quasi fosse non lavoro ma uno svago dalla [&hellip;]<\/p>\n","protected":false},"author":1,"featured_media":118665,"comment_status":"closed","ping_status":"closed","sticky":false,"template":"","format":"standard","meta":{"footnotes":""},"categories":[54],"tags":[2098,1992,2102,2126,11843,3800,1875,11844,4819,2103,1900,2250,2582,12146,4687,2097],"vip":[801,952],"class_list":["post-62619","post","type-post","status-publish","format-standard","has-post-thumbnail","hentry","category-news","tag-canale-5","tag-conduttrice","tag-dichiarazioni","tag-gf-vip","tag-gf-vip-3","tag-giornata","tag-grande-fratello-vip","tag-grande-fratello-vip-3","tag-inferno","tag-intervista","tag-mamma","tag-reality-reality-show","tag-sanremo","tag-sanremo-2019","tag-tipo","tag-tv","vip-francesco_totti","vip-ilary_blasi"],"yoast_head":"<title>Ilary Blasi: &#039;La mia giornata tipo da mamma? Un inferno. Al GF Vip mi riposo\u2019 - Gossip.it | News sul Gossip e VIP<\/title>\n<meta name=\"description\" content=\"Ilary Blasi a Tv Sorrisi e Canzoni confessa che la sua giornata tipo da mamma con i tre figli, Cristian, 13 anni, Chanel, 11, e Isabel, 2, \u00e8 \u201cun inferno\u201d.\" \/>\n<meta name=\"robots\" content=\"index, follow, max-snippet:-1, max-image-preview:large, max-video-preview:-1\" \/>\n<link rel=\"canonical\" href=\"https:\/\/www.gossip.it\/news\/ilary-blasi-giornata-tipo-mamma-inferno-gf-vip\/\" \/>\n<meta property=\"og:locale\" content=\"it_IT\" \/>\n<meta property=\"og:type\" content=\"article\" \/>\n<meta property=\"og:title\" content=\"Ilary Blasi: &#039;La mia giornata tipo da mamma? Un inferno. Al GF Vip mi riposo\u2019 - Gossip.it | News sul Gossip e VIP\" \/>\n<meta property=\"og:description\" content=\"Ilary Blasi a Tv Sorrisi e Canzoni confessa che la sua giornata tipo da mamma con i tre figli, Cristian, 13 anni, Chanel, 11, e Isabel, 2, \u00e8 \u201cun inferno\u201d.\" \/>\n<meta property=\"og:url\" content=\"https:\/\/www.gossip.it\/news\/ilary-blasi-giornata-tipo-mamma-inferno-gf-vip\/\" \/>\n<meta property=\"og:site_name\" content=\"Gossip.it | News sul Gossip e VIP\" \/>\n<meta property=\"article:publisher\" content=\"https:\/\/www.facebook.com\/GossipIT\" \/>\n<meta property=\"article:published_time\" content=\"2018-11-05T23:00:00+00:00\" \/>\n<meta property=\"og:image\" content=\"https:\/\/files.gossip.it\/immagini_news\/2018\/11\/1541514229_ilary_blasi.jpg\" \/>\n<meta name=\"author\" content=\"La Redazione\" \/>\n<meta name=\"twitter:card\" content=\"summary_large_image\" \/>\n<meta name=\"twitter:image\" content=\"https:\/\/files.gossip.it\/immagini_news\/2018\/11\/1541514229_ilary_blasi.jpg\" \/>\n<meta name=\"twitter:creator\" content=\"@gossinews_it\" \/>\n<meta name=\"twitter:site\" content=\"@gossinews_it\" \/>\n<meta name=\"twitter:label1\" content=\"Scritto da\" \/>\n\t<meta name=\"twitter:data1\" content=\"Annamaria Capozzi\" \/>\n\t<meta name=\"twitter:label2\" content=\"Tempo di lettura stimato\" \/>\n\t<meta name=\"twitter:data2\" content=\"3 minuti\" \/>","yoast_head_json":{"title":"Ilary Blasi: 'La mia giornata tipo da mamma? Un inferno. Al GF Vip mi riposo\u2019 - Gossip.it | News sul Gossip e VIP","description":"Ilary Blasi a Tv Sorrisi e Canzoni confessa che la sua giornata tipo da mamma con i tre figli, Cristian, 13 anni, Chanel, 11, e Isabel, 2, \u00e8 \u201cun inferno\u201d.","robots":{"index":"index","follow":"follow","max-snippet":"max-snippet:-1","max-image-preview":"max-image-preview:large","max-video-preview":"max-video-preview:-1"},"canonical":"https:\/\/www.gossip.it\/news\/ilary-blasi-giornata-tipo-mamma-inferno-gf-vip\/","og_locale":"it_IT","og_type":"article","og_title":"Ilary Blasi: 'La mia giornata tipo da mamma? Un inferno. Al GF Vip mi riposo\u2019 - Gossip.it | News sul Gossip e VIP","og_description":"Ilary Blasi a Tv Sorrisi e Canzoni confessa che la sua giornata tipo da mamma con i tre figli, Cristian, 13 anni, Chanel, 11, e Isabel, 2, \u00e8 \u201cun inferno\u201d.","og_url":"https:\/\/www.gossip.it\/news\/ilary-blasi-giornata-tipo-mamma-inferno-gf-vip\/","og_site_name":"Gossip.it | News sul Gossip e VIP","article_publisher":"https:\/\/www.facebook.com\/GossipIT","article_published_time":"2018-11-05T23:00:00+00:00","og_image":[{"url":"https:\/\/files.gossip.it\/immagini_news\/2018\/11\/1541514229_ilary_blasi.jpg"}],"author":"La Redazione","twitter_card":"summary_large_image","twitter_image":"https:\/\/files.gossip.it\/immagini_news\/2018\/11\/1541514229_ilary_blasi.jpg","twitter_creator":"@gossinews_it","twitter_site":"@gossinews_it","twitter_misc":{"Scritto da":"Annamaria Capozzi","Tempo di lettura stimato":"3 minuti"},"schema":{"@context":"https:\/\/schema.org","@graph":[{"@type":"Article","@id":"https:\/\/www.gossip.it\/news\/ilary-blasi-giornata-tipo-mamma-inferno-gf-vip\/#article","isPartOf":{"@id":"https:\/\/www.gossip.it\/news\/ilary-blasi-giornata-tipo-mamma-inferno-gf-vip\/"},"author":{"name":"La Redazione","@id":"https:\/\/www.gossip.it\/#\/schema\/person\/488896f75158bff1cc83c6c39d141110"},"headline":"Ilary Blasi: 'La mia giornata tipo da mamma? Un inferno. Al GF Vip mi riposo\u2019","datePublished":"2018-11-05T23:00:00+00:00","dateModified":"2018-11-05T23:00:00+00:00","mainEntityOfPage":{"@id":"https:\/\/www.gossip.it\/news\/ilary-blasi-giornata-tipo-mamma-inferno-gf-vip\/"},"wordCount":535,"publisher":{"@id":"https:\/\/www.gossip.it\/#organization"},"image":{"@id":"https:\/\/www.gossip.it\/news\/ilary-blasi-giornata-tipo-mamma-inferno-gf-vip\/#primaryimage"},"thumbnailUrl":"https:\/\/files.gossip.it\/immagini_news\/2018\/11\/1541514229_ilary_blasi.jpg","keywords":["canale 5","conduttrice","dichiarazioni","gf vip","gf vip 3","giornata","grande fratello vip","grande fratello vip 3","inferno","intervista","mamma","reality reality show","sanremo","sanremo 2019","tipo","tv"],"articleSection":["News"],"inLanguage":"it-IT"},{"@type":"WebPage","@id":"https:\/\/www.gossip.it\/news\/ilary-blasi-giornata-tipo-mamma-inferno-gf-vip\/","url":"https:\/\/www.gossip.it\/news\/ilary-blasi-giornata-tipo-mamma-inferno-gf-vip\/","name":"Ilary Blasi: 'La mia giornata tipo da mamma? Un inferno. Al GF Vip mi riposo\u2019 - Gossip.it | News sul Gossip e VIP","isPartOf":{"@id":"https:\/\/www.gossip.it\/#website"},"primaryImageOfPage":{"@id":"https:\/\/www.gossip.it\/news\/ilary-blasi-giornata-tipo-mamma-inferno-gf-vip\/#primaryimage"},"image":{"@id":"https:\/\/www.gossip.it\/news\/ilary-blasi-giornata-tipo-mamma-inferno-gf-vip\/#primaryimage"},"thumbnailUrl":"https:\/\/files.gossip.it\/immagini_news\/2018\/11\/1541514229_ilary_blasi.jpg","datePublished":"2018-11-05T23:00:00+00:00","dateModified":"2018-11-05T23:00:00+00:00","description":"Ilary Blasi a Tv Sorrisi e Canzoni confessa che la sua giornata tipo da mamma con i tre figli, Cristian, 13 anni, Chanel, 11, e Isabel, 2, \u00e8 \u201cun inferno\u201d.","breadcrumb":{"@id":"https:\/\/www.gossip.it\/news\/ilary-blasi-giornata-tipo-mamma-inferno-gf-vip\/#breadcrumb"},"inLanguage":"it-IT","potentialAction":[{"@type":"ReadAction","target":["https:\/\/www.gossip.it\/news\/ilary-blasi-giornata-tipo-mamma-inferno-gf-vip\/"]}]},{"@type":"ImageObject","inLanguage":"it-IT","@id":"https:\/\/www.gossip.it\/news\/ilary-blasi-giornata-tipo-mamma-inferno-gf-vip\/#primaryimage","url":"https:\/\/files.gossip.it\/immagini_news\/2018\/11\/1541514229_ilary_blasi.jpg","contentUrl":"https:\/\/files.gossip.it\/immagini_news\/2018\/11\/1541514229_ilary_blasi.jpg"},{"@type":"BreadcrumbList","@id":"https:\/\/www.gossip.it\/news\/ilary-blasi-giornata-tipo-mamma-inferno-gf-vip\/#breadcrumb","itemListElement":[{"@type":"ListItem","position":1,"name":"Home","item":"https:\/\/www.gossip.it\/"},{"@type":"ListItem","position":2,"name":"Ilary Blasi: 'La mia giornata tipo da mamma? Un inferno. Al GF Vip mi riposo\u2019"}]},{"@type":"WebSite","@id":"https:\/\/www.gossip.it\/#website","url":"https:\/\/www.gossip.it\/","name":"Gossip and VIP News","description":"Quotidiano di cronaca rosa, costume e societ\u00e0","publisher":{"@id":"https:\/\/www.gossip.it\/#organization"},"alternateName":"Gossip and VIP News","potentialAction":[{"@type":"SearchAction","target":{"@type":"EntryPoint","urlTemplate":"https:\/\/www.gossip.it\/?s={search_term_string}"},"query-input":{"@type":"PropertyValueSpecification","valueRequired":true,"valueName":"search_term_string"}}],"inLanguage":"it-IT"},{"@type":"Organization","@id":"https:\/\/www.gossip.it\/#organization","name":"Gossip and VIP News","alternateName":"Gossip News","url":"https:\/\/www.gossip.it\/","logo":{"@type":"ImageObject","inLanguage":"it-IT","@id":"https:\/\/www.gossip.it\/#\/schema\/logo\/image\/","url":"https:\/\/www.gossip.it\/wp-content\/uploads\/2022\/04\/cropped-corna-alta-tiny.png","contentUrl":"https:\/\/www.gossip.it\/wp-content\/uploads\/2022\/04\/cropped-corna-alta-tiny.png","width":512,"height":512,"caption":"Gossip and VIP News"},"image":{"@id":"https:\/\/www.gossip.it\/#\/schema\/logo\/image\/"},"sameAs":["https:\/\/www.facebook.com\/GossipIT","https:\/\/x.com\/gossinews_it","https:\/\/instagram.com\/gossip_it"]},{"@type":"Person","@id":"https:\/\/www.gossip.it\/#\/schema\/person\/488896f75158bff1cc83c6c39d141110","name":"La Redazione","image":{"@type":"ImageObject","inLanguage":"it-IT","@id":"https:\/\/www.gossip.it\/#\/schema\/person\/image\/","url":"https:\/\/secure.gravatar.com\/avatar\/5a5f5c6fa3e6700e4249abdad0263a1e94e927d9e0499b1cb09c1cd29c044d80?s=96&d=mm&r=g","contentUrl":"https:\/\/secure.gravatar.com\/avatar\/5a5f5c6fa3e6700e4249abdad0263a1e94e927d9e0499b1cb09c1cd29c044d80?s=96&d=mm&r=g","caption":"La Redazione"},"sameAs":["https:\/\/www.gossip.it"]}]}},"amp_enabled":true,"_links":{"self":[{"href":"https:\/\/www.gossip.it\/api\/wp\/v2\/posts\/62619","targetHints":{"allow":["GET"]}}],"collection":[{"href":"https:\/\/www.gossip.it\/api\/wp\/v2\/posts"}],"about":[{"href":"https:\/\/www.gossip.it\/api\/wp\/v2\/types\/post"}],"author":[{"embeddable":true,"href":"https:\/\/www.gossip.it\/api\/wp\/v2\/users\/1"}],"replies":[{"embeddable":true,"href":"https:\/\/www.gossip.it\/api\/wp\/v2\/comments?post=62619"}],"version-history":[{"count":0,"href":"https:\/\/www.gossip.it\/api\/wp\/v2\/posts\/62619\/revisions"}],"wp:featuredmedia":[{"embeddable":true,"href":"https:\/\/www.gossip.it\/api\/wp\/v2\/media\/118665"}],"wp:attachment":[{"href":"https:\/\/www.gossip.it\/api\/wp\/v2\/media?parent=62619"}],"wp:term":[{"taxonomy":"category","embeddable":true,"href":"https:\/\/www.gossip.it\/api\/wp\/v2\/categories?post=62619"},{"taxonomy":"post_tag","embeddable":true,"href":"https:\/\/www.gossip.it\/api\/wp\/v2\/tags?post=62619"},{"taxonomy":"vip","embeddable":true,"href":"https:\/\/www.gossip.it\/api\/wp\/v2\/vip?post=62619"}],"curies":[{"name":"wp","href":"https:\/\/api.w.org\/{rel}","templated":true}]}}