{"id":62628,"date":"2018-11-07T00:00:00","date_gmt":"2018-11-06T23:00:00","guid":{"rendered":"https:\/\/www.gossip.it\/senza-categoria\/paola-perego-nonna-pietro\/"},"modified":"2018-11-07T00:00:00","modified_gmt":"2018-11-06T23:00:00","slug":"paola-perego-nonna-pietro","status":"publish","type":"post","link":"https:\/\/www.gossip.it\/news\/paola-perego-nonna-pietro\/","title":{"rendered":"Paola Perego presto nonna in ansia per Pietro: 'E\u2019 come se andassi a partorire io\u2019"},"content":{"rendered":"<p><a href=\"\/vip\/paola-perego\/\">Paola Perego<\/a> \u00e8 in ansia. Presto sar\u00e0 <strong>nonna<\/strong>, la figlia <a href=\"\/vip\/giulia-carnevale\/\">Giulia Carnevale<\/a>, avuta dall\u2019ex marito <a href=\"\/vip\/andrea-carnevale\/\">Andrea Carnevale<\/a>, \u00e8 entrata nel nono mese di <a href=\"\/vip\/gravidanza\/\">gravidanza<\/a>.<em> \u201cE\u2019 come se andassi a partorire io\u201d, <\/em>svela a <em>Chi<\/em>. Il nipotino si chiamer\u00e0 <strong>Pietro<\/strong>. <em>\u201cFino all\u2019altro ieri si chiamava \u2018Ciccione\u2019, poi due giorni fa finalmente si \u00e8 deciso: si chiamer\u00e0 <strong>Pietro<\/strong>. Che con il cognome Giovanelli sta anche bene, no?\u201d<\/em>, svela la conduttrice 52enne al settimo cielo.<\/p>\n<figure class=\"caption\"><img decoding=\"async\" alt=\"\" width=\"640\" height=\"619\" src=\"https:\/\/files.gossip.it\/immagini_news\/2018\/11\/1541591962_perego_1.jpg\" \/><figcaption>Paola Perego tra un mese sar\u00e0 nonna, il nipotino si chiamer\u00e0 Pietro<\/figcaption><\/figure>\n<p>Euforica da <strong>nonna<\/strong> dichiara che vizier\u00e0 <strong>Pietro<\/strong>. Ora che Giulia \u00e8 agli sgoccioli con il pancione, per\u00f2, <strong>Paola Perego<\/strong>, presto nonna, ha un po\u2019 di timore.<em> \u201cMia mamma quando \u00e8 nata Giulia ha detto: \u2018E\u2019 come se avessi partorito un\u2019altra volta\u2019. E io dicevo: \u2018Vabb\u00e8, esagerata\u2019. Invece, ora capisco: secondo me avr\u00f2 i dolori del travaglio. Intanto mi concedo un po\u2019 di ansia, s\u00ec, rivivo quello stato d\u2019animo, la nascita \u00e8 sempre misteriosa\u201d<\/em>, spiega. E\u2019 come se dovesse partorire lei, lo ammette.<\/p>\n<figure class=\"caption\"><img decoding=\"async\" alt=\"\" width=\"640\" height=\"626\" src=\"https:\/\/files.gossip.it\/immagini_news\/2018\/11\/1541591976_perego_2.jpg\" \/><figcaption>La figlia Giulia Carnevale 26 anni, \u00e8 entrata nel nono mese di gravidanza<\/figcaption><\/figure>\n<p>La figlia Giulia aspetta il suo primo beb\u00e8 da Filippo Giovanelli, con cui convive, i due per\u00f2 al momento non si sposeranno.<em> \u201cIo ho avuto lei alla stessa et\u00e0. Solo che io l\u2019ho voluta, a lei, invece, \u00e8 capitato. Per\u00f2, Giulia \u00e8 felicemente accompagnata, convive. Visto quanto \u00e8 bello Filippo? Ed \u00e8 pi\u00f9 buono che bello\u201d,<\/em> sottolinea<strong>\u00a0<\/strong>la <strong>nonna Paola Perego<\/strong>, che non vede l\u2019ora di abbracciare<strong> Pietro<\/strong>, il nipotino. Quando le si domanda cosa voglia dire<em> \u2018capitato\u2019 <\/em>riferito al beb\u00e8, precisa: <em>\u201cMa no, diciamo che sono due ragazzi all\u2019inizio della carriera e che questo bimbo \u00e8 arrivato quando ha deciso lui\u201d.<\/em> E\u2019 stata una benedizione. E tutti in famiglia lo aspettano: lo zio Riccardo, il nonno Andrea e anche il nonno acquisito <a href=\"\/vip\/lucio-presta\/\">Lucio Presta<\/a>, che vuole portarlo con loro in vacanza in Africa. Paola e Lucio adorano il Kenya e vogliono che pure <strong>Pietro<\/strong> lo ami quanto loro.<\/p>\n<p>\u00a0<\/p>\n","protected":false},"excerpt":{"rendered":"<p>Paola Perego \u00e8 in ansia. Presto sar\u00e0 nonna, la figlia Giulia Carnevale, avuta dall\u2019ex marito Andrea Carnevale, \u00e8 entrata nel nono mese di gravidanza. \u201cE\u2019 come se andassi a partorire io\u201d, svela a Chi. Il nipotino si chiamer\u00e0 Pietro. \u201cFino all\u2019altro ieri si chiamava \u2018Ciccione\u2019, poi due giorni fa finalmente si \u00e8 deciso: si chiamer\u00e0 [&hellip;]<\/p>\n","protected":false},"author":1,"featured_media":118674,"comment_status":"closed","ping_status":"closed","sticky":false,"template":"","format":"standard","meta":{"footnotes":""},"categories":[54],"tags":[30884,1992,2102,1905,48772,2094,55323,1900,5320,2187,6407,2145],"vip":[1161,1459],"class_list":["post-62628","post","type-post","status-publish","format-standard","has-post-thumbnail","hentry","category-news","tag-andrea-carnevale","tag-conduttrice","tag-dichiarazioni","tag-figlia","tag-giulia-carnevale","tag-incinta","tag-intervista-chi","tag-mamma","tag-nonna","tag-parto","tag-pietro","tag-presentatrice","vip-lucio_presta","vip-paola_perego"],"yoast_head":"<title>Paola Perego presto nonna in ansia per Pietro: &#039;E\u2019 come se andassi a partorire io\u2019 - Gossip.it | News sul Gossip e VIP<\/title>\n<meta name=\"description\" content=\"Paola Perego \u00e8 in ansia. Presto sar\u00e0 nonna, la figlia Giulia Carnevale, avuta dall\u2019ex marito Andrea Carnevale, \u00e8 entrata nel nono mese di gravidanza. \u201cE\u2019\" \/>\n<meta name=\"robots\" content=\"index, follow, max-snippet:-1, max-image-preview:large, max-video-preview:-1\" \/>\n<link rel=\"canonical\" href=\"https:\/\/www.gossip.it\/news\/paola-perego-nonna-pietro\/\" \/>\n<meta property=\"og:locale\" content=\"it_IT\" \/>\n<meta property=\"og:type\" content=\"article\" \/>\n<meta property=\"og:title\" content=\"Paola Perego presto nonna in ansia per Pietro: &#039;E\u2019 come se andassi a partorire io\u2019 - Gossip.it | News sul Gossip e VIP\" \/>\n<meta property=\"og:description\" content=\"Paola Perego \u00e8 in ansia. Presto sar\u00e0 nonna, la figlia Giulia Carnevale, avuta dall\u2019ex marito Andrea Carnevale, \u00e8 entrata nel nono mese di gravidanza. \u201cE\u2019\" \/>\n<meta property=\"og:url\" content=\"https:\/\/www.gossip.it\/news\/paola-perego-nonna-pietro\/\" \/>\n<meta property=\"og:site_name\" content=\"Gossip.it | News sul Gossip e VIP\" \/>\n<meta property=\"article:publisher\" content=\"https:\/\/www.facebook.com\/GossipIT\" \/>\n<meta property=\"article:published_time\" content=\"2018-11-06T23:00:00+00:00\" \/>\n<meta property=\"og:image\" content=\"https:\/\/files.gossip.it\/immagini_news\/2018\/11\/1541591962_perego_1.jpg\" \/>\n<meta name=\"author\" content=\"La Redazione\" \/>\n<meta name=\"twitter:card\" content=\"summary_large_image\" \/>\n<meta name=\"twitter:image\" content=\"https:\/\/files.gossip.it\/immagini_news\/2018\/11\/1541591962_perego_1.jpg\" \/>\n<meta name=\"twitter:creator\" content=\"@gossinews_it\" \/>\n<meta name=\"twitter:site\" content=\"@gossinews_it\" \/>\n<meta name=\"twitter:label1\" content=\"Scritto da\" \/>\n\t<meta name=\"twitter:data1\" content=\"Annamaria Capozzi\" \/>\n\t<meta name=\"twitter:label2\" content=\"Tempo di lettura stimato\" \/>\n\t<meta name=\"twitter:data2\" content=\"2 minuti\" \/>","yoast_head_json":{"title":"Paola Perego presto nonna in ansia per Pietro: 'E\u2019 come se andassi a partorire io\u2019 - Gossip.it | News sul Gossip e VIP","description":"Paola Perego \u00e8 in ansia. Presto sar\u00e0 nonna, la figlia Giulia Carnevale, avuta dall\u2019ex marito Andrea Carnevale, \u00e8 entrata nel nono mese di gravidanza. \u201cE\u2019","robots":{"index":"index","follow":"follow","max-snippet":"max-snippet:-1","max-image-preview":"max-image-preview:large","max-video-preview":"max-video-preview:-1"},"canonical":"https:\/\/www.gossip.it\/news\/paola-perego-nonna-pietro\/","og_locale":"it_IT","og_type":"article","og_title":"Paola Perego presto nonna in ansia per Pietro: 'E\u2019 come se andassi a partorire io\u2019 - Gossip.it | News sul Gossip e VIP","og_description":"Paola Perego \u00e8 in ansia. Presto sar\u00e0 nonna, la figlia Giulia Carnevale, avuta dall\u2019ex marito Andrea Carnevale, \u00e8 entrata nel nono mese di gravidanza. \u201cE\u2019","og_url":"https:\/\/www.gossip.it\/news\/paola-perego-nonna-pietro\/","og_site_name":"Gossip.it | News sul Gossip e VIP","article_publisher":"https:\/\/www.facebook.com\/GossipIT","article_published_time":"2018-11-06T23:00:00+00:00","og_image":[{"url":"https:\/\/files.gossip.it\/immagini_news\/2018\/11\/1541591962_perego_1.jpg"}],"author":"La Redazione","twitter_card":"summary_large_image","twitter_image":"https:\/\/files.gossip.it\/immagini_news\/2018\/11\/1541591962_perego_1.jpg","twitter_creator":"@gossinews_it","twitter_site":"@gossinews_it","twitter_misc":{"Scritto da":"Annamaria Capozzi","Tempo di lettura stimato":"2 minuti"},"schema":{"@context":"https:\/\/schema.org","@graph":[{"@type":"Article","@id":"https:\/\/www.gossip.it\/news\/paola-perego-nonna-pietro\/#article","isPartOf":{"@id":"https:\/\/www.gossip.it\/news\/paola-perego-nonna-pietro\/"},"author":{"name":"La Redazione","@id":"https:\/\/www.gossip.it\/#\/schema\/person\/488896f75158bff1cc83c6c39d141110"},"headline":"Paola Perego presto nonna in ansia per Pietro: 'E\u2019 come se andassi a partorire io\u2019","datePublished":"2018-11-06T23:00:00+00:00","dateModified":"2018-11-06T23:00:00+00:00","mainEntityOfPage":{"@id":"https:\/\/www.gossip.it\/news\/paola-perego-nonna-pietro\/"},"wordCount":337,"publisher":{"@id":"https:\/\/www.gossip.it\/#organization"},"image":{"@id":"https:\/\/www.gossip.it\/news\/paola-perego-nonna-pietro\/#primaryimage"},"thumbnailUrl":"https:\/\/files.gossip.it\/immagini_news\/2018\/11\/1541591962_perego_1.jpg","keywords":["andrea carnevale","conduttrice","dichiarazioni","figlia","giulia carnevale","incinta","intervista chi","mamma","nonna","parto","Pietro","presentatrice"],"articleSection":["News"],"inLanguage":"it-IT"},{"@type":"WebPage","@id":"https:\/\/www.gossip.it\/news\/paola-perego-nonna-pietro\/","url":"https:\/\/www.gossip.it\/news\/paola-perego-nonna-pietro\/","name":"Paola Perego presto nonna in ansia per Pietro: 'E\u2019 come se andassi a partorire io\u2019 - Gossip.it | News sul Gossip e VIP","isPartOf":{"@id":"https:\/\/www.gossip.it\/#website"},"primaryImageOfPage":{"@id":"https:\/\/www.gossip.it\/news\/paola-perego-nonna-pietro\/#primaryimage"},"image":{"@id":"https:\/\/www.gossip.it\/news\/paola-perego-nonna-pietro\/#primaryimage"},"thumbnailUrl":"https:\/\/files.gossip.it\/immagini_news\/2018\/11\/1541591962_perego_1.jpg","datePublished":"2018-11-06T23:00:00+00:00","dateModified":"2018-11-06T23:00:00+00:00","description":"Paola Perego \u00e8 in ansia. Presto sar\u00e0 nonna, la figlia Giulia Carnevale, avuta dall\u2019ex marito Andrea Carnevale, \u00e8 entrata nel nono mese di gravidanza. \u201cE\u2019","breadcrumb":{"@id":"https:\/\/www.gossip.it\/news\/paola-perego-nonna-pietro\/#breadcrumb"},"inLanguage":"it-IT","potentialAction":[{"@type":"ReadAction","target":["https:\/\/www.gossip.it\/news\/paola-perego-nonna-pietro\/"]}]},{"@type":"ImageObject","inLanguage":"it-IT","@id":"https:\/\/www.gossip.it\/news\/paola-perego-nonna-pietro\/#primaryimage","url":"https:\/\/files.gossip.it\/immagini_news\/2018\/11\/1541591962_perego_1.jpg","contentUrl":"https:\/\/files.gossip.it\/immagini_news\/2018\/11\/1541591962_perego_1.jpg"},{"@type":"BreadcrumbList","@id":"https:\/\/www.gossip.it\/news\/paola-perego-nonna-pietro\/#breadcrumb","itemListElement":[{"@type":"ListItem","position":1,"name":"Home","item":"https:\/\/www.gossip.it\/"},{"@type":"ListItem","position":2,"name":"Paola Perego presto nonna in ansia per Pietro: 'E\u2019 come se andassi a partorire io\u2019"}]},{"@type":"WebSite","@id":"https:\/\/www.gossip.it\/#website","url":"https:\/\/www.gossip.it\/","name":"Gossip and VIP News","description":"Quotidiano di cronaca rosa, costume e societ\u00e0","publisher":{"@id":"https:\/\/www.gossip.it\/#organization"},"alternateName":"Gossip and VIP News","potentialAction":[{"@type":"SearchAction","target":{"@type":"EntryPoint","urlTemplate":"https:\/\/www.gossip.it\/?s={search_term_string}"},"query-input":{"@type":"PropertyValueSpecification","valueRequired":true,"valueName":"search_term_string"}}],"inLanguage":"it-IT"},{"@type":"Organization","@id":"https:\/\/www.gossip.it\/#organization","name":"Gossip and VIP News","alternateName":"Gossip News","url":"https:\/\/www.gossip.it\/","logo":{"@type":"ImageObject","inLanguage":"it-IT","@id":"https:\/\/www.gossip.it\/#\/schema\/logo\/image\/","url":"https:\/\/www.gossip.it\/wp-content\/uploads\/2022\/04\/cropped-corna-alta-tiny.png","contentUrl":"https:\/\/www.gossip.it\/wp-content\/uploads\/2022\/04\/cropped-corna-alta-tiny.png","width":512,"height":512,"caption":"Gossip and VIP News"},"image":{"@id":"https:\/\/www.gossip.it\/#\/schema\/logo\/image\/"},"sameAs":["https:\/\/www.facebook.com\/GossipIT","https:\/\/x.com\/gossinews_it","https:\/\/instagram.com\/gossip_it"]},{"@type":"Person","@id":"https:\/\/www.gossip.it\/#\/schema\/person\/488896f75158bff1cc83c6c39d141110","name":"La Redazione","image":{"@type":"ImageObject","inLanguage":"it-IT","@id":"https:\/\/www.gossip.it\/#\/schema\/person\/image\/","url":"https:\/\/secure.gravatar.com\/avatar\/5a5f5c6fa3e6700e4249abdad0263a1e94e927d9e0499b1cb09c1cd29c044d80?s=96&d=mm&r=g","contentUrl":"https:\/\/secure.gravatar.com\/avatar\/5a5f5c6fa3e6700e4249abdad0263a1e94e927d9e0499b1cb09c1cd29c044d80?s=96&d=mm&r=g","caption":"La Redazione"},"sameAs":["https:\/\/www.gossip.it"]}]}},"amp_enabled":true,"_links":{"self":[{"href":"https:\/\/www.gossip.it\/api\/wp\/v2\/posts\/62628","targetHints":{"allow":["GET"]}}],"collection":[{"href":"https:\/\/www.gossip.it\/api\/wp\/v2\/posts"}],"about":[{"href":"https:\/\/www.gossip.it\/api\/wp\/v2\/types\/post"}],"author":[{"embeddable":true,"href":"https:\/\/www.gossip.it\/api\/wp\/v2\/users\/1"}],"replies":[{"embeddable":true,"href":"https:\/\/www.gossip.it\/api\/wp\/v2\/comments?post=62628"}],"version-history":[{"count":0,"href":"https:\/\/www.gossip.it\/api\/wp\/v2\/posts\/62628\/revisions"}],"wp:featuredmedia":[{"embeddable":true,"href":"https:\/\/www.gossip.it\/api\/wp\/v2\/media\/118674"}],"wp:attachment":[{"href":"https:\/\/www.gossip.it\/api\/wp\/v2\/media?parent=62628"}],"wp:term":[{"taxonomy":"category","embeddable":true,"href":"https:\/\/www.gossip.it\/api\/wp\/v2\/categories?post=62628"},{"taxonomy":"post_tag","embeddable":true,"href":"https:\/\/www.gossip.it\/api\/wp\/v2\/tags?post=62628"},{"taxonomy":"vip","embeddable":true,"href":"https:\/\/www.gossip.it\/api\/wp\/v2\/vip?post=62628"}],"curies":[{"name":"wp","href":"https:\/\/api.w.org\/{rel}","templated":true}]}}