{"id":62707,"date":"2018-11-15T00:00:00","date_gmt":"2018-11-14T23:00:00","guid":{"rendered":"https:\/\/www.gossip.it\/senza-categoria\/lorella-boccia-nuovo-programma-tv-nozze-papa\/"},"modified":"2018-11-15T00:00:00","modified_gmt":"2018-11-14T23:00:00","slug":"lorella-boccia-nuovo-programma-tv-nozze-papa","status":"publish","type":"post","link":"https:\/\/www.gossip.it\/news\/lorella-boccia-nuovo-programma-tv-nozze-papa\/","title":{"rendered":"Lorella Boccia, nuovo programma tv, le nozze con Niccol\u00f2 Presta e il pap\u00e0 tra gli invitati\u2026"},"content":{"rendered":"<p><a href=\"\/vip\/lorella-boccia\/\">Lorella Boccia<\/a> vive un momento da ricordate. La 26enne, ex ballerina di <a href=\"\/vip\/amici\/\">Amici<\/a>, gi\u00e0 al timone del daytime del <a href=\"\/vip\/talent-\/\">talent<\/a>\u00a0di <a href=\"\/vip\/maria-de filippi\/\">Maria De Filippi<\/a>, da venerd\u00ec 16 novembre condurr\u00e0 su Real Time un <strong>nuovo programma tv<\/strong>, <em>\u201cRivelo\u201d<\/em>, in onda alle 23,45, in cui far\u00e0 uscire allo scoperto 12 celebrit\u00e0. Intanto organizza le <a href=\"\/vip\/nozze\/\">nozze<\/a> con <a href=\"\/vip\/niccol\u00f2-presta\/\">Niccol\u00f2 Presta<\/a>, figlio di <a href=\"\/vip\/lucio-presta\/\">Lucio Presta<\/a> suo coetaneo. Al <a href=\"\/vip\/matrimonio\/\">matrimonio<\/a> Lorella inviter\u00e0 anche il <strong>pap\u00e0<\/strong>, pur non dimenticamno il suo abbandono, come sottolinea lei stessa a <em>Oggi<\/em>.<\/p>\n<figure class=\"caption\"><img decoding=\"async\" alt=\"\" width=\"640\" height=\"773\" src=\"https:\/\/files.gossip.it\/immagini_news\/2018\/11\/1542282536_boccia_1.jpg\" \/><figcaption>Lorella Boccia arriva in tv con un nuovo programma: dal 16 novembre condurr\u00e0 su Real Time 'Rivelo'<\/figcaption><\/figure>\n<p>Un <strong>nuovo programma tv<\/strong>, le<strong> nozze<\/strong> con Presta Jr. e tante emozioni, compresa quella di avere il <strong>pap\u00e0<\/strong> accanto il giorno del s\u00ec. <em>\u201cMi \u00e8 difficile perdonare un\u2019assenza di 13 anni, ma sto lavorando sull\u2019accettazione di quel dolore. Mia madre mi ha insegnato che le cose vanno affrontate, in primis quello che fa male. Mi sposo l\u2019anno prossimo ed \u00e8 un passo importante per me. E\u2019 vero, non ho superato ancora l\u2019abbandono di mio padre, ma non voglio che in quel giorno qualcuno possa soffrirne. Ci sar\u00e0 anche lui ed \u00e8 stata una scelta ponderata con molta attenzione, non una scelta scontata\u201d<\/em>, spiega al settimanale Lorella Boccia.<\/p>\n<figure class=\"caption\"><img decoding=\"async\" alt=\"\" width=\"640\" height=\"414\" src=\"https:\/\/files.gossip.it\/immagini_news\/2018\/11\/1542282548_boccia_2.jpg\" \/><figcaption>L'ex ballerina di 'Amici' vive un momento fantastico<\/figcaption><\/figure>\n<p>La carriera spicca il volo con un <strong>nuovo programma tv<\/strong> oltre al daytime di <a href=\"\/vip\/amici-18\/\">Amici 18<\/a>. <strong>Lorella Boccia <\/strong>\u00e8 radiosa. Le <strong>nozze<\/strong> annunciate finalmente stanno per arrivare e il <strong>pap\u00e0<\/strong> ci sar\u00e0. <em>\u201cE\u2019 un periodo bellissimo, dove tutto sembra prendere la giusta direzione, ma io e Niccol\u00f2 viviamo e ci godiamo i momenti belli, esattamente come ci ricordiamo quelli meno belli. Piano piano sto realizzando i miei sogni. Ho lottato tutta la vita per realizzarli. Il daytime di Amici e Rivelo sono un sogno che si realizza\u201d<\/em>, spiega <strong>Lorella Boccia<\/strong>.<\/p>\n<figure class=\"caption\"><img decoding=\"async\" alt=\"\" width=\"640\" height=\"769\" src=\"https:\/\/files.gossip.it\/immagini_news\/2018\/11\/1542282560_boccia_3.jpg\" \/><figcaption>L'anno prossimo sposer\u00e0 Niccol\u00f2 Presta: alle nozze ci sar\u00e0 anche il pap\u00e0, ma non dimentica il suo abbandono<\/figcaption><\/figure>\n<p>Spesso accusata di essere raccomandata, la ragazza replica: <em>\u201cC\u2019\u00e8 stato chi ancor prima di vedere il mio lavoro si \u00e8 permesso di farlo. Mi ha ferito, ma per fortuna spesso si tratta di persone senza identit\u00e0 che, sul web, si nascondono dietro una tastiera. Lavoro in <\/em><a href=\"\/vip\/tv\/\">tv<\/a><em> da quando avevo 17 anni, sono fidanzata con Presta Jr da due anni e mezzo. Ho 26 anni, anche se me ne sento dentro molti pi\u00f9, ma se la matematica non \u00e8 un opinione, non \u00e8 certo per lui che lavoro. Spero che il pubblico possa apprezzarmi. Se cos\u00ec non fosse sono pronta a lasciare il posto a chi merita di pi\u00f9\u201d.<\/em><\/p>\n<p>\u00a0<\/p>\n","protected":false},"excerpt":{"rendered":"<p>Lorella Boccia vive un momento da ricordate. La 26enne, ex ballerina di Amici, gi\u00e0 al timone del daytime del talent\u00a0di Maria De Filippi, da venerd\u00ec 16 novembre condurr\u00e0 su Real Time un nuovo programma tv, \u201cRivelo\u201d, in onda alle 23,45, in cui far\u00e0 uscire allo scoperto 12 celebrit\u00e0. Intanto organizza le nozze con Niccol\u00f2 Presta, [&hellip;]<\/p>\n","protected":false},"author":1,"featured_media":118753,"comment_status":"closed","ping_status":"closed","sticky":false,"template":"","format":"standard","meta":{"footnotes":""},"categories":[54],"tags":[1909,58363,2505,1992,32156,2121,2103,12453,12454,2216,9801,2311,1913,2293,10815,11980,1923,2281,2097],"vip":[],"class_list":["post-62707","post","type-post","status-publish","format-standard","has-post-thumbnail","hentry","category-news","tag-amici","tag-amici-18","tag-ballerina","tag-conduttrice","tag-daytime","tag-instagram","tag-intervista","tag-lorella-boccia","tag-niccolo-presta","tag-nozze","tag-nuovo","tag-oggi","tag-papa","tag-programma","tag-real-time","tag-rivelo","tag-social","tag-televisione","tag-tv"],"yoast_head":"<title>Lorella Boccia, nuovo programma tv, le nozze con Niccol\u00f2 Presta e il pap\u00e0 tra gli invitati\u2026 - Gossip.it | News sul Gossip e VIP<\/title>\n<meta name=\"description\" content=\"Lorella Boccia vive un momento da ricordate. La 26enne, ex ballerina di Amici, gi\u00e0 al timone del daytime del talent\u00a0di Maria De Filippi, da venerd\u00ec 16\" \/>\n<meta name=\"robots\" content=\"index, follow, max-snippet:-1, max-image-preview:large, max-video-preview:-1\" \/>\n<link rel=\"canonical\" href=\"https:\/\/www.gossip.it\/news\/lorella-boccia-nuovo-programma-tv-nozze-papa\/\" \/>\n<meta property=\"og:locale\" content=\"it_IT\" \/>\n<meta property=\"og:type\" content=\"article\" \/>\n<meta property=\"og:title\" content=\"Lorella Boccia, nuovo programma tv, le nozze con Niccol\u00f2 Presta e il pap\u00e0 tra gli invitati\u2026 - Gossip.it | News sul Gossip e VIP\" \/>\n<meta property=\"og:description\" content=\"Lorella Boccia vive un momento da ricordate. La 26enne, ex ballerina di Amici, gi\u00e0 al timone del daytime del talent\u00a0di Maria De Filippi, da venerd\u00ec 16\" \/>\n<meta property=\"og:url\" content=\"https:\/\/www.gossip.it\/news\/lorella-boccia-nuovo-programma-tv-nozze-papa\/\" \/>\n<meta property=\"og:site_name\" content=\"Gossip.it | News sul Gossip e VIP\" \/>\n<meta property=\"article:publisher\" content=\"https:\/\/www.facebook.com\/GossipIT\" \/>\n<meta property=\"article:published_time\" content=\"2018-11-14T23:00:00+00:00\" \/>\n<meta property=\"og:image\" content=\"https:\/\/files.gossip.it\/immagini_news\/2018\/11\/1542282536_boccia_1.jpg\" \/>\n<meta name=\"author\" content=\"La Redazione\" \/>\n<meta name=\"twitter:card\" content=\"summary_large_image\" \/>\n<meta name=\"twitter:image\" content=\"https:\/\/files.gossip.it\/immagini_news\/2018\/11\/1542282536_boccia_1.jpg\" \/>\n<meta name=\"twitter:creator\" content=\"@gossinews_it\" \/>\n<meta name=\"twitter:site\" content=\"@gossinews_it\" \/>\n<meta name=\"twitter:label1\" content=\"Scritto da\" \/>\n\t<meta name=\"twitter:data1\" content=\"Annamaria Capozzi\" \/>\n\t<meta name=\"twitter:label2\" content=\"Tempo di lettura stimato\" \/>\n\t<meta name=\"twitter:data2\" content=\"2 minuti\" \/>","yoast_head_json":{"title":"Lorella Boccia, nuovo programma tv, le nozze con Niccol\u00f2 Presta e il pap\u00e0 tra gli invitati\u2026 - Gossip.it | News sul Gossip e VIP","description":"Lorella Boccia vive un momento da ricordate. La 26enne, ex ballerina di Amici, gi\u00e0 al timone del daytime del talent\u00a0di Maria De Filippi, da venerd\u00ec 16","robots":{"index":"index","follow":"follow","max-snippet":"max-snippet:-1","max-image-preview":"max-image-preview:large","max-video-preview":"max-video-preview:-1"},"canonical":"https:\/\/www.gossip.it\/news\/lorella-boccia-nuovo-programma-tv-nozze-papa\/","og_locale":"it_IT","og_type":"article","og_title":"Lorella Boccia, nuovo programma tv, le nozze con Niccol\u00f2 Presta e il pap\u00e0 tra gli invitati\u2026 - Gossip.it | News sul Gossip e VIP","og_description":"Lorella Boccia vive un momento da ricordate. La 26enne, ex ballerina di Amici, gi\u00e0 al timone del daytime del talent\u00a0di Maria De Filippi, da venerd\u00ec 16","og_url":"https:\/\/www.gossip.it\/news\/lorella-boccia-nuovo-programma-tv-nozze-papa\/","og_site_name":"Gossip.it | News sul Gossip e VIP","article_publisher":"https:\/\/www.facebook.com\/GossipIT","article_published_time":"2018-11-14T23:00:00+00:00","og_image":[{"url":"https:\/\/files.gossip.it\/immagini_news\/2018\/11\/1542282536_boccia_1.jpg"}],"author":"La Redazione","twitter_card":"summary_large_image","twitter_image":"https:\/\/files.gossip.it\/immagini_news\/2018\/11\/1542282536_boccia_1.jpg","twitter_creator":"@gossinews_it","twitter_site":"@gossinews_it","twitter_misc":{"Scritto da":"Annamaria Capozzi","Tempo di lettura stimato":"2 minuti"},"schema":{"@context":"https:\/\/schema.org","@graph":[{"@type":"Article","@id":"https:\/\/www.gossip.it\/news\/lorella-boccia-nuovo-programma-tv-nozze-papa\/#article","isPartOf":{"@id":"https:\/\/www.gossip.it\/news\/lorella-boccia-nuovo-programma-tv-nozze-papa\/"},"author":{"name":"La Redazione","@id":"https:\/\/www.gossip.it\/#\/schema\/person\/488896f75158bff1cc83c6c39d141110"},"headline":"Lorella Boccia, nuovo programma tv, le nozze con Niccol\u00f2 Presta e il pap\u00e0 tra gli invitati\u2026","datePublished":"2018-11-14T23:00:00+00:00","dateModified":"2018-11-14T23:00:00+00:00","mainEntityOfPage":{"@id":"https:\/\/www.gossip.it\/news\/lorella-boccia-nuovo-programma-tv-nozze-papa\/"},"wordCount":437,"publisher":{"@id":"https:\/\/www.gossip.it\/#organization"},"image":{"@id":"https:\/\/www.gossip.it\/news\/lorella-boccia-nuovo-programma-tv-nozze-papa\/#primaryimage"},"thumbnailUrl":"https:\/\/files.gossip.it\/immagini_news\/2018\/11\/1542282536_boccia_1.jpg","keywords":["amici","amici 18","ballerina","conduttrice","daytime","instagram","intervista","lorella boccia","niccol\u00f2 presta","nozze","nuovo","oggi","pap\u00e0","programma","real time","rivelo","social","televisione","tv"],"articleSection":["News"],"inLanguage":"it-IT"},{"@type":"WebPage","@id":"https:\/\/www.gossip.it\/news\/lorella-boccia-nuovo-programma-tv-nozze-papa\/","url":"https:\/\/www.gossip.it\/news\/lorella-boccia-nuovo-programma-tv-nozze-papa\/","name":"Lorella Boccia, nuovo programma tv, le nozze con Niccol\u00f2 Presta e il pap\u00e0 tra gli invitati\u2026 - Gossip.it | News sul Gossip e VIP","isPartOf":{"@id":"https:\/\/www.gossip.it\/#website"},"primaryImageOfPage":{"@id":"https:\/\/www.gossip.it\/news\/lorella-boccia-nuovo-programma-tv-nozze-papa\/#primaryimage"},"image":{"@id":"https:\/\/www.gossip.it\/news\/lorella-boccia-nuovo-programma-tv-nozze-papa\/#primaryimage"},"thumbnailUrl":"https:\/\/files.gossip.it\/immagini_news\/2018\/11\/1542282536_boccia_1.jpg","datePublished":"2018-11-14T23:00:00+00:00","dateModified":"2018-11-14T23:00:00+00:00","description":"Lorella Boccia vive un momento da ricordate. La 26enne, ex ballerina di Amici, gi\u00e0 al timone del daytime del talent\u00a0di Maria De Filippi, da venerd\u00ec 16","breadcrumb":{"@id":"https:\/\/www.gossip.it\/news\/lorella-boccia-nuovo-programma-tv-nozze-papa\/#breadcrumb"},"inLanguage":"it-IT","potentialAction":[{"@type":"ReadAction","target":["https:\/\/www.gossip.it\/news\/lorella-boccia-nuovo-programma-tv-nozze-papa\/"]}]},{"@type":"ImageObject","inLanguage":"it-IT","@id":"https:\/\/www.gossip.it\/news\/lorella-boccia-nuovo-programma-tv-nozze-papa\/#primaryimage","url":"https:\/\/files.gossip.it\/immagini_news\/2018\/11\/1542282536_boccia_1.jpg","contentUrl":"https:\/\/files.gossip.it\/immagini_news\/2018\/11\/1542282536_boccia_1.jpg"},{"@type":"BreadcrumbList","@id":"https:\/\/www.gossip.it\/news\/lorella-boccia-nuovo-programma-tv-nozze-papa\/#breadcrumb","itemListElement":[{"@type":"ListItem","position":1,"name":"Home","item":"https:\/\/www.gossip.it\/"},{"@type":"ListItem","position":2,"name":"Lorella Boccia, nuovo programma tv, le nozze con Niccol\u00f2 Presta e il pap\u00e0 tra gli invitati\u2026"}]},{"@type":"WebSite","@id":"https:\/\/www.gossip.it\/#website","url":"https:\/\/www.gossip.it\/","name":"Gossip and VIP News","description":"Quotidiano di cronaca rosa, costume e societ\u00e0","publisher":{"@id":"https:\/\/www.gossip.it\/#organization"},"alternateName":"Gossip and VIP News","potentialAction":[{"@type":"SearchAction","target":{"@type":"EntryPoint","urlTemplate":"https:\/\/www.gossip.it\/?s={search_term_string}"},"query-input":{"@type":"PropertyValueSpecification","valueRequired":true,"valueName":"search_term_string"}}],"inLanguage":"it-IT"},{"@type":"Organization","@id":"https:\/\/www.gossip.it\/#organization","name":"Gossip and VIP News","alternateName":"Gossip News","url":"https:\/\/www.gossip.it\/","logo":{"@type":"ImageObject","inLanguage":"it-IT","@id":"https:\/\/www.gossip.it\/#\/schema\/logo\/image\/","url":"https:\/\/www.gossip.it\/wp-content\/uploads\/2022\/04\/cropped-corna-alta-tiny.png","contentUrl":"https:\/\/www.gossip.it\/wp-content\/uploads\/2022\/04\/cropped-corna-alta-tiny.png","width":512,"height":512,"caption":"Gossip and VIP News"},"image":{"@id":"https:\/\/www.gossip.it\/#\/schema\/logo\/image\/"},"sameAs":["https:\/\/www.facebook.com\/GossipIT","https:\/\/x.com\/gossinews_it","https:\/\/instagram.com\/gossip_it"]},{"@type":"Person","@id":"https:\/\/www.gossip.it\/#\/schema\/person\/488896f75158bff1cc83c6c39d141110","name":"La Redazione","image":{"@type":"ImageObject","inLanguage":"it-IT","@id":"https:\/\/www.gossip.it\/#\/schema\/person\/image\/","url":"https:\/\/secure.gravatar.com\/avatar\/5a5f5c6fa3e6700e4249abdad0263a1e94e927d9e0499b1cb09c1cd29c044d80?s=96&d=mm&r=g","contentUrl":"https:\/\/secure.gravatar.com\/avatar\/5a5f5c6fa3e6700e4249abdad0263a1e94e927d9e0499b1cb09c1cd29c044d80?s=96&d=mm&r=g","caption":"La Redazione"},"sameAs":["https:\/\/www.gossip.it"]}]}},"amp_enabled":true,"_links":{"self":[{"href":"https:\/\/www.gossip.it\/api\/wp\/v2\/posts\/62707","targetHints":{"allow":["GET"]}}],"collection":[{"href":"https:\/\/www.gossip.it\/api\/wp\/v2\/posts"}],"about":[{"href":"https:\/\/www.gossip.it\/api\/wp\/v2\/types\/post"}],"author":[{"embeddable":true,"href":"https:\/\/www.gossip.it\/api\/wp\/v2\/users\/1"}],"replies":[{"embeddable":true,"href":"https:\/\/www.gossip.it\/api\/wp\/v2\/comments?post=62707"}],"version-history":[{"count":0,"href":"https:\/\/www.gossip.it\/api\/wp\/v2\/posts\/62707\/revisions"}],"wp:featuredmedia":[{"embeddable":true,"href":"https:\/\/www.gossip.it\/api\/wp\/v2\/media\/118753"}],"wp:attachment":[{"href":"https:\/\/www.gossip.it\/api\/wp\/v2\/media?parent=62707"}],"wp:term":[{"taxonomy":"category","embeddable":true,"href":"https:\/\/www.gossip.it\/api\/wp\/v2\/categories?post=62707"},{"taxonomy":"post_tag","embeddable":true,"href":"https:\/\/www.gossip.it\/api\/wp\/v2\/tags?post=62707"},{"taxonomy":"vip","embeddable":true,"href":"https:\/\/www.gossip.it\/api\/wp\/v2\/vip?post=62707"}],"curies":[{"name":"wp","href":"https:\/\/api.w.org\/{rel}","templated":true}]}}