{"id":62729,"date":"2018-11-18T00:00:00","date_gmt":"2018-11-17T23:00:00","guid":{"rendered":"https:\/\/www.gossip.it\/senza-categoria\/costanza-caracciolo-christian-vieri-genitori-nata-stella\/"},"modified":"2018-11-18T00:00:00","modified_gmt":"2018-11-17T23:00:00","slug":"costanza-caracciolo-christian-vieri-genitori-nata-stella","status":"publish","type":"post","link":"https:\/\/www.gossip.it\/news\/costanza-caracciolo-christian-vieri-genitori-nata-stella\/","title":{"rendered":"Costanza Caracciolo e Christian Vieri genitori, \u00e8 nata Stella!"},"content":{"rendered":"<p>Fiocco rosa per<strong>\u00a0<a href=\"\/vip\/costanza-caracciolo\/\">Costanza Caracciolo<\/a><\/strong>\u00a0e\u00a0<a href=\"\/vip\/christian-vieri\/\"><strong>Christian Vier<\/strong>i<\/a>\u00a0che sono diventati genitori. In un ospedale di Milano \u00e8 nata Stella. Secondo i primi rumors sembra che sia madre che figlia stiano bene. A rivelarlo \u00e8 stato il neopap\u00e0...<\/p>\n<figure class=\"caption\"><img decoding=\"async\" alt=\"\" width=\"461\" height=\"640\" src=\"https:\/\/files.gossip.it\/immagini_news\/2018\/11\/1542556609_FIOCCO.jpg\" \/><figcaption>L'annuncio \u00e8 arrivato sui social con una foto postata da pap\u00e0 Vieri<\/figcaption><\/figure>\n<figure class=\"caption\"><img decoding=\"async\" alt=\"\" width=\"640\" height=\"617\" src=\"https:\/\/files.gossip.it\/immagini_news\/2018\/11\/1542554089_1542112631_caracciolo_1.jpg\" \/><figcaption>Costanza Caracciolo ha partorito, \u00e8 nata la piccola Stella. Lo ha rivelato il neopap\u00e0 Bobo Vieri<\/figcaption><\/figure>\n<p>Per Christian, 45 anni, \u00e8 la prima figlia. Con Costanza, 17 anni meno di lui,\u00a0l'ex centravanti della nazionale - che in carriera ha vestito le maglie di Juve, Inter, Milan e Lazio -\u00a0ha messo la testa a posto dopo anni sentimentalmente\u00a0movimentati. L'anno scorso i due avevano condiviso con i fan il dolore della perdita di un bambino. Ma ben presto \u00e8 arrivata la gioia di una nuova gravidanza. Bobo ha postato un video dalla clinica milanese in cui Costanza ha partorito.<\/p>\n<figure class=\"caption\"><img decoding=\"async\" alt=\"\" src=\"https:\/\/files.gossip.it\/immagini_news\/2018\/11\/1542554187_1538130565_caracciolo_vieri_1.jpg\" \/><figcaption>Per entrambi \u00e8 la prima bimba, il bomber e l'ex velina sono al settimo cielo<\/figcaption><\/figure>\n<p>Ha avvisato tutti i fan che lo aspettavano ad un evento che non ci sarebbe stato. ''Resto qui con Costanza''. Poi l'annuncio: ''E' nata Stella!''.\u00a0<\/p>\n","protected":false},"excerpt":{"rendered":"<p>Fiocco rosa per\u00a0Costanza Caracciolo\u00a0e\u00a0Christian Vieri\u00a0che sono diventati genitori. In un ospedale di Milano \u00e8 nata Stella. Secondo i primi rumors sembra che sia madre che figlia stiano bene. A rivelarlo \u00e8 stato il neopap\u00e0... L'annuncio \u00e8 arrivato sui social con una foto postata da pap\u00e0 Vieri Costanza Caracciolo ha partorito, \u00e8 nata la piccola Stella. [&hellip;]<\/p>\n","protected":false},"author":1,"featured_media":118775,"comment_status":"closed","ping_status":"closed","sticky":false,"template":"","format":"standard","meta":{"footnotes":""},"categories":[54],"tags":[2218,6560,1905,1911,1979,2283,2166,3877,6561],"vip":[532],"class_list":["post-62729","post","type-post","status-publish","format-standard","has-post-thumbnail","hentry","category-news","tag-calciatore","tag-christian-vieri","tag-figlia","tag-genitori","tag-milano","tag-nata","tag-partorito","tag-stella","tag-velina","vip-costanza_caracciolo"],"yoast_head":"<title>Costanza Caracciolo e Christian Vieri genitori, \u00e8 nata Stella! - Gossip.it | News sul Gossip e VIP<\/title>\n<meta name=\"description\" content=\"Fiocco rosa per\u00a0Costanza Caracciolo\u00a0e\u00a0Christian Vieri\u00a0che sono diventati genitori. In un ospedale di Milano \u00e8 nata Stella. Secondo i primi rumors sembra\" \/>\n<meta name=\"robots\" content=\"index, follow, max-snippet:-1, max-image-preview:large, max-video-preview:-1\" \/>\n<link rel=\"canonical\" href=\"https:\/\/www.gossip.it\/news\/costanza-caracciolo-christian-vieri-genitori-nata-stella\/\" \/>\n<meta property=\"og:locale\" content=\"it_IT\" \/>\n<meta property=\"og:type\" content=\"article\" \/>\n<meta property=\"og:title\" content=\"Costanza Caracciolo e Christian Vieri genitori, \u00e8 nata Stella! - Gossip.it | News sul Gossip e VIP\" \/>\n<meta property=\"og:description\" content=\"Fiocco rosa per\u00a0Costanza Caracciolo\u00a0e\u00a0Christian Vieri\u00a0che sono diventati genitori. In un ospedale di Milano \u00e8 nata Stella. Secondo i primi rumors sembra\" \/>\n<meta property=\"og:url\" content=\"https:\/\/www.gossip.it\/news\/costanza-caracciolo-christian-vieri-genitori-nata-stella\/\" \/>\n<meta property=\"og:site_name\" content=\"Gossip.it | News sul Gossip e VIP\" \/>\n<meta property=\"article:publisher\" content=\"https:\/\/www.facebook.com\/GossipIT\" \/>\n<meta property=\"article:published_time\" content=\"2018-11-17T23:00:00+00:00\" \/>\n<meta property=\"og:image\" content=\"https:\/\/files.gossip.it\/immagini_news\/2018\/11\/1542556609_FIOCCO.jpg\" \/>\n<meta name=\"author\" content=\"La Redazione\" \/>\n<meta name=\"twitter:card\" content=\"summary_large_image\" \/>\n<meta name=\"twitter:image\" content=\"https:\/\/files.gossip.it\/immagini_news\/2018\/11\/1542556609_FIOCCO.jpg\" \/>\n<meta name=\"twitter:creator\" content=\"@gossinews_it\" \/>\n<meta name=\"twitter:site\" content=\"@gossinews_it\" \/>\n<meta name=\"twitter:label1\" content=\"Scritto da\" \/>\n\t<meta name=\"twitter:data1\" content=\"La Redazione\" \/>\n\t<meta name=\"twitter:label2\" content=\"Tempo di lettura stimato\" \/>\n\t<meta name=\"twitter:data2\" content=\"1 minuto\" \/>","yoast_head_json":{"title":"Costanza Caracciolo e Christian Vieri genitori, \u00e8 nata Stella! - Gossip.it | News sul Gossip e VIP","description":"Fiocco rosa per\u00a0Costanza Caracciolo\u00a0e\u00a0Christian Vieri\u00a0che sono diventati genitori. In un ospedale di Milano \u00e8 nata Stella. Secondo i primi rumors sembra","robots":{"index":"index","follow":"follow","max-snippet":"max-snippet:-1","max-image-preview":"max-image-preview:large","max-video-preview":"max-video-preview:-1"},"canonical":"https:\/\/www.gossip.it\/news\/costanza-caracciolo-christian-vieri-genitori-nata-stella\/","og_locale":"it_IT","og_type":"article","og_title":"Costanza Caracciolo e Christian Vieri genitori, \u00e8 nata Stella! - Gossip.it | News sul Gossip e VIP","og_description":"Fiocco rosa per\u00a0Costanza Caracciolo\u00a0e\u00a0Christian Vieri\u00a0che sono diventati genitori. In un ospedale di Milano \u00e8 nata Stella. Secondo i primi rumors sembra","og_url":"https:\/\/www.gossip.it\/news\/costanza-caracciolo-christian-vieri-genitori-nata-stella\/","og_site_name":"Gossip.it | News sul Gossip e VIP","article_publisher":"https:\/\/www.facebook.com\/GossipIT","article_published_time":"2018-11-17T23:00:00+00:00","og_image":[{"url":"https:\/\/files.gossip.it\/immagini_news\/2018\/11\/1542556609_FIOCCO.jpg"}],"author":"La Redazione","twitter_card":"summary_large_image","twitter_image":"https:\/\/files.gossip.it\/immagini_news\/2018\/11\/1542556609_FIOCCO.jpg","twitter_creator":"@gossinews_it","twitter_site":"@gossinews_it","twitter_misc":{"Scritto da":"La Redazione","Tempo di lettura stimato":"1 minuto"},"schema":{"@context":"https:\/\/schema.org","@graph":[{"@type":"Article","@id":"https:\/\/www.gossip.it\/news\/costanza-caracciolo-christian-vieri-genitori-nata-stella\/#article","isPartOf":{"@id":"https:\/\/www.gossip.it\/news\/costanza-caracciolo-christian-vieri-genitori-nata-stella\/"},"author":{"name":"La Redazione","@id":"https:\/\/www.gossip.it\/#\/schema\/person\/488896f75158bff1cc83c6c39d141110"},"headline":"Costanza Caracciolo e Christian Vieri genitori, \u00e8 nata Stella!","datePublished":"2018-11-17T23:00:00+00:00","dateModified":"2018-11-17T23:00:00+00:00","mainEntityOfPage":{"@id":"https:\/\/www.gossip.it\/news\/costanza-caracciolo-christian-vieri-genitori-nata-stella\/"},"wordCount":194,"publisher":{"@id":"https:\/\/www.gossip.it\/#organization"},"image":{"@id":"https:\/\/www.gossip.it\/news\/costanza-caracciolo-christian-vieri-genitori-nata-stella\/#primaryimage"},"thumbnailUrl":"https:\/\/files.gossip.it\/immagini_news\/2018\/11\/1542556609_FIOCCO.jpg","keywords":["calciatore","christian vieri","figlia","genitori","milano","nata","partorito","stella","velina"],"articleSection":["News"],"inLanguage":"it-IT"},{"@type":"WebPage","@id":"https:\/\/www.gossip.it\/news\/costanza-caracciolo-christian-vieri-genitori-nata-stella\/","url":"https:\/\/www.gossip.it\/news\/costanza-caracciolo-christian-vieri-genitori-nata-stella\/","name":"Costanza Caracciolo e Christian Vieri genitori, \u00e8 nata Stella! - Gossip.it | News sul Gossip e VIP","isPartOf":{"@id":"https:\/\/www.gossip.it\/#website"},"primaryImageOfPage":{"@id":"https:\/\/www.gossip.it\/news\/costanza-caracciolo-christian-vieri-genitori-nata-stella\/#primaryimage"},"image":{"@id":"https:\/\/www.gossip.it\/news\/costanza-caracciolo-christian-vieri-genitori-nata-stella\/#primaryimage"},"thumbnailUrl":"https:\/\/files.gossip.it\/immagini_news\/2018\/11\/1542556609_FIOCCO.jpg","datePublished":"2018-11-17T23:00:00+00:00","dateModified":"2018-11-17T23:00:00+00:00","description":"Fiocco rosa per\u00a0Costanza Caracciolo\u00a0e\u00a0Christian Vieri\u00a0che sono diventati genitori. In un ospedale di Milano \u00e8 nata Stella. Secondo i primi rumors sembra","breadcrumb":{"@id":"https:\/\/www.gossip.it\/news\/costanza-caracciolo-christian-vieri-genitori-nata-stella\/#breadcrumb"},"inLanguage":"it-IT","potentialAction":[{"@type":"ReadAction","target":["https:\/\/www.gossip.it\/news\/costanza-caracciolo-christian-vieri-genitori-nata-stella\/"]}]},{"@type":"ImageObject","inLanguage":"it-IT","@id":"https:\/\/www.gossip.it\/news\/costanza-caracciolo-christian-vieri-genitori-nata-stella\/#primaryimage","url":"https:\/\/files.gossip.it\/immagini_news\/2018\/11\/1542556609_FIOCCO.jpg","contentUrl":"https:\/\/files.gossip.it\/immagini_news\/2018\/11\/1542556609_FIOCCO.jpg"},{"@type":"BreadcrumbList","@id":"https:\/\/www.gossip.it\/news\/costanza-caracciolo-christian-vieri-genitori-nata-stella\/#breadcrumb","itemListElement":[{"@type":"ListItem","position":1,"name":"Home","item":"https:\/\/www.gossip.it\/"},{"@type":"ListItem","position":2,"name":"Costanza Caracciolo e Christian Vieri genitori, \u00e8 nata Stella!"}]},{"@type":"WebSite","@id":"https:\/\/www.gossip.it\/#website","url":"https:\/\/www.gossip.it\/","name":"Gossip and VIP News","description":"Quotidiano di cronaca rosa, costume e societ\u00e0","publisher":{"@id":"https:\/\/www.gossip.it\/#organization"},"alternateName":"Gossip and VIP News","potentialAction":[{"@type":"SearchAction","target":{"@type":"EntryPoint","urlTemplate":"https:\/\/www.gossip.it\/?s={search_term_string}"},"query-input":{"@type":"PropertyValueSpecification","valueRequired":true,"valueName":"search_term_string"}}],"inLanguage":"it-IT"},{"@type":"Organization","@id":"https:\/\/www.gossip.it\/#organization","name":"Gossip and VIP News","alternateName":"Gossip News","url":"https:\/\/www.gossip.it\/","logo":{"@type":"ImageObject","inLanguage":"it-IT","@id":"https:\/\/www.gossip.it\/#\/schema\/logo\/image\/","url":"https:\/\/www.gossip.it\/wp-content\/uploads\/2022\/04\/cropped-corna-alta-tiny.png","contentUrl":"https:\/\/www.gossip.it\/wp-content\/uploads\/2022\/04\/cropped-corna-alta-tiny.png","width":512,"height":512,"caption":"Gossip and VIP News"},"image":{"@id":"https:\/\/www.gossip.it\/#\/schema\/logo\/image\/"},"sameAs":["https:\/\/www.facebook.com\/GossipIT","https:\/\/x.com\/gossinews_it","https:\/\/instagram.com\/gossip_it"]},{"@type":"Person","@id":"https:\/\/www.gossip.it\/#\/schema\/person\/488896f75158bff1cc83c6c39d141110","name":"La Redazione","image":{"@type":"ImageObject","inLanguage":"it-IT","@id":"https:\/\/www.gossip.it\/#\/schema\/person\/image\/","url":"https:\/\/secure.gravatar.com\/avatar\/5a5f5c6fa3e6700e4249abdad0263a1e94e927d9e0499b1cb09c1cd29c044d80?s=96&d=mm&r=g","contentUrl":"https:\/\/secure.gravatar.com\/avatar\/5a5f5c6fa3e6700e4249abdad0263a1e94e927d9e0499b1cb09c1cd29c044d80?s=96&d=mm&r=g","caption":"La Redazione"},"sameAs":["https:\/\/www.gossip.it"]}]}},"amp_enabled":true,"_links":{"self":[{"href":"https:\/\/www.gossip.it\/api\/wp\/v2\/posts\/62729","targetHints":{"allow":["GET"]}}],"collection":[{"href":"https:\/\/www.gossip.it\/api\/wp\/v2\/posts"}],"about":[{"href":"https:\/\/www.gossip.it\/api\/wp\/v2\/types\/post"}],"author":[{"embeddable":true,"href":"https:\/\/www.gossip.it\/api\/wp\/v2\/users\/1"}],"replies":[{"embeddable":true,"href":"https:\/\/www.gossip.it\/api\/wp\/v2\/comments?post=62729"}],"version-history":[{"count":0,"href":"https:\/\/www.gossip.it\/api\/wp\/v2\/posts\/62729\/revisions"}],"wp:featuredmedia":[{"embeddable":true,"href":"https:\/\/www.gossip.it\/api\/wp\/v2\/media\/118775"}],"wp:attachment":[{"href":"https:\/\/www.gossip.it\/api\/wp\/v2\/media?parent=62729"}],"wp:term":[{"taxonomy":"category","embeddable":true,"href":"https:\/\/www.gossip.it\/api\/wp\/v2\/categories?post=62729"},{"taxonomy":"post_tag","embeddable":true,"href":"https:\/\/www.gossip.it\/api\/wp\/v2\/tags?post=62729"},{"taxonomy":"vip","embeddable":true,"href":"https:\/\/www.gossip.it\/api\/wp\/v2\/vip?post=62729"}],"curies":[{"name":"wp","href":"https:\/\/api.w.org\/{rel}","templated":true}]}}