{"id":62849,"date":"2018-11-29T00:00:00","date_gmt":"2018-11-28T23:00:00","guid":{"rendered":"https:\/\/www.gossip.it\/senza-categoria\/mara-carfagna-bella-brava-competente\/"},"modified":"2018-11-29T00:00:00","modified_gmt":"2018-11-28T23:00:00","slug":"mara-carfagna-bella-brava-competente","status":"publish","type":"post","link":"https:\/\/www.gossip.it\/news\/mara-carfagna-bella-brava-competente\/","title":{"rendered":"Mara Carfagna non \u00e8 solo bella: 'La mia sfida dimostrare di essere brava e competente\u2019"},"content":{"rendered":"<p><a href=\"\/vip\/mara-carfagna\/\">Mara Carfagna<\/a>, 42 anni, vicepresidente della Camera dei deputati, un passato in <a href=\"\/vip\/tv\/\">tv<\/a>, ministro delle Pari Opportunit\u00e0 del governo <a href=\"\/vip\/berlusconi\/\">Berlusconi<\/a>, ce l\u2019ha messa tutta per dimostrare di non essere solo <strong>bella<\/strong>. A <em>Oggi<\/em>, intervistata da <a href=\"\/vip\/pierluigi-diaco\/\">Pierluigi Diaco<\/a>, quando le si fa notare che un giornale estero la elesse<em> \u201cLa ministra pi\u00f9 <strong>bella<\/strong> del mondo\u201d<\/em>, sottolinea:<em> \u201cNon mi ha offeso quel titolo ma mi ha fatto capire che da l\u00ec in avanti la mia sfida sarebbe stata quella di dimostrare di essere <strong>brava<\/strong> e <strong>competente<\/strong> \u201c.<\/em><\/p>\n<figure class=\"caption\"><img decoding=\"async\" alt=\"\" width=\"640\" height=\"632\" src=\"https:\/\/files.gossip.it\/immagini_news\/2018\/11\/1543493470_mara_carfagna.jpg\" \/><figcaption>Mara Carfagna non \u00e8 solo bella: 'La mia sfida dimostrare di essere brava e competente'<\/figcaption><\/figure>\n<p>Tutti l\u2019hanno sempre considerata<strong> bella<\/strong>, <strong>Mara Carfagna<\/strong> lo sa, ma per questo ha fatto di tutto per far capire a tutti di essere <strong>brava<\/strong> e <strong>competente<\/strong>.<em> \u201cConosco la fama di maestrina che mi precede, ma commetto errori e sono attraversata da dubbi e incertezze\u201d<\/em>, precisa la politica.<\/p>\n<p>Non le piace la sovraesposizione in tv, <strong>Mara Carfagna<\/strong> precisa:<em> \u201cNon soffro di ansia da visibilit\u00e0\u201d.<\/em> E soprattutto non rinnega il passato da volto del piccolo schermo: <em>\u201cLa tv \u00e8 stata una bella esperienza. Per\u00f2 ammetto che, se avessi potuto, avrei scelto molto prima di avvicinarmi alla politica\u201d.<\/em><\/p>\n<p><strong>Bella<\/strong>,<strong> brava<\/strong> e<strong> competente<\/strong>, <strong>Mara Carfagna<\/strong> quando deve definire il suo stato sentimentale, dice: <em>\u201cFelicemente fidanzata\u201d<\/em>. E\u2019 legata da tempo ad <a href=\"\/vip\/alessandro-ruben\/\">Alessandro Ruben<\/a>. Sul <a href=\"\/vip\/matrimonio\/\">matrimonio<\/a> con <a href=\"\/vip\/marco-mezzaroma\/\">Marco Mezzaroma<\/a>, arrivato quasi subito al capolinea, ammette: <em>\u201cPurtroppo \u00e8 durato molto poco. La vita a volte ci sottopone a prove dolorose: anch\u2019io ho sofferto, fatto soffrire, commesso errori. Una esperienza complicata ma n\u00e9 pi\u00f9 n\u00e9 meno di quella che hanno vissuto tante donne\u201d.<\/em><\/p>\n<p><strong>Mara Carfagna<\/strong> parla pure della possibilit\u00e0 di diventare mamma:<em> \u201cNon mi sono mai opposta all\u2019arrivo di una nuova vita. Anche se sono un p\u00f2 avanti con gli anni, se dovesse arrivare un figlio ne sarei felice\u201d.<\/em> Poi, quando le si domanda se celebrerebbe un\u2019unione civile tra persone dello stesso sesso, replica sicura: <em>\u201cCerto anche perch\u00e9 ho votato a favore della legge sulle unioni civili\u201d.<\/em><\/p>\n<p>\u00a0<\/p>\n","protected":false},"excerpt":{"rendered":"<p>Mara Carfagna, 42 anni, vicepresidente della Camera dei deputati, un passato in tv, ministro delle Pari Opportunit\u00e0 del governo Berlusconi, ce l\u2019ha messa tutta per dimostrare di non essere solo bella. A Oggi, intervistata da Pierluigi Diaco, quando le si fa notare che un giornale estero la elesse \u201cLa ministra pi\u00f9 bella del mondo\u201d, sottolinea: [&hellip;]<\/p>\n","protected":false},"author":1,"featured_media":118895,"comment_status":"closed","ping_status":"closed","sticky":false,"template":"","format":"standard","meta":{"footnotes":""},"categories":[54],"tags":[58634,2102,2103,2311,2553],"vip":[1194,1219],"class_list":["post-62849","post","type-post","status-publish","format-standard","has-post-thumbnail","hentry","category-news","tag-aslessandro-ruben","tag-dichiarazioni","tag-intervista","tag-oggi","tag-politica","vip-mara_carfagna","vip-marco_mezzaroma"],"yoast_head":"<title>Mara Carfagna non \u00e8 solo bella: &#039;La mia sfida dimostrare di essere brava e competente\u2019 - Gossip.it | News sul Gossip e VIP<\/title>\n<meta name=\"description\" content=\"Mara Carfagna, 42 anni, vicepresidente della Camera dei deputati, un passato in tv, ministro delle Pari Opportunit\u00e0 del governo Berlusconi, ce l\u2019ha messa\" \/>\n<meta name=\"robots\" content=\"index, follow, max-snippet:-1, max-image-preview:large, max-video-preview:-1\" \/>\n<link rel=\"canonical\" href=\"https:\/\/www.gossip.it\/news\/mara-carfagna-bella-brava-competente\/\" \/>\n<meta property=\"og:locale\" content=\"it_IT\" \/>\n<meta property=\"og:type\" content=\"article\" \/>\n<meta property=\"og:title\" content=\"Mara Carfagna non \u00e8 solo bella: &#039;La mia sfida dimostrare di essere brava e competente\u2019 - Gossip.it | News sul Gossip e VIP\" \/>\n<meta property=\"og:description\" content=\"Mara Carfagna, 42 anni, vicepresidente della Camera dei deputati, un passato in tv, ministro delle Pari Opportunit\u00e0 del governo Berlusconi, ce l\u2019ha messa\" \/>\n<meta property=\"og:url\" content=\"https:\/\/www.gossip.it\/news\/mara-carfagna-bella-brava-competente\/\" \/>\n<meta property=\"og:site_name\" content=\"Gossip.it | News sul Gossip e VIP\" \/>\n<meta property=\"article:publisher\" content=\"https:\/\/www.facebook.com\/GossipIT\" \/>\n<meta property=\"article:published_time\" content=\"2018-11-28T23:00:00+00:00\" \/>\n<meta property=\"og:image\" content=\"https:\/\/files.gossip.it\/immagini_news\/2018\/11\/1543493470_mara_carfagna.jpg\" \/>\n<meta name=\"author\" content=\"La Redazione\" \/>\n<meta name=\"twitter:card\" content=\"summary_large_image\" \/>\n<meta name=\"twitter:image\" content=\"https:\/\/files.gossip.it\/immagini_news\/2018\/11\/1543493470_mara_carfagna.jpg\" \/>\n<meta name=\"twitter:creator\" content=\"@gossinews_it\" \/>\n<meta name=\"twitter:site\" content=\"@gossinews_it\" \/>\n<meta name=\"twitter:label1\" content=\"Scritto da\" \/>\n\t<meta name=\"twitter:data1\" content=\"Annamaria Capozzi\" \/>\n\t<meta name=\"twitter:label2\" content=\"Tempo di lettura stimato\" \/>\n\t<meta name=\"twitter:data2\" content=\"2 minuti\" \/>","yoast_head_json":{"title":"Mara Carfagna non \u00e8 solo bella: 'La mia sfida dimostrare di essere brava e competente\u2019 - Gossip.it | News sul Gossip e VIP","description":"Mara Carfagna, 42 anni, vicepresidente della Camera dei deputati, un passato in tv, ministro delle Pari Opportunit\u00e0 del governo Berlusconi, ce l\u2019ha messa","robots":{"index":"index","follow":"follow","max-snippet":"max-snippet:-1","max-image-preview":"max-image-preview:large","max-video-preview":"max-video-preview:-1"},"canonical":"https:\/\/www.gossip.it\/news\/mara-carfagna-bella-brava-competente\/","og_locale":"it_IT","og_type":"article","og_title":"Mara Carfagna non \u00e8 solo bella: 'La mia sfida dimostrare di essere brava e competente\u2019 - Gossip.it | News sul Gossip e VIP","og_description":"Mara Carfagna, 42 anni, vicepresidente della Camera dei deputati, un passato in tv, ministro delle Pari Opportunit\u00e0 del governo Berlusconi, ce l\u2019ha messa","og_url":"https:\/\/www.gossip.it\/news\/mara-carfagna-bella-brava-competente\/","og_site_name":"Gossip.it | News sul Gossip e VIP","article_publisher":"https:\/\/www.facebook.com\/GossipIT","article_published_time":"2018-11-28T23:00:00+00:00","og_image":[{"url":"https:\/\/files.gossip.it\/immagini_news\/2018\/11\/1543493470_mara_carfagna.jpg"}],"author":"La Redazione","twitter_card":"summary_large_image","twitter_image":"https:\/\/files.gossip.it\/immagini_news\/2018\/11\/1543493470_mara_carfagna.jpg","twitter_creator":"@gossinews_it","twitter_site":"@gossinews_it","twitter_misc":{"Scritto da":"Annamaria Capozzi","Tempo di lettura stimato":"2 minuti"},"schema":{"@context":"https:\/\/schema.org","@graph":[{"@type":"Article","@id":"https:\/\/www.gossip.it\/news\/mara-carfagna-bella-brava-competente\/#article","isPartOf":{"@id":"https:\/\/www.gossip.it\/news\/mara-carfagna-bella-brava-competente\/"},"author":{"name":"La Redazione","@id":"https:\/\/www.gossip.it\/#\/schema\/person\/488896f75158bff1cc83c6c39d141110"},"headline":"Mara Carfagna non \u00e8 solo bella: 'La mia sfida dimostrare di essere brava e competente\u2019","datePublished":"2018-11-28T23:00:00+00:00","dateModified":"2018-11-28T23:00:00+00:00","mainEntityOfPage":{"@id":"https:\/\/www.gossip.it\/news\/mara-carfagna-bella-brava-competente\/"},"wordCount":343,"publisher":{"@id":"https:\/\/www.gossip.it\/#organization"},"image":{"@id":"https:\/\/www.gossip.it\/news\/mara-carfagna-bella-brava-competente\/#primaryimage"},"thumbnailUrl":"https:\/\/files.gossip.it\/immagini_news\/2018\/11\/1543493470_mara_carfagna.jpg","keywords":["aslessandro ruben","dichiarazioni","intervista","oggi","politica"],"articleSection":["News"],"inLanguage":"it-IT"},{"@type":"WebPage","@id":"https:\/\/www.gossip.it\/news\/mara-carfagna-bella-brava-competente\/","url":"https:\/\/www.gossip.it\/news\/mara-carfagna-bella-brava-competente\/","name":"Mara Carfagna non \u00e8 solo bella: 'La mia sfida dimostrare di essere brava e competente\u2019 - Gossip.it | News sul Gossip e VIP","isPartOf":{"@id":"https:\/\/www.gossip.it\/#website"},"primaryImageOfPage":{"@id":"https:\/\/www.gossip.it\/news\/mara-carfagna-bella-brava-competente\/#primaryimage"},"image":{"@id":"https:\/\/www.gossip.it\/news\/mara-carfagna-bella-brava-competente\/#primaryimage"},"thumbnailUrl":"https:\/\/files.gossip.it\/immagini_news\/2018\/11\/1543493470_mara_carfagna.jpg","datePublished":"2018-11-28T23:00:00+00:00","dateModified":"2018-11-28T23:00:00+00:00","description":"Mara Carfagna, 42 anni, vicepresidente della Camera dei deputati, un passato in tv, ministro delle Pari Opportunit\u00e0 del governo Berlusconi, ce l\u2019ha messa","breadcrumb":{"@id":"https:\/\/www.gossip.it\/news\/mara-carfagna-bella-brava-competente\/#breadcrumb"},"inLanguage":"it-IT","potentialAction":[{"@type":"ReadAction","target":["https:\/\/www.gossip.it\/news\/mara-carfagna-bella-brava-competente\/"]}]},{"@type":"ImageObject","inLanguage":"it-IT","@id":"https:\/\/www.gossip.it\/news\/mara-carfagna-bella-brava-competente\/#primaryimage","url":"https:\/\/files.gossip.it\/immagini_news\/2018\/11\/1543493470_mara_carfagna.jpg","contentUrl":"https:\/\/files.gossip.it\/immagini_news\/2018\/11\/1543493470_mara_carfagna.jpg"},{"@type":"BreadcrumbList","@id":"https:\/\/www.gossip.it\/news\/mara-carfagna-bella-brava-competente\/#breadcrumb","itemListElement":[{"@type":"ListItem","position":1,"name":"Home","item":"https:\/\/www.gossip.it\/"},{"@type":"ListItem","position":2,"name":"Mara Carfagna non \u00e8 solo bella: 'La mia sfida dimostrare di essere brava e competente\u2019"}]},{"@type":"WebSite","@id":"https:\/\/www.gossip.it\/#website","url":"https:\/\/www.gossip.it\/","name":"Gossip and VIP News","description":"Quotidiano di cronaca rosa, costume e societ\u00e0","publisher":{"@id":"https:\/\/www.gossip.it\/#organization"},"alternateName":"Gossip and VIP News","potentialAction":[{"@type":"SearchAction","target":{"@type":"EntryPoint","urlTemplate":"https:\/\/www.gossip.it\/?s={search_term_string}"},"query-input":{"@type":"PropertyValueSpecification","valueRequired":true,"valueName":"search_term_string"}}],"inLanguage":"it-IT"},{"@type":"Organization","@id":"https:\/\/www.gossip.it\/#organization","name":"Gossip and VIP News","alternateName":"Gossip News","url":"https:\/\/www.gossip.it\/","logo":{"@type":"ImageObject","inLanguage":"it-IT","@id":"https:\/\/www.gossip.it\/#\/schema\/logo\/image\/","url":"https:\/\/www.gossip.it\/wp-content\/uploads\/2022\/04\/cropped-corna-alta-tiny.png","contentUrl":"https:\/\/www.gossip.it\/wp-content\/uploads\/2022\/04\/cropped-corna-alta-tiny.png","width":512,"height":512,"caption":"Gossip and VIP News"},"image":{"@id":"https:\/\/www.gossip.it\/#\/schema\/logo\/image\/"},"sameAs":["https:\/\/www.facebook.com\/GossipIT","https:\/\/x.com\/gossinews_it","https:\/\/instagram.com\/gossip_it"]},{"@type":"Person","@id":"https:\/\/www.gossip.it\/#\/schema\/person\/488896f75158bff1cc83c6c39d141110","name":"La Redazione","image":{"@type":"ImageObject","inLanguage":"it-IT","@id":"https:\/\/www.gossip.it\/#\/schema\/person\/image\/","url":"https:\/\/secure.gravatar.com\/avatar\/5a5f5c6fa3e6700e4249abdad0263a1e94e927d9e0499b1cb09c1cd29c044d80?s=96&d=mm&r=g","contentUrl":"https:\/\/secure.gravatar.com\/avatar\/5a5f5c6fa3e6700e4249abdad0263a1e94e927d9e0499b1cb09c1cd29c044d80?s=96&d=mm&r=g","caption":"La Redazione"},"sameAs":["https:\/\/www.gossip.it"]}]}},"amp_enabled":true,"_links":{"self":[{"href":"https:\/\/www.gossip.it\/api\/wp\/v2\/posts\/62849","targetHints":{"allow":["GET"]}}],"collection":[{"href":"https:\/\/www.gossip.it\/api\/wp\/v2\/posts"}],"about":[{"href":"https:\/\/www.gossip.it\/api\/wp\/v2\/types\/post"}],"author":[{"embeddable":true,"href":"https:\/\/www.gossip.it\/api\/wp\/v2\/users\/1"}],"replies":[{"embeddable":true,"href":"https:\/\/www.gossip.it\/api\/wp\/v2\/comments?post=62849"}],"version-history":[{"count":0,"href":"https:\/\/www.gossip.it\/api\/wp\/v2\/posts\/62849\/revisions"}],"wp:featuredmedia":[{"embeddable":true,"href":"https:\/\/www.gossip.it\/api\/wp\/v2\/media\/118895"}],"wp:attachment":[{"href":"https:\/\/www.gossip.it\/api\/wp\/v2\/media?parent=62849"}],"wp:term":[{"taxonomy":"category","embeddable":true,"href":"https:\/\/www.gossip.it\/api\/wp\/v2\/categories?post=62849"},{"taxonomy":"post_tag","embeddable":true,"href":"https:\/\/www.gossip.it\/api\/wp\/v2\/tags?post=62849"},{"taxonomy":"vip","embeddable":true,"href":"https:\/\/www.gossip.it\/api\/wp\/v2\/vip?post=62849"}],"curies":[{"name":"wp","href":"https:\/\/api.w.org\/{rel}","templated":true}]}}