{"id":62901,"date":"2018-12-04T00:00:00","date_gmt":"2018-12-03T23:00:00","guid":{"rendered":"https:\/\/www.gossip.it\/senza-categoria\/giulia-salemi-mi-manca-francesco-monte\/"},"modified":"2018-12-04T00:00:00","modified_gmt":"2018-12-03T23:00:00","slug":"giulia-salemi-mi-manca-francesco-monte","status":"publish","type":"post","link":"https:\/\/www.gossip.it\/news\/giulia-salemi-mi-manca-francesco-monte\/","title":{"rendered":"Giulia Salemi, prime parole dopo il 'Grande Fratello Vip': 'Mi manca tanto Francesco Monte'"},"content":{"rendered":"<p><a href=\"\/vip\/giulia-salemi\/\">Giulia Salemi<\/a> \u00e8 stata eliminata dal <em>Grande Fratello Vip<\/em> poco prima della finalissima e ha dovuto salutare <a href=\"\/vip\/francesco-monte\/\">Francesco Monte<\/a> con il quale aveva avuto un significativo avvicinamento all'interno della casa. Adesso che la <strong>Salemi <\/strong>\u00e8 tornata alla vita normale e ha anche ricominciato ad utilizzare i social, dove \u00e8 molto seguita. Proprio su Instagram la 25enne ha dedicato un dolce pensiero all'ex tronista.<\/p>\n<figure class=\"caption\"><img decoding=\"async\" alt=\"\" width=\"640\" height=\"968\" src=\"https:\/\/files.gossip.it\/immagini_news\/2018\/12\/1543950489_giulia-salemi-blocco-1.jpg\" \/><figcaption>Giulia Salemi ha dedicato la sua prima Instagram story a Francesco Monte<\/figcaption><\/figure>\n<p>\"<em>Amici, I'm back! Ecco la primissima story che faccio. Non sono riuscita ad andare a dormire, mi manca tanto <strong>Franci<\/strong><\/em>\", con queste parole, pubblicate stramite una storia su Instagram, <strong>Giulia Salemi<\/strong> ha fatto il suo ritorno sui social dedicando un pensiero a <strong>Francesco Monte<\/strong>. I due sono stati costretti a separarsi dato che <strong>Giulia <\/strong>\u00e8 stata eliminata dal reality show ma la lontananza non durer\u00e0 tanto tempo perch\u00e9 il <em>Grande Fratello Vip <\/em>sta per giungere alla conclusione. Anche la didascalia della prima story dell'ex gieffina \u00e8 dedicata a <strong>Monte<\/strong>: \"<em>Vi sto leggendo uno ad uno, grazie di cuore per avermi capita, amata e sostenuta in questa esperienza pazzesca. Mi manca tanto il mio <strong>Franci Franci<\/strong>, insonnia power senza lui<\/em>\". Insomma pare che la <strong>Salemi <\/strong>stia gi\u00e0 sentendo la mancanza del pugliese dopo aver vissuto per mesi con lui nella stessa casa.<\/p>\n<figure class=\"caption\"><img decoding=\"async\" alt=\"\" width=\"640\" height=\"319\" src=\"https:\/\/files.gossip.it\/immagini_news\/2018\/12\/1543950564_giulia-salemi-francesco-monte-blocco-2.jpg\" \/><figcaption>Presto la Salemi e Francesco Monte potranno continuare a conoscersi lontani dalle telecamere<\/figcaption><\/figure>\n<p>\"<em>La valigia che ho l\u00ec non l'ho ancora presa, spero che <strong>Fra <\/strong>mi metta un suo indumento dentro. Se il GF ha fatto vedere molti litigi \u00e8 anche colpa nostra perch\u00e9 io ho un carattere particolare e <strong>Francesco <\/strong>\u00e8 un ragazzo molto sensibile ma anche molto impulsivo<\/em>\", ha raccontato <strong>Giulia<\/strong> chiacchierando con i suoi fan nel corso di una diretta. La <strong>Salemi <\/strong>ha parlato molto di <strong>Monte <\/strong>e del loro rapporto anche perch\u00e9 le domande dei suoi fan erano focalizzare soprattutto su questa love story nata al <em>GF Vip<\/em>: \"<em>Quindi \u00e8 normale che ci sia scontro tra un toro e un'ariete ma l'amore non \u00e8 bello se non \u00e8 litigarello. <strong>Francesco <\/strong>\u00e8 molto premuroso e amorevole e ha anche bisogno di tanto amore e di essere capito da tutti<\/em>\".<\/p>\n<p>\u00a0<\/p>\n","protected":false},"excerpt":{"rendered":"<p>Giulia Salemi \u00e8 stata eliminata dal Grande Fratello Vip poco prima della finalissima e ha dovuto salutare Francesco Monte con il quale aveva avuto un significativo avvicinamento all'interno della casa. Adesso che la Salemi \u00e8 tornata alla vita normale e ha anche ricominciato ad utilizzare i social, dove \u00e8 molto seguita. Proprio su Instagram la [&hellip;]<\/p>\n","protected":false},"author":1,"featured_media":118947,"comment_status":"closed","ping_status":"closed","sticky":false,"template":"","format":"standard","meta":{"footnotes":""},"categories":[54],"tags":[8847,1968,1875,2121],"vip":[],"class_list":["post-62901","post","type-post","status-publish","format-standard","has-post-thumbnail","hentry","category-news","tag-francesco-monte","tag-giulia-salemi","tag-grande-fratello-vip","tag-instagram"],"yoast_head":"<title>Giulia Salemi, prime parole dopo il &#039;Grande Fratello Vip&#039;: &#039;Mi manca tanto Francesco Monte&#039; - Gossip.it | News sul Gossip e VIP<\/title>\n<meta name=\"description\" content=\"Giulia Salemi \u00e8 stata eliminata dal Grande Fratello Vip poco prima della finalissima e ha dovuto salutare Francesco Monte con il quale aveva avuto un\" \/>\n<meta name=\"robots\" content=\"index, follow, max-snippet:-1, max-image-preview:large, max-video-preview:-1\" \/>\n<link rel=\"canonical\" href=\"https:\/\/www.gossip.it\/news\/giulia-salemi-mi-manca-francesco-monte\/\" \/>\n<meta property=\"og:locale\" content=\"it_IT\" \/>\n<meta property=\"og:type\" content=\"article\" \/>\n<meta property=\"og:title\" content=\"Giulia Salemi, prime parole dopo il &#039;Grande Fratello Vip&#039;: &#039;Mi manca tanto Francesco Monte&#039; - Gossip.it | News sul Gossip e VIP\" \/>\n<meta property=\"og:description\" content=\"Giulia Salemi \u00e8 stata eliminata dal Grande Fratello Vip poco prima della finalissima e ha dovuto salutare Francesco Monte con il quale aveva avuto un\" \/>\n<meta property=\"og:url\" content=\"https:\/\/www.gossip.it\/news\/giulia-salemi-mi-manca-francesco-monte\/\" \/>\n<meta property=\"og:site_name\" content=\"Gossip.it | News sul Gossip e VIP\" \/>\n<meta property=\"article:publisher\" content=\"https:\/\/www.facebook.com\/GossipIT\" \/>\n<meta property=\"article:published_time\" content=\"2018-12-03T23:00:00+00:00\" \/>\n<meta property=\"og:image\" content=\"https:\/\/files.gossip.it\/immagini_news\/2018\/12\/1543950489_giulia-salemi-blocco-1.jpg\" \/>\n<meta name=\"author\" content=\"La Redazione\" \/>\n<meta name=\"twitter:card\" content=\"summary_large_image\" \/>\n<meta name=\"twitter:image\" content=\"https:\/\/files.gossip.it\/immagini_news\/2018\/12\/1543950489_giulia-salemi-blocco-1.jpg\" \/>\n<meta name=\"twitter:creator\" content=\"@gossinews_it\" \/>\n<meta name=\"twitter:site\" content=\"@gossinews_it\" \/>\n<meta name=\"twitter:label1\" content=\"Scritto da\" \/>\n\t<meta name=\"twitter:data1\" content=\"Roberta Martorana\" \/>\n\t<meta name=\"twitter:label2\" content=\"Tempo di lettura stimato\" \/>\n\t<meta name=\"twitter:data2\" content=\"2 minuti\" \/>","yoast_head_json":{"title":"Giulia Salemi, prime parole dopo il 'Grande Fratello Vip': 'Mi manca tanto Francesco Monte' - Gossip.it | News sul Gossip e VIP","description":"Giulia Salemi \u00e8 stata eliminata dal Grande Fratello Vip poco prima della finalissima e ha dovuto salutare Francesco Monte con il quale aveva avuto un","robots":{"index":"index","follow":"follow","max-snippet":"max-snippet:-1","max-image-preview":"max-image-preview:large","max-video-preview":"max-video-preview:-1"},"canonical":"https:\/\/www.gossip.it\/news\/giulia-salemi-mi-manca-francesco-monte\/","og_locale":"it_IT","og_type":"article","og_title":"Giulia Salemi, prime parole dopo il 'Grande Fratello Vip': 'Mi manca tanto Francesco Monte' - Gossip.it | News sul Gossip e VIP","og_description":"Giulia Salemi \u00e8 stata eliminata dal Grande Fratello Vip poco prima della finalissima e ha dovuto salutare Francesco Monte con il quale aveva avuto un","og_url":"https:\/\/www.gossip.it\/news\/giulia-salemi-mi-manca-francesco-monte\/","og_site_name":"Gossip.it | News sul Gossip e VIP","article_publisher":"https:\/\/www.facebook.com\/GossipIT","article_published_time":"2018-12-03T23:00:00+00:00","og_image":[{"url":"https:\/\/files.gossip.it\/immagini_news\/2018\/12\/1543950489_giulia-salemi-blocco-1.jpg"}],"author":"La Redazione","twitter_card":"summary_large_image","twitter_image":"https:\/\/files.gossip.it\/immagini_news\/2018\/12\/1543950489_giulia-salemi-blocco-1.jpg","twitter_creator":"@gossinews_it","twitter_site":"@gossinews_it","twitter_misc":{"Scritto da":"Roberta Martorana","Tempo di lettura stimato":"2 minuti"},"schema":{"@context":"https:\/\/schema.org","@graph":[{"@type":"Article","@id":"https:\/\/www.gossip.it\/news\/giulia-salemi-mi-manca-francesco-monte\/#article","isPartOf":{"@id":"https:\/\/www.gossip.it\/news\/giulia-salemi-mi-manca-francesco-monte\/"},"author":{"name":"La Redazione","@id":"https:\/\/www.gossip.it\/#\/schema\/person\/488896f75158bff1cc83c6c39d141110"},"headline":"Giulia Salemi, prime parole dopo il 'Grande Fratello Vip': 'Mi manca tanto Francesco Monte'","datePublished":"2018-12-03T23:00:00+00:00","dateModified":"2018-12-03T23:00:00+00:00","mainEntityOfPage":{"@id":"https:\/\/www.gossip.it\/news\/giulia-salemi-mi-manca-francesco-monte\/"},"wordCount":368,"publisher":{"@id":"https:\/\/www.gossip.it\/#organization"},"image":{"@id":"https:\/\/www.gossip.it\/news\/giulia-salemi-mi-manca-francesco-monte\/#primaryimage"},"thumbnailUrl":"https:\/\/files.gossip.it\/immagini_news\/2018\/12\/1543950489_giulia-salemi-blocco-1.jpg","keywords":["francesco monte","giulia salemi","grande fratello vip","instagram"],"articleSection":["News"],"inLanguage":"it-IT"},{"@type":"WebPage","@id":"https:\/\/www.gossip.it\/news\/giulia-salemi-mi-manca-francesco-monte\/","url":"https:\/\/www.gossip.it\/news\/giulia-salemi-mi-manca-francesco-monte\/","name":"Giulia Salemi, prime parole dopo il 'Grande Fratello Vip': 'Mi manca tanto Francesco Monte' - Gossip.it | News sul Gossip e VIP","isPartOf":{"@id":"https:\/\/www.gossip.it\/#website"},"primaryImageOfPage":{"@id":"https:\/\/www.gossip.it\/news\/giulia-salemi-mi-manca-francesco-monte\/#primaryimage"},"image":{"@id":"https:\/\/www.gossip.it\/news\/giulia-salemi-mi-manca-francesco-monte\/#primaryimage"},"thumbnailUrl":"https:\/\/files.gossip.it\/immagini_news\/2018\/12\/1543950489_giulia-salemi-blocco-1.jpg","datePublished":"2018-12-03T23:00:00+00:00","dateModified":"2018-12-03T23:00:00+00:00","description":"Giulia Salemi \u00e8 stata eliminata dal Grande Fratello Vip poco prima della finalissima e ha dovuto salutare Francesco Monte con il quale aveva avuto un","breadcrumb":{"@id":"https:\/\/www.gossip.it\/news\/giulia-salemi-mi-manca-francesco-monte\/#breadcrumb"},"inLanguage":"it-IT","potentialAction":[{"@type":"ReadAction","target":["https:\/\/www.gossip.it\/news\/giulia-salemi-mi-manca-francesco-monte\/"]}]},{"@type":"ImageObject","inLanguage":"it-IT","@id":"https:\/\/www.gossip.it\/news\/giulia-salemi-mi-manca-francesco-monte\/#primaryimage","url":"https:\/\/files.gossip.it\/immagini_news\/2018\/12\/1543950489_giulia-salemi-blocco-1.jpg","contentUrl":"https:\/\/files.gossip.it\/immagini_news\/2018\/12\/1543950489_giulia-salemi-blocco-1.jpg"},{"@type":"BreadcrumbList","@id":"https:\/\/www.gossip.it\/news\/giulia-salemi-mi-manca-francesco-monte\/#breadcrumb","itemListElement":[{"@type":"ListItem","position":1,"name":"Home","item":"https:\/\/www.gossip.it\/"},{"@type":"ListItem","position":2,"name":"Giulia Salemi, prime parole dopo il 'Grande Fratello Vip': 'Mi manca tanto Francesco Monte'"}]},{"@type":"WebSite","@id":"https:\/\/www.gossip.it\/#website","url":"https:\/\/www.gossip.it\/","name":"Gossip and VIP News","description":"Quotidiano di cronaca rosa, costume e societ\u00e0","publisher":{"@id":"https:\/\/www.gossip.it\/#organization"},"alternateName":"Gossip and VIP News","potentialAction":[{"@type":"SearchAction","target":{"@type":"EntryPoint","urlTemplate":"https:\/\/www.gossip.it\/?s={search_term_string}"},"query-input":{"@type":"PropertyValueSpecification","valueRequired":true,"valueName":"search_term_string"}}],"inLanguage":"it-IT"},{"@type":"Organization","@id":"https:\/\/www.gossip.it\/#organization","name":"Gossip and VIP News","alternateName":"Gossip News","url":"https:\/\/www.gossip.it\/","logo":{"@type":"ImageObject","inLanguage":"it-IT","@id":"https:\/\/www.gossip.it\/#\/schema\/logo\/image\/","url":"https:\/\/www.gossip.it\/wp-content\/uploads\/2022\/04\/cropped-corna-alta-tiny.png","contentUrl":"https:\/\/www.gossip.it\/wp-content\/uploads\/2022\/04\/cropped-corna-alta-tiny.png","width":512,"height":512,"caption":"Gossip and VIP News"},"image":{"@id":"https:\/\/www.gossip.it\/#\/schema\/logo\/image\/"},"sameAs":["https:\/\/www.facebook.com\/GossipIT","https:\/\/x.com\/gossinews_it","https:\/\/instagram.com\/gossip_it"]},{"@type":"Person","@id":"https:\/\/www.gossip.it\/#\/schema\/person\/488896f75158bff1cc83c6c39d141110","name":"La Redazione","image":{"@type":"ImageObject","inLanguage":"it-IT","@id":"https:\/\/www.gossip.it\/#\/schema\/person\/image\/","url":"https:\/\/secure.gravatar.com\/avatar\/5a5f5c6fa3e6700e4249abdad0263a1e94e927d9e0499b1cb09c1cd29c044d80?s=96&d=mm&r=g","contentUrl":"https:\/\/secure.gravatar.com\/avatar\/5a5f5c6fa3e6700e4249abdad0263a1e94e927d9e0499b1cb09c1cd29c044d80?s=96&d=mm&r=g","caption":"La Redazione"},"sameAs":["https:\/\/www.gossip.it"]}]}},"amp_enabled":true,"_links":{"self":[{"href":"https:\/\/www.gossip.it\/api\/wp\/v2\/posts\/62901","targetHints":{"allow":["GET"]}}],"collection":[{"href":"https:\/\/www.gossip.it\/api\/wp\/v2\/posts"}],"about":[{"href":"https:\/\/www.gossip.it\/api\/wp\/v2\/types\/post"}],"author":[{"embeddable":true,"href":"https:\/\/www.gossip.it\/api\/wp\/v2\/users\/1"}],"replies":[{"embeddable":true,"href":"https:\/\/www.gossip.it\/api\/wp\/v2\/comments?post=62901"}],"version-history":[{"count":0,"href":"https:\/\/www.gossip.it\/api\/wp\/v2\/posts\/62901\/revisions"}],"wp:featuredmedia":[{"embeddable":true,"href":"https:\/\/www.gossip.it\/api\/wp\/v2\/media\/118947"}],"wp:attachment":[{"href":"https:\/\/www.gossip.it\/api\/wp\/v2\/media?parent=62901"}],"wp:term":[{"taxonomy":"category","embeddable":true,"href":"https:\/\/www.gossip.it\/api\/wp\/v2\/categories?post=62901"},{"taxonomy":"post_tag","embeddable":true,"href":"https:\/\/www.gossip.it\/api\/wp\/v2\/tags?post=62901"},{"taxonomy":"vip","embeddable":true,"href":"https:\/\/www.gossip.it\/api\/wp\/v2\/vip?post=62901"}],"curies":[{"name":"wp","href":"https:\/\/api.w.org\/{rel}","templated":true}]}}