{"id":63060,"date":"2018-12-20T00:00:00","date_gmt":"2018-12-19T23:00:00","guid":{"rendered":"https:\/\/www.gossip.it\/senza-categoria\/macaulay-culkin-mamma-ho-perso-l-aereo-27-anni-dopo\/"},"modified":"2018-12-20T00:00:00","modified_gmt":"2018-12-19T23:00:00","slug":"macaulay-culkin-mamma-ho-perso-l-aereo-27-anni-dopo","status":"publish","type":"post","link":"https:\/\/www.gossip.it\/news\/macaulay-culkin-mamma-ho-perso-l-aereo-27-anni-dopo\/","title":{"rendered":"Macaulay Culkin \u00e8 di nuovo Kevin di 'Mamma ho perso l'aereo' 27 anni dopo"},"content":{"rendered":"<p><a href=\"\/vip\/macaulay-culkin\/\">Macaulay Culkin<\/a> <strong>dopo 27 anni<\/strong> torna a vestire i panni di Kevin McCallister, il protagonista di \"<strong>Mamma ho perso l'aereo<\/strong>\" e del sequel \"Mamma ho riperso l'aereo\".<\/p>\n<figure class=\"caption\"><img decoding=\"async\" alt=\"\" width=\"640\" height=\"358\" src=\"https:\/\/files.gossip.it\/immagini_news\/2018\/12\/1545312781_culkin_3.jpg\" \/><figcaption>Macaulay Culkin di nuovo nei panni di Kevin McCallister<\/figcaption><\/figure>\n<p><strong>Macaulay Culkin<\/strong>, oggi 38enne, rifa il verso a se stesso in uno spot realizzato per Google. L'attore ha accettato di rigirare molte delle pi\u00f9 famose scene di \"<strong>Mamma ho perso l'aereo<\/strong>\", una pellicola che lo ha reso uno dei bambini prodigio pi\u00f9 famosi e pagati del mondo. Un film cult che tutti conoscono e proprio in questo periodo, durante le feste natalizie, viene spesso riproposto in tv.<\/p>\n<figure class=\"caption\"><img decoding=\"async\" alt=\"\" width=\"640\" height=\"344\" src=\"https:\/\/files.gossip.it\/immagini_news\/2018\/12\/1545312818_culkin_4.jpg\" \/><figcaption>Macaulay da piccolo nella famosa scena del bagno<\/figcaption><\/figure>\n<figure class=\"caption\"><img decoding=\"async\" alt=\"\" width=\"640\" height=\"359\" src=\"https:\/\/files.gossip.it\/immagini_news\/2018\/12\/1545312849_culkin_1.jpg\" \/><figcaption>L'attore 38enne oggi<\/figcaption><\/figure>\n<p><strong>Maculay Culkin<\/strong> nello spot ispirato a \"<strong>Mamma ho perso l'aereo<\/strong>\" non sfoggia pi\u00f9 i capelli lunghi ma ha un taglio uguale a quello che portava da bambino. Il suo look riproduce esattamente quello di Kevin: dal pigiama indossato appena sveglio, quando scopre che la famiglia \u00e8 partita senza di lui, ai jeans con il maglione bordeaux (anche se nella nuova versione indossa un cardigan aperto sul davanti abbinato a una t-shirt bianca).<\/p>\n<figure class=\"caption\"><img decoding=\"async\" alt=\"\" width=\"640\" height=\"361\" src=\"https:\/\/files.gossip.it\/immagini_news\/2018\/12\/1545312883_culkin_2.jpg\" \/><figcaption>Culkin ha rigirato le scene di 'Mamma ho per l'aereo' per uno spot<\/figcaption><\/figure>\n<p><strong>Macaulay<\/strong> passa ore davanti allo specchio del bagno, salta sul letto (non proprio con la stessa agilit\u00e0 di quando era bambino: simula un dolore alla sciatica), guarda la tv, pranza da solo e d\u00e0 il via all'Operazione Kevin per tenere lontani Harry e Marv, i due ladri, facendogli credere che la casa \u00e8 piena di gente. Il video \u00e8 diventato virale in poche ore: dopo <strong>27 anni <\/strong>il pubblico non ha ancora dimenticato l'esilarante interpretazione di <strong>Culkin<\/strong>.\u00a0<\/p>\n","protected":false},"excerpt":{"rendered":"<p>Macaulay Culkin dopo 27 anni torna a vestire i panni di Kevin McCallister, il protagonista di \"Mamma ho perso l'aereo\" e del sequel \"Mamma ho riperso l'aereo\". Macaulay Culkin di nuovo nei panni di Kevin McCallister Macaulay Culkin, oggi 38enne, rifa il verso a se stesso in uno spot realizzato per Google. L'attore ha accettato [&hellip;]<\/p>\n","protected":false},"author":1,"featured_media":119106,"comment_status":"closed","ping_status":"closed","sticky":false,"template":"","format":"standard","meta":{"footnotes":""},"categories":[54],"tags":[2137,58738,58737,16050,16051],"vip":[],"class_list":["post-63060","post","type-post","status-publish","format-standard","has-post-thumbnail","hentry","category-news","tag-attore","tag-film-spot","tag-kevin-mccallister","tag-macaulay-culkin","tag-mamma-ho-perso-laereo"],"yoast_head":"<title>Macaulay Culkin \u00e8 di nuovo Kevin di &#039;Mamma ho perso l&#039;aereo&#039; 27 anni dopo - Gossip.it | News sul Gossip e VIP<\/title>\n<meta name=\"description\" content=\"Macaulay Culkin dopo 27 anni torna a vestire i panni di Kevin McCallister, il protagonista di &quot;Mamma ho perso l&#039;aereo&quot; e del sequel &quot;Mamma ho riperso\" \/>\n<meta name=\"robots\" content=\"index, follow, max-snippet:-1, max-image-preview:large, max-video-preview:-1\" \/>\n<link rel=\"canonical\" href=\"https:\/\/www.gossip.it\/news\/macaulay-culkin-mamma-ho-perso-l-aereo-27-anni-dopo\/\" \/>\n<meta property=\"og:locale\" content=\"it_IT\" \/>\n<meta property=\"og:type\" content=\"article\" \/>\n<meta property=\"og:title\" content=\"Macaulay Culkin \u00e8 di nuovo Kevin di &#039;Mamma ho perso l&#039;aereo&#039; 27 anni dopo - Gossip.it | News sul Gossip e VIP\" \/>\n<meta property=\"og:description\" content=\"Macaulay Culkin dopo 27 anni torna a vestire i panni di Kevin McCallister, il protagonista di &quot;Mamma ho perso l&#039;aereo&quot; e del sequel &quot;Mamma ho riperso\" \/>\n<meta property=\"og:url\" content=\"https:\/\/www.gossip.it\/news\/macaulay-culkin-mamma-ho-perso-l-aereo-27-anni-dopo\/\" \/>\n<meta property=\"og:site_name\" content=\"Gossip.it | News sul Gossip e VIP\" \/>\n<meta property=\"article:publisher\" content=\"https:\/\/www.facebook.com\/GossipIT\" \/>\n<meta property=\"article:published_time\" content=\"2018-12-19T23:00:00+00:00\" \/>\n<meta property=\"og:image\" content=\"https:\/\/files.gossip.it\/immagini_news\/2018\/12\/1545312781_culkin_3.jpg\" \/>\n<meta name=\"author\" content=\"La Redazione\" \/>\n<meta name=\"twitter:card\" content=\"summary_large_image\" \/>\n<meta name=\"twitter:image\" content=\"https:\/\/files.gossip.it\/immagini_news\/2018\/12\/1545312781_culkin_3.jpg\" \/>\n<meta name=\"twitter:creator\" content=\"@gossinews_it\" \/>\n<meta name=\"twitter:site\" content=\"@gossinews_it\" \/>\n<meta name=\"twitter:label1\" content=\"Scritto da\" \/>\n\t<meta name=\"twitter:data1\" content=\"Francesca Romana Fomenici\" \/>\n\t<meta name=\"twitter:label2\" content=\"Tempo di lettura stimato\" \/>\n\t<meta name=\"twitter:data2\" content=\"1 minuto\" \/>","yoast_head_json":{"title":"Macaulay Culkin \u00e8 di nuovo Kevin di 'Mamma ho perso l'aereo' 27 anni dopo - Gossip.it | News sul Gossip e VIP","description":"Macaulay Culkin dopo 27 anni torna a vestire i panni di Kevin McCallister, il protagonista di \"Mamma ho perso l'aereo\" e del sequel \"Mamma ho riperso","robots":{"index":"index","follow":"follow","max-snippet":"max-snippet:-1","max-image-preview":"max-image-preview:large","max-video-preview":"max-video-preview:-1"},"canonical":"https:\/\/www.gossip.it\/news\/macaulay-culkin-mamma-ho-perso-l-aereo-27-anni-dopo\/","og_locale":"it_IT","og_type":"article","og_title":"Macaulay Culkin \u00e8 di nuovo Kevin di 'Mamma ho perso l'aereo' 27 anni dopo - Gossip.it | News sul Gossip e VIP","og_description":"Macaulay Culkin dopo 27 anni torna a vestire i panni di Kevin McCallister, il protagonista di \"Mamma ho perso l'aereo\" e del sequel \"Mamma ho riperso","og_url":"https:\/\/www.gossip.it\/news\/macaulay-culkin-mamma-ho-perso-l-aereo-27-anni-dopo\/","og_site_name":"Gossip.it | News sul Gossip e VIP","article_publisher":"https:\/\/www.facebook.com\/GossipIT","article_published_time":"2018-12-19T23:00:00+00:00","og_image":[{"url":"https:\/\/files.gossip.it\/immagini_news\/2018\/12\/1545312781_culkin_3.jpg"}],"author":"La Redazione","twitter_card":"summary_large_image","twitter_image":"https:\/\/files.gossip.it\/immagini_news\/2018\/12\/1545312781_culkin_3.jpg","twitter_creator":"@gossinews_it","twitter_site":"@gossinews_it","twitter_misc":{"Scritto da":"Francesca Romana Fomenici","Tempo di lettura stimato":"1 minuto"},"schema":{"@context":"https:\/\/schema.org","@graph":[{"@type":"Article","@id":"https:\/\/www.gossip.it\/news\/macaulay-culkin-mamma-ho-perso-l-aereo-27-anni-dopo\/#article","isPartOf":{"@id":"https:\/\/www.gossip.it\/news\/macaulay-culkin-mamma-ho-perso-l-aereo-27-anni-dopo\/"},"author":{"name":"La Redazione","@id":"https:\/\/www.gossip.it\/#\/schema\/person\/488896f75158bff1cc83c6c39d141110"},"headline":"Macaulay Culkin \u00e8 di nuovo Kevin di 'Mamma ho perso l'aereo' 27 anni dopo","datePublished":"2018-12-19T23:00:00+00:00","dateModified":"2018-12-19T23:00:00+00:00","mainEntityOfPage":{"@id":"https:\/\/www.gossip.it\/news\/macaulay-culkin-mamma-ho-perso-l-aereo-27-anni-dopo\/"},"wordCount":293,"publisher":{"@id":"https:\/\/www.gossip.it\/#organization"},"image":{"@id":"https:\/\/www.gossip.it\/news\/macaulay-culkin-mamma-ho-perso-l-aereo-27-anni-dopo\/#primaryimage"},"thumbnailUrl":"https:\/\/files.gossip.it\/immagini_news\/2018\/12\/1545312781_culkin_3.jpg","keywords":["attore","film spot","kevin mccallister","macaulay culkin","mamma ho perso l'aereo"],"articleSection":["News"],"inLanguage":"it-IT"},{"@type":"WebPage","@id":"https:\/\/www.gossip.it\/news\/macaulay-culkin-mamma-ho-perso-l-aereo-27-anni-dopo\/","url":"https:\/\/www.gossip.it\/news\/macaulay-culkin-mamma-ho-perso-l-aereo-27-anni-dopo\/","name":"Macaulay Culkin \u00e8 di nuovo Kevin di 'Mamma ho perso l'aereo' 27 anni dopo - Gossip.it | News sul Gossip e VIP","isPartOf":{"@id":"https:\/\/www.gossip.it\/#website"},"primaryImageOfPage":{"@id":"https:\/\/www.gossip.it\/news\/macaulay-culkin-mamma-ho-perso-l-aereo-27-anni-dopo\/#primaryimage"},"image":{"@id":"https:\/\/www.gossip.it\/news\/macaulay-culkin-mamma-ho-perso-l-aereo-27-anni-dopo\/#primaryimage"},"thumbnailUrl":"https:\/\/files.gossip.it\/immagini_news\/2018\/12\/1545312781_culkin_3.jpg","datePublished":"2018-12-19T23:00:00+00:00","dateModified":"2018-12-19T23:00:00+00:00","description":"Macaulay Culkin dopo 27 anni torna a vestire i panni di Kevin McCallister, il protagonista di \"Mamma ho perso l'aereo\" e del sequel \"Mamma ho riperso","breadcrumb":{"@id":"https:\/\/www.gossip.it\/news\/macaulay-culkin-mamma-ho-perso-l-aereo-27-anni-dopo\/#breadcrumb"},"inLanguage":"it-IT","potentialAction":[{"@type":"ReadAction","target":["https:\/\/www.gossip.it\/news\/macaulay-culkin-mamma-ho-perso-l-aereo-27-anni-dopo\/"]}]},{"@type":"ImageObject","inLanguage":"it-IT","@id":"https:\/\/www.gossip.it\/news\/macaulay-culkin-mamma-ho-perso-l-aereo-27-anni-dopo\/#primaryimage","url":"https:\/\/files.gossip.it\/immagini_news\/2018\/12\/1545312781_culkin_3.jpg","contentUrl":"https:\/\/files.gossip.it\/immagini_news\/2018\/12\/1545312781_culkin_3.jpg"},{"@type":"BreadcrumbList","@id":"https:\/\/www.gossip.it\/news\/macaulay-culkin-mamma-ho-perso-l-aereo-27-anni-dopo\/#breadcrumb","itemListElement":[{"@type":"ListItem","position":1,"name":"Home","item":"https:\/\/www.gossip.it\/"},{"@type":"ListItem","position":2,"name":"Macaulay Culkin \u00e8 di nuovo Kevin di 'Mamma ho perso l'aereo' 27 anni dopo"}]},{"@type":"WebSite","@id":"https:\/\/www.gossip.it\/#website","url":"https:\/\/www.gossip.it\/","name":"Gossip and VIP News","description":"Quotidiano di cronaca rosa, costume e societ\u00e0","publisher":{"@id":"https:\/\/www.gossip.it\/#organization"},"alternateName":"Gossip and VIP News","potentialAction":[{"@type":"SearchAction","target":{"@type":"EntryPoint","urlTemplate":"https:\/\/www.gossip.it\/?s={search_term_string}"},"query-input":{"@type":"PropertyValueSpecification","valueRequired":true,"valueName":"search_term_string"}}],"inLanguage":"it-IT"},{"@type":"Organization","@id":"https:\/\/www.gossip.it\/#organization","name":"Gossip and VIP News","alternateName":"Gossip News","url":"https:\/\/www.gossip.it\/","logo":{"@type":"ImageObject","inLanguage":"it-IT","@id":"https:\/\/www.gossip.it\/#\/schema\/logo\/image\/","url":"https:\/\/www.gossip.it\/wp-content\/uploads\/2022\/04\/cropped-corna-alta-tiny.png","contentUrl":"https:\/\/www.gossip.it\/wp-content\/uploads\/2022\/04\/cropped-corna-alta-tiny.png","width":512,"height":512,"caption":"Gossip and VIP News"},"image":{"@id":"https:\/\/www.gossip.it\/#\/schema\/logo\/image\/"},"sameAs":["https:\/\/www.facebook.com\/GossipIT","https:\/\/x.com\/gossinews_it","https:\/\/instagram.com\/gossip_it"]},{"@type":"Person","@id":"https:\/\/www.gossip.it\/#\/schema\/person\/488896f75158bff1cc83c6c39d141110","name":"La Redazione","image":{"@type":"ImageObject","inLanguage":"it-IT","@id":"https:\/\/www.gossip.it\/#\/schema\/person\/image\/","url":"https:\/\/secure.gravatar.com\/avatar\/5a5f5c6fa3e6700e4249abdad0263a1e94e927d9e0499b1cb09c1cd29c044d80?s=96&d=mm&r=g","contentUrl":"https:\/\/secure.gravatar.com\/avatar\/5a5f5c6fa3e6700e4249abdad0263a1e94e927d9e0499b1cb09c1cd29c044d80?s=96&d=mm&r=g","caption":"La Redazione"},"sameAs":["https:\/\/www.gossip.it"]}]}},"amp_enabled":true,"_links":{"self":[{"href":"https:\/\/www.gossip.it\/api\/wp\/v2\/posts\/63060","targetHints":{"allow":["GET"]}}],"collection":[{"href":"https:\/\/www.gossip.it\/api\/wp\/v2\/posts"}],"about":[{"href":"https:\/\/www.gossip.it\/api\/wp\/v2\/types\/post"}],"author":[{"embeddable":true,"href":"https:\/\/www.gossip.it\/api\/wp\/v2\/users\/1"}],"replies":[{"embeddable":true,"href":"https:\/\/www.gossip.it\/api\/wp\/v2\/comments?post=63060"}],"version-history":[{"count":0,"href":"https:\/\/www.gossip.it\/api\/wp\/v2\/posts\/63060\/revisions"}],"wp:featuredmedia":[{"embeddable":true,"href":"https:\/\/www.gossip.it\/api\/wp\/v2\/media\/119106"}],"wp:attachment":[{"href":"https:\/\/www.gossip.it\/api\/wp\/v2\/media?parent=63060"}],"wp:term":[{"taxonomy":"category","embeddable":true,"href":"https:\/\/www.gossip.it\/api\/wp\/v2\/categories?post=63060"},{"taxonomy":"post_tag","embeddable":true,"href":"https:\/\/www.gossip.it\/api\/wp\/v2\/tags?post=63060"},{"taxonomy":"vip","embeddable":true,"href":"https:\/\/www.gossip.it\/api\/wp\/v2\/vip?post=63060"}],"curies":[{"name":"wp","href":"https:\/\/api.w.org\/{rel}","templated":true}]}}