{"id":63154,"date":"2019-01-07T00:00:00","date_gmt":"2019-01-06T23:00:00","guid":{"rendered":"https:\/\/www.gossip.it\/senza-categoria\/sanremo-virginia-raffaele-claudio-bisio-claudio-baglioni\/"},"modified":"2019-01-07T00:00:00","modified_gmt":"2019-01-06T23:00:00","slug":"sanremo-virginia-raffaele-claudio-bisio-claudio-baglioni","status":"publish","type":"post","link":"https:\/\/www.gossip.it\/news\/sanremo-virginia-raffaele-claudio-bisio-claudio-baglioni\/","title":{"rendered":"Sanremo: \u00e8 ufficiale, Claudio Bisio e Virginia Raffaele affiancheranno Claudio Baglioni"},"content":{"rendered":"<p><a href=\"\/vip\/sanremo\/\">Sanremo<\/a> 2019 prende forma. L\u2019annuncio ufficiale \u00e8 atteso per mercoled\u00ec, alla tradizionale conferenza stampa di presentazione del Festival, ma sono gi\u00e0 stati resi noti i nomi dei due co-conduttori che affiancheranno <a href=\"\/vip\/claudio-baglioni\/\">Claudio Baglioni<\/a> all\u2019Ariston. Saranno <a href=\"\/vip\/claudio-bisio\/\">Claudio Bisio<\/a> e <a href=\"\/vip\/virginia-raffaele\/\">Virginia Raffaele<\/a> a infiammare la platea e gli spettatori da casa.<\/p>\n<figure class=\"caption\"><img decoding=\"async\" alt=\"\" width=\"640\" height=\"428\" src=\"https:\/\/files.gossip.it\/immagini_news\/2019\/01\/1546861895_sanremo_2.jpg\" \/><figcaption>Virginia Raffaele torna all'Ariston: affiancher\u00e0 Claudio Baglioni a Sanremo 2019<\/figcaption><\/figure>\n<p>Rumors confermati. I nomi di <strong>Claudio Bisio<\/strong> e <strong>Virginia Raffaele<\/strong> erano nell\u2019aria da un bel po\u2019. <strong>Claudio Baglioni<\/strong> li ha voluti fortemente con lui in questa nuova avventura da direttore artistico della manifestazione canora: insieme ai comici, due stelle nel firmamento italiano, spera di bissare il clamoroso successo dello scorso anno, quando con il popolare cantautore c\u2019erano <a href=\"\/vip\/michelle-hunziker\/\">Michelle Hunziker<\/a> e <a href=\"\/vip\/pierfrancesco-favino\/\">Pierfrancesco Favino<\/a>.<\/p>\n<p><strong>Claudio Bisio<\/strong> a <strong>Sanremo<\/strong> \u00e8 stato ospite nel 2013, quando propose nella serata finale un monologo politico. <strong>Virginia Raffaele<\/strong> \u00e8 oramai una vera habitu\u00e8. Ospite del Festival di <a href=\"\/vip\/carlo-conti\/\">Carlo Conti<\/a>, l\u2019anno scorso \u00e8 tornata sul palco proprio con <strong>Claudio Baglioni<\/strong>.<\/p>\n<figure class=\"caption\"><img decoding=\"async\" alt=\"\" width=\"640\" height=\"552\" src=\"https:\/\/files.gossip.it\/immagini_news\/2019\/01\/1546861910_sanremo_1.jpg\" \/><figcaption>Con la comica al Festival anche Claudio Bisio<\/figcaption><\/figure>\n<p>Tanta attesa per i super ospiti di <strong>Sanremo<\/strong>. <a href=\"\/vip\/andrea-bocelli\/\">Andrea Bocelli<\/a> potrebbe cantare con il figlio Matteo. All\u2019Ariston dovrebbero arrivare anche <a href=\"\/vip\/laura-pausini\/\">Laura Pausini<\/a> e <a href=\"\/vip\/biagio-antonacci\/\">Biagio Antonacci<\/a>, <a href=\"\/vip\/fiorella-mannoia\/\">Fiorella Mannoia<\/a>, <a href=\"\/vip\/ligabue\/\">Ligabue<\/a>, <a href=\"\/vip\/eros-ramazzotti\/\">Eros Ramazzotti<\/a>, <a href=\"\/vip\/giorgia\/\">Giorgia<\/a>, <a href=\"\/vip\/elisa\/\">Elisa<\/a>, <a href=\"\/vip\/jovanotti\/\">Jovanotti<\/a>, la coppia <a href=\"\/vip\/raf\/\">Raf<\/a> e <a href=\"\/vip\/umberto-tozzi\/\">Umberto Tozzi<\/a> che partir\u00e0 in tourn\u00e9e dopo il festival. Attesa anche <a href=\"\/vip\/gianna-nannini\/\">Gianna Nannini<\/a>. Baglioni vorrebbe ancora <a href=\"\/vip\/fiorello\/\">Fiorello<\/a>. Ci dovrebbe essere anche e <a href=\"\/vip\/renzo-arbore\/\">Renzo Arbore<\/a>. Al Dopofestival, Pio e Amedeo potrebbero affiancare <a href=\"\/vip\/rocco-papaleo\/\">Rocco Papaleo<\/a>.<\/p>\n<p>\u00a0<\/p>\n","protected":false},"excerpt":{"rendered":"<p>Sanremo 2019 prende forma. L\u2019annuncio ufficiale \u00e8 atteso per mercoled\u00ec, alla tradizionale conferenza stampa di presentazione del Festival, ma sono gi\u00e0 stati resi noti i nomi dei due co-conduttori che affiancheranno Claudio Baglioni all\u2019Ariston. Saranno Claudio Bisio e Virginia Raffaele a infiammare la platea e gli spettatori da casa. Virginia Raffaele torna all'Ariston: affiancher\u00e0 Claudio [&hellip;]<\/p>\n","protected":false},"author":1,"featured_media":119200,"comment_status":"closed","ping_status":"closed","sticky":false,"template":"","format":"standard","meta":{"footnotes":""},"categories":[54],"tags":[3336,2137,1983,1981,2156,6313,2956,2176,1992,41818,3980,2637,58624,2516,2177,2145,2582,12146,58774],"vip":[511,512,1838],"class_list":["post-63154","post","type-post","status-publish","format-standard","has-post-thumbnail","hentry","category-news","tag-ariston","tag-attore","tag-attrice","tag-cantante","tag-cantautore","tag-comica","tag-comico","tag-conduttore","tag-conduttrice","tag-direttore-artistico","tag-festival","tag-festival-di-sanremo","tag-festival-di-sanremo-2019","tag-ospiti","tag-presentatore","tag-presentatrice","tag-sanremo","tag-sanremo-2019","tag-super-ospiti","vip-claudio_baglioni","vip-claudio_bisio","vip-virginia_raffaele"],"yoast_head":"<title>Sanremo: \u00e8 ufficiale, Claudio Bisio e Virginia Raffaele affiancheranno Claudio Baglioni - Gossip.it | News sul Gossip e VIP<\/title>\n<meta name=\"description\" content=\"Sanremo 2019 prende forma. L\u2019annuncio ufficiale \u00e8 atteso per mercoled\u00ec, alla tradizionale conferenza stampa di presentazione del Festival, ma sono gi\u00e0\" \/>\n<meta name=\"robots\" content=\"index, follow, max-snippet:-1, max-image-preview:large, max-video-preview:-1\" \/>\n<link rel=\"canonical\" href=\"https:\/\/www.gossip.it\/news\/sanremo-virginia-raffaele-claudio-bisio-claudio-baglioni\/\" \/>\n<meta property=\"og:locale\" content=\"it_IT\" \/>\n<meta property=\"og:type\" content=\"article\" \/>\n<meta property=\"og:title\" content=\"Sanremo: \u00e8 ufficiale, Claudio Bisio e Virginia Raffaele affiancheranno Claudio Baglioni - Gossip.it | News sul Gossip e VIP\" \/>\n<meta property=\"og:description\" content=\"Sanremo 2019 prende forma. L\u2019annuncio ufficiale \u00e8 atteso per mercoled\u00ec, alla tradizionale conferenza stampa di presentazione del Festival, ma sono gi\u00e0\" \/>\n<meta property=\"og:url\" content=\"https:\/\/www.gossip.it\/news\/sanremo-virginia-raffaele-claudio-bisio-claudio-baglioni\/\" \/>\n<meta property=\"og:site_name\" content=\"Gossip.it | News sul Gossip e VIP\" \/>\n<meta property=\"article:publisher\" content=\"https:\/\/www.facebook.com\/GossipIT\" \/>\n<meta property=\"article:published_time\" content=\"2019-01-06T23:00:00+00:00\" \/>\n<meta property=\"og:image\" content=\"https:\/\/files.gossip.it\/immagini_news\/2019\/01\/1546861895_sanremo_2.jpg\" \/>\n<meta name=\"author\" content=\"La Redazione\" \/>\n<meta name=\"twitter:card\" content=\"summary_large_image\" \/>\n<meta name=\"twitter:image\" content=\"https:\/\/files.gossip.it\/immagini_news\/2019\/01\/1546861895_sanremo_2.jpg\" \/>\n<meta name=\"twitter:creator\" content=\"@gossinews_it\" \/>\n<meta name=\"twitter:site\" content=\"@gossinews_it\" \/>\n<meta name=\"twitter:label1\" content=\"Scritto da\" \/>\n\t<meta name=\"twitter:data1\" content=\"Annamaria Capozzi\" \/>\n\t<meta name=\"twitter:label2\" content=\"Tempo di lettura stimato\" \/>\n\t<meta name=\"twitter:data2\" content=\"1 minuto\" \/>","yoast_head_json":{"title":"Sanremo: \u00e8 ufficiale, Claudio Bisio e Virginia Raffaele affiancheranno Claudio Baglioni - Gossip.it | News sul Gossip e VIP","description":"Sanremo 2019 prende forma. L\u2019annuncio ufficiale \u00e8 atteso per mercoled\u00ec, alla tradizionale conferenza stampa di presentazione del Festival, ma sono gi\u00e0","robots":{"index":"index","follow":"follow","max-snippet":"max-snippet:-1","max-image-preview":"max-image-preview:large","max-video-preview":"max-video-preview:-1"},"canonical":"https:\/\/www.gossip.it\/news\/sanremo-virginia-raffaele-claudio-bisio-claudio-baglioni\/","og_locale":"it_IT","og_type":"article","og_title":"Sanremo: \u00e8 ufficiale, Claudio Bisio e Virginia Raffaele affiancheranno Claudio Baglioni - Gossip.it | News sul Gossip e VIP","og_description":"Sanremo 2019 prende forma. L\u2019annuncio ufficiale \u00e8 atteso per mercoled\u00ec, alla tradizionale conferenza stampa di presentazione del Festival, ma sono gi\u00e0","og_url":"https:\/\/www.gossip.it\/news\/sanremo-virginia-raffaele-claudio-bisio-claudio-baglioni\/","og_site_name":"Gossip.it | News sul Gossip e VIP","article_publisher":"https:\/\/www.facebook.com\/GossipIT","article_published_time":"2019-01-06T23:00:00+00:00","og_image":[{"url":"https:\/\/files.gossip.it\/immagini_news\/2019\/01\/1546861895_sanremo_2.jpg"}],"author":"La Redazione","twitter_card":"summary_large_image","twitter_image":"https:\/\/files.gossip.it\/immagini_news\/2019\/01\/1546861895_sanremo_2.jpg","twitter_creator":"@gossinews_it","twitter_site":"@gossinews_it","twitter_misc":{"Scritto da":"Annamaria Capozzi","Tempo di lettura stimato":"1 minuto"},"schema":{"@context":"https:\/\/schema.org","@graph":[{"@type":"Article","@id":"https:\/\/www.gossip.it\/news\/sanremo-virginia-raffaele-claudio-bisio-claudio-baglioni\/#article","isPartOf":{"@id":"https:\/\/www.gossip.it\/news\/sanremo-virginia-raffaele-claudio-bisio-claudio-baglioni\/"},"author":{"name":"La Redazione","@id":"https:\/\/www.gossip.it\/#\/schema\/person\/488896f75158bff1cc83c6c39d141110"},"headline":"Sanremo: \u00e8 ufficiale, Claudio Bisio e Virginia Raffaele affiancheranno Claudio Baglioni","datePublished":"2019-01-06T23:00:00+00:00","dateModified":"2019-01-06T23:00:00+00:00","mainEntityOfPage":{"@id":"https:\/\/www.gossip.it\/news\/sanremo-virginia-raffaele-claudio-bisio-claudio-baglioni\/"},"wordCount":250,"publisher":{"@id":"https:\/\/www.gossip.it\/#organization"},"image":{"@id":"https:\/\/www.gossip.it\/news\/sanremo-virginia-raffaele-claudio-bisio-claudio-baglioni\/#primaryimage"},"thumbnailUrl":"https:\/\/files.gossip.it\/immagini_news\/2019\/01\/1546861895_sanremo_2.jpg","keywords":["ariston","attore","attrice","cantante","cantautore","comica","comico","conduttore","conduttrice","direttore artistico","festival","festival di sanremo","festival di sanremo 2019","ospiti","presentatore","presentatrice","sanremo","sanremo 2019","super ospiti"],"articleSection":["News"],"inLanguage":"it-IT"},{"@type":"WebPage","@id":"https:\/\/www.gossip.it\/news\/sanremo-virginia-raffaele-claudio-bisio-claudio-baglioni\/","url":"https:\/\/www.gossip.it\/news\/sanremo-virginia-raffaele-claudio-bisio-claudio-baglioni\/","name":"Sanremo: \u00e8 ufficiale, Claudio Bisio e Virginia Raffaele affiancheranno Claudio Baglioni - Gossip.it | News sul Gossip e VIP","isPartOf":{"@id":"https:\/\/www.gossip.it\/#website"},"primaryImageOfPage":{"@id":"https:\/\/www.gossip.it\/news\/sanremo-virginia-raffaele-claudio-bisio-claudio-baglioni\/#primaryimage"},"image":{"@id":"https:\/\/www.gossip.it\/news\/sanremo-virginia-raffaele-claudio-bisio-claudio-baglioni\/#primaryimage"},"thumbnailUrl":"https:\/\/files.gossip.it\/immagini_news\/2019\/01\/1546861895_sanremo_2.jpg","datePublished":"2019-01-06T23:00:00+00:00","dateModified":"2019-01-06T23:00:00+00:00","description":"Sanremo 2019 prende forma. L\u2019annuncio ufficiale \u00e8 atteso per mercoled\u00ec, alla tradizionale conferenza stampa di presentazione del Festival, ma sono gi\u00e0","breadcrumb":{"@id":"https:\/\/www.gossip.it\/news\/sanremo-virginia-raffaele-claudio-bisio-claudio-baglioni\/#breadcrumb"},"inLanguage":"it-IT","potentialAction":[{"@type":"ReadAction","target":["https:\/\/www.gossip.it\/news\/sanremo-virginia-raffaele-claudio-bisio-claudio-baglioni\/"]}]},{"@type":"ImageObject","inLanguage":"it-IT","@id":"https:\/\/www.gossip.it\/news\/sanremo-virginia-raffaele-claudio-bisio-claudio-baglioni\/#primaryimage","url":"https:\/\/files.gossip.it\/immagini_news\/2019\/01\/1546861895_sanremo_2.jpg","contentUrl":"https:\/\/files.gossip.it\/immagini_news\/2019\/01\/1546861895_sanremo_2.jpg"},{"@type":"BreadcrumbList","@id":"https:\/\/www.gossip.it\/news\/sanremo-virginia-raffaele-claudio-bisio-claudio-baglioni\/#breadcrumb","itemListElement":[{"@type":"ListItem","position":1,"name":"Home","item":"https:\/\/www.gossip.it\/"},{"@type":"ListItem","position":2,"name":"Sanremo: \u00e8 ufficiale, Claudio Bisio e Virginia Raffaele affiancheranno Claudio Baglioni"}]},{"@type":"WebSite","@id":"https:\/\/www.gossip.it\/#website","url":"https:\/\/www.gossip.it\/","name":"Gossip and VIP News","description":"Quotidiano di cronaca rosa, costume e societ\u00e0","publisher":{"@id":"https:\/\/www.gossip.it\/#organization"},"alternateName":"Gossip and VIP News","potentialAction":[{"@type":"SearchAction","target":{"@type":"EntryPoint","urlTemplate":"https:\/\/www.gossip.it\/?s={search_term_string}"},"query-input":{"@type":"PropertyValueSpecification","valueRequired":true,"valueName":"search_term_string"}}],"inLanguage":"it-IT"},{"@type":"Organization","@id":"https:\/\/www.gossip.it\/#organization","name":"Gossip and VIP News","alternateName":"Gossip News","url":"https:\/\/www.gossip.it\/","logo":{"@type":"ImageObject","inLanguage":"it-IT","@id":"https:\/\/www.gossip.it\/#\/schema\/logo\/image\/","url":"https:\/\/www.gossip.it\/wp-content\/uploads\/2022\/04\/cropped-corna-alta-tiny.png","contentUrl":"https:\/\/www.gossip.it\/wp-content\/uploads\/2022\/04\/cropped-corna-alta-tiny.png","width":512,"height":512,"caption":"Gossip and VIP News"},"image":{"@id":"https:\/\/www.gossip.it\/#\/schema\/logo\/image\/"},"sameAs":["https:\/\/www.facebook.com\/GossipIT","https:\/\/x.com\/gossinews_it","https:\/\/instagram.com\/gossip_it"]},{"@type":"Person","@id":"https:\/\/www.gossip.it\/#\/schema\/person\/488896f75158bff1cc83c6c39d141110","name":"La Redazione","image":{"@type":"ImageObject","inLanguage":"it-IT","@id":"https:\/\/www.gossip.it\/#\/schema\/person\/image\/","url":"https:\/\/secure.gravatar.com\/avatar\/5a5f5c6fa3e6700e4249abdad0263a1e94e927d9e0499b1cb09c1cd29c044d80?s=96&d=mm&r=g","contentUrl":"https:\/\/secure.gravatar.com\/avatar\/5a5f5c6fa3e6700e4249abdad0263a1e94e927d9e0499b1cb09c1cd29c044d80?s=96&d=mm&r=g","caption":"La Redazione"},"sameAs":["https:\/\/www.gossip.it"]}]}},"amp_enabled":true,"_links":{"self":[{"href":"https:\/\/www.gossip.it\/api\/wp\/v2\/posts\/63154","targetHints":{"allow":["GET"]}}],"collection":[{"href":"https:\/\/www.gossip.it\/api\/wp\/v2\/posts"}],"about":[{"href":"https:\/\/www.gossip.it\/api\/wp\/v2\/types\/post"}],"author":[{"embeddable":true,"href":"https:\/\/www.gossip.it\/api\/wp\/v2\/users\/1"}],"replies":[{"embeddable":true,"href":"https:\/\/www.gossip.it\/api\/wp\/v2\/comments?post=63154"}],"version-history":[{"count":0,"href":"https:\/\/www.gossip.it\/api\/wp\/v2\/posts\/63154\/revisions"}],"wp:featuredmedia":[{"embeddable":true,"href":"https:\/\/www.gossip.it\/api\/wp\/v2\/media\/119200"}],"wp:attachment":[{"href":"https:\/\/www.gossip.it\/api\/wp\/v2\/media?parent=63154"}],"wp:term":[{"taxonomy":"category","embeddable":true,"href":"https:\/\/www.gossip.it\/api\/wp\/v2\/categories?post=63154"},{"taxonomy":"post_tag","embeddable":true,"href":"https:\/\/www.gossip.it\/api\/wp\/v2\/tags?post=63154"},{"taxonomy":"vip","embeddable":true,"href":"https:\/\/www.gossip.it\/api\/wp\/v2\/vip?post=63154"}],"curies":[{"name":"wp","href":"https:\/\/api.w.org\/{rel}","templated":true}]}}