{"id":63184,"date":"2019-01-09T00:00:00","date_gmt":"2019-01-08T23:00:00","guid":{"rendered":"https:\/\/www.gossip.it\/senza-categoria\/flavio-briatore-nathan-falco-universita\/"},"modified":"2019-01-09T00:00:00","modified_gmt":"2019-01-08T23:00:00","slug":"flavio-briatore-nathan-falco-universita","status":"publish","type":"post","link":"https:\/\/www.gossip.it\/news\/flavio-briatore-nathan-falco-universita\/","title":{"rendered":"Flavio Briatore: 'Nathan Falco non andr\u00e0 all'universit\u00e0, sar\u00f2 io a formarlo'"},"content":{"rendered":"<p><a href=\"\/vip\/flavio-briatore\/\">Flavio Briatore<\/a>, 68 anni, parla del futuro di <a href=\"\/vip\/nathan-falco\/\">Nathan Falco<\/a>, 9. L'imprenditore, intervistato da <em>Oggi<\/em>, dichiara che il bimbo frequenter\u00e0 il liceo in collegio, in Svizzera, ma non frequenter\u00e0 l<strong>'universit\u00e0<\/strong>. Dopo le superiori sar\u00e0 lui a occuparsi della formazione del figlio nato dal matrimonio con <a href=\"\/vip\/elisabetta-gregoraci\/\">Elisabetta Gregoraci<\/a>.<\/p>\n<figure class=\"caption\"><img decoding=\"async\" alt=\"\" width=\"640\" height=\"644\" src=\"https:\/\/files.gossip.it\/immagini_news\/2019\/01\/1547041577_flavio_briatore.jpg\" \/><figcaption>Flavio Briatore non mander\u00e0 il figlio all'universit\u00e0<\/figcaption><\/figure>\n<p><em>\"<strong>Falco<\/strong> sa che a 14 anni andr\u00e0 in collegio in Svizzera a fare il liceo. Non pu\u00f2 mica restare a Montecarlo a vita. Poi dopo il diploma verr\u00e0 a lavorare con me. Se volesse fare l\u2019<strong>universit\u00e0<\/strong>? Non ne vedo la ragione: sar\u00f2 io formarlo. Se uno ha una vocazione deve essere libero di assecondarla, ma a me non serve un laureato, mi serve uno che porti avanti quello che ho costruito: se mi serve un commercialista o un avvocato lo chiamo e gli pago la parcella\"<\/em>, dichiara\u00a0<strong>Flavio Briatore<\/strong> al settimanale.<\/p>\n<p><em>\"Lui si guarda intorno gi\u00e0 adesso e capisce che c\u2019\u00e8 tanta gente che lavora con noi: sa che avr\u00e0 una responsabilit\u00e0 anche lui<\/em> - prosegue il manager parlando di <strong>Nathan Falco<\/strong> -<em> Io lo sto crescendo mostrandogli l\u2019importanza di un buon team. Se lavori bene, vieni pagato molto bene, se non lo fai sei fuori. \u00c8 meritocrazia e nulla di pi\u00f9\u2026 Non esiste la fortuna: esistono i sacrifici, l\u2019impegno\"<\/em>.<\/p>\n<p><strong>Flavio Briatore<\/strong> nell'intervista rilascia anche una dichiarazione sull'ex moglie Elisabetta Gregoraci: <em>\"Siamo due bravi genitori, focalizzati entrambi su nostro figlio. Restiamo una famiglia e <strong>Falco<\/strong> cresce sereno e amato\"<\/em>.\u00a0<\/p>\n","protected":false},"excerpt":{"rendered":"<p>Flavio Briatore, 68 anni, parla del futuro di Nathan Falco, 9. L'imprenditore, intervistato da Oggi, dichiara che il bimbo frequenter\u00e0 il liceo in collegio, in Svizzera, ma non frequenter\u00e0 l'universit\u00e0. Dopo le superiori sar\u00e0 lui a occuparsi della formazione del figlio nato dal matrimonio con Elisabetta Gregoraci. Flavio Briatore non mander\u00e0 il figlio all'universit\u00e0 \"Falco [&hellip;]<\/p>\n","protected":false},"author":1,"featured_media":119230,"comment_status":"closed","ping_status":"closed","sticky":false,"template":"","format":"standard","meta":{"footnotes":""},"categories":[54],"tags":[47184,2102,2976,6685,3598,3802],"vip":[762],"class_list":["post-63184","post","type-post","status-publish","format-standard","has-post-thumbnail","hentry","category-news","tag-collegio","tag-dichiarazioni","tag-lavoro","tag-nathan-falco","tag-scuola","tag-universita","vip-flavio_briatore"],"yoast_head":"<title>Flavio Briatore: &#039;Nathan Falco non andr\u00e0 all&#039;universit\u00e0, sar\u00f2 io a formarlo&#039; - Gossip.it | News sul Gossip e VIP<\/title>\n<meta name=\"description\" content=\"Flavio Briatore, 68 anni, parla del futuro di Nathan Falco, 9. L&#039;imprenditore, intervistato da Oggi, dichiara che il bimbo frequenter\u00e0 il liceo in\" \/>\n<meta name=\"robots\" content=\"index, follow, max-snippet:-1, max-image-preview:large, max-video-preview:-1\" \/>\n<link rel=\"canonical\" href=\"https:\/\/www.gossip.it\/news\/flavio-briatore-nathan-falco-universita\/\" \/>\n<meta property=\"og:locale\" content=\"it_IT\" \/>\n<meta property=\"og:type\" content=\"article\" \/>\n<meta property=\"og:title\" content=\"Flavio Briatore: &#039;Nathan Falco non andr\u00e0 all&#039;universit\u00e0, sar\u00f2 io a formarlo&#039; - Gossip.it | News sul Gossip e VIP\" \/>\n<meta property=\"og:description\" content=\"Flavio Briatore, 68 anni, parla del futuro di Nathan Falco, 9. L&#039;imprenditore, intervistato da Oggi, dichiara che il bimbo frequenter\u00e0 il liceo in\" \/>\n<meta property=\"og:url\" content=\"https:\/\/www.gossip.it\/news\/flavio-briatore-nathan-falco-universita\/\" \/>\n<meta property=\"og:site_name\" content=\"Gossip.it | News sul Gossip e VIP\" \/>\n<meta property=\"article:publisher\" content=\"https:\/\/www.facebook.com\/GossipIT\" \/>\n<meta property=\"article:published_time\" content=\"2019-01-08T23:00:00+00:00\" \/>\n<meta property=\"og:image\" content=\"https:\/\/files.gossip.it\/immagini_news\/2019\/01\/1547041577_flavio_briatore.jpg\" \/>\n<meta name=\"author\" content=\"La Redazione\" \/>\n<meta name=\"twitter:card\" content=\"summary_large_image\" \/>\n<meta name=\"twitter:image\" content=\"https:\/\/files.gossip.it\/immagini_news\/2019\/01\/1547041577_flavio_briatore.jpg\" \/>\n<meta name=\"twitter:creator\" content=\"@gossinews_it\" \/>\n<meta name=\"twitter:site\" content=\"@gossinews_it\" \/>\n<meta name=\"twitter:label1\" content=\"Scritto da\" \/>\n\t<meta name=\"twitter:data1\" content=\"Francesca Romana Domenici\" \/>\n\t<meta name=\"twitter:label2\" content=\"Tempo di lettura stimato\" \/>\n\t<meta name=\"twitter:data2\" content=\"1 minuto\" \/>","yoast_head_json":{"title":"Flavio Briatore: 'Nathan Falco non andr\u00e0 all'universit\u00e0, sar\u00f2 io a formarlo' - Gossip.it | News sul Gossip e VIP","description":"Flavio Briatore, 68 anni, parla del futuro di Nathan Falco, 9. L'imprenditore, intervistato da Oggi, dichiara che il bimbo frequenter\u00e0 il liceo in","robots":{"index":"index","follow":"follow","max-snippet":"max-snippet:-1","max-image-preview":"max-image-preview:large","max-video-preview":"max-video-preview:-1"},"canonical":"https:\/\/www.gossip.it\/news\/flavio-briatore-nathan-falco-universita\/","og_locale":"it_IT","og_type":"article","og_title":"Flavio Briatore: 'Nathan Falco non andr\u00e0 all'universit\u00e0, sar\u00f2 io a formarlo' - Gossip.it | News sul Gossip e VIP","og_description":"Flavio Briatore, 68 anni, parla del futuro di Nathan Falco, 9. L'imprenditore, intervistato da Oggi, dichiara che il bimbo frequenter\u00e0 il liceo in","og_url":"https:\/\/www.gossip.it\/news\/flavio-briatore-nathan-falco-universita\/","og_site_name":"Gossip.it | News sul Gossip e VIP","article_publisher":"https:\/\/www.facebook.com\/GossipIT","article_published_time":"2019-01-08T23:00:00+00:00","og_image":[{"url":"https:\/\/files.gossip.it\/immagini_news\/2019\/01\/1547041577_flavio_briatore.jpg"}],"author":"La Redazione","twitter_card":"summary_large_image","twitter_image":"https:\/\/files.gossip.it\/immagini_news\/2019\/01\/1547041577_flavio_briatore.jpg","twitter_creator":"@gossinews_it","twitter_site":"@gossinews_it","twitter_misc":{"Scritto da":"Francesca Romana Domenici","Tempo di lettura stimato":"1 minuto"},"schema":{"@context":"https:\/\/schema.org","@graph":[{"@type":"Article","@id":"https:\/\/www.gossip.it\/news\/flavio-briatore-nathan-falco-universita\/#article","isPartOf":{"@id":"https:\/\/www.gossip.it\/news\/flavio-briatore-nathan-falco-universita\/"},"author":{"name":"La Redazione","@id":"https:\/\/www.gossip.it\/#\/schema\/person\/488896f75158bff1cc83c6c39d141110"},"headline":"Flavio Briatore: 'Nathan Falco non andr\u00e0 all'universit\u00e0, sar\u00f2 io a formarlo'","datePublished":"2019-01-08T23:00:00+00:00","dateModified":"2019-01-08T23:00:00+00:00","mainEntityOfPage":{"@id":"https:\/\/www.gossip.it\/news\/flavio-briatore-nathan-falco-universita\/"},"wordCount":259,"publisher":{"@id":"https:\/\/www.gossip.it\/#organization"},"image":{"@id":"https:\/\/www.gossip.it\/news\/flavio-briatore-nathan-falco-universita\/#primaryimage"},"thumbnailUrl":"https:\/\/files.gossip.it\/immagini_news\/2019\/01\/1547041577_flavio_briatore.jpg","keywords":["collegio","dichiarazioni","lavoro","nathan falco","scuola","universit\u00e0"],"articleSection":["News"],"inLanguage":"it-IT"},{"@type":"WebPage","@id":"https:\/\/www.gossip.it\/news\/flavio-briatore-nathan-falco-universita\/","url":"https:\/\/www.gossip.it\/news\/flavio-briatore-nathan-falco-universita\/","name":"Flavio Briatore: 'Nathan Falco non andr\u00e0 all'universit\u00e0, sar\u00f2 io a formarlo' - Gossip.it | News sul Gossip e VIP","isPartOf":{"@id":"https:\/\/www.gossip.it\/#website"},"primaryImageOfPage":{"@id":"https:\/\/www.gossip.it\/news\/flavio-briatore-nathan-falco-universita\/#primaryimage"},"image":{"@id":"https:\/\/www.gossip.it\/news\/flavio-briatore-nathan-falco-universita\/#primaryimage"},"thumbnailUrl":"https:\/\/files.gossip.it\/immagini_news\/2019\/01\/1547041577_flavio_briatore.jpg","datePublished":"2019-01-08T23:00:00+00:00","dateModified":"2019-01-08T23:00:00+00:00","description":"Flavio Briatore, 68 anni, parla del futuro di Nathan Falco, 9. L'imprenditore, intervistato da Oggi, dichiara che il bimbo frequenter\u00e0 il liceo in","breadcrumb":{"@id":"https:\/\/www.gossip.it\/news\/flavio-briatore-nathan-falco-universita\/#breadcrumb"},"inLanguage":"it-IT","potentialAction":[{"@type":"ReadAction","target":["https:\/\/www.gossip.it\/news\/flavio-briatore-nathan-falco-universita\/"]}]},{"@type":"ImageObject","inLanguage":"it-IT","@id":"https:\/\/www.gossip.it\/news\/flavio-briatore-nathan-falco-universita\/#primaryimage","url":"https:\/\/files.gossip.it\/immagini_news\/2019\/01\/1547041577_flavio_briatore.jpg","contentUrl":"https:\/\/files.gossip.it\/immagini_news\/2019\/01\/1547041577_flavio_briatore.jpg"},{"@type":"BreadcrumbList","@id":"https:\/\/www.gossip.it\/news\/flavio-briatore-nathan-falco-universita\/#breadcrumb","itemListElement":[{"@type":"ListItem","position":1,"name":"Home","item":"https:\/\/www.gossip.it\/"},{"@type":"ListItem","position":2,"name":"Flavio Briatore: 'Nathan Falco non andr\u00e0 all'universit\u00e0, sar\u00f2 io a formarlo'"}]},{"@type":"WebSite","@id":"https:\/\/www.gossip.it\/#website","url":"https:\/\/www.gossip.it\/","name":"Gossip and VIP News","description":"Quotidiano di cronaca rosa, costume e societ\u00e0","publisher":{"@id":"https:\/\/www.gossip.it\/#organization"},"alternateName":"Gossip and VIP News","potentialAction":[{"@type":"SearchAction","target":{"@type":"EntryPoint","urlTemplate":"https:\/\/www.gossip.it\/?s={search_term_string}"},"query-input":{"@type":"PropertyValueSpecification","valueRequired":true,"valueName":"search_term_string"}}],"inLanguage":"it-IT"},{"@type":"Organization","@id":"https:\/\/www.gossip.it\/#organization","name":"Gossip and VIP News","alternateName":"Gossip News","url":"https:\/\/www.gossip.it\/","logo":{"@type":"ImageObject","inLanguage":"it-IT","@id":"https:\/\/www.gossip.it\/#\/schema\/logo\/image\/","url":"https:\/\/www.gossip.it\/wp-content\/uploads\/2022\/04\/cropped-corna-alta-tiny.png","contentUrl":"https:\/\/www.gossip.it\/wp-content\/uploads\/2022\/04\/cropped-corna-alta-tiny.png","width":512,"height":512,"caption":"Gossip and VIP News"},"image":{"@id":"https:\/\/www.gossip.it\/#\/schema\/logo\/image\/"},"sameAs":["https:\/\/www.facebook.com\/GossipIT","https:\/\/x.com\/gossinews_it","https:\/\/instagram.com\/gossip_it"]},{"@type":"Person","@id":"https:\/\/www.gossip.it\/#\/schema\/person\/488896f75158bff1cc83c6c39d141110","name":"La Redazione","image":{"@type":"ImageObject","inLanguage":"it-IT","@id":"https:\/\/www.gossip.it\/#\/schema\/person\/image\/","url":"https:\/\/secure.gravatar.com\/avatar\/5a5f5c6fa3e6700e4249abdad0263a1e94e927d9e0499b1cb09c1cd29c044d80?s=96&d=mm&r=g","contentUrl":"https:\/\/secure.gravatar.com\/avatar\/5a5f5c6fa3e6700e4249abdad0263a1e94e927d9e0499b1cb09c1cd29c044d80?s=96&d=mm&r=g","caption":"La Redazione"},"sameAs":["https:\/\/www.gossip.it"]}]}},"amp_enabled":true,"_links":{"self":[{"href":"https:\/\/www.gossip.it\/api\/wp\/v2\/posts\/63184","targetHints":{"allow":["GET"]}}],"collection":[{"href":"https:\/\/www.gossip.it\/api\/wp\/v2\/posts"}],"about":[{"href":"https:\/\/www.gossip.it\/api\/wp\/v2\/types\/post"}],"author":[{"embeddable":true,"href":"https:\/\/www.gossip.it\/api\/wp\/v2\/users\/1"}],"replies":[{"embeddable":true,"href":"https:\/\/www.gossip.it\/api\/wp\/v2\/comments?post=63184"}],"version-history":[{"count":0,"href":"https:\/\/www.gossip.it\/api\/wp\/v2\/posts\/63184\/revisions"}],"wp:featuredmedia":[{"embeddable":true,"href":"https:\/\/www.gossip.it\/api\/wp\/v2\/media\/119230"}],"wp:attachment":[{"href":"https:\/\/www.gossip.it\/api\/wp\/v2\/media?parent=63184"}],"wp:term":[{"taxonomy":"category","embeddable":true,"href":"https:\/\/www.gossip.it\/api\/wp\/v2\/categories?post=63184"},{"taxonomy":"post_tag","embeddable":true,"href":"https:\/\/www.gossip.it\/api\/wp\/v2\/tags?post=63184"},{"taxonomy":"vip","embeddable":true,"href":"https:\/\/www.gossip.it\/api\/wp\/v2\/vip?post=63184"}],"curies":[{"name":"wp","href":"https:\/\/api.w.org\/{rel}","templated":true}]}}