{"id":63241,"date":"2019-01-16T00:00:00","date_gmt":"2019-01-15T23:00:00","guid":{"rendered":"https:\/\/www.gossip.it\/senza-categoria\/chiara-ferragni-foto-10-anni-fa\/"},"modified":"2019-01-16T00:00:00","modified_gmt":"2019-01-15T23:00:00","slug":"chiara-ferragni-foto-10-anni-fa","status":"publish","type":"post","link":"https:\/\/www.gossip.it\/news\/chiara-ferragni-foto-10-anni-fa\/","title":{"rendered":"Chiara Ferragni pubblica le foto di 10 anni fa: 'Quando mi dicevano 'nessuno ricorder\u00e0 il tuo nome\u2019\u2019"},"content":{"rendered":"<p><a href=\"\/vip\/chiara-ferragni\/\">Chiara Ferragni<\/a> partecipa a uno dei tanti tormentoni <a href=\"\/vip\/social\/\">social<\/a>, <em>#10yearchallenge,<\/em> pubblicando alcune<strong> foto <\/strong>che la ritraggono <strong>10 anni fa<\/strong>.\u00a0In quel momento della sua vita in tanti hanno provato ad abbatterla, cos\u00ec svela la <a href=\"\/vip\/fashion-blogger\/\">fashion blogger<\/a> 31enne. Le dicevano:<em> \u201cNessuno ricorder\u00e0 il tuo nome\u201d. <\/em>Ha smentito tutti. Ora \u00e8 una donna, sposata con <a href=\"\/vip\/fedez\/\">Fedez<\/a> e mamma di Leone, che il 19 marzo compir\u00e0 un anno. Ha quasi 16 milioni di follower e una popolarit\u00e0 infinita. Normale mettere la vecchia Chiara a confronto con la nuova.<\/p>\n<figure class=\"caption\"><img decoding=\"async\" alt=\"\" width=\"640\" height=\"400\" src=\"https:\/\/files.gossip.it\/immagini_news\/2019\/01\/1547637081_chiara_ferragni_1.jpg\" \/><figcaption>Chiara Ferragni pubblica le foto di 10 anni fa: la fashion blogger a confronto con quella che \u00e8 diventata oggi<\/figcaption><\/figure>\n<p>Condivide con i fan le <strong>foto<\/strong> di <strong>10 anni fa<\/strong>. <strong>Chiara Ferragni<\/strong> nel lungo post che accompagna le immagini scrive: <em>\u201cQuesta ero io nel 2009, l'anno che ha cambiato la mia vita per sempre.\u00a0 Avevo 21 anni, studiavo diritto internazionale all'universit\u00e0 Bocconi, vivevo in un monolocale di 40 metri quadri a Moscova e lavoravo part time come modella. Stavo investendo tutti i miei soldi in borse e viaggi di design e sognavo di trovare la mia strada verso il mondo e diventare qualcuno. Avevo un debole per le borse e l'eyeliner di Balenciaga. Stavo gi\u00e0 pubblicando la mia vita su Internet, specialmente su Flickr, e stavo gi\u00e0 affrontando troll e nemici che cercavano di abbattermi\u201d.<\/em><\/p>\n<figure class=\"caption\"><img decoding=\"async\" alt=\"\" width=\"640\" height=\"769\" src=\"https:\/\/files.gossip.it\/immagini_news\/2019\/01\/1547637159_chiara_ferragni_2.jpg\" \/><figcaption>La 31enne nel 2009<\/figcaption><\/figure>\n<figure class=\"caption\"><img decoding=\"async\" alt=\"\" width=\"640\" height=\"400\" src=\"https:\/\/files.gossip.it\/immagini_news\/2019\/01\/1547637126_chiara_ferragni_3.jpg\" \/><figcaption>La fashion blogger partecipa a una 'challenge' sul social<\/figcaption><\/figure>\n<p><em>\u201cPoi nell'ottobre 2009, ho deciso di acquistare la mia prima vera macchina fotografica, avviare il mio blog, e, passo dopo passo, \u00e8 cambiata la mia intera vita<\/em> - prosegue la bionda - <em>Alla giovane Chiara di 21 anni del 2009 vorrei dire questo: \u00e8 ok non aver capito tutto e capire la tua vita a poco a poco, \u00e8 ok non sentirsi bene il 100% delle volte ed \u00e8 molto saggio godersi i momenti bui anche perch\u00e9 fanno parte del processo. Goditi il viaggio verso ci\u00f2 che fai Chiara pi\u00f9 giovane e ricorda sempre che se segui il tuo cuore non commetterai mai errori. E a tutte le persone che ti diranno \"Nessuno ricorder\u00e0 il tuo nome tra 6 mesi\" in questi anni . Oh bene, nel 2019 sarai in grado di ricambiare il sorriso e dire loro che stavano sbagliando\u201d.<\/em><\/p>\n<figure class=\"caption\"><img decoding=\"async\" alt=\"\" width=\"640\" height=\"815\" src=\"https:\/\/files.gossip.it\/immagini_news\/2019\/01\/1547637207_chiara_ferragni_4.jpg\" \/><figcaption>Dieci anni fa per lei c'\u00e8 stata la svolta: \u00e8 iniziata la strada verso il successo<\/figcaption><\/figure>\n<figure class=\"caption\"><img decoding=\"async\" alt=\"\" width=\"640\" height=\"400\" src=\"https:\/\/files.gossip.it\/immagini_news\/2019\/01\/1547637240_chiara_ferragni_5.jpg\" \/><figcaption>La bionda ricorda: 'Mi dicevano 'nessuno ricorder\u00e0 il tuo nome''<\/figcaption><\/figure>\n<p><strong>Chiara Ferragni<\/strong> pubblica le <strong>foto<\/strong> di <strong>10 anni fa<\/strong> e fiera racconta il suo percorso felice, pieno di successi. Chi voleva frenarla ha sbagliato. L\u2019influencer non ha alcun problema a farlo notare, a bearsi di tutto quel che \u00e8 riuscita a ottenere finora. E non \u00e8 affatto finita.<\/p>\n<p>\u00a0<\/p>\n","protected":false},"excerpt":{"rendered":"<p>Chiara Ferragni partecipa a uno dei tanti tormentoni social, #10yearchallenge, pubblicando alcune foto che la ritraggono 10 anni fa.\u00a0In quel momento della sua vita in tanti hanno provato ad abbatterla, cos\u00ec svela la fashion blogger 31enne. Le dicevano: \u201cNessuno ricorder\u00e0 il tuo nome\u201d. Ha smentito tutti. Ora \u00e8 una donna, sposata con Fedez e mamma [&hellip;]<\/p>\n","protected":false},"author":1,"featured_media":119287,"comment_status":"closed","ping_status":"closed","sticky":false,"template":"","format":"standard","meta":{"footnotes":""},"categories":[54],"tags":[6790,58803,12152,11679,2102,7313,6035,2118,2198,2121,7543,2122,1923],"vip":[481],"class_list":["post-63241","post","type-post","status-publish","format-standard","has-post-thumbnail","hentry","category-news","tag-10-anni","tag-ao-anni-fa","tag-challenge","tag-confronto","tag-dichiarazioni","tag-fashion-blogger","tag-fedez","tag-foto","tag-influencer","tag-instagram","tag-leone","tag-post","tag-social","vip-chiara_ferragni"],"yoast_head":"<title>Chiara Ferragni pubblica le foto di 10 anni fa: &#039;Quando mi dicevano &#039;nessuno ricorder\u00e0 il tuo nome\u2019\u2019 - Gossip.it | News sul Gossip e VIP<\/title>\n<meta name=\"description\" content=\"Chiara Ferragni partecipa a uno dei tanti tormentoni social, #10yearchallenge, pubblicando alcune foto che la ritraggono 10 anni fa.\u00a0In quel momento della\" \/>\n<meta name=\"robots\" content=\"index, follow, max-snippet:-1, max-image-preview:large, max-video-preview:-1\" \/>\n<link rel=\"canonical\" href=\"https:\/\/www.gossip.it\/news\/chiara-ferragni-foto-10-anni-fa\/\" \/>\n<meta property=\"og:locale\" content=\"it_IT\" \/>\n<meta property=\"og:type\" content=\"article\" \/>\n<meta property=\"og:title\" content=\"Chiara Ferragni pubblica le foto di 10 anni fa: &#039;Quando mi dicevano &#039;nessuno ricorder\u00e0 il tuo nome\u2019\u2019 - Gossip.it | News sul Gossip e VIP\" \/>\n<meta property=\"og:description\" content=\"Chiara Ferragni partecipa a uno dei tanti tormentoni social, #10yearchallenge, pubblicando alcune foto che la ritraggono 10 anni fa.\u00a0In quel momento della\" \/>\n<meta property=\"og:url\" content=\"https:\/\/www.gossip.it\/news\/chiara-ferragni-foto-10-anni-fa\/\" \/>\n<meta property=\"og:site_name\" content=\"Gossip.it | News sul Gossip e VIP\" \/>\n<meta property=\"article:publisher\" content=\"https:\/\/www.facebook.com\/GossipIT\" \/>\n<meta property=\"article:published_time\" content=\"2019-01-15T23:00:00+00:00\" \/>\n<meta property=\"og:image\" content=\"https:\/\/files.gossip.it\/immagini_news\/2019\/01\/1547637081_chiara_ferragni_1.jpg\" \/>\n<meta name=\"author\" content=\"La Redazione\" \/>\n<meta name=\"twitter:card\" content=\"summary_large_image\" \/>\n<meta name=\"twitter:image\" content=\"https:\/\/files.gossip.it\/immagini_news\/2019\/01\/1547637081_chiara_ferragni_1.jpg\" \/>\n<meta name=\"twitter:creator\" content=\"@gossinews_it\" \/>\n<meta name=\"twitter:site\" content=\"@gossinews_it\" \/>\n<meta name=\"twitter:label1\" content=\"Scritto da\" \/>\n\t<meta name=\"twitter:data1\" content=\"Annamaria Capozzi\" \/>\n\t<meta name=\"twitter:label2\" content=\"Tempo di lettura stimato\" \/>\n\t<meta name=\"twitter:data2\" content=\"2 minuti\" \/>","yoast_head_json":{"title":"Chiara Ferragni pubblica le foto di 10 anni fa: 'Quando mi dicevano 'nessuno ricorder\u00e0 il tuo nome\u2019\u2019 - Gossip.it | News sul Gossip e VIP","description":"Chiara Ferragni partecipa a uno dei tanti tormentoni social, #10yearchallenge, pubblicando alcune foto che la ritraggono 10 anni fa.\u00a0In quel momento della","robots":{"index":"index","follow":"follow","max-snippet":"max-snippet:-1","max-image-preview":"max-image-preview:large","max-video-preview":"max-video-preview:-1"},"canonical":"https:\/\/www.gossip.it\/news\/chiara-ferragni-foto-10-anni-fa\/","og_locale":"it_IT","og_type":"article","og_title":"Chiara Ferragni pubblica le foto di 10 anni fa: 'Quando mi dicevano 'nessuno ricorder\u00e0 il tuo nome\u2019\u2019 - Gossip.it | News sul Gossip e VIP","og_description":"Chiara Ferragni partecipa a uno dei tanti tormentoni social, #10yearchallenge, pubblicando alcune foto che la ritraggono 10 anni fa.\u00a0In quel momento della","og_url":"https:\/\/www.gossip.it\/news\/chiara-ferragni-foto-10-anni-fa\/","og_site_name":"Gossip.it | News sul Gossip e VIP","article_publisher":"https:\/\/www.facebook.com\/GossipIT","article_published_time":"2019-01-15T23:00:00+00:00","og_image":[{"url":"https:\/\/files.gossip.it\/immagini_news\/2019\/01\/1547637081_chiara_ferragni_1.jpg"}],"author":"La Redazione","twitter_card":"summary_large_image","twitter_image":"https:\/\/files.gossip.it\/immagini_news\/2019\/01\/1547637081_chiara_ferragni_1.jpg","twitter_creator":"@gossinews_it","twitter_site":"@gossinews_it","twitter_misc":{"Scritto da":"Annamaria Capozzi","Tempo di lettura stimato":"2 minuti"},"schema":{"@context":"https:\/\/schema.org","@graph":[{"@type":"Article","@id":"https:\/\/www.gossip.it\/news\/chiara-ferragni-foto-10-anni-fa\/#article","isPartOf":{"@id":"https:\/\/www.gossip.it\/news\/chiara-ferragni-foto-10-anni-fa\/"},"author":{"name":"La Redazione","@id":"https:\/\/www.gossip.it\/#\/schema\/person\/488896f75158bff1cc83c6c39d141110"},"headline":"Chiara Ferragni pubblica le foto di 10 anni fa: 'Quando mi dicevano 'nessuno ricorder\u00e0 il tuo nome\u2019\u2019","datePublished":"2019-01-15T23:00:00+00:00","dateModified":"2019-01-15T23:00:00+00:00","mainEntityOfPage":{"@id":"https:\/\/www.gossip.it\/news\/chiara-ferragni-foto-10-anni-fa\/"},"wordCount":443,"publisher":{"@id":"https:\/\/www.gossip.it\/#organization"},"image":{"@id":"https:\/\/www.gossip.it\/news\/chiara-ferragni-foto-10-anni-fa\/#primaryimage"},"thumbnailUrl":"https:\/\/files.gossip.it\/immagini_news\/2019\/01\/1547637081_chiara_ferragni_1.jpg","keywords":["10 anni","ao anni fa","challenge","confronto","dichiarazioni","fashion blogger","fedez","foto","influencer","instagram","Leone","post","social"],"articleSection":["News"],"inLanguage":"it-IT"},{"@type":"WebPage","@id":"https:\/\/www.gossip.it\/news\/chiara-ferragni-foto-10-anni-fa\/","url":"https:\/\/www.gossip.it\/news\/chiara-ferragni-foto-10-anni-fa\/","name":"Chiara Ferragni pubblica le foto di 10 anni fa: 'Quando mi dicevano 'nessuno ricorder\u00e0 il tuo nome\u2019\u2019 - Gossip.it | News sul Gossip e VIP","isPartOf":{"@id":"https:\/\/www.gossip.it\/#website"},"primaryImageOfPage":{"@id":"https:\/\/www.gossip.it\/news\/chiara-ferragni-foto-10-anni-fa\/#primaryimage"},"image":{"@id":"https:\/\/www.gossip.it\/news\/chiara-ferragni-foto-10-anni-fa\/#primaryimage"},"thumbnailUrl":"https:\/\/files.gossip.it\/immagini_news\/2019\/01\/1547637081_chiara_ferragni_1.jpg","datePublished":"2019-01-15T23:00:00+00:00","dateModified":"2019-01-15T23:00:00+00:00","description":"Chiara Ferragni partecipa a uno dei tanti tormentoni social, #10yearchallenge, pubblicando alcune foto che la ritraggono 10 anni fa.\u00a0In quel momento della","breadcrumb":{"@id":"https:\/\/www.gossip.it\/news\/chiara-ferragni-foto-10-anni-fa\/#breadcrumb"},"inLanguage":"it-IT","potentialAction":[{"@type":"ReadAction","target":["https:\/\/www.gossip.it\/news\/chiara-ferragni-foto-10-anni-fa\/"]}]},{"@type":"ImageObject","inLanguage":"it-IT","@id":"https:\/\/www.gossip.it\/news\/chiara-ferragni-foto-10-anni-fa\/#primaryimage","url":"https:\/\/files.gossip.it\/immagini_news\/2019\/01\/1547637081_chiara_ferragni_1.jpg","contentUrl":"https:\/\/files.gossip.it\/immagini_news\/2019\/01\/1547637081_chiara_ferragni_1.jpg"},{"@type":"BreadcrumbList","@id":"https:\/\/www.gossip.it\/news\/chiara-ferragni-foto-10-anni-fa\/#breadcrumb","itemListElement":[{"@type":"ListItem","position":1,"name":"Home","item":"https:\/\/www.gossip.it\/"},{"@type":"ListItem","position":2,"name":"Chiara Ferragni pubblica le foto di 10 anni fa: 'Quando mi dicevano 'nessuno ricorder\u00e0 il tuo nome\u2019\u2019"}]},{"@type":"WebSite","@id":"https:\/\/www.gossip.it\/#website","url":"https:\/\/www.gossip.it\/","name":"Gossip and VIP News","description":"Quotidiano di cronaca rosa, costume e societ\u00e0","publisher":{"@id":"https:\/\/www.gossip.it\/#organization"},"alternateName":"Gossip and VIP News","potentialAction":[{"@type":"SearchAction","target":{"@type":"EntryPoint","urlTemplate":"https:\/\/www.gossip.it\/?s={search_term_string}"},"query-input":{"@type":"PropertyValueSpecification","valueRequired":true,"valueName":"search_term_string"}}],"inLanguage":"it-IT"},{"@type":"Organization","@id":"https:\/\/www.gossip.it\/#organization","name":"Gossip and VIP News","alternateName":"Gossip News","url":"https:\/\/www.gossip.it\/","logo":{"@type":"ImageObject","inLanguage":"it-IT","@id":"https:\/\/www.gossip.it\/#\/schema\/logo\/image\/","url":"https:\/\/www.gossip.it\/wp-content\/uploads\/2022\/04\/cropped-corna-alta-tiny.png","contentUrl":"https:\/\/www.gossip.it\/wp-content\/uploads\/2022\/04\/cropped-corna-alta-tiny.png","width":512,"height":512,"caption":"Gossip and VIP News"},"image":{"@id":"https:\/\/www.gossip.it\/#\/schema\/logo\/image\/"},"sameAs":["https:\/\/www.facebook.com\/GossipIT","https:\/\/x.com\/gossinews_it","https:\/\/instagram.com\/gossip_it"]},{"@type":"Person","@id":"https:\/\/www.gossip.it\/#\/schema\/person\/488896f75158bff1cc83c6c39d141110","name":"La Redazione","image":{"@type":"ImageObject","inLanguage":"it-IT","@id":"https:\/\/www.gossip.it\/#\/schema\/person\/image\/","url":"https:\/\/secure.gravatar.com\/avatar\/5a5f5c6fa3e6700e4249abdad0263a1e94e927d9e0499b1cb09c1cd29c044d80?s=96&d=mm&r=g","contentUrl":"https:\/\/secure.gravatar.com\/avatar\/5a5f5c6fa3e6700e4249abdad0263a1e94e927d9e0499b1cb09c1cd29c044d80?s=96&d=mm&r=g","caption":"La Redazione"},"sameAs":["https:\/\/www.gossip.it"]}]}},"amp_enabled":true,"_links":{"self":[{"href":"https:\/\/www.gossip.it\/api\/wp\/v2\/posts\/63241","targetHints":{"allow":["GET"]}}],"collection":[{"href":"https:\/\/www.gossip.it\/api\/wp\/v2\/posts"}],"about":[{"href":"https:\/\/www.gossip.it\/api\/wp\/v2\/types\/post"}],"author":[{"embeddable":true,"href":"https:\/\/www.gossip.it\/api\/wp\/v2\/users\/1"}],"replies":[{"embeddable":true,"href":"https:\/\/www.gossip.it\/api\/wp\/v2\/comments?post=63241"}],"version-history":[{"count":0,"href":"https:\/\/www.gossip.it\/api\/wp\/v2\/posts\/63241\/revisions"}],"wp:featuredmedia":[{"embeddable":true,"href":"https:\/\/www.gossip.it\/api\/wp\/v2\/media\/119287"}],"wp:attachment":[{"href":"https:\/\/www.gossip.it\/api\/wp\/v2\/media?parent=63241"}],"wp:term":[{"taxonomy":"category","embeddable":true,"href":"https:\/\/www.gossip.it\/api\/wp\/v2\/categories?post=63241"},{"taxonomy":"post_tag","embeddable":true,"href":"https:\/\/www.gossip.it\/api\/wp\/v2\/tags?post=63241"},{"taxonomy":"vip","embeddable":true,"href":"https:\/\/www.gossip.it\/api\/wp\/v2\/vip?post=63241"}],"curies":[{"name":"wp","href":"https:\/\/api.w.org\/{rel}","templated":true}]}}