{"id":63245,"date":"2019-01-16T00:00:00","date_gmt":"2019-01-15T23:00:00","guid":{"rendered":"https:\/\/www.gossip.it\/senza-categoria\/caterina-balivo-vieni-da-me-outfit\/"},"modified":"2019-01-16T00:00:00","modified_gmt":"2019-01-15T23:00:00","slug":"caterina-balivo-vieni-da-me-outfit","status":"publish","type":"post","link":"https:\/\/www.gossip.it\/news\/caterina-balivo-vieni-da-me-outfit\/","title":{"rendered":"Caterina Balivo, l'outfit scelto per 'Vieni da me' divide i follower"},"content":{"rendered":"<p><a href=\"\/vip\/caterina-balivo\/\">Caterina Balivo<\/a> sul <a href=\"\/vip\/social-\/\">social <\/a>condivide l'<strong>outfit <\/strong>che ha scelto di indossare per una puntata di \"<strong>Vieni da me<\/strong>\". La conduttrice nello scatto condiviso con i <a href=\"\/vip\/follower\/\">follower<\/a> su <a href=\"\/vip\/instagram\/\">Instagram<\/a> sfoggia una camicia bianca con pois neri, pantaloni argentati e scarpe dalla fantasia animalier. In mano tiene il copione e nella foto si gode una bella giornata fuori dagli studi romani della trasmissione pomeridiana in onda su Raiuno.<\/p>\n<figure class=\"caption\"><img decoding=\"async\" alt=\"\" width=\"640\" height=\"794\" src=\"https:\/\/files.gossip.it\/immagini_news\/2019\/01\/1547642480_caterina_balivo.jpg\" \/><figcaption>Caterina Balivo sfoggia il suo look fuori dagli studi di 'Vieni da me'<\/figcaption><\/figure>\n<p>Non tutti\u00a0apprezzano per\u00f2 l'<strong>outfit<\/strong> scelto da <strong>Caterina Balivo<\/strong>. Alcuni criticano in modo negativo il look della conduttrice di \"<strong>Vieni da me<\/strong>\": <em>\"Carnevale anticipato<\/em> - scrive un utente - <em>Tutto troppo cos\u00ec insieme, chiss\u00e0 <a href=\"\/vip\/giovanni-ciacci\/\">Giovanni Ciacci<\/a> che voto ti avrebbe dato\"<\/em>.<em> \"100000\"<\/em>, la riposta del volto noto della tv. Ma alla <strong>Balivo <\/strong>non mancano certo gli estimatori: <em>\"L'unica donna al mondo che d\u00e0 valore ad ogni vestito<\/em> - commenta un'ammiratrice - <em>tutto \u00e8 bello se indossato da te e il merito \u00e8 tuo perch\u00e9 porti tutto in modo sobrio e spontaneo... sei il top\"<\/em>.<\/p>\n<p>Qualcuno invece non si interssa all'outifit e chiede a<strong> Caterina <\/strong>perch\u00e9 non presenti lei il <a href=\"\/vip\/festival-di sanremo\/\">Festival di Sanremo<\/a>: <em>\"Perch\u00e9 ho <strong>Vieni da me<\/strong>\"<\/em>, la replica della conduttrice.\u00a0<\/p>\n","protected":false},"excerpt":{"rendered":"<p>Caterina Balivo sul social condivide l'outfit che ha scelto di indossare per una puntata di \"Vieni da me\". La conduttrice nello scatto condiviso con i follower su Instagram sfoggia una camicia bianca con pois neri, pantaloni argentati e scarpe dalla fantasia animalier. In mano tiene il copione e nella foto si gode una bella giornata [&hellip;]<\/p>\n","protected":false},"author":1,"featured_media":119291,"comment_status":"closed","ping_status":"closed","sticky":false,"template":"","format":"standard","meta":{"footnotes":""},"categories":[54],"tags":[1992,12200,1970,10633,1923,2097,11792],"vip":[466],"class_list":["post-63245","post","type-post","status-publish","format-standard","has-post-thumbnail","hentry","category-news","tag-conduttrice","tag-follower","tag-look","tag-outfit","tag-social","tag-tv","tag-vieni-da-me","vip-caterina_balivo"],"yoast_head":"<title>Caterina Balivo, l&#039;outfit scelto per &#039;Vieni da me&#039; divide i follower - Gossip.it | News sul Gossip e VIP<\/title>\n<meta name=\"description\" content=\"Caterina Balivo sul social condivide l&#039;outfit che ha scelto di indossare per una puntata di &quot;Vieni da me&quot;. La conduttrice nello scatto condiviso con i\" \/>\n<meta name=\"robots\" content=\"index, follow, max-snippet:-1, max-image-preview:large, max-video-preview:-1\" \/>\n<link rel=\"canonical\" href=\"https:\/\/www.gossip.it\/news\/caterina-balivo-vieni-da-me-outfit\/\" \/>\n<meta property=\"og:locale\" content=\"it_IT\" \/>\n<meta property=\"og:type\" content=\"article\" \/>\n<meta property=\"og:title\" content=\"Caterina Balivo, l&#039;outfit scelto per &#039;Vieni da me&#039; divide i follower - Gossip.it | News sul Gossip e VIP\" \/>\n<meta property=\"og:description\" content=\"Caterina Balivo sul social condivide l&#039;outfit che ha scelto di indossare per una puntata di &quot;Vieni da me&quot;. La conduttrice nello scatto condiviso con i\" \/>\n<meta property=\"og:url\" content=\"https:\/\/www.gossip.it\/news\/caterina-balivo-vieni-da-me-outfit\/\" \/>\n<meta property=\"og:site_name\" content=\"Gossip.it | News sul Gossip e VIP\" \/>\n<meta property=\"article:publisher\" content=\"https:\/\/www.facebook.com\/GossipIT\" \/>\n<meta property=\"article:published_time\" content=\"2019-01-15T23:00:00+00:00\" \/>\n<meta property=\"og:image\" content=\"https:\/\/files.gossip.it\/immagini_news\/2019\/01\/1547642480_caterina_balivo.jpg\" \/>\n<meta name=\"author\" content=\"La Redazione\" \/>\n<meta name=\"twitter:card\" content=\"summary_large_image\" \/>\n<meta name=\"twitter:image\" content=\"https:\/\/files.gossip.it\/immagini_news\/2019\/01\/1547642480_caterina_balivo.jpg\" \/>\n<meta name=\"twitter:creator\" content=\"@gossinews_it\" \/>\n<meta name=\"twitter:site\" content=\"@gossinews_it\" \/>\n<meta name=\"twitter:label1\" content=\"Scritto da\" \/>\n\t<meta name=\"twitter:data1\" content=\"Francesca Romana Domenici\" \/>\n\t<meta name=\"twitter:label2\" content=\"Tempo di lettura stimato\" \/>\n\t<meta name=\"twitter:data2\" content=\"1 minuto\" \/>","yoast_head_json":{"title":"Caterina Balivo, l'outfit scelto per 'Vieni da me' divide i follower - Gossip.it | News sul Gossip e VIP","description":"Caterina Balivo sul social condivide l'outfit che ha scelto di indossare per una puntata di \"Vieni da me\". La conduttrice nello scatto condiviso con i","robots":{"index":"index","follow":"follow","max-snippet":"max-snippet:-1","max-image-preview":"max-image-preview:large","max-video-preview":"max-video-preview:-1"},"canonical":"https:\/\/www.gossip.it\/news\/caterina-balivo-vieni-da-me-outfit\/","og_locale":"it_IT","og_type":"article","og_title":"Caterina Balivo, l'outfit scelto per 'Vieni da me' divide i follower - Gossip.it | News sul Gossip e VIP","og_description":"Caterina Balivo sul social condivide l'outfit che ha scelto di indossare per una puntata di \"Vieni da me\". La conduttrice nello scatto condiviso con i","og_url":"https:\/\/www.gossip.it\/news\/caterina-balivo-vieni-da-me-outfit\/","og_site_name":"Gossip.it | News sul Gossip e VIP","article_publisher":"https:\/\/www.facebook.com\/GossipIT","article_published_time":"2019-01-15T23:00:00+00:00","og_image":[{"url":"https:\/\/files.gossip.it\/immagini_news\/2019\/01\/1547642480_caterina_balivo.jpg"}],"author":"La Redazione","twitter_card":"summary_large_image","twitter_image":"https:\/\/files.gossip.it\/immagini_news\/2019\/01\/1547642480_caterina_balivo.jpg","twitter_creator":"@gossinews_it","twitter_site":"@gossinews_it","twitter_misc":{"Scritto da":"Francesca Romana Domenici","Tempo di lettura stimato":"1 minuto"},"schema":{"@context":"https:\/\/schema.org","@graph":[{"@type":"Article","@id":"https:\/\/www.gossip.it\/news\/caterina-balivo-vieni-da-me-outfit\/#article","isPartOf":{"@id":"https:\/\/www.gossip.it\/news\/caterina-balivo-vieni-da-me-outfit\/"},"author":{"name":"La Redazione","@id":"https:\/\/www.gossip.it\/#\/schema\/person\/488896f75158bff1cc83c6c39d141110"},"headline":"Caterina Balivo, l'outfit scelto per 'Vieni da me' divide i follower","datePublished":"2019-01-15T23:00:00+00:00","dateModified":"2019-01-15T23:00:00+00:00","mainEntityOfPage":{"@id":"https:\/\/www.gossip.it\/news\/caterina-balivo-vieni-da-me-outfit\/"},"wordCount":214,"publisher":{"@id":"https:\/\/www.gossip.it\/#organization"},"image":{"@id":"https:\/\/www.gossip.it\/news\/caterina-balivo-vieni-da-me-outfit\/#primaryimage"},"thumbnailUrl":"https:\/\/files.gossip.it\/immagini_news\/2019\/01\/1547642480_caterina_balivo.jpg","keywords":["conduttrice","follower","look","outfit","social","tv","vieni da me"],"articleSection":["News"],"inLanguage":"it-IT"},{"@type":"WebPage","@id":"https:\/\/www.gossip.it\/news\/caterina-balivo-vieni-da-me-outfit\/","url":"https:\/\/www.gossip.it\/news\/caterina-balivo-vieni-da-me-outfit\/","name":"Caterina Balivo, l'outfit scelto per 'Vieni da me' divide i follower - Gossip.it | News sul Gossip e VIP","isPartOf":{"@id":"https:\/\/www.gossip.it\/#website"},"primaryImageOfPage":{"@id":"https:\/\/www.gossip.it\/news\/caterina-balivo-vieni-da-me-outfit\/#primaryimage"},"image":{"@id":"https:\/\/www.gossip.it\/news\/caterina-balivo-vieni-da-me-outfit\/#primaryimage"},"thumbnailUrl":"https:\/\/files.gossip.it\/immagini_news\/2019\/01\/1547642480_caterina_balivo.jpg","datePublished":"2019-01-15T23:00:00+00:00","dateModified":"2019-01-15T23:00:00+00:00","description":"Caterina Balivo sul social condivide l'outfit che ha scelto di indossare per una puntata di \"Vieni da me\". La conduttrice nello scatto condiviso con i","breadcrumb":{"@id":"https:\/\/www.gossip.it\/news\/caterina-balivo-vieni-da-me-outfit\/#breadcrumb"},"inLanguage":"it-IT","potentialAction":[{"@type":"ReadAction","target":["https:\/\/www.gossip.it\/news\/caterina-balivo-vieni-da-me-outfit\/"]}]},{"@type":"ImageObject","inLanguage":"it-IT","@id":"https:\/\/www.gossip.it\/news\/caterina-balivo-vieni-da-me-outfit\/#primaryimage","url":"https:\/\/files.gossip.it\/immagini_news\/2019\/01\/1547642480_caterina_balivo.jpg","contentUrl":"https:\/\/files.gossip.it\/immagini_news\/2019\/01\/1547642480_caterina_balivo.jpg"},{"@type":"BreadcrumbList","@id":"https:\/\/www.gossip.it\/news\/caterina-balivo-vieni-da-me-outfit\/#breadcrumb","itemListElement":[{"@type":"ListItem","position":1,"name":"Home","item":"https:\/\/www.gossip.it\/"},{"@type":"ListItem","position":2,"name":"Caterina Balivo, l'outfit scelto per 'Vieni da me' divide i follower"}]},{"@type":"WebSite","@id":"https:\/\/www.gossip.it\/#website","url":"https:\/\/www.gossip.it\/","name":"Gossip and VIP News","description":"Quotidiano di cronaca rosa, costume e societ\u00e0","publisher":{"@id":"https:\/\/www.gossip.it\/#organization"},"alternateName":"Gossip and VIP News","potentialAction":[{"@type":"SearchAction","target":{"@type":"EntryPoint","urlTemplate":"https:\/\/www.gossip.it\/?s={search_term_string}"},"query-input":{"@type":"PropertyValueSpecification","valueRequired":true,"valueName":"search_term_string"}}],"inLanguage":"it-IT"},{"@type":"Organization","@id":"https:\/\/www.gossip.it\/#organization","name":"Gossip and VIP News","alternateName":"Gossip News","url":"https:\/\/www.gossip.it\/","logo":{"@type":"ImageObject","inLanguage":"it-IT","@id":"https:\/\/www.gossip.it\/#\/schema\/logo\/image\/","url":"https:\/\/www.gossip.it\/wp-content\/uploads\/2022\/04\/cropped-corna-alta-tiny.png","contentUrl":"https:\/\/www.gossip.it\/wp-content\/uploads\/2022\/04\/cropped-corna-alta-tiny.png","width":512,"height":512,"caption":"Gossip and VIP News"},"image":{"@id":"https:\/\/www.gossip.it\/#\/schema\/logo\/image\/"},"sameAs":["https:\/\/www.facebook.com\/GossipIT","https:\/\/x.com\/gossinews_it","https:\/\/instagram.com\/gossip_it"]},{"@type":"Person","@id":"https:\/\/www.gossip.it\/#\/schema\/person\/488896f75158bff1cc83c6c39d141110","name":"La Redazione","image":{"@type":"ImageObject","inLanguage":"it-IT","@id":"https:\/\/www.gossip.it\/#\/schema\/person\/image\/","url":"https:\/\/secure.gravatar.com\/avatar\/5a5f5c6fa3e6700e4249abdad0263a1e94e927d9e0499b1cb09c1cd29c044d80?s=96&d=mm&r=g","contentUrl":"https:\/\/secure.gravatar.com\/avatar\/5a5f5c6fa3e6700e4249abdad0263a1e94e927d9e0499b1cb09c1cd29c044d80?s=96&d=mm&r=g","caption":"La Redazione"},"sameAs":["https:\/\/www.gossip.it"]}]}},"amp_enabled":true,"_links":{"self":[{"href":"https:\/\/www.gossip.it\/api\/wp\/v2\/posts\/63245","targetHints":{"allow":["GET"]}}],"collection":[{"href":"https:\/\/www.gossip.it\/api\/wp\/v2\/posts"}],"about":[{"href":"https:\/\/www.gossip.it\/api\/wp\/v2\/types\/post"}],"author":[{"embeddable":true,"href":"https:\/\/www.gossip.it\/api\/wp\/v2\/users\/1"}],"replies":[{"embeddable":true,"href":"https:\/\/www.gossip.it\/api\/wp\/v2\/comments?post=63245"}],"version-history":[{"count":0,"href":"https:\/\/www.gossip.it\/api\/wp\/v2\/posts\/63245\/revisions"}],"wp:featuredmedia":[{"embeddable":true,"href":"https:\/\/www.gossip.it\/api\/wp\/v2\/media\/119291"}],"wp:attachment":[{"href":"https:\/\/www.gossip.it\/api\/wp\/v2\/media?parent=63245"}],"wp:term":[{"taxonomy":"category","embeddable":true,"href":"https:\/\/www.gossip.it\/api\/wp\/v2\/categories?post=63245"},{"taxonomy":"post_tag","embeddable":true,"href":"https:\/\/www.gossip.it\/api\/wp\/v2\/tags?post=63245"},{"taxonomy":"vip","embeddable":true,"href":"https:\/\/www.gossip.it\/api\/wp\/v2\/vip?post=63245"}],"curies":[{"name":"wp","href":"https:\/\/api.w.org\/{rel}","templated":true}]}}