{"id":63281,"date":"2019-01-21T00:00:00","date_gmt":"2019-01-20T23:00:00","guid":{"rendered":"https:\/\/www.gossip.it\/senza-categoria\/sara-affi-fella-ospedale-flebo\/"},"modified":"2019-01-21T00:00:00","modified_gmt":"2019-01-20T23:00:00","slug":"sara-affi-fella-ospedale-flebo","status":"publish","type":"post","link":"https:\/\/www.gossip.it\/news\/sara-affi-fella-ospedale-flebo\/","title":{"rendered":"Sara Affi Fella in ospedale con la flebo: guarda"},"content":{"rendered":"<p><a href=\"\/vip\/sara-affi fella\/\">Sara Affi Fella<\/a> nelle sue<em> Instagram Stories <\/em>posta uno scatto in cui \u00e8 immortalata stesa sul letto in <strong>ospedale<\/strong> con la<strong> flebo<\/strong>. Nonostante gli haters la perseguitino dopo lo scandalo che l\u2019ha vista protagonista a <a href=\"\/vip\/uomini-e donne\/\">Uomini e Donne<\/a>, in molti si preoccupano per le sue condizioni di salute. La 22enne sarebbe stata operata di nuovo.<\/p>\n<figure class=\"caption\"><img decoding=\"async\" alt=\"\" width=\"640\" height=\"993\" src=\"https:\/\/files.gossip.it\/immagini_news\/2019\/01\/1548068804_sara_affi_fella.jpg\" \/><figcaption>Sara Affi Fella \u00e8 in ospedale: la ragazza ha la flebo al dito<\/figcaption><\/figure>\n<p>E\u2019 in <strong>ospedale <\/strong>e ha la <strong>flebo<\/strong>. <strong>Sara Affi Fella<\/strong> scrive: <em>\u201cHo ricevuto tanti messaggi carini da voi. Grazie a tutti quelli che si sono ricordati di me. Soprattutto grazie ai miei genitori, a mio fratello e alle mie migliori amiche\u201d. <\/em>La ragazza si era gi\u00e0 sottoposta a un intervento proprio durante il dating show di <a href=\"\/vip\/maria-de filippi\/\">Maria De Filippi<\/a>. A <em>Chi<\/em>, nella prima intervista rilasciata dopo il polverone che l\u2019ha travolta, ha detto: <em>\u201cDurante il trono, in silenzio, sono stata male fisicamente.\u00a0<\/em><a href=\"\/vip\/nicola\u00a0panico\/\">Nicola\u00a0Panico<\/a><em> lo ha raccontato e ha violato un mio dato sensibile. Ho subito un intervento grave, in quel momento lui era con me.\u00a0Avevo un melanoma maligno, non c\u2019ero con la testa\u201d.<\/em><\/p>\n<p><strong>Sara Affi Fella<\/strong> \u00e8 in <strong>ospedale<\/strong> con la <strong>flebo<\/strong>. Si sta riprendendo. E\u2019 molto probabile abbia subito un\u2019altra operazione. Tornata sul <a href=\"\/vip\/social\/\">social<\/a> nel suo primo post in cui rinnovava le scuse per le bugie raccontate a <em>Uomini e Donne<\/em>, in un post scriptum aveva annunciato: <em>\u201dII 17 dovr\u00f2 fare altro\u00a0intervento. Tifate per me. E del mio passato non parlo, perch\u00e9 ormai \u00e8 solo passato. Il mio passato parler\u00e0 da solo e sbatter\u00e0 contro il muro del silenzio. Il mio\u201d.<\/em> Non ha per\u00f2 chiarito i motivi per i quali \u00e8 stata costretta nuovamente a finire sotto i ferri.<\/p>\n<p>\u00a0<\/p>\n","protected":false},"excerpt":{"rendered":"<p>Sara Affi Fella nelle sue Instagram Stories posta uno scatto in cui \u00e8 immortalata stesa sul letto in ospedale con la flebo. Nonostante gli haters la perseguitino dopo lo scandalo che l\u2019ha vista protagonista a Uomini e Donne, in molti si preoccupano per le sue condizioni di salute. La 22enne sarebbe stata operata di nuovo. [&hellip;]<\/p>\n","protected":false},"author":1,"featured_media":119327,"comment_status":"closed","ping_status":"closed","sticky":false,"template":"","format":"standard","meta":{"footnotes":""},"categories":[54],"tags":[2116,11184,2104,5041,2102,45181,2121,2103,58355,8466,6817,12090,2490,1923,2142,2113,12464,2097,2115],"vip":[1237],"class_list":["post-63281","post","type-post","status-publish","format-standard","has-post-thumbnail","hentry","category-news","tag-anoressia","tag-anoressica","tag-chi","tag-complice","tag-dichiarazioni","tag-flebo","tag-instagram","tag-intervista","tag-nicola-panico","tag-operazione","tag-ospedale","tag-sara-affi-fella","tag-scandalo","tag-social","tag-stories","tag-tronista","tag-trono","tag-tv","tag-uomini-e-donne","vip-maria_de_filippi"],"yoast_head":"<title>Sara Affi Fella in ospedale con la flebo: guarda - Gossip.it | News sul Gossip e VIP<\/title>\n<meta name=\"description\" content=\"Sara Affi Fella nelle sue Instagram Stories posta uno scatto in cui \u00e8 immortalata stesa sul letto in ospedale con la flebo. Nonostante gli haters la\" \/>\n<meta name=\"robots\" content=\"index, follow, max-snippet:-1, max-image-preview:large, max-video-preview:-1\" \/>\n<link rel=\"canonical\" href=\"https:\/\/www.gossip.it\/news\/sara-affi-fella-ospedale-flebo\/\" \/>\n<meta property=\"og:locale\" content=\"it_IT\" \/>\n<meta property=\"og:type\" content=\"article\" \/>\n<meta property=\"og:title\" content=\"Sara Affi Fella in ospedale con la flebo: guarda - Gossip.it | News sul Gossip e VIP\" \/>\n<meta property=\"og:description\" content=\"Sara Affi Fella nelle sue Instagram Stories posta uno scatto in cui \u00e8 immortalata stesa sul letto in ospedale con la flebo. Nonostante gli haters la\" \/>\n<meta property=\"og:url\" content=\"https:\/\/www.gossip.it\/news\/sara-affi-fella-ospedale-flebo\/\" \/>\n<meta property=\"og:site_name\" content=\"Gossip.it | News sul Gossip e VIP\" \/>\n<meta property=\"article:publisher\" content=\"https:\/\/www.facebook.com\/GossipIT\" \/>\n<meta property=\"article:published_time\" content=\"2019-01-20T23:00:00+00:00\" \/>\n<meta property=\"og:image\" content=\"https:\/\/files.gossip.it\/immagini_news\/2019\/01\/1548068804_sara_affi_fella.jpg\" \/>\n<meta name=\"author\" content=\"La Redazione\" \/>\n<meta name=\"twitter:card\" content=\"summary_large_image\" \/>\n<meta name=\"twitter:image\" content=\"https:\/\/files.gossip.it\/immagini_news\/2019\/01\/1548068804_sara_affi_fella.jpg\" \/>\n<meta name=\"twitter:creator\" content=\"@gossinews_it\" \/>\n<meta name=\"twitter:site\" content=\"@gossinews_it\" \/>\n<meta name=\"twitter:label1\" content=\"Scritto da\" \/>\n\t<meta name=\"twitter:data1\" content=\"Annamaria Capozzi\" \/>\n\t<meta name=\"twitter:label2\" content=\"Tempo di lettura stimato\" \/>\n\t<meta name=\"twitter:data2\" content=\"1 minuto\" \/>","yoast_head_json":{"title":"Sara Affi Fella in ospedale con la flebo: guarda - Gossip.it | News sul Gossip e VIP","description":"Sara Affi Fella nelle sue Instagram Stories posta uno scatto in cui \u00e8 immortalata stesa sul letto in ospedale con la flebo. Nonostante gli haters la","robots":{"index":"index","follow":"follow","max-snippet":"max-snippet:-1","max-image-preview":"max-image-preview:large","max-video-preview":"max-video-preview:-1"},"canonical":"https:\/\/www.gossip.it\/news\/sara-affi-fella-ospedale-flebo\/","og_locale":"it_IT","og_type":"article","og_title":"Sara Affi Fella in ospedale con la flebo: guarda - Gossip.it | News sul Gossip e VIP","og_description":"Sara Affi Fella nelle sue Instagram Stories posta uno scatto in cui \u00e8 immortalata stesa sul letto in ospedale con la flebo. Nonostante gli haters la","og_url":"https:\/\/www.gossip.it\/news\/sara-affi-fella-ospedale-flebo\/","og_site_name":"Gossip.it | News sul Gossip e VIP","article_publisher":"https:\/\/www.facebook.com\/GossipIT","article_published_time":"2019-01-20T23:00:00+00:00","og_image":[{"url":"https:\/\/files.gossip.it\/immagini_news\/2019\/01\/1548068804_sara_affi_fella.jpg"}],"author":"La Redazione","twitter_card":"summary_large_image","twitter_image":"https:\/\/files.gossip.it\/immagini_news\/2019\/01\/1548068804_sara_affi_fella.jpg","twitter_creator":"@gossinews_it","twitter_site":"@gossinews_it","twitter_misc":{"Scritto da":"Annamaria Capozzi","Tempo di lettura stimato":"1 minuto"},"schema":{"@context":"https:\/\/schema.org","@graph":[{"@type":"Article","@id":"https:\/\/www.gossip.it\/news\/sara-affi-fella-ospedale-flebo\/#article","isPartOf":{"@id":"https:\/\/www.gossip.it\/news\/sara-affi-fella-ospedale-flebo\/"},"author":{"name":"La Redazione","@id":"https:\/\/www.gossip.it\/#\/schema\/person\/488896f75158bff1cc83c6c39d141110"},"headline":"Sara Affi Fella in ospedale con la flebo: guarda","datePublished":"2019-01-20T23:00:00+00:00","dateModified":"2019-01-20T23:00:00+00:00","mainEntityOfPage":{"@id":"https:\/\/www.gossip.it\/news\/sara-affi-fella-ospedale-flebo\/"},"wordCount":288,"publisher":{"@id":"https:\/\/www.gossip.it\/#organization"},"image":{"@id":"https:\/\/www.gossip.it\/news\/sara-affi-fella-ospedale-flebo\/#primaryimage"},"thumbnailUrl":"https:\/\/files.gossip.it\/immagini_news\/2019\/01\/1548068804_sara_affi_fella.jpg","keywords":["anoressia","anoressica","chi","complice","dichiarazioni","flebo","instagram","intervista","nicola panico","operazione","ospedale","sara affi fella","scandalo","social","stories","tronista","trono","tv","uomini e donne"],"articleSection":["News"],"inLanguage":"it-IT"},{"@type":"WebPage","@id":"https:\/\/www.gossip.it\/news\/sara-affi-fella-ospedale-flebo\/","url":"https:\/\/www.gossip.it\/news\/sara-affi-fella-ospedale-flebo\/","name":"Sara Affi Fella in ospedale con la flebo: guarda - Gossip.it | News sul Gossip e VIP","isPartOf":{"@id":"https:\/\/www.gossip.it\/#website"},"primaryImageOfPage":{"@id":"https:\/\/www.gossip.it\/news\/sara-affi-fella-ospedale-flebo\/#primaryimage"},"image":{"@id":"https:\/\/www.gossip.it\/news\/sara-affi-fella-ospedale-flebo\/#primaryimage"},"thumbnailUrl":"https:\/\/files.gossip.it\/immagini_news\/2019\/01\/1548068804_sara_affi_fella.jpg","datePublished":"2019-01-20T23:00:00+00:00","dateModified":"2019-01-20T23:00:00+00:00","description":"Sara Affi Fella nelle sue Instagram Stories posta uno scatto in cui \u00e8 immortalata stesa sul letto in ospedale con la flebo. Nonostante gli haters la","breadcrumb":{"@id":"https:\/\/www.gossip.it\/news\/sara-affi-fella-ospedale-flebo\/#breadcrumb"},"inLanguage":"it-IT","potentialAction":[{"@type":"ReadAction","target":["https:\/\/www.gossip.it\/news\/sara-affi-fella-ospedale-flebo\/"]}]},{"@type":"ImageObject","inLanguage":"it-IT","@id":"https:\/\/www.gossip.it\/news\/sara-affi-fella-ospedale-flebo\/#primaryimage","url":"https:\/\/files.gossip.it\/immagini_news\/2019\/01\/1548068804_sara_affi_fella.jpg","contentUrl":"https:\/\/files.gossip.it\/immagini_news\/2019\/01\/1548068804_sara_affi_fella.jpg"},{"@type":"BreadcrumbList","@id":"https:\/\/www.gossip.it\/news\/sara-affi-fella-ospedale-flebo\/#breadcrumb","itemListElement":[{"@type":"ListItem","position":1,"name":"Home","item":"https:\/\/www.gossip.it\/"},{"@type":"ListItem","position":2,"name":"Sara Affi Fella in ospedale con la flebo: guarda"}]},{"@type":"WebSite","@id":"https:\/\/www.gossip.it\/#website","url":"https:\/\/www.gossip.it\/","name":"Gossip and VIP News","description":"Quotidiano di cronaca rosa, costume e societ\u00e0","publisher":{"@id":"https:\/\/www.gossip.it\/#organization"},"alternateName":"Gossip and VIP News","potentialAction":[{"@type":"SearchAction","target":{"@type":"EntryPoint","urlTemplate":"https:\/\/www.gossip.it\/?s={search_term_string}"},"query-input":{"@type":"PropertyValueSpecification","valueRequired":true,"valueName":"search_term_string"}}],"inLanguage":"it-IT"},{"@type":"Organization","@id":"https:\/\/www.gossip.it\/#organization","name":"Gossip and VIP News","alternateName":"Gossip News","url":"https:\/\/www.gossip.it\/","logo":{"@type":"ImageObject","inLanguage":"it-IT","@id":"https:\/\/www.gossip.it\/#\/schema\/logo\/image\/","url":"https:\/\/www.gossip.it\/wp-content\/uploads\/2022\/04\/cropped-corna-alta-tiny.png","contentUrl":"https:\/\/www.gossip.it\/wp-content\/uploads\/2022\/04\/cropped-corna-alta-tiny.png","width":512,"height":512,"caption":"Gossip and VIP News"},"image":{"@id":"https:\/\/www.gossip.it\/#\/schema\/logo\/image\/"},"sameAs":["https:\/\/www.facebook.com\/GossipIT","https:\/\/x.com\/gossinews_it","https:\/\/instagram.com\/gossip_it"]},{"@type":"Person","@id":"https:\/\/www.gossip.it\/#\/schema\/person\/488896f75158bff1cc83c6c39d141110","name":"La Redazione","image":{"@type":"ImageObject","inLanguage":"it-IT","@id":"https:\/\/www.gossip.it\/#\/schema\/person\/image\/","url":"https:\/\/secure.gravatar.com\/avatar\/5a5f5c6fa3e6700e4249abdad0263a1e94e927d9e0499b1cb09c1cd29c044d80?s=96&d=mm&r=g","contentUrl":"https:\/\/secure.gravatar.com\/avatar\/5a5f5c6fa3e6700e4249abdad0263a1e94e927d9e0499b1cb09c1cd29c044d80?s=96&d=mm&r=g","caption":"La Redazione"},"sameAs":["https:\/\/www.gossip.it"]}]}},"amp_enabled":true,"_links":{"self":[{"href":"https:\/\/www.gossip.it\/api\/wp\/v2\/posts\/63281","targetHints":{"allow":["GET"]}}],"collection":[{"href":"https:\/\/www.gossip.it\/api\/wp\/v2\/posts"}],"about":[{"href":"https:\/\/www.gossip.it\/api\/wp\/v2\/types\/post"}],"author":[{"embeddable":true,"href":"https:\/\/www.gossip.it\/api\/wp\/v2\/users\/1"}],"replies":[{"embeddable":true,"href":"https:\/\/www.gossip.it\/api\/wp\/v2\/comments?post=63281"}],"version-history":[{"count":0,"href":"https:\/\/www.gossip.it\/api\/wp\/v2\/posts\/63281\/revisions"}],"wp:featuredmedia":[{"embeddable":true,"href":"https:\/\/www.gossip.it\/api\/wp\/v2\/media\/119327"}],"wp:attachment":[{"href":"https:\/\/www.gossip.it\/api\/wp\/v2\/media?parent=63281"}],"wp:term":[{"taxonomy":"category","embeddable":true,"href":"https:\/\/www.gossip.it\/api\/wp\/v2\/categories?post=63281"},{"taxonomy":"post_tag","embeddable":true,"href":"https:\/\/www.gossip.it\/api\/wp\/v2\/tags?post=63281"},{"taxonomy":"vip","embeddable":true,"href":"https:\/\/www.gossip.it\/api\/wp\/v2\/vip?post=63281"}],"curies":[{"name":"wp","href":"https:\/\/api.w.org\/{rel}","templated":true}]}}