{"id":63283,"date":"2019-01-21T00:00:00","date_gmt":"2019-01-20T23:00:00","guid":{"rendered":"https:\/\/www.gossip.it\/senza-categoria\/giulia-de-lellis-festa-compleanno-castello-di-bracciano\/"},"modified":"2019-01-21T00:00:00","modified_gmt":"2019-01-20T23:00:00","slug":"giulia-de-lellis-festa-compleanno-castello-di-bracciano","status":"publish","type":"post","link":"https:\/\/www.gossip.it\/news\/giulia-de-lellis-festa-compleanno-castello-di-bracciano\/","title":{"rendered":"Giulia De Lellis, festa di compleanno da principessa al Castello di Bracciano"},"content":{"rendered":"<p><a href=\"\/vip\/giulia-de lellis\/\">Giulia De Lellis<\/a> si gode la sua <strong>festa<\/strong> di<strong> compleanno<\/strong> da principessa al <strong>Castello<\/strong> Odescalchi <strong>di Bracciano<\/strong>. L\u2019influencer spegne davanti ad amici e parenti 23 candeline e gioisce per il mega party, anche se il fidanzato <a href=\"\/vip\/irama\/\">Irama<\/a> non c\u2019\u00e8, impegnato con le prove a <a href=\"\/vip\/sanremo\/\">Sanremo<\/a>: il <a href=\"\/vip\/cantante\/\">cantante<\/a> parteciper\u00e0 al Festival. I due, per\u00f2, prima della festa, hanno trascorso qualche giorno da piccioncini a Bormio.<\/p>\n<figure class=\"caption\"><img decoding=\"async\" alt=\"\" width=\"640\" height=\"773\" src=\"https:\/\/files.gossip.it\/immagini_news\/2019\/01\/1548072867_de_lellis_compleanno_1.jpg\" \/><figcaption>Super look da principessa per Giulia De Lellis alla sua festa di compleanno al Castello di Bracciano<\/figcaption><\/figure>\n<p>Il 15 gennaio <strong>Giulia De Lellis <\/strong>ha compiuto gli anni, ha celebrato la data indimenticabile con Irama in alta quota, poi, tornata dalla montagna, finalmente ecco la tanto annunciata la <strong>festa <\/strong><em>\u2018folle\u2019<\/em> di<strong> compleanno<\/strong> al<strong> Castello di Bracciano<\/strong>. Location fiabesca tra unicorni e lusso raccontata con dovizia di particolari dall\u2019ex corteggiatrice di <a href=\"\/vip\/uomini-e donne\/\">Uomini e Donne<\/a> via <a href=\"\/vip\/social\/\">social<\/a>.<\/p>\n<div class=\"video_integrato\" data-videoid=\"5717\" data-autostart=\"true\">\u00a0<\/div>\n<figure class=\"caption\"><img decoding=\"async\" alt=\"\" width=\"640\" height=\"771\" src=\"https:\/\/files.gossip.it\/immagini_news\/2019\/01\/1548072878_de_lellis_compleanno_2.jpg\" \/><figcaption>L'influencer accanto alla torta con in braccio la nipotina<\/figcaption><\/figure>\n<p><em>\u201c\u2018Quel bosco incantato in quel castello che sappiamo io e te\u2019<\/em> - scrive<strong> Giulia De Lellis <\/strong>raccontando la sua<strong> festa<\/strong> di <strong>compleanno<\/strong> al <strong>Castello di Bracciano<\/strong> - <em>Avete presente quando i sogni diventato realt\u00e0 ?! Ecco,\u00a0Steve Di Maio\u00a0ha realizzato esattamente quello che sognavo insieme al suo meraviglioso staff. Volevo regalare una serata indimenticabile alla mia famiglia, ai miei amici, che da qualche anno trascuro un po\u2019 per forza di cose e mai per scelta. Quale scusa meglio di del mio compleanno?! Alla fine, grazie anche a mia sorella Veronica che si \u00e8 presa cura di tutto, il regalo pi\u00f9 grande \u00e8 stato fatto a me. A me che non mi lascio mai stupire dalla vita, a me che cerco di avere sempre tutto sotto controllo. Ci siete riusciti\u2026 Vi sono grata per quei momenti. Grazie, la mia fortuna pi\u00f9 grande e certezza siete voi, il resto \u00e8 un dettaglio in continuo cambiamento\u201d.<\/em><\/p>\n<figure class=\"caption\"><img decoding=\"async\" alt=\"\" width=\"640\" height=\"767\" src=\"https:\/\/files.gossip.it\/immagini_news\/2019\/01\/1548072889_de_lellis_compleanno_3.jpg\" \/><figcaption>L'ex corteggiatrice di 'Uomini e Donne' brinda ai 23 anni appena compiuti<\/figcaption><\/figure>\n<p>Look tutto paillettes per <strong>Giulia De Lellis <\/strong>che per il mega party ha indossato un abito firmato Sol, la linea di abbigliamento che ha creato con la mamma Sandra e ha voluto una maestosa torta realizzata da Renato Ardovino, cake designer di fama e volto di Real Time.<\/p>\n<figure class=\"caption\"><img decoding=\"async\" alt=\"\" width=\"640\" height=\"747\" src=\"https:\/\/files.gossip.it\/immagini_news\/2019\/01\/1548072901_de_lellis_compleanno_4.jpg\" \/><figcaption>Giulia festeggia con parenti e amici: Irama non c'\u00e8, \u00e8 impegnato a Sanremo<\/figcaption><\/figure>\n<p>Ogni particolare della <strong>festa<\/strong> di <strong>compleanno<\/strong> al <strong>Castello di Bracciano<\/strong> \u00e8 accompagnato dal un hashtag dedicato.<\/p>\n<figure class=\"caption\"><img decoding=\"async\" alt=\"\" width=\"640\" height=\"758\" src=\"https:\/\/files.gossip.it\/immagini_news\/2019\/01\/1548072912_de_lellis_compleanno_5.jpg\" \/><figcaption>La moretta \u00e8 felicissima<\/figcaption><\/figure>\n<p>La mora si diverte un mondo e gioisce perch\u00e9 \u00e8 felice: sempre pi\u00f9 popolare e famosa, la ragazza ora pu\u00f2 prepararsi per il suo ingresso all\u2019Ariston, sar\u00e0 sicuramente tra le pi\u00f9 ricercate e fotografate a Sanremo, dove c\u2019\u00e8 il suo nuovo amore.<\/p>\n<p>\u00a0<\/p>\n","protected":false},"excerpt":{"rendered":"<p>Giulia De Lellis si gode la sua festa di compleanno da principessa al Castello Odescalchi di Bracciano. L\u2019influencer spegne davanti ad amici e parenti 23 candeline e gioisce per il mega party, anche se il fidanzato Irama non c\u2019\u00e8, impegnato con le prove a Sanremo: il cantante parteciper\u00e0 al Festival. I due, per\u00f2, prima della [&hellip;]<\/p>\n","protected":false},"author":1,"featured_media":119329,"comment_status":"closed","ping_status":"closed","sticky":false,"template":"","format":"standard","meta":{"footnotes":""},"categories":[54],"tags":[25718,1981,12113,1904,2129,1907,2298,10592,2198,2121,11959,1965,2582,1923,2115],"vip":[],"class_list":["post-63283","post","type-post","status-publish","format-standard","has-post-thumbnail","hentry","category-news","tag-bracciano","tag-cantante","tag-castello-di-bracciano","tag-compleanno","tag-corteggiatrice","tag-festa","tag-fidanzato","tag-giulia-de-lellis","tag-influencer","tag-instagram","tag-irama","tag-party","tag-sanremo","tag-social","tag-uomini-e-donne"],"yoast_head":"<title>Giulia De Lellis, festa di compleanno da principessa al Castello di Bracciano - Gossip.it | News sul Gossip e VIP<\/title>\n<meta name=\"description\" content=\"Giulia De Lellis si gode la sua festa di compleanno da principessa al Castello Odescalchi di Bracciano. L\u2019influencer spegne davanti ad amici e parenti 23\" \/>\n<meta name=\"robots\" content=\"index, follow, max-snippet:-1, max-image-preview:large, max-video-preview:-1\" \/>\n<link rel=\"canonical\" href=\"https:\/\/www.gossip.it\/news\/giulia-de-lellis-festa-compleanno-castello-di-bracciano\/\" \/>\n<meta property=\"og:locale\" content=\"it_IT\" \/>\n<meta property=\"og:type\" content=\"article\" \/>\n<meta property=\"og:title\" content=\"Giulia De Lellis, festa di compleanno da principessa al Castello di Bracciano - Gossip.it | News sul Gossip e VIP\" \/>\n<meta property=\"og:description\" content=\"Giulia De Lellis si gode la sua festa di compleanno da principessa al Castello Odescalchi di Bracciano. L\u2019influencer spegne davanti ad amici e parenti 23\" \/>\n<meta property=\"og:url\" content=\"https:\/\/www.gossip.it\/news\/giulia-de-lellis-festa-compleanno-castello-di-bracciano\/\" \/>\n<meta property=\"og:site_name\" content=\"Gossip.it | News sul Gossip e VIP\" \/>\n<meta property=\"article:publisher\" content=\"https:\/\/www.facebook.com\/GossipIT\" \/>\n<meta property=\"article:published_time\" content=\"2019-01-20T23:00:00+00:00\" \/>\n<meta property=\"og:image\" content=\"https:\/\/files.gossip.it\/immagini_news\/2019\/01\/1548072867_de_lellis_compleanno_1.jpg\" \/>\n<meta name=\"author\" content=\"La Redazione\" \/>\n<meta name=\"twitter:card\" content=\"summary_large_image\" \/>\n<meta name=\"twitter:image\" content=\"https:\/\/files.gossip.it\/immagini_news\/2019\/01\/1548072867_de_lellis_compleanno_1.jpg\" \/>\n<meta name=\"twitter:creator\" content=\"@gossinews_it\" \/>\n<meta name=\"twitter:site\" content=\"@gossinews_it\" \/>\n<meta name=\"twitter:label1\" content=\"Scritto da\" \/>\n\t<meta name=\"twitter:data1\" content=\"Annamaria Capozzi\" \/>\n\t<meta name=\"twitter:label2\" content=\"Tempo di lettura stimato\" \/>\n\t<meta name=\"twitter:data2\" content=\"2 minuti\" \/>","yoast_head_json":{"title":"Giulia De Lellis, festa di compleanno da principessa al Castello di Bracciano - Gossip.it | News sul Gossip e VIP","description":"Giulia De Lellis si gode la sua festa di compleanno da principessa al Castello Odescalchi di Bracciano. L\u2019influencer spegne davanti ad amici e parenti 23","robots":{"index":"index","follow":"follow","max-snippet":"max-snippet:-1","max-image-preview":"max-image-preview:large","max-video-preview":"max-video-preview:-1"},"canonical":"https:\/\/www.gossip.it\/news\/giulia-de-lellis-festa-compleanno-castello-di-bracciano\/","og_locale":"it_IT","og_type":"article","og_title":"Giulia De Lellis, festa di compleanno da principessa al Castello di Bracciano - Gossip.it | News sul Gossip e VIP","og_description":"Giulia De Lellis si gode la sua festa di compleanno da principessa al Castello Odescalchi di Bracciano. L\u2019influencer spegne davanti ad amici e parenti 23","og_url":"https:\/\/www.gossip.it\/news\/giulia-de-lellis-festa-compleanno-castello-di-bracciano\/","og_site_name":"Gossip.it | News sul Gossip e VIP","article_publisher":"https:\/\/www.facebook.com\/GossipIT","article_published_time":"2019-01-20T23:00:00+00:00","og_image":[{"url":"https:\/\/files.gossip.it\/immagini_news\/2019\/01\/1548072867_de_lellis_compleanno_1.jpg"}],"author":"La Redazione","twitter_card":"summary_large_image","twitter_image":"https:\/\/files.gossip.it\/immagini_news\/2019\/01\/1548072867_de_lellis_compleanno_1.jpg","twitter_creator":"@gossinews_it","twitter_site":"@gossinews_it","twitter_misc":{"Scritto da":"Annamaria Capozzi","Tempo di lettura stimato":"2 minuti"},"schema":{"@context":"https:\/\/schema.org","@graph":[{"@type":"Article","@id":"https:\/\/www.gossip.it\/news\/giulia-de-lellis-festa-compleanno-castello-di-bracciano\/#article","isPartOf":{"@id":"https:\/\/www.gossip.it\/news\/giulia-de-lellis-festa-compleanno-castello-di-bracciano\/"},"author":{"name":"La Redazione","@id":"https:\/\/www.gossip.it\/#\/schema\/person\/488896f75158bff1cc83c6c39d141110"},"headline":"Giulia De Lellis, festa di compleanno da principessa al Castello di Bracciano","datePublished":"2019-01-20T23:00:00+00:00","dateModified":"2019-01-20T23:00:00+00:00","mainEntityOfPage":{"@id":"https:\/\/www.gossip.it\/news\/giulia-de-lellis-festa-compleanno-castello-di-bracciano\/"},"wordCount":442,"publisher":{"@id":"https:\/\/www.gossip.it\/#organization"},"image":{"@id":"https:\/\/www.gossip.it\/news\/giulia-de-lellis-festa-compleanno-castello-di-bracciano\/#primaryimage"},"thumbnailUrl":"https:\/\/files.gossip.it\/immagini_news\/2019\/01\/1548072867_de_lellis_compleanno_1.jpg","keywords":["bracciano","cantante","castello di bracciano","compleanno","corteggiatrice","festa","fidanzato","giulia de lellis","influencer","instagram","irama","party","sanremo","social","uomini e donne"],"articleSection":["News"],"inLanguage":"it-IT"},{"@type":"WebPage","@id":"https:\/\/www.gossip.it\/news\/giulia-de-lellis-festa-compleanno-castello-di-bracciano\/","url":"https:\/\/www.gossip.it\/news\/giulia-de-lellis-festa-compleanno-castello-di-bracciano\/","name":"Giulia De Lellis, festa di compleanno da principessa al Castello di Bracciano - Gossip.it | News sul Gossip e VIP","isPartOf":{"@id":"https:\/\/www.gossip.it\/#website"},"primaryImageOfPage":{"@id":"https:\/\/www.gossip.it\/news\/giulia-de-lellis-festa-compleanno-castello-di-bracciano\/#primaryimage"},"image":{"@id":"https:\/\/www.gossip.it\/news\/giulia-de-lellis-festa-compleanno-castello-di-bracciano\/#primaryimage"},"thumbnailUrl":"https:\/\/files.gossip.it\/immagini_news\/2019\/01\/1548072867_de_lellis_compleanno_1.jpg","datePublished":"2019-01-20T23:00:00+00:00","dateModified":"2019-01-20T23:00:00+00:00","description":"Giulia De Lellis si gode la sua festa di compleanno da principessa al Castello Odescalchi di Bracciano. L\u2019influencer spegne davanti ad amici e parenti 23","breadcrumb":{"@id":"https:\/\/www.gossip.it\/news\/giulia-de-lellis-festa-compleanno-castello-di-bracciano\/#breadcrumb"},"inLanguage":"it-IT","potentialAction":[{"@type":"ReadAction","target":["https:\/\/www.gossip.it\/news\/giulia-de-lellis-festa-compleanno-castello-di-bracciano\/"]}]},{"@type":"ImageObject","inLanguage":"it-IT","@id":"https:\/\/www.gossip.it\/news\/giulia-de-lellis-festa-compleanno-castello-di-bracciano\/#primaryimage","url":"https:\/\/files.gossip.it\/immagini_news\/2019\/01\/1548072867_de_lellis_compleanno_1.jpg","contentUrl":"https:\/\/files.gossip.it\/immagini_news\/2019\/01\/1548072867_de_lellis_compleanno_1.jpg"},{"@type":"BreadcrumbList","@id":"https:\/\/www.gossip.it\/news\/giulia-de-lellis-festa-compleanno-castello-di-bracciano\/#breadcrumb","itemListElement":[{"@type":"ListItem","position":1,"name":"Home","item":"https:\/\/www.gossip.it\/"},{"@type":"ListItem","position":2,"name":"Giulia De Lellis, festa di compleanno da principessa al Castello di Bracciano"}]},{"@type":"WebSite","@id":"https:\/\/www.gossip.it\/#website","url":"https:\/\/www.gossip.it\/","name":"Gossip and VIP News","description":"Quotidiano di cronaca rosa, costume e societ\u00e0","publisher":{"@id":"https:\/\/www.gossip.it\/#organization"},"alternateName":"Gossip and VIP News","potentialAction":[{"@type":"SearchAction","target":{"@type":"EntryPoint","urlTemplate":"https:\/\/www.gossip.it\/?s={search_term_string}"},"query-input":{"@type":"PropertyValueSpecification","valueRequired":true,"valueName":"search_term_string"}}],"inLanguage":"it-IT"},{"@type":"Organization","@id":"https:\/\/www.gossip.it\/#organization","name":"Gossip and VIP News","alternateName":"Gossip News","url":"https:\/\/www.gossip.it\/","logo":{"@type":"ImageObject","inLanguage":"it-IT","@id":"https:\/\/www.gossip.it\/#\/schema\/logo\/image\/","url":"https:\/\/www.gossip.it\/wp-content\/uploads\/2022\/04\/cropped-corna-alta-tiny.png","contentUrl":"https:\/\/www.gossip.it\/wp-content\/uploads\/2022\/04\/cropped-corna-alta-tiny.png","width":512,"height":512,"caption":"Gossip and VIP News"},"image":{"@id":"https:\/\/www.gossip.it\/#\/schema\/logo\/image\/"},"sameAs":["https:\/\/www.facebook.com\/GossipIT","https:\/\/x.com\/gossinews_it","https:\/\/instagram.com\/gossip_it"]},{"@type":"Person","@id":"https:\/\/www.gossip.it\/#\/schema\/person\/488896f75158bff1cc83c6c39d141110","name":"La Redazione","image":{"@type":"ImageObject","inLanguage":"it-IT","@id":"https:\/\/www.gossip.it\/#\/schema\/person\/image\/","url":"https:\/\/secure.gravatar.com\/avatar\/5a5f5c6fa3e6700e4249abdad0263a1e94e927d9e0499b1cb09c1cd29c044d80?s=96&d=mm&r=g","contentUrl":"https:\/\/secure.gravatar.com\/avatar\/5a5f5c6fa3e6700e4249abdad0263a1e94e927d9e0499b1cb09c1cd29c044d80?s=96&d=mm&r=g","caption":"La Redazione"},"sameAs":["https:\/\/www.gossip.it"]}]}},"amp_enabled":true,"_links":{"self":[{"href":"https:\/\/www.gossip.it\/api\/wp\/v2\/posts\/63283","targetHints":{"allow":["GET"]}}],"collection":[{"href":"https:\/\/www.gossip.it\/api\/wp\/v2\/posts"}],"about":[{"href":"https:\/\/www.gossip.it\/api\/wp\/v2\/types\/post"}],"author":[{"embeddable":true,"href":"https:\/\/www.gossip.it\/api\/wp\/v2\/users\/1"}],"replies":[{"embeddable":true,"href":"https:\/\/www.gossip.it\/api\/wp\/v2\/comments?post=63283"}],"version-history":[{"count":0,"href":"https:\/\/www.gossip.it\/api\/wp\/v2\/posts\/63283\/revisions"}],"wp:featuredmedia":[{"embeddable":true,"href":"https:\/\/www.gossip.it\/api\/wp\/v2\/media\/119329"}],"wp:attachment":[{"href":"https:\/\/www.gossip.it\/api\/wp\/v2\/media?parent=63283"}],"wp:term":[{"taxonomy":"category","embeddable":true,"href":"https:\/\/www.gossip.it\/api\/wp\/v2\/categories?post=63283"},{"taxonomy":"post_tag","embeddable":true,"href":"https:\/\/www.gossip.it\/api\/wp\/v2\/tags?post=63283"},{"taxonomy":"vip","embeddable":true,"href":"https:\/\/www.gossip.it\/api\/wp\/v2\/vip?post=63283"}],"curies":[{"name":"wp","href":"https:\/\/api.w.org\/{rel}","templated":true}]}}