{"id":63288,"date":"2019-01-22T00:00:00","date_gmt":"2019-01-21T23:00:00","guid":{"rendered":"https:\/\/www.gossip.it\/senza-categoria\/isola-dei-famosi-2019-cast-ufficiale-reality\/"},"modified":"2019-01-22T00:00:00","modified_gmt":"2019-01-21T23:00:00","slug":"isola-dei-famosi-2019-cast-ufficiale-reality","status":"publish","type":"post","link":"https:\/\/www.gossip.it\/news\/isola-dei-famosi-2019-cast-ufficiale-reality\/","title":{"rendered":"Isola dei Famosi 2019: il cast ufficiale del reality"},"content":{"rendered":"<p>L\u2019<a href=\"\/vip\/isola-dei famosi\/\">Isola dei Famosi<\/a> <strong>2019<\/strong> prende finalmente forma. Il <strong>cast ufficiale<\/strong> del <a href=\"\/vip\/reality\/\">reality<\/a> posa al gran completo sulla cover di <em>Tv Sorrisi e Canzoni <\/em>insieme ad <a href=\"\/vip\/alessia-marcuzzi\/\">Alessia Marcuzzi<\/a>, padrona di casa dello show in partenza il prossimo 24 gennaio in prima serata su Canale 5.<\/p>\n<figure class=\"caption\"><img decoding=\"async\" alt=\"\" width=\"640\" height=\"894\" src=\"https:\/\/files.gossip.it\/immagini_news\/2019\/01\/1548151178_isola_1.jpg\" \/><figcaption>Il cast ufficiale dell''Isola dei Famosi' 2019 in posa sulla cover di Tv Sorrisi e Canzoni<\/figcaption><\/figure>\n<p>Sono tanti i volti noti che fanno parte del <strong>cast ufficiale<\/strong> dell\u2019<strong>Isola dei Famosi 2019<\/strong>. Al <strong>reality<\/strong> partecipano, pieni di entusiasmo e voglia di avventura, l\u2019ex<em> \u2018gatta morta\u2019 <\/em>del primo <a href=\"\/vip\/gf\/\">GF<\/a> <a href=\"\/vip\/marina-la rosa\/\">Marina La Rosa<\/a>, il judoka <a href=\"\/vip\/marco-maddaloni\/\">Marco Maddaloni<\/a>, il <a href=\"\/vip\/cantante\/\">cantante<\/a> ex <a href=\"\/vip\/amici\/\">Amici<\/a> <a href=\"\/vip\/luca-vismara\/\">Luca Vismara<\/a>, il figlio di <a href=\"\/vip\/brigitte-nielsen\/\">Brigitte Nielsen<\/a> <a href=\"\/vip\/aaron-nielsen,\/\">Aaron Nielsen<\/a>,\u00a0la fashionista <a href=\"\/vip\/jo-squillo\/\">Jo Squillo<\/a>, l\u2019<a href=\"\/vip\/attore\/\">attore<\/a> <a href=\"\/vip\/kaspar-capparoni\/\">Kaspar Capparoni<\/a>, la <a href=\"\/vip\/modella\/\">modella<\/a> <a href=\"\/vip\/youma-diakite\/\">Youma Diakite<\/a>, l\u2019ex <a href=\"\/vip\/calciatore\/\">calciatore<\/a> Abdelkander Ghezzal, <a href=\"\/vip\/riccardo-fogli\/\">Riccardo Fogli<\/a>, l\u2019<a href=\"\/vip\/attrice\/\">attrice<\/a> <a href=\"\/vip\/grecia-colmenares\/\">Grecia Colmenares<\/a>, le figlie di <a href=\"\/vip\/sinisa-mihajlovic\/\">Sinisa Mihajlovic<\/a>, Virginia e Viktorija Mihajlovic, il giornalista <a href=\"\/vip\/paolo-brosio\/\">Paolo Brosio<\/a>, l\u2019ex fiamma di <a href=\"\/vip\/flavio-briatore\/\">Flavio Briatore<\/a> <a href=\"\/vip\/taylor-mega\/\">Taylor Mega<\/a>, l\u2019ex inviato dell\u2019<a href=\"\/vip\/isola\/\">Isola<\/a> <a href=\"\/vip\/alvin\/\">Alvin<\/a>, l'ex Valentina <a href=\"\/vip\/demetra-hampton\/\">Demetra Hampton<\/a> e la <a href=\"\/vip\/showgirl\/\">showgirl<\/a> Sarah Altobello. C\u2019\u00e8 chi \u00e8 sicuro che a questo nutrito gruppo si andr\u00e0 ad aggiungere qualcuno: <a href=\"\/vip\/jeremias-rodriguez\/\">Jeremias Rodriguez<\/a> dopo l\u2019incidente alla mano, \u00e8 stato <em>\u2018stoppato\u2019<\/em> dalla produzione, ma potrebbe entrare in gioco la seconda o terza puntata, chiss\u00e0\u2026<\/p>\n<div class=\"video_integrato\" data-videoid=\"5721\" data-autostart=\"true\">\u00a0<\/div>\n<figure class=\"caption\"><img decoding=\"async\" alt=\"\" width=\"640\" height=\"657\" src=\"https:\/\/files.gossip.it\/immagini_news\/2019\/01\/1548151223_isola_2.jpg\" \/><figcaption>Con Alessia Marcuzzi in studio ci saranno Alba Parietti e Alda D'Eusanio<\/figcaption><\/figure>\n<p>Il<strong> cast ufficiale<\/strong> dell\u2019<strong>Isola dei Famosi 2019<\/strong> viene svelato e si prende i riflettori. I naufraghi sono gi\u00e0 in Honduras: per circa due mesi cercheranno di fare del loro meglio per sopravvivere al meglio al <strong>reality<\/strong>.<\/p>\n<figure class=\"caption\"><img decoding=\"async\" alt=\"\" width=\"640\" height=\"640\" src=\"https:\/\/files.gossip.it\/immagini_news\/2019\/01\/1548151264_isola_3.jpg\" \/><figcaption>Al reality, stavolta da naufrago, sbarcher\u00e0 Alvin<\/figcaption><\/figure>\n<p><em>\u201cL\u2019Isola \u00e8 da sempre un programma pieno di colpi di scena. Io stessa sono emozionatissima perch\u00e9 sono la prima a sentirmi costantemente sulle sabbie mobili <\/em>- sottilina Alessia Marcuzzi al settimanale - <em>Mi aspetto tante storie da raccontare perch\u00e9 sono queste che fanno la differenza in un reality. Spero che i naufraghi riescano ad aprirsi. Quando ho saputo che ci sarebbe stata Grecia Colmenares sono impazzita di gioia: da piccola guardavo le sue soap insieme con mia nonna. Riccardo Fogli dei <\/em><a href=\"\/vip\/pooh\/\">Pooh<\/a><em> \u00e8 un po\u2019 uno di famiglia visto che <\/em><a href=\"\/vip\/roby-facchinetti\/\">Roby Facchinetti<\/a><em> \u00e8 il nonno di mia figlia Mia. Con Paolo Brosio ho condotto il programma \u20188 mm\u2019 e mi sono divertita un sacco, non lo vedo da tempo e mi aspetto che sar\u00e0 una scheggia impazzita, ha tante cose da raccontare... tra sacro e profano!\u201d.<\/em><\/p>\n<figure class=\"caption\"><img decoding=\"async\" alt=\"\" width=\"640\" height=\"638\" src=\"https:\/\/files.gossip.it\/immagini_news\/2019\/01\/1548151293_isola_4.jpg\" \/><figcaption>Tra i concorrenti pure Riccardo Fogli<\/figcaption><\/figure>\n<p>In studio, nel ruolo di opinioniste, a fare da<em> \u2018spalla\u2019<\/em> alla <a href=\"\/vip\/pinella\/\">Pinella<\/a>, ci saranno due signore della <a href=\"\/vip\/tv\/\">tv<\/a>: <a href=\"\/vip\/alba-parietti\/\">Alba Parietti<\/a> e <a href=\"\/vip\/alda-d\u2019eusanio\/\">Alda D\u2019Eusanio<\/a>. <em>\u201cSono felice che siamo tutte donne, ho fortemente voluto entrambe\u201d,<\/em> sottolinea la 46enne.<\/p>\n<figure class=\"caption\"><img decoding=\"async\" alt=\"\" width=\"640\" height=\"642\" src=\"https:\/\/files.gossip.it\/immagini_news\/2019\/01\/1548151325_isola_5.jpg\" \/><figcaption>In Honduras ci sar\u00e0 anche l'ex fiamma di Flavio Briatore e Fabrizio Corona, Taylor Mega<\/figcaption><\/figure>\n<p>Poi Alessia svela il suo look:\u00a0 <em>\u201cDopo essermi vestita low cost e aver preso i vestiti dal mio armadio, stavolta mi vestir\u00f2 con gli abiti dell\u2019ultima collezione firmata da <\/em><a href=\"\/vip\/donatella-versace\/\">Donatella Versace<\/a><em>: sar\u00f2 molto rock!\u201d.<\/em><\/p>\n<p>\u00a0<\/p>\n","protected":false},"excerpt":{"rendered":"<p>L\u2019Isola dei Famosi 2019 prende finalmente forma. Il cast ufficiale del reality posa al gran completo sulla cover di Tv Sorrisi e Canzoni insieme ad Alessia Marcuzzi, padrona di casa dello show in partenza il prossimo 24 gennaio in prima serata su Canale 5. Il cast ufficiale dell''Isola dei Famosi' 2019 in posa sulla cover [&hellip;]<\/p>\n","protected":false},"author":1,"featured_media":119334,"comment_status":"closed","ping_status":"closed","sticky":false,"template":"","format":"standard","meta":{"footnotes":""},"categories":[54],"tags":[58799,58837,2231,2098,2228,55747,1992,2102,58838,2103,2199,12319,58604,2095,12320,58603,12254,12253,4444,4488,1934,2128,52473,12121,2097,2230,58800,58801,8183],"vip":[231,239,275,584,1012,1042,1253,1468,1560],"class_list":["post-63288","post","type-post","status-publish","format-standard","has-post-thumbnail","hentry","category-news","tag-aaron-nielsen","tag-abdelkander-ghezzal","tag-alvin","tag-canale-5","tag-cast","tag-cast-ufficiale","tag-conduttrice","tag-dichiarazioni","tag-grecia-colmenares","tag-intervista","tag-isola","tag-isola-14","tag-isola-2019","tag-isola-dei-famosi","tag-isola-dei-famosi-14","tag-isola-dei-famosi-2019","tag-luca-vismara","tag-marco-maddaloni","tag-naufraga","tag-naufrago","tag-reality","tag-reality-show","tag-sarah-altobello","tag-taylor-mega","tag-tv","tag-tv-sorrisi-e-canzoni","tag-viktorija-mihajlovic","tag-virginia-mihajlovic","tag-youma-diakite","vip-alba_parietti","vip-alda_deusanio","vip-alessia_marcuzzi","vip-demetra_hampton","vip-jo_squillo","vip-kaspar_capparoni","vip-marina_la_rosa","vip-paolo_brosio","vip-riccardo_fogli"],"yoast_head":"<title>Isola dei Famosi 2019: il cast ufficiale del reality - Gossip.it | News sul Gossip e VIP<\/title>\n<meta name=\"description\" content=\"L\u2019Isola dei Famosi 2019 prende finalmente forma. Il cast ufficiale del reality posa al gran completo sulla cover di Tv Sorrisi e Canzoni insieme ad\" \/>\n<meta name=\"robots\" content=\"index, follow, max-snippet:-1, max-image-preview:large, max-video-preview:-1\" \/>\n<link rel=\"canonical\" href=\"https:\/\/www.gossip.it\/news\/isola-dei-famosi-2019-cast-ufficiale-reality\/\" \/>\n<meta property=\"og:locale\" content=\"it_IT\" \/>\n<meta property=\"og:type\" content=\"article\" \/>\n<meta property=\"og:title\" content=\"Isola dei Famosi 2019: il cast ufficiale del reality - Gossip.it | News sul Gossip e VIP\" \/>\n<meta property=\"og:description\" content=\"L\u2019Isola dei Famosi 2019 prende finalmente forma. Il cast ufficiale del reality posa al gran completo sulla cover di Tv Sorrisi e Canzoni insieme ad\" \/>\n<meta property=\"og:url\" content=\"https:\/\/www.gossip.it\/news\/isola-dei-famosi-2019-cast-ufficiale-reality\/\" \/>\n<meta property=\"og:site_name\" content=\"Gossip.it | News sul Gossip e VIP\" \/>\n<meta property=\"article:publisher\" content=\"https:\/\/www.facebook.com\/GossipIT\" \/>\n<meta property=\"article:published_time\" content=\"2019-01-21T23:00:00+00:00\" \/>\n<meta property=\"og:image\" content=\"https:\/\/files.gossip.it\/immagini_news\/2019\/01\/1548151178_isola_1.jpg\" \/>\n<meta name=\"author\" content=\"La Redazione\" \/>\n<meta name=\"twitter:card\" content=\"summary_large_image\" \/>\n<meta name=\"twitter:image\" content=\"https:\/\/files.gossip.it\/immagini_news\/2019\/01\/1548151178_isola_1.jpg\" \/>\n<meta name=\"twitter:creator\" content=\"@gossinews_it\" \/>\n<meta name=\"twitter:site\" content=\"@gossinews_it\" \/>\n<meta name=\"twitter:label1\" content=\"Scritto da\" \/>\n\t<meta name=\"twitter:data1\" content=\"Annamaria Capozzi\" \/>\n\t<meta name=\"twitter:label2\" content=\"Tempo di lettura stimato\" \/>\n\t<meta name=\"twitter:data2\" content=\"2 minuti\" \/>","yoast_head_json":{"title":"Isola dei Famosi 2019: il cast ufficiale del reality - Gossip.it | News sul Gossip e VIP","description":"L\u2019Isola dei Famosi 2019 prende finalmente forma. Il cast ufficiale del reality posa al gran completo sulla cover di Tv Sorrisi e Canzoni insieme ad","robots":{"index":"index","follow":"follow","max-snippet":"max-snippet:-1","max-image-preview":"max-image-preview:large","max-video-preview":"max-video-preview:-1"},"canonical":"https:\/\/www.gossip.it\/news\/isola-dei-famosi-2019-cast-ufficiale-reality\/","og_locale":"it_IT","og_type":"article","og_title":"Isola dei Famosi 2019: il cast ufficiale del reality - Gossip.it | News sul Gossip e VIP","og_description":"L\u2019Isola dei Famosi 2019 prende finalmente forma. Il cast ufficiale del reality posa al gran completo sulla cover di Tv Sorrisi e Canzoni insieme ad","og_url":"https:\/\/www.gossip.it\/news\/isola-dei-famosi-2019-cast-ufficiale-reality\/","og_site_name":"Gossip.it | News sul Gossip e VIP","article_publisher":"https:\/\/www.facebook.com\/GossipIT","article_published_time":"2019-01-21T23:00:00+00:00","og_image":[{"url":"https:\/\/files.gossip.it\/immagini_news\/2019\/01\/1548151178_isola_1.jpg"}],"author":"La Redazione","twitter_card":"summary_large_image","twitter_image":"https:\/\/files.gossip.it\/immagini_news\/2019\/01\/1548151178_isola_1.jpg","twitter_creator":"@gossinews_it","twitter_site":"@gossinews_it","twitter_misc":{"Scritto da":"Annamaria Capozzi","Tempo di lettura stimato":"2 minuti"},"schema":{"@context":"https:\/\/schema.org","@graph":[{"@type":"Article","@id":"https:\/\/www.gossip.it\/news\/isola-dei-famosi-2019-cast-ufficiale-reality\/#article","isPartOf":{"@id":"https:\/\/www.gossip.it\/news\/isola-dei-famosi-2019-cast-ufficiale-reality\/"},"author":{"name":"La Redazione","@id":"https:\/\/www.gossip.it\/#\/schema\/person\/488896f75158bff1cc83c6c39d141110"},"headline":"Isola dei Famosi 2019: il cast ufficiale del reality","datePublished":"2019-01-21T23:00:00+00:00","dateModified":"2019-01-21T23:00:00+00:00","mainEntityOfPage":{"@id":"https:\/\/www.gossip.it\/news\/isola-dei-famosi-2019-cast-ufficiale-reality\/"},"wordCount":496,"publisher":{"@id":"https:\/\/www.gossip.it\/#organization"},"image":{"@id":"https:\/\/www.gossip.it\/news\/isola-dei-famosi-2019-cast-ufficiale-reality\/#primaryimage"},"thumbnailUrl":"https:\/\/files.gossip.it\/immagini_news\/2019\/01\/1548151178_isola_1.jpg","keywords":["aaron nielsen","abdelkander ghezzal","alvin","canale 5","cast","cast ufficiale","conduttrice","dichiarazioni","grecia colmenares","intervista","isola","isola 14","isola 2019","isola dei famosi","isola dei famosi 14","isola dei famosi 2019","luca vismara","marco maddaloni","naufraga","naufrago","reality","reality show","Sarah Altobello","taylor mega","tv","tv sorrisi e canzoni","viktorija Mihajlovic","virginia mihajlovic","Youma Diakite"],"articleSection":["News"],"inLanguage":"it-IT"},{"@type":"WebPage","@id":"https:\/\/www.gossip.it\/news\/isola-dei-famosi-2019-cast-ufficiale-reality\/","url":"https:\/\/www.gossip.it\/news\/isola-dei-famosi-2019-cast-ufficiale-reality\/","name":"Isola dei Famosi 2019: il cast ufficiale del reality - Gossip.it | News sul Gossip e VIP","isPartOf":{"@id":"https:\/\/www.gossip.it\/#website"},"primaryImageOfPage":{"@id":"https:\/\/www.gossip.it\/news\/isola-dei-famosi-2019-cast-ufficiale-reality\/#primaryimage"},"image":{"@id":"https:\/\/www.gossip.it\/news\/isola-dei-famosi-2019-cast-ufficiale-reality\/#primaryimage"},"thumbnailUrl":"https:\/\/files.gossip.it\/immagini_news\/2019\/01\/1548151178_isola_1.jpg","datePublished":"2019-01-21T23:00:00+00:00","dateModified":"2019-01-21T23:00:00+00:00","description":"L\u2019Isola dei Famosi 2019 prende finalmente forma. Il cast ufficiale del reality posa al gran completo sulla cover di Tv Sorrisi e Canzoni insieme ad","breadcrumb":{"@id":"https:\/\/www.gossip.it\/news\/isola-dei-famosi-2019-cast-ufficiale-reality\/#breadcrumb"},"inLanguage":"it-IT","potentialAction":[{"@type":"ReadAction","target":["https:\/\/www.gossip.it\/news\/isola-dei-famosi-2019-cast-ufficiale-reality\/"]}]},{"@type":"ImageObject","inLanguage":"it-IT","@id":"https:\/\/www.gossip.it\/news\/isola-dei-famosi-2019-cast-ufficiale-reality\/#primaryimage","url":"https:\/\/files.gossip.it\/immagini_news\/2019\/01\/1548151178_isola_1.jpg","contentUrl":"https:\/\/files.gossip.it\/immagini_news\/2019\/01\/1548151178_isola_1.jpg"},{"@type":"BreadcrumbList","@id":"https:\/\/www.gossip.it\/news\/isola-dei-famosi-2019-cast-ufficiale-reality\/#breadcrumb","itemListElement":[{"@type":"ListItem","position":1,"name":"Home","item":"https:\/\/www.gossip.it\/"},{"@type":"ListItem","position":2,"name":"Isola dei Famosi 2019: il cast ufficiale del reality"}]},{"@type":"WebSite","@id":"https:\/\/www.gossip.it\/#website","url":"https:\/\/www.gossip.it\/","name":"Gossip and VIP News","description":"Quotidiano di cronaca rosa, costume e societ\u00e0","publisher":{"@id":"https:\/\/www.gossip.it\/#organization"},"alternateName":"Gossip and VIP News","potentialAction":[{"@type":"SearchAction","target":{"@type":"EntryPoint","urlTemplate":"https:\/\/www.gossip.it\/?s={search_term_string}"},"query-input":{"@type":"PropertyValueSpecification","valueRequired":true,"valueName":"search_term_string"}}],"inLanguage":"it-IT"},{"@type":"Organization","@id":"https:\/\/www.gossip.it\/#organization","name":"Gossip and VIP News","alternateName":"Gossip News","url":"https:\/\/www.gossip.it\/","logo":{"@type":"ImageObject","inLanguage":"it-IT","@id":"https:\/\/www.gossip.it\/#\/schema\/logo\/image\/","url":"https:\/\/www.gossip.it\/wp-content\/uploads\/2022\/04\/cropped-corna-alta-tiny.png","contentUrl":"https:\/\/www.gossip.it\/wp-content\/uploads\/2022\/04\/cropped-corna-alta-tiny.png","width":512,"height":512,"caption":"Gossip and VIP News"},"image":{"@id":"https:\/\/www.gossip.it\/#\/schema\/logo\/image\/"},"sameAs":["https:\/\/www.facebook.com\/GossipIT","https:\/\/x.com\/gossinews_it","https:\/\/instagram.com\/gossip_it"]},{"@type":"Person","@id":"https:\/\/www.gossip.it\/#\/schema\/person\/488896f75158bff1cc83c6c39d141110","name":"La Redazione","image":{"@type":"ImageObject","inLanguage":"it-IT","@id":"https:\/\/www.gossip.it\/#\/schema\/person\/image\/","url":"https:\/\/secure.gravatar.com\/avatar\/5a5f5c6fa3e6700e4249abdad0263a1e94e927d9e0499b1cb09c1cd29c044d80?s=96&d=mm&r=g","contentUrl":"https:\/\/secure.gravatar.com\/avatar\/5a5f5c6fa3e6700e4249abdad0263a1e94e927d9e0499b1cb09c1cd29c044d80?s=96&d=mm&r=g","caption":"La Redazione"},"sameAs":["https:\/\/www.gossip.it"]}]}},"amp_enabled":true,"_links":{"self":[{"href":"https:\/\/www.gossip.it\/api\/wp\/v2\/posts\/63288","targetHints":{"allow":["GET"]}}],"collection":[{"href":"https:\/\/www.gossip.it\/api\/wp\/v2\/posts"}],"about":[{"href":"https:\/\/www.gossip.it\/api\/wp\/v2\/types\/post"}],"author":[{"embeddable":true,"href":"https:\/\/www.gossip.it\/api\/wp\/v2\/users\/1"}],"replies":[{"embeddable":true,"href":"https:\/\/www.gossip.it\/api\/wp\/v2\/comments?post=63288"}],"version-history":[{"count":0,"href":"https:\/\/www.gossip.it\/api\/wp\/v2\/posts\/63288\/revisions"}],"wp:featuredmedia":[{"embeddable":true,"href":"https:\/\/www.gossip.it\/api\/wp\/v2\/media\/119334"}],"wp:attachment":[{"href":"https:\/\/www.gossip.it\/api\/wp\/v2\/media?parent=63288"}],"wp:term":[{"taxonomy":"category","embeddable":true,"href":"https:\/\/www.gossip.it\/api\/wp\/v2\/categories?post=63288"},{"taxonomy":"post_tag","embeddable":true,"href":"https:\/\/www.gossip.it\/api\/wp\/v2\/tags?post=63288"},{"taxonomy":"vip","embeddable":true,"href":"https:\/\/www.gossip.it\/api\/wp\/v2\/vip?post=63288"}],"curies":[{"name":"wp","href":"https:\/\/api.w.org\/{rel}","templated":true}]}}