{"id":63326,"date":"2019-01-24T00:00:00","date_gmt":"2019-01-23T23:00:00","guid":{"rendered":"https:\/\/www.gossip.it\/senza-categoria\/giulia-salemi-francesco-monte-tiene-in-forma\/"},"modified":"2019-01-24T00:00:00","modified_gmt":"2019-01-23T23:00:00","slug":"giulia-salemi-francesco-monte-tiene-in-forma","status":"publish","type":"post","link":"https:\/\/www.gossip.it\/news\/giulia-salemi-francesco-monte-tiene-in-forma\/","title":{"rendered":"Giulia Salemi: 'Francesco Monte mi tiene in forma in tutti i sensi: mi appaga\u2019"},"content":{"rendered":"<p><a href=\"\/vip\/giulia-salemi\/\">Giulia Salemi<\/a> durante una diretta su<em> Instagram<\/em> parla dell\u2019uomo che l\u2019ha resa felice, <a href=\"\/vip\/francesco-monte\/\">Francesco Monte<\/a>, a cui ormai \u00e8 legatissima. <em>\u201cMi <strong>tiene in forma<\/strong> in tutti i sensi, psicologicamente e fisicamente: mi appaga\u201d<\/em>, confida la 25enne italo-persiana. Fa intendere che con lui anche sotto le lenzuola le cose vanno pi\u00f9 che bene\u2026<\/p>\n<figure class=\"caption\"><img decoding=\"async\" alt=\"\" width=\"640\" height=\"798\" src=\"https:\/\/files.gossip.it\/immagini_news\/2019\/01\/1548338892_fralemi_1.jpg\" \/><figcaption>Giulia Salemi in una diretta social svela che Francesco Monte la tiene in forma in tutti i sensi...<\/figcaption><\/figure>\n<p><strong>Francesco Monte<\/strong> la<strong> tiene in forma<\/strong>. <strong>Giulia Salemi <\/strong>\u00e8 al settimo cielo. <em>\u201cDa quando Francesco \u00e8 fuori dalla Casa del <\/em><a href=\"\/vip\/gf-vip\/\">GF Vip<\/a><em>, \u00e8 un\u2019altra persona: \u00e8 di una dolcezza estrema, assurda<\/em> - racconta l\u2019influencer, ora tornata sul set da <a href=\"\/vip\/modella\/\">modella<\/a> e molto richiesta - <em>E\u2019 dolce, \u00e8 serio, \u00e8 un ragazzo d\u2019altri tempi\u201d<\/em>. La mora riempie di lodi l\u2019ex tronista 28enne di <a href=\"\/vip\/uomini-e donne\/\">Uomini e Donne<\/a>. I complimenti per lui sono infiniti.<em> \u201cE\u2019 un ragazzo di cui ti puoi fidare, che sai che c\u2019\u00e8 e si prende cura della tua persona e te lo dimostra in tutti i modi\u201d, <\/em>continua ancora la Salemi.<\/p>\n<div class=\"video_integrato\" data-videoid=\"5731\" data-autostart=\"true\">\u00a0<\/div>\n<p><strong>Francesco Monte<\/strong> non solo la<strong> tiene in forma<\/strong> in tutti i modi, ma le trasmette principi sani e valori che ora sono importanti anche per lei. <strong>Giulia Salemi<\/strong> \u00e8 davvero contenta. <em>\u201cMi riempie di amore e di coccole e mi d\u00e0 tanti bacini. Io adoro tutto questo perch\u00e9 amo i bacini\u201d<\/em>, sottolinea ancora.<\/p>\n<figure class=\"caption\"><img decoding=\"async\" alt=\"\" width=\"640\" height=\"541\" src=\"https:\/\/files.gossip.it\/immagini_news\/2019\/01\/1548338938_fralemi_2.jpg\" \/><figcaption>L'ex tronista 28enne appaga completamente la 25enne<\/figcaption><\/figure>\n<p>Nella lunga diretta del suo rapporto con il pugliese Giulia dice ancora: <em>\u201cNon discutiamo mai seriamente, solo piccoli confronti. Abbiamo imparato a conoscerci, capirci e saperci prendere l\u2019un l\u2019altro. Non perdiamo tempo a discutere quando si pu\u00f2 passare il tempo in maniera migliore e costruttiva\u201d.<\/em> Poi conclude: <em>\u201cChe passi questo messaggio: la parola fidanzati non \u00e8 pi\u00f9 un tab\u00f9. Siamo fidanzati a tutti gli effetti e anche molto, molto felici\u201d.<\/em><\/p>\n<p>\u00a0<\/p>\n","protected":false},"excerpt":{"rendered":"<p>Giulia Salemi durante una diretta su Instagram parla dell\u2019uomo che l\u2019ha resa felice, Francesco Monte, a cui ormai \u00e8 legatissima. \u201cMi tiene in forma in tutti i sensi, psicologicamente e fisicamente: mi appaga\u201d, confida la 25enne italo-persiana. Fa intendere che con lui anche sotto le lenzuola le cose vanno pi\u00f9 che bene\u2026 Giulia Salemi in [&hellip;]<\/p>\n","protected":false},"author":1,"featured_media":119372,"comment_status":"closed","ping_status":"closed","sticky":false,"template":"","format":"standard","meta":{"footnotes":""},"categories":[54],"tags":[2387,2137,1880,2102,1896,12064,8847,2126,1968,1875,2198,2121,1997,2205,1934,1923,58854,2113],"vip":[],"class_list":["post-63326","post","type-post","status-publish","format-standard","has-post-thumbnail","hentry","category-news","tag-amore","tag-attore","tag-coppia","tag-dichiarazioni","tag-diretta","tag-fralemi","tag-francesco-monte","tag-gf-vip","tag-giulia-salemi","tag-grande-fratello-vip","tag-influencer","tag-instagram","tag-modella","tag-modello","tag-reality","tag-social","tag-tiene-in-forma","tag-tronista"],"yoast_head":"<title>Giulia Salemi: &#039;Francesco Monte mi tiene in forma in tutti i sensi: mi appaga\u2019 - Gossip.it | News sul Gossip e VIP<\/title>\n<meta name=\"description\" content=\"Giulia Salemi durante una diretta su Instagram parla dell\u2019uomo che l\u2019ha resa felice, Francesco Monte, a cui ormai \u00e8 legatissima. \u201cMi tiene in forma in\" \/>\n<meta name=\"robots\" content=\"index, follow, max-snippet:-1, max-image-preview:large, max-video-preview:-1\" \/>\n<link rel=\"canonical\" href=\"https:\/\/www.gossip.it\/news\/giulia-salemi-francesco-monte-tiene-in-forma\/\" \/>\n<meta property=\"og:locale\" content=\"it_IT\" \/>\n<meta property=\"og:type\" content=\"article\" \/>\n<meta property=\"og:title\" content=\"Giulia Salemi: &#039;Francesco Monte mi tiene in forma in tutti i sensi: mi appaga\u2019 - Gossip.it | News sul Gossip e VIP\" \/>\n<meta property=\"og:description\" content=\"Giulia Salemi durante una diretta su Instagram parla dell\u2019uomo che l\u2019ha resa felice, Francesco Monte, a cui ormai \u00e8 legatissima. \u201cMi tiene in forma in\" \/>\n<meta property=\"og:url\" content=\"https:\/\/www.gossip.it\/news\/giulia-salemi-francesco-monte-tiene-in-forma\/\" \/>\n<meta property=\"og:site_name\" content=\"Gossip.it | News sul Gossip e VIP\" \/>\n<meta property=\"article:publisher\" content=\"https:\/\/www.facebook.com\/GossipIT\" \/>\n<meta property=\"article:published_time\" content=\"2019-01-23T23:00:00+00:00\" \/>\n<meta property=\"og:image\" content=\"https:\/\/files.gossip.it\/immagini_news\/2019\/01\/1548338892_fralemi_1.jpg\" \/>\n<meta name=\"author\" content=\"La Redazione\" \/>\n<meta name=\"twitter:card\" content=\"summary_large_image\" \/>\n<meta name=\"twitter:image\" content=\"https:\/\/files.gossip.it\/immagini_news\/2019\/01\/1548338892_fralemi_1.jpg\" \/>\n<meta name=\"twitter:creator\" content=\"@gossinews_it\" \/>\n<meta name=\"twitter:site\" content=\"@gossinews_it\" \/>\n<meta name=\"twitter:label1\" content=\"Scritto da\" \/>\n\t<meta name=\"twitter:data1\" content=\"Annamaria Capozzi\" \/>\n\t<meta name=\"twitter:label2\" content=\"Tempo di lettura stimato\" \/>\n\t<meta name=\"twitter:data2\" content=\"2 minuti\" \/>","yoast_head_json":{"title":"Giulia Salemi: 'Francesco Monte mi tiene in forma in tutti i sensi: mi appaga\u2019 - Gossip.it | News sul Gossip e VIP","description":"Giulia Salemi durante una diretta su Instagram parla dell\u2019uomo che l\u2019ha resa felice, Francesco Monte, a cui ormai \u00e8 legatissima. \u201cMi tiene in forma in","robots":{"index":"index","follow":"follow","max-snippet":"max-snippet:-1","max-image-preview":"max-image-preview:large","max-video-preview":"max-video-preview:-1"},"canonical":"https:\/\/www.gossip.it\/news\/giulia-salemi-francesco-monte-tiene-in-forma\/","og_locale":"it_IT","og_type":"article","og_title":"Giulia Salemi: 'Francesco Monte mi tiene in forma in tutti i sensi: mi appaga\u2019 - Gossip.it | News sul Gossip e VIP","og_description":"Giulia Salemi durante una diretta su Instagram parla dell\u2019uomo che l\u2019ha resa felice, Francesco Monte, a cui ormai \u00e8 legatissima. \u201cMi tiene in forma in","og_url":"https:\/\/www.gossip.it\/news\/giulia-salemi-francesco-monte-tiene-in-forma\/","og_site_name":"Gossip.it | News sul Gossip e VIP","article_publisher":"https:\/\/www.facebook.com\/GossipIT","article_published_time":"2019-01-23T23:00:00+00:00","og_image":[{"url":"https:\/\/files.gossip.it\/immagini_news\/2019\/01\/1548338892_fralemi_1.jpg"}],"author":"La Redazione","twitter_card":"summary_large_image","twitter_image":"https:\/\/files.gossip.it\/immagini_news\/2019\/01\/1548338892_fralemi_1.jpg","twitter_creator":"@gossinews_it","twitter_site":"@gossinews_it","twitter_misc":{"Scritto da":"Annamaria Capozzi","Tempo di lettura stimato":"2 minuti"},"schema":{"@context":"https:\/\/schema.org","@graph":[{"@type":"Article","@id":"https:\/\/www.gossip.it\/news\/giulia-salemi-francesco-monte-tiene-in-forma\/#article","isPartOf":{"@id":"https:\/\/www.gossip.it\/news\/giulia-salemi-francesco-monte-tiene-in-forma\/"},"author":{"name":"La Redazione","@id":"https:\/\/www.gossip.it\/#\/schema\/person\/488896f75158bff1cc83c6c39d141110"},"headline":"Giulia Salemi: 'Francesco Monte mi tiene in forma in tutti i sensi: mi appaga\u2019","datePublished":"2019-01-23T23:00:00+00:00","dateModified":"2019-01-23T23:00:00+00:00","mainEntityOfPage":{"@id":"https:\/\/www.gossip.it\/news\/giulia-salemi-francesco-monte-tiene-in-forma\/"},"wordCount":316,"publisher":{"@id":"https:\/\/www.gossip.it\/#organization"},"image":{"@id":"https:\/\/www.gossip.it\/news\/giulia-salemi-francesco-monte-tiene-in-forma\/#primaryimage"},"thumbnailUrl":"https:\/\/files.gossip.it\/immagini_news\/2019\/01\/1548338892_fralemi_1.jpg","keywords":["amore","attore","coppia","dichiarazioni","diretta","fralemi","francesco monte","gf vip","giulia salemi","grande fratello vip","influencer","instagram","modella","modello","reality","social","tiene in forma","tronista"],"articleSection":["News"],"inLanguage":"it-IT"},{"@type":"WebPage","@id":"https:\/\/www.gossip.it\/news\/giulia-salemi-francesco-monte-tiene-in-forma\/","url":"https:\/\/www.gossip.it\/news\/giulia-salemi-francesco-monte-tiene-in-forma\/","name":"Giulia Salemi: 'Francesco Monte mi tiene in forma in tutti i sensi: mi appaga\u2019 - Gossip.it | News sul Gossip e VIP","isPartOf":{"@id":"https:\/\/www.gossip.it\/#website"},"primaryImageOfPage":{"@id":"https:\/\/www.gossip.it\/news\/giulia-salemi-francesco-monte-tiene-in-forma\/#primaryimage"},"image":{"@id":"https:\/\/www.gossip.it\/news\/giulia-salemi-francesco-monte-tiene-in-forma\/#primaryimage"},"thumbnailUrl":"https:\/\/files.gossip.it\/immagini_news\/2019\/01\/1548338892_fralemi_1.jpg","datePublished":"2019-01-23T23:00:00+00:00","dateModified":"2019-01-23T23:00:00+00:00","description":"Giulia Salemi durante una diretta su Instagram parla dell\u2019uomo che l\u2019ha resa felice, Francesco Monte, a cui ormai \u00e8 legatissima. \u201cMi tiene in forma in","breadcrumb":{"@id":"https:\/\/www.gossip.it\/news\/giulia-salemi-francesco-monte-tiene-in-forma\/#breadcrumb"},"inLanguage":"it-IT","potentialAction":[{"@type":"ReadAction","target":["https:\/\/www.gossip.it\/news\/giulia-salemi-francesco-monte-tiene-in-forma\/"]}]},{"@type":"ImageObject","inLanguage":"it-IT","@id":"https:\/\/www.gossip.it\/news\/giulia-salemi-francesco-monte-tiene-in-forma\/#primaryimage","url":"https:\/\/files.gossip.it\/immagini_news\/2019\/01\/1548338892_fralemi_1.jpg","contentUrl":"https:\/\/files.gossip.it\/immagini_news\/2019\/01\/1548338892_fralemi_1.jpg"},{"@type":"BreadcrumbList","@id":"https:\/\/www.gossip.it\/news\/giulia-salemi-francesco-monte-tiene-in-forma\/#breadcrumb","itemListElement":[{"@type":"ListItem","position":1,"name":"Home","item":"https:\/\/www.gossip.it\/"},{"@type":"ListItem","position":2,"name":"Giulia Salemi: 'Francesco Monte mi tiene in forma in tutti i sensi: mi appaga\u2019"}]},{"@type":"WebSite","@id":"https:\/\/www.gossip.it\/#website","url":"https:\/\/www.gossip.it\/","name":"Gossip and VIP News","description":"Quotidiano di cronaca rosa, costume e societ\u00e0","publisher":{"@id":"https:\/\/www.gossip.it\/#organization"},"alternateName":"Gossip and VIP News","potentialAction":[{"@type":"SearchAction","target":{"@type":"EntryPoint","urlTemplate":"https:\/\/www.gossip.it\/?s={search_term_string}"},"query-input":{"@type":"PropertyValueSpecification","valueRequired":true,"valueName":"search_term_string"}}],"inLanguage":"it-IT"},{"@type":"Organization","@id":"https:\/\/www.gossip.it\/#organization","name":"Gossip and VIP News","alternateName":"Gossip News","url":"https:\/\/www.gossip.it\/","logo":{"@type":"ImageObject","inLanguage":"it-IT","@id":"https:\/\/www.gossip.it\/#\/schema\/logo\/image\/","url":"https:\/\/www.gossip.it\/wp-content\/uploads\/2022\/04\/cropped-corna-alta-tiny.png","contentUrl":"https:\/\/www.gossip.it\/wp-content\/uploads\/2022\/04\/cropped-corna-alta-tiny.png","width":512,"height":512,"caption":"Gossip and VIP News"},"image":{"@id":"https:\/\/www.gossip.it\/#\/schema\/logo\/image\/"},"sameAs":["https:\/\/www.facebook.com\/GossipIT","https:\/\/x.com\/gossinews_it","https:\/\/instagram.com\/gossip_it"]},{"@type":"Person","@id":"https:\/\/www.gossip.it\/#\/schema\/person\/488896f75158bff1cc83c6c39d141110","name":"La Redazione","image":{"@type":"ImageObject","inLanguage":"it-IT","@id":"https:\/\/www.gossip.it\/#\/schema\/person\/image\/","url":"https:\/\/secure.gravatar.com\/avatar\/5a5f5c6fa3e6700e4249abdad0263a1e94e927d9e0499b1cb09c1cd29c044d80?s=96&d=mm&r=g","contentUrl":"https:\/\/secure.gravatar.com\/avatar\/5a5f5c6fa3e6700e4249abdad0263a1e94e927d9e0499b1cb09c1cd29c044d80?s=96&d=mm&r=g","caption":"La Redazione"},"sameAs":["https:\/\/www.gossip.it"]}]}},"amp_enabled":true,"_links":{"self":[{"href":"https:\/\/www.gossip.it\/api\/wp\/v2\/posts\/63326","targetHints":{"allow":["GET"]}}],"collection":[{"href":"https:\/\/www.gossip.it\/api\/wp\/v2\/posts"}],"about":[{"href":"https:\/\/www.gossip.it\/api\/wp\/v2\/types\/post"}],"author":[{"embeddable":true,"href":"https:\/\/www.gossip.it\/api\/wp\/v2\/users\/1"}],"replies":[{"embeddable":true,"href":"https:\/\/www.gossip.it\/api\/wp\/v2\/comments?post=63326"}],"version-history":[{"count":0,"href":"https:\/\/www.gossip.it\/api\/wp\/v2\/posts\/63326\/revisions"}],"wp:featuredmedia":[{"embeddable":true,"href":"https:\/\/www.gossip.it\/api\/wp\/v2\/media\/119372"}],"wp:attachment":[{"href":"https:\/\/www.gossip.it\/api\/wp\/v2\/media?parent=63326"}],"wp:term":[{"taxonomy":"category","embeddable":true,"href":"https:\/\/www.gossip.it\/api\/wp\/v2\/categories?post=63326"},{"taxonomy":"post_tag","embeddable":true,"href":"https:\/\/www.gossip.it\/api\/wp\/v2\/tags?post=63326"},{"taxonomy":"vip","embeddable":true,"href":"https:\/\/www.gossip.it\/api\/wp\/v2\/vip?post=63326"}],"curies":[{"name":"wp","href":"https:\/\/api.w.org\/{rel}","templated":true}]}}