{"id":63328,"date":"2019-01-25T00:00:00","date_gmt":"2019-01-24T23:00:00","guid":{"rendered":"https:\/\/www.gossip.it\/senza-categoria\/isola-dei-famosi-marina-la-rosa-leader\/"},"modified":"2019-01-25T00:00:00","modified_gmt":"2019-01-24T23:00:00","slug":"isola-dei-famosi-marina-la-rosa-leader","status":"publish","type":"post","link":"https:\/\/www.gossip.it\/news\/isola-dei-famosi-marina-la-rosa-leader\/","title":{"rendered":"Isola dei Famosi, Alessia Marcuzzi in super mini: Marina La Rosa \u00e8 subito leader"},"content":{"rendered":"<p>L\u2019<a href=\"\/vip\/isola-dei famosi\/\">Isola dei Famosi<\/a> non parte col botto, il <a href=\"\/vip\/reality\/\">reality<\/a> al via conquista 3 milioni 62mila spettatori pari al 18,27% di share. <a href=\"\/vip\/alessia-marcuzzi\/\">Alessia Marcuzzi<\/a> per il debutto della nuova stagione dello show indossa un abito nero super mini con tante spille a fermare lo spacco os\u00e9 di <a href=\"\/vip\/donatella-versace\/\">Donatella Versace<\/a>, trucco molto naturale per la 46enne e capelli portati lisci sulle spalle con la riga in mezzo. La puntata decreta subito la <strong>leader<\/strong> della settimana: \u00e8 <a href=\"\/vip\/marina-la rosa\/\">Marina La Rosa<\/a>. In nomination vanno in tre: <a href=\"\/vip\/kaspar-capparoni\/\">Kaspar Capparoni<\/a>, <a href=\"\/vip\/demetra-hampton\/\">Demetra Hampton<\/a> e <a href=\"\/vip\/taylor-mega\/\">Taylor Mega<\/a>.<\/p>\n<figure class=\"caption\"><img decoding=\"async\" alt=\"\" width=\"640\" height=\"363\" src=\"https:\/\/files.gossip.it\/immagini_news\/2019\/01\/1548411320_isola_1.jpg\" \/><figcaption>Alessia Marcuzzi in nero apre la nuova edizione dell''Isola dei Famosi'<\/figcaption><\/figure>\n<p>In studio all\u2019<strong>Isola dei Famosi<\/strong>, coadiuvata da <a href=\"\/vip\/alba-parietti\/\">Alba Parietti<\/a> e <a href=\"\/vip\/alda-d\u2019eusanio\/\">Alda D\u2019Eusanio<\/a> opinioniste e la <a href=\"\/vip\/gialappa\u2019s-band\/\">Gialappa\u2019s Band<\/a>, Alessia Marcuzzi spiega i nuovi meccanismi del gioco. Nell\u2019edizione numero 14 i naufraghi vivranno nel <em>\u2018mondo dei pirati\u2019.<\/em> Mano a mano i concorrenti vengono presentati. I primi cinque sono\u00a0<a href=\"\/vip\/riccardo-fogli\/\">Riccardo Fogli<\/a>, <a href=\"\/vip\/grecia-colmenares\/\">Grecia Colmenares<\/a>, <a href=\"\/vip\/marco-maddaloni\/\">Marco Maddaloni<\/a>, Taylor Mega e <a href=\"\/vip\/alvin\/\">Alvin<\/a>. Quest\u2019ultimo \u00e8 ancora<em> \u2018sotto copertura\u2019<\/em>. Solo al momento di entrare in Palapa tutti scopriranno che \u00e8 il vero inviato del <a href=\"\/vip\/reality\/\">reality<\/a>. <a href=\"\/vip\/filippo-nardi\/\">Filippo Nardi<\/a>, intanto, da complice, lo sostituisce.<\/p>\n<figure class=\"caption\"><img decoding=\"async\" alt=\"\" width=\"640\" height=\"777\" src=\"https:\/\/files.gossip.it\/immagini_news\/2019\/01\/1548414632_isola_2.jpg\" \/><figcaption>Abito super mini di Donatella Versace per la conduttrice 46enne<\/figcaption><\/figure>\n<div class=\"video_integrato\" data-videoid=\"5732\" data-autostart=\"true\">\u00a0<\/div>\n<p>Appena arrivato in spiaggia il gruppetto deve cimentarsi in una prova per conquistare degli oggetti che potranno essere molto utili durante la permanenza in Honduras. I cinque riescono a vincere, per\u00f2, solo una bottiglia di brodo di gallina e una scopetta.<\/p>\n<p>Arrivano altri cinque naufraghi: Virginia e <a href=\"\/vip\/viktorija-mihajlovic\/\">Viktorija Mihajlovic<\/a>, <a href=\"\/vip\/abdelkander-ghezzal\/\">Abdelkander Ghezzal<\/a>, <a href=\"\/vip\/aaron-nielsen\/\">Aaron Nielsen<\/a> e <strong>Marina La Rosa<\/strong>, anche per loro, dopo il lancio dall\u2019elicottero e l\u2019arrivo sull\u2019<a href=\"\/vip\/isola\/\">Isola<\/a>, c\u2019\u00e8 la prova in cui conquistano un set di stuoie e un aggeggio per pulirsi le mani.<\/p>\n<figure class=\"caption\"><img decoding=\"async\" alt=\"\" width=\"640\" height=\"371\" src=\"https:\/\/files.gossip.it\/immagini_news\/2019\/01\/1548411393_isola_3.jpg\" \/><figcaption>Alvin svela a tutti che \u00e8 lui il vero inviato del reality<\/figcaption><\/figure>\n<p><a href=\"\/vip\/sarah-altobello\/\">Sarah Altobello<\/a>, Demetra Hampton e <a href=\"\/vip\/paolo-brosio\/\">Paolo Brosio<\/a> arrivano in zattera, Kaspar Capparoni, l'ex cantante di \"<a href=\"\/vip\/amici\/\">Amici<\/a>\" <a href=\"\/vip\/luca-vismara\/\">Luca Vismara<\/a> e <a href=\"\/vip\/youma-diakite\/\">Youma Diakite<\/a> sempre<em> \u2018via cielo\u2019.<\/em> Marca <a href=\"\/vip\/jo-squillo\/\">Jo Squillo<\/a>. La <a href=\"\/vip\/pinella\/\">Pinella<\/a> annuncia che \u00e8 assente perch\u00e9 ha avuto un problema familiare, spera possa aggregarsi al gruppo durante la seconda puntata dell\u2019<strong>Isola dei Famosi<\/strong>.<\/p>\n<p>Finite le presentazioni, Alessia Marcuzzi in studio presenta le<em> \u2018polene\u2019<\/em>, aspiranti naufraghi che hanno gi\u00e0 partecipato al reality: sono <a href=\"\/vip\/francesca-cipriani\/\">Francesca Cipriani<\/a> e il <a href=\"\/vip\/mago-otelma\/\">Mago Otelma<\/a>. I due partiranno per l\u2019Honduras e si fermeranno l\u00ec per una settimana. I naufraghi decideranno, di volta in volta, chi eliminare tra i nuovi arrivi, fino alla sesta puntata, nella quale uno di loro diventer\u00e0 concorrente ufficiale.<\/p>\n<figure class=\"caption\"><img decoding=\"async\" alt=\"\" width=\"640\" height=\"355\" src=\"https:\/\/files.gossip.it\/immagini_news\/2019\/01\/1548411421_isola_4.jpg\" \/><figcaption>Francesca Cipriami e il Mago Otelma sono le 'polene', aspiranti naufraghi<\/figcaption><\/figure>\n<p>Finalmente i concorrenti vengono invitati in Palapa, a fine serata saranno divisi in due gruppi: uno andr\u00e0 nell\u2019isola dei pirati, pi\u00f9 confortevole, un altro, la ciurma, in un luogo molto pi\u00f9 inospitale. In questa edizione c\u2019\u00e8 anche il<em> Cocco d\u2019Oro<\/em>, sar\u00e0 nascosto e chi lo trover\u00e0 durante una caccia al tesoro, acceder\u00e0 direttamente in finale. Viene anche svelato che Alvin non \u00e8 un naufrago, ma il vero inviato del programma. Molti vip rimangono a bocca aperta, altri confidano che avevano avuto qualche sospetto.<\/p>\n<figure class=\"caption\"><img decoding=\"async\" alt=\"\" width=\"640\" height=\"363\" src=\"https:\/\/files.gossip.it\/immagini_news\/2019\/01\/1548411460_isola_5.jpg\" \/><figcaption>Il Palapa viene eletta Marina La Rosa leader della settimana<\/figcaption><\/figure>\n<p>Alessia Marcuzzi affronta il primo caso dell\u2019<strong>Isola dei Famos<\/strong>i, quello che coinvolge Taylor Mega, intenzionata a rimanere per solo tre settimane e subito la redarguisce. Poi viene eletto il <strong>leader<\/strong>. In realt\u00e0 durante la permanenza in villa i naufraghi sono stati chiamati a votare <em>\u201cIl pi\u00f9 antipatico del gruppo\u201d,<\/em> il nome pi\u00f9 gettonato \u00e8 stato quello di <strong>Marina La Rosa<\/strong>. A sorpresa \u00e8 lei a essere eletta. A sua volta l\u2019ex gieffina deve dire chi sono i pi\u00f9 antipatici per lei. <strong>Marina La Rosa<\/strong>, da <strong>leader<\/strong>, fa i nomi di Demetra Hampton, Kaspar Capparoni e Taylor Mega. Altro colpo di scena: nessuna penitenza per loro, poi pure nominati da compagni a fine serata. Andranno sull\u2019isola dei pirati insieme alla <strong>leader<\/strong>. L\u00ec avranno a loro disposizione <em>\u2018i galeotti\u2019<\/em>, i quattro finalisti di <em>\u201cSaranno Isolani\u201d,<\/em> Alice, Giorgia, Yuri e John. Due di loro alla fine del percorso entreranno definitivamente nel cast.<\/p>\n<p>I restanti naufraghi sono<em> \u2018la ciurma\u2019.<\/em> Nella loro isola senza confort per ottenere il riso dovranno lavorare a una macchina, dove bisogna spingere delle leve. In questo modo otterranno anche il riso che andr\u00e0 ai pirati, che sceglieranno quanto prenderne. Per ottenere il fuoco invece c'\u00e8 da superare una prova: l'affrontano Paolo Brosio, Sarah Altobello e Marco Maddaloni e fortunatamente la superano.<\/p>\n<figure class=\"caption\"><img decoding=\"async\" alt=\"\" width=\"640\" height=\"361\" src=\"https:\/\/files.gossip.it\/immagini_news\/2019\/01\/1548411500_isola_6.jpg\" \/><figcaption>In nomination vanno Kaspar Capparoni, Dementra Hampton e Taylor Mega<\/figcaption><\/figure>\n<p>Si parte con le nomination. I pirati le fanno segrete, gli altri palesi sulle famose lavagnette. La pi\u00f9 colpita del gruppo \u00e8 Demetra, che scoppia a piangere. Poi viene fatto il nome di Kaspar. Ai due si aggiunge Taylor, nominata dalla<strong> leader Marina La Rosa<\/strong>. Sono loro che vanno al televoto. Chi sar\u00e0 il primo eliminato?<\/p>\n<p>\u00a0<\/p>\n<p>\u00a0<\/p>\n","protected":false},"excerpt":{"rendered":"<p>L\u2019Isola dei Famosi non parte col botto, il reality al via conquista 3 milioni 62mila spettatori pari al 18,27% di share. Alessia Marcuzzi per il debutto della nuova stagione dello show indossa un abito nero super mini con tante spille a fermare lo spacco os\u00e9 di Donatella Versace, trucco molto naturale per la 46enne e [&hellip;]<\/p>\n","protected":false},"author":1,"featured_media":119374,"comment_status":"closed","ping_status":"closed","sticky":false,"template":"","format":"standard","meta":{"footnotes":""},"categories":[54],"tags":[58799,58837,2231,2098,2228,55747,1992,2102,58838,2103,6165,2199,12319,58604,2095,12320,58603,5755,12254,36081,12253,4444,4488,58856,1934,2128,52473,12121,2097,58855,58800,58801,8183],"vip":[231,239,275,772,1012,1042,1253,1468,1560],"class_list":["post-63328","post","type-post","status-publish","format-standard","has-post-thumbnail","hentry","category-news","tag-aaron-nielsen","tag-abdelkander-ghezzal","tag-alvin","tag-canale-5","tag-cast","tag-cast-ufficiale","tag-conduttrice","tag-dichiarazioni","tag-grecia-colmenares","tag-intervista","tag-inviato","tag-isola","tag-isola-14","tag-isola-2019","tag-isola-dei-famosi","tag-isola-dei-famosi-14","tag-isola-dei-famosi-2019","tag-leader","tag-luca-vismara","tag-mago-otelma","tag-marco-maddaloni","tag-naufraga","tag-naufrago","tag-polene","tag-reality","tag-reality-show","tag-sarah-altobello","tag-taylor-mega","tag-tv","tag-tv-prima-puntata","tag-viktorija-mihajlovic","tag-virginia-mihajlovic","tag-youma-diakite","vip-alba_parietti","vip-alda_deusanio","vip-alessia_marcuzzi","vip-francesca_cipriani","vip-jo_squillo","vip-kaspar_capparoni","vip-marina_la_rosa","vip-paolo_brosio","vip-riccardo_fogli"],"yoast_head":"<title>Isola dei Famosi, Alessia Marcuzzi in super mini: Marina La Rosa \u00e8 subito leader - Gossip.it | News sul Gossip e VIP<\/title>\n<meta name=\"description\" content=\"L\u2019Isola dei Famosi non parte col botto, il reality al via conquista 3 milioni 62mila spettatori pari al 18,27% di share. Alessia Marcuzzi per il debutto\" \/>\n<meta name=\"robots\" content=\"index, follow, max-snippet:-1, max-image-preview:large, max-video-preview:-1\" \/>\n<link rel=\"canonical\" href=\"https:\/\/www.gossip.it\/news\/isola-dei-famosi-marina-la-rosa-leader\/\" \/>\n<meta property=\"og:locale\" content=\"it_IT\" \/>\n<meta property=\"og:type\" content=\"article\" \/>\n<meta property=\"og:title\" content=\"Isola dei Famosi, Alessia Marcuzzi in super mini: Marina La Rosa \u00e8 subito leader - Gossip.it | News sul Gossip e VIP\" \/>\n<meta property=\"og:description\" content=\"L\u2019Isola dei Famosi non parte col botto, il reality al via conquista 3 milioni 62mila spettatori pari al 18,27% di share. Alessia Marcuzzi per il debutto\" \/>\n<meta property=\"og:url\" content=\"https:\/\/www.gossip.it\/news\/isola-dei-famosi-marina-la-rosa-leader\/\" \/>\n<meta property=\"og:site_name\" content=\"Gossip.it | News sul Gossip e VIP\" \/>\n<meta property=\"article:publisher\" content=\"https:\/\/www.facebook.com\/GossipIT\" \/>\n<meta property=\"article:published_time\" content=\"2019-01-24T23:00:00+00:00\" \/>\n<meta property=\"og:image\" content=\"https:\/\/files.gossip.it\/immagini_news\/2019\/01\/1548411320_isola_1.jpg\" \/>\n<meta name=\"author\" content=\"La Redazione\" \/>\n<meta name=\"twitter:card\" content=\"summary_large_image\" \/>\n<meta name=\"twitter:image\" content=\"https:\/\/files.gossip.it\/immagini_news\/2019\/01\/1548411320_isola_1.jpg\" \/>\n<meta name=\"twitter:creator\" content=\"@gossinews_it\" \/>\n<meta name=\"twitter:site\" content=\"@gossinews_it\" \/>\n<meta name=\"twitter:label1\" content=\"Scritto da\" \/>\n\t<meta name=\"twitter:data1\" content=\"Annamaria Capozzi\" \/>\n\t<meta name=\"twitter:label2\" content=\"Tempo di lettura stimato\" \/>\n\t<meta name=\"twitter:data2\" content=\"4 minuti\" \/>","yoast_head_json":{"title":"Isola dei Famosi, Alessia Marcuzzi in super mini: Marina La Rosa \u00e8 subito leader - Gossip.it | News sul Gossip e VIP","description":"L\u2019Isola dei Famosi non parte col botto, il reality al via conquista 3 milioni 62mila spettatori pari al 18,27% di share. Alessia Marcuzzi per il debutto","robots":{"index":"index","follow":"follow","max-snippet":"max-snippet:-1","max-image-preview":"max-image-preview:large","max-video-preview":"max-video-preview:-1"},"canonical":"https:\/\/www.gossip.it\/news\/isola-dei-famosi-marina-la-rosa-leader\/","og_locale":"it_IT","og_type":"article","og_title":"Isola dei Famosi, Alessia Marcuzzi in super mini: Marina La Rosa \u00e8 subito leader - Gossip.it | News sul Gossip e VIP","og_description":"L\u2019Isola dei Famosi non parte col botto, il reality al via conquista 3 milioni 62mila spettatori pari al 18,27% di share. Alessia Marcuzzi per il debutto","og_url":"https:\/\/www.gossip.it\/news\/isola-dei-famosi-marina-la-rosa-leader\/","og_site_name":"Gossip.it | News sul Gossip e VIP","article_publisher":"https:\/\/www.facebook.com\/GossipIT","article_published_time":"2019-01-24T23:00:00+00:00","og_image":[{"url":"https:\/\/files.gossip.it\/immagini_news\/2019\/01\/1548411320_isola_1.jpg"}],"author":"La Redazione","twitter_card":"summary_large_image","twitter_image":"https:\/\/files.gossip.it\/immagini_news\/2019\/01\/1548411320_isola_1.jpg","twitter_creator":"@gossinews_it","twitter_site":"@gossinews_it","twitter_misc":{"Scritto da":"Annamaria Capozzi","Tempo di lettura stimato":"4 minuti"},"schema":{"@context":"https:\/\/schema.org","@graph":[{"@type":"Article","@id":"https:\/\/www.gossip.it\/news\/isola-dei-famosi-marina-la-rosa-leader\/#article","isPartOf":{"@id":"https:\/\/www.gossip.it\/news\/isola-dei-famosi-marina-la-rosa-leader\/"},"author":{"name":"La Redazione","@id":"https:\/\/www.gossip.it\/#\/schema\/person\/488896f75158bff1cc83c6c39d141110"},"headline":"Isola dei Famosi, Alessia Marcuzzi in super mini: Marina La Rosa \u00e8 subito leader","datePublished":"2019-01-24T23:00:00+00:00","dateModified":"2019-01-24T23:00:00+00:00","mainEntityOfPage":{"@id":"https:\/\/www.gossip.it\/news\/isola-dei-famosi-marina-la-rosa-leader\/"},"wordCount":804,"publisher":{"@id":"https:\/\/www.gossip.it\/#organization"},"image":{"@id":"https:\/\/www.gossip.it\/news\/isola-dei-famosi-marina-la-rosa-leader\/#primaryimage"},"thumbnailUrl":"https:\/\/files.gossip.it\/immagini_news\/2019\/01\/1548411320_isola_1.jpg","keywords":["aaron nielsen","abdelkander ghezzal","alvin","canale 5","cast","cast ufficiale","conduttrice","dichiarazioni","grecia colmenares","intervista","inviato","isola","isola 14","isola 2019","isola dei famosi","isola dei famosi 14","isola dei famosi 2019","leader","luca vismara","mago otelma","marco maddaloni","naufraga","naufrago","polene","reality","reality show","Sarah Altobello","taylor mega","tv","tv prima puntata","viktorija Mihajlovic","virginia mihajlovic","Youma Diakite"],"articleSection":["News"],"inLanguage":"it-IT"},{"@type":"WebPage","@id":"https:\/\/www.gossip.it\/news\/isola-dei-famosi-marina-la-rosa-leader\/","url":"https:\/\/www.gossip.it\/news\/isola-dei-famosi-marina-la-rosa-leader\/","name":"Isola dei Famosi, Alessia Marcuzzi in super mini: Marina La Rosa \u00e8 subito leader - Gossip.it | News sul Gossip e VIP","isPartOf":{"@id":"https:\/\/www.gossip.it\/#website"},"primaryImageOfPage":{"@id":"https:\/\/www.gossip.it\/news\/isola-dei-famosi-marina-la-rosa-leader\/#primaryimage"},"image":{"@id":"https:\/\/www.gossip.it\/news\/isola-dei-famosi-marina-la-rosa-leader\/#primaryimage"},"thumbnailUrl":"https:\/\/files.gossip.it\/immagini_news\/2019\/01\/1548411320_isola_1.jpg","datePublished":"2019-01-24T23:00:00+00:00","dateModified":"2019-01-24T23:00:00+00:00","description":"L\u2019Isola dei Famosi non parte col botto, il reality al via conquista 3 milioni 62mila spettatori pari al 18,27% di share. Alessia Marcuzzi per il debutto","breadcrumb":{"@id":"https:\/\/www.gossip.it\/news\/isola-dei-famosi-marina-la-rosa-leader\/#breadcrumb"},"inLanguage":"it-IT","potentialAction":[{"@type":"ReadAction","target":["https:\/\/www.gossip.it\/news\/isola-dei-famosi-marina-la-rosa-leader\/"]}]},{"@type":"ImageObject","inLanguage":"it-IT","@id":"https:\/\/www.gossip.it\/news\/isola-dei-famosi-marina-la-rosa-leader\/#primaryimage","url":"https:\/\/files.gossip.it\/immagini_news\/2019\/01\/1548411320_isola_1.jpg","contentUrl":"https:\/\/files.gossip.it\/immagini_news\/2019\/01\/1548411320_isola_1.jpg"},{"@type":"BreadcrumbList","@id":"https:\/\/www.gossip.it\/news\/isola-dei-famosi-marina-la-rosa-leader\/#breadcrumb","itemListElement":[{"@type":"ListItem","position":1,"name":"Home","item":"https:\/\/www.gossip.it\/"},{"@type":"ListItem","position":2,"name":"Isola dei Famosi, Alessia Marcuzzi in super mini: Marina La Rosa \u00e8 subito leader"}]},{"@type":"WebSite","@id":"https:\/\/www.gossip.it\/#website","url":"https:\/\/www.gossip.it\/","name":"Gossip and VIP News","description":"Quotidiano di cronaca rosa, costume e societ\u00e0","publisher":{"@id":"https:\/\/www.gossip.it\/#organization"},"alternateName":"Gossip and VIP News","potentialAction":[{"@type":"SearchAction","target":{"@type":"EntryPoint","urlTemplate":"https:\/\/www.gossip.it\/?s={search_term_string}"},"query-input":{"@type":"PropertyValueSpecification","valueRequired":true,"valueName":"search_term_string"}}],"inLanguage":"it-IT"},{"@type":"Organization","@id":"https:\/\/www.gossip.it\/#organization","name":"Gossip and VIP News","alternateName":"Gossip News","url":"https:\/\/www.gossip.it\/","logo":{"@type":"ImageObject","inLanguage":"it-IT","@id":"https:\/\/www.gossip.it\/#\/schema\/logo\/image\/","url":"https:\/\/www.gossip.it\/wp-content\/uploads\/2022\/04\/cropped-corna-alta-tiny.png","contentUrl":"https:\/\/www.gossip.it\/wp-content\/uploads\/2022\/04\/cropped-corna-alta-tiny.png","width":512,"height":512,"caption":"Gossip and VIP News"},"image":{"@id":"https:\/\/www.gossip.it\/#\/schema\/logo\/image\/"},"sameAs":["https:\/\/www.facebook.com\/GossipIT","https:\/\/x.com\/gossinews_it","https:\/\/instagram.com\/gossip_it"]},{"@type":"Person","@id":"https:\/\/www.gossip.it\/#\/schema\/person\/488896f75158bff1cc83c6c39d141110","name":"La Redazione","image":{"@type":"ImageObject","inLanguage":"it-IT","@id":"https:\/\/www.gossip.it\/#\/schema\/person\/image\/","url":"https:\/\/secure.gravatar.com\/avatar\/5a5f5c6fa3e6700e4249abdad0263a1e94e927d9e0499b1cb09c1cd29c044d80?s=96&d=mm&r=g","contentUrl":"https:\/\/secure.gravatar.com\/avatar\/5a5f5c6fa3e6700e4249abdad0263a1e94e927d9e0499b1cb09c1cd29c044d80?s=96&d=mm&r=g","caption":"La Redazione"},"sameAs":["https:\/\/www.gossip.it"]}]}},"amp_enabled":true,"_links":{"self":[{"href":"https:\/\/www.gossip.it\/api\/wp\/v2\/posts\/63328","targetHints":{"allow":["GET"]}}],"collection":[{"href":"https:\/\/www.gossip.it\/api\/wp\/v2\/posts"}],"about":[{"href":"https:\/\/www.gossip.it\/api\/wp\/v2\/types\/post"}],"author":[{"embeddable":true,"href":"https:\/\/www.gossip.it\/api\/wp\/v2\/users\/1"}],"replies":[{"embeddable":true,"href":"https:\/\/www.gossip.it\/api\/wp\/v2\/comments?post=63328"}],"version-history":[{"count":0,"href":"https:\/\/www.gossip.it\/api\/wp\/v2\/posts\/63328\/revisions"}],"wp:featuredmedia":[{"embeddable":true,"href":"https:\/\/www.gossip.it\/api\/wp\/v2\/media\/119374"}],"wp:attachment":[{"href":"https:\/\/www.gossip.it\/api\/wp\/v2\/media?parent=63328"}],"wp:term":[{"taxonomy":"category","embeddable":true,"href":"https:\/\/www.gossip.it\/api\/wp\/v2\/categories?post=63328"},{"taxonomy":"post_tag","embeddable":true,"href":"https:\/\/www.gossip.it\/api\/wp\/v2\/tags?post=63328"},{"taxonomy":"vip","embeddable":true,"href":"https:\/\/www.gossip.it\/api\/wp\/v2\/vip?post=63328"}],"curies":[{"name":"wp","href":"https:\/\/api.w.org\/{rel}","templated":true}]}}