{"id":63388,"date":"2019-01-31T00:00:00","date_gmt":"2019-01-30T23:00:00","guid":{"rendered":"https:\/\/www.gossip.it\/senza-categoria\/giulia-de-lellis-uomini-e-donne-serale\/"},"modified":"2019-01-31T00:00:00","modified_gmt":"2019-01-30T23:00:00","slug":"giulia-de-lellis-uomini-e-donne-serale","status":"publish","type":"post","link":"https:\/\/www.gossip.it\/news\/giulia-de-lellis-uomini-e-donne-serale\/","title":{"rendered":"Giulia De Lellis a Roma per la puntata serale di 'Uomini e Donne'"},"content":{"rendered":"<p><a href=\"\/vip\/giulia-de lellis\/\">Giulia De Lellis<\/a> in queste ore si trova a Roma. La nota influencer \u00e8 impegnata nella registrazione della prima puntata <strong>serale <\/strong>di \"<a href=\"\/vip\/uomini-e donne\/\">Uomini e Donne<\/a>\", dedicata alla scelta di <a href=\"\/vip\/teresa-langella\/\">Teresa Langella<\/a>.\u00a0<\/p>\n<figure class=\"caption\"><img decoding=\"async\" alt=\"\" width=\"640\" height=\"969\" src=\"https:\/\/files.gossip.it\/immagini_news\/2019\/01\/1548940347_giulia_de_lellis.jpg\" \/><figcaption>Giulia De Lellis in macchina per raggiungere gli studi di 'Uomini e Donne'<\/figcaption><\/figure>\n<p><strong>Giulia<\/strong> pubblica su <a href=\"\/vip\/instagram\/\">Instagram<\/a> delle stories mentre si trova sulla macchina che la sta conducendo negli studi romani di \"<strong>Uomini e Donne<\/strong>\". Dopo aver dato il buongiorno ai fan nella mattina di gioved\u00ec 31 gennaio, la<strong> De Lellis<\/strong> rivela dove si sta recando: <em>\"Stiamo andando a registrare la mia prima scena a '<strong>Uomini e Donne<\/strong>'\"<\/em>, afferma l'ex corteggiatrice. <strong>Giulia<\/strong>\u00a0non pu\u00f2 svelare molto su quanto accadr\u00e0 in studio. La redazione le ha imposto di tenere la bocca cucita sui contenuti della prima puntata<strong> serale<\/strong> di \"<strong>Uomini e Donne<\/strong>\". Una cosa, per\u00f2, la <strong>De Lellis<\/strong> la dice, ovvero quando inizia il programma: <em>\"La prima data del <strong>Serale<\/strong> sar\u00e0 il 15 febbraio. Mi raccomando guardatela perch\u00e9 sar\u00e0 una magia\"<\/em>.<\/p>\n<p><strong>Giulia De Lellis<\/strong>, insomma, sar\u00e0 presente all'edizione <strong>serale <\/strong>di \"<strong>Uomini e Donne<\/strong>\". Dopotutto la sua ascesa nel mondo dello spettacolo \u00e8 iniziata proprio nella trasmissione condotta da <a href=\"\/vip\/maria-de filippi\/\">Maria De Filippi<\/a>. Grazie al programma ha trovato anche l'amore, quello di <a href=\"\/vip\/andrea-damante\/\">Andrea Damante<\/a>, poi naufragato. Ora il suo cuore batte per <a href=\"\/vip\/irama\/\">Irama<\/a>.\u00a0<\/p>\n<div class=\"video_integrato\" data-videoid=\"5717\" data-autostart=\"false\">\u00a0<\/div>\n<p>\u00a0<\/p>\n","protected":false},"excerpt":{"rendered":"<p>Giulia De Lellis in queste ore si trova a Roma. La nota influencer \u00e8 impegnata nella registrazione della prima puntata serale di \"Uomini e Donne\", dedicata alla scelta di Teresa Langella.\u00a0 Giulia De Lellis in macchina per raggiungere gli studi di 'Uomini e Donne' Giulia pubblica su Instagram delle stories mentre si trova sulla macchina [&hellip;]<\/p>\n","protected":false},"author":1,"featured_media":119434,"comment_status":"closed","ping_status":"closed","sticky":false,"template":"","format":"standard","meta":{"footnotes":""},"categories":[54],"tags":[10592,2121,4597,10914,1923,12180,2115],"vip":[],"class_list":["post-63388","post","type-post","status-publish","format-standard","has-post-thumbnail","hentry","category-news","tag-giulia-de-lellis","tag-instagram","tag-scelta","tag-serale","tag-social","tag-teresa-langella","tag-uomini-e-donne"],"yoast_head":"<title>Giulia De Lellis a Roma per la puntata serale di &#039;Uomini e Donne&#039; - Gossip.it | News sul Gossip e VIP<\/title>\n<meta name=\"description\" content=\"Giulia De Lellis in queste ore si trova a Roma. La nota influencer \u00e8 impegnata nella registrazione della prima puntata serale di &quot;Uomini e Donne&quot;,\" \/>\n<meta name=\"robots\" content=\"index, follow, max-snippet:-1, max-image-preview:large, max-video-preview:-1\" \/>\n<link rel=\"canonical\" href=\"https:\/\/www.gossip.it\/news\/giulia-de-lellis-uomini-e-donne-serale\/\" \/>\n<meta property=\"og:locale\" content=\"it_IT\" \/>\n<meta property=\"og:type\" content=\"article\" \/>\n<meta property=\"og:title\" content=\"Giulia De Lellis a Roma per la puntata serale di &#039;Uomini e Donne&#039; - Gossip.it | News sul Gossip e VIP\" \/>\n<meta property=\"og:description\" content=\"Giulia De Lellis in queste ore si trova a Roma. La nota influencer \u00e8 impegnata nella registrazione della prima puntata serale di &quot;Uomini e Donne&quot;,\" \/>\n<meta property=\"og:url\" content=\"https:\/\/www.gossip.it\/news\/giulia-de-lellis-uomini-e-donne-serale\/\" \/>\n<meta property=\"og:site_name\" content=\"Gossip.it | News sul Gossip e VIP\" \/>\n<meta property=\"article:publisher\" content=\"https:\/\/www.facebook.com\/GossipIT\" \/>\n<meta property=\"article:published_time\" content=\"2019-01-30T23:00:00+00:00\" \/>\n<meta property=\"og:image\" content=\"https:\/\/files.gossip.it\/immagini_news\/2019\/01\/1548940347_giulia_de_lellis.jpg\" \/>\n<meta name=\"author\" content=\"La Redazione\" \/>\n<meta name=\"twitter:card\" content=\"summary_large_image\" \/>\n<meta name=\"twitter:image\" content=\"https:\/\/files.gossip.it\/immagini_news\/2019\/01\/1548940347_giulia_de_lellis.jpg\" \/>\n<meta name=\"twitter:creator\" content=\"@gossinews_it\" \/>\n<meta name=\"twitter:site\" content=\"@gossinews_it\" \/>\n<meta name=\"twitter:label1\" content=\"Scritto da\" \/>\n\t<meta name=\"twitter:data1\" content=\"Francesca Romana Domenici\" \/>\n\t<meta name=\"twitter:label2\" content=\"Tempo di lettura stimato\" \/>\n\t<meta name=\"twitter:data2\" content=\"1 minuto\" \/>","yoast_head_json":{"title":"Giulia De Lellis a Roma per la puntata serale di 'Uomini e Donne' - Gossip.it | News sul Gossip e VIP","description":"Giulia De Lellis in queste ore si trova a Roma. La nota influencer \u00e8 impegnata nella registrazione della prima puntata serale di \"Uomini e Donne\",","robots":{"index":"index","follow":"follow","max-snippet":"max-snippet:-1","max-image-preview":"max-image-preview:large","max-video-preview":"max-video-preview:-1"},"canonical":"https:\/\/www.gossip.it\/news\/giulia-de-lellis-uomini-e-donne-serale\/","og_locale":"it_IT","og_type":"article","og_title":"Giulia De Lellis a Roma per la puntata serale di 'Uomini e Donne' - Gossip.it | News sul Gossip e VIP","og_description":"Giulia De Lellis in queste ore si trova a Roma. La nota influencer \u00e8 impegnata nella registrazione della prima puntata serale di \"Uomini e Donne\",","og_url":"https:\/\/www.gossip.it\/news\/giulia-de-lellis-uomini-e-donne-serale\/","og_site_name":"Gossip.it | News sul Gossip e VIP","article_publisher":"https:\/\/www.facebook.com\/GossipIT","article_published_time":"2019-01-30T23:00:00+00:00","og_image":[{"url":"https:\/\/files.gossip.it\/immagini_news\/2019\/01\/1548940347_giulia_de_lellis.jpg"}],"author":"La Redazione","twitter_card":"summary_large_image","twitter_image":"https:\/\/files.gossip.it\/immagini_news\/2019\/01\/1548940347_giulia_de_lellis.jpg","twitter_creator":"@gossinews_it","twitter_site":"@gossinews_it","twitter_misc":{"Scritto da":"Francesca Romana Domenici","Tempo di lettura stimato":"1 minuto"},"schema":{"@context":"https:\/\/schema.org","@graph":[{"@type":"Article","@id":"https:\/\/www.gossip.it\/news\/giulia-de-lellis-uomini-e-donne-serale\/#article","isPartOf":{"@id":"https:\/\/www.gossip.it\/news\/giulia-de-lellis-uomini-e-donne-serale\/"},"author":{"name":"La Redazione","@id":"https:\/\/www.gossip.it\/#\/schema\/person\/488896f75158bff1cc83c6c39d141110"},"headline":"Giulia De Lellis a Roma per la puntata serale di 'Uomini e Donne'","datePublished":"2019-01-30T23:00:00+00:00","dateModified":"2019-01-30T23:00:00+00:00","mainEntityOfPage":{"@id":"https:\/\/www.gossip.it\/news\/giulia-de-lellis-uomini-e-donne-serale\/"},"wordCount":223,"publisher":{"@id":"https:\/\/www.gossip.it\/#organization"},"image":{"@id":"https:\/\/www.gossip.it\/news\/giulia-de-lellis-uomini-e-donne-serale\/#primaryimage"},"thumbnailUrl":"https:\/\/files.gossip.it\/immagini_news\/2019\/01\/1548940347_giulia_de_lellis.jpg","keywords":["giulia de lellis","instagram","scelta","serale","social","teresa langella","uomini e donne"],"articleSection":["News"],"inLanguage":"it-IT"},{"@type":"WebPage","@id":"https:\/\/www.gossip.it\/news\/giulia-de-lellis-uomini-e-donne-serale\/","url":"https:\/\/www.gossip.it\/news\/giulia-de-lellis-uomini-e-donne-serale\/","name":"Giulia De Lellis a Roma per la puntata serale di 'Uomini e Donne' - Gossip.it | News sul Gossip e VIP","isPartOf":{"@id":"https:\/\/www.gossip.it\/#website"},"primaryImageOfPage":{"@id":"https:\/\/www.gossip.it\/news\/giulia-de-lellis-uomini-e-donne-serale\/#primaryimage"},"image":{"@id":"https:\/\/www.gossip.it\/news\/giulia-de-lellis-uomini-e-donne-serale\/#primaryimage"},"thumbnailUrl":"https:\/\/files.gossip.it\/immagini_news\/2019\/01\/1548940347_giulia_de_lellis.jpg","datePublished":"2019-01-30T23:00:00+00:00","dateModified":"2019-01-30T23:00:00+00:00","description":"Giulia De Lellis in queste ore si trova a Roma. La nota influencer \u00e8 impegnata nella registrazione della prima puntata serale di \"Uomini e Donne\",","breadcrumb":{"@id":"https:\/\/www.gossip.it\/news\/giulia-de-lellis-uomini-e-donne-serale\/#breadcrumb"},"inLanguage":"it-IT","potentialAction":[{"@type":"ReadAction","target":["https:\/\/www.gossip.it\/news\/giulia-de-lellis-uomini-e-donne-serale\/"]}]},{"@type":"ImageObject","inLanguage":"it-IT","@id":"https:\/\/www.gossip.it\/news\/giulia-de-lellis-uomini-e-donne-serale\/#primaryimage","url":"https:\/\/files.gossip.it\/immagini_news\/2019\/01\/1548940347_giulia_de_lellis.jpg","contentUrl":"https:\/\/files.gossip.it\/immagini_news\/2019\/01\/1548940347_giulia_de_lellis.jpg"},{"@type":"BreadcrumbList","@id":"https:\/\/www.gossip.it\/news\/giulia-de-lellis-uomini-e-donne-serale\/#breadcrumb","itemListElement":[{"@type":"ListItem","position":1,"name":"Home","item":"https:\/\/www.gossip.it\/"},{"@type":"ListItem","position":2,"name":"Giulia De Lellis a Roma per la puntata serale di 'Uomini e Donne'"}]},{"@type":"WebSite","@id":"https:\/\/www.gossip.it\/#website","url":"https:\/\/www.gossip.it\/","name":"Gossip and VIP News","description":"Quotidiano di cronaca rosa, costume e societ\u00e0","publisher":{"@id":"https:\/\/www.gossip.it\/#organization"},"alternateName":"Gossip and VIP News","potentialAction":[{"@type":"SearchAction","target":{"@type":"EntryPoint","urlTemplate":"https:\/\/www.gossip.it\/?s={search_term_string}"},"query-input":{"@type":"PropertyValueSpecification","valueRequired":true,"valueName":"search_term_string"}}],"inLanguage":"it-IT"},{"@type":"Organization","@id":"https:\/\/www.gossip.it\/#organization","name":"Gossip and VIP News","alternateName":"Gossip News","url":"https:\/\/www.gossip.it\/","logo":{"@type":"ImageObject","inLanguage":"it-IT","@id":"https:\/\/www.gossip.it\/#\/schema\/logo\/image\/","url":"https:\/\/www.gossip.it\/wp-content\/uploads\/2022\/04\/cropped-corna-alta-tiny.png","contentUrl":"https:\/\/www.gossip.it\/wp-content\/uploads\/2022\/04\/cropped-corna-alta-tiny.png","width":512,"height":512,"caption":"Gossip and VIP News"},"image":{"@id":"https:\/\/www.gossip.it\/#\/schema\/logo\/image\/"},"sameAs":["https:\/\/www.facebook.com\/GossipIT","https:\/\/x.com\/gossinews_it","https:\/\/instagram.com\/gossip_it"]},{"@type":"Person","@id":"https:\/\/www.gossip.it\/#\/schema\/person\/488896f75158bff1cc83c6c39d141110","name":"La Redazione","image":{"@type":"ImageObject","inLanguage":"it-IT","@id":"https:\/\/www.gossip.it\/#\/schema\/person\/image\/","url":"https:\/\/secure.gravatar.com\/avatar\/5a5f5c6fa3e6700e4249abdad0263a1e94e927d9e0499b1cb09c1cd29c044d80?s=96&d=mm&r=g","contentUrl":"https:\/\/secure.gravatar.com\/avatar\/5a5f5c6fa3e6700e4249abdad0263a1e94e927d9e0499b1cb09c1cd29c044d80?s=96&d=mm&r=g","caption":"La Redazione"},"sameAs":["https:\/\/www.gossip.it"]}]}},"amp_enabled":true,"_links":{"self":[{"href":"https:\/\/www.gossip.it\/api\/wp\/v2\/posts\/63388","targetHints":{"allow":["GET"]}}],"collection":[{"href":"https:\/\/www.gossip.it\/api\/wp\/v2\/posts"}],"about":[{"href":"https:\/\/www.gossip.it\/api\/wp\/v2\/types\/post"}],"author":[{"embeddable":true,"href":"https:\/\/www.gossip.it\/api\/wp\/v2\/users\/1"}],"replies":[{"embeddable":true,"href":"https:\/\/www.gossip.it\/api\/wp\/v2\/comments?post=63388"}],"version-history":[{"count":0,"href":"https:\/\/www.gossip.it\/api\/wp\/v2\/posts\/63388\/revisions"}],"wp:featuredmedia":[{"embeddable":true,"href":"https:\/\/www.gossip.it\/api\/wp\/v2\/media\/119434"}],"wp:attachment":[{"href":"https:\/\/www.gossip.it\/api\/wp\/v2\/media?parent=63388"}],"wp:term":[{"taxonomy":"category","embeddable":true,"href":"https:\/\/www.gossip.it\/api\/wp\/v2\/categories?post=63388"},{"taxonomy":"post_tag","embeddable":true,"href":"https:\/\/www.gossip.it\/api\/wp\/v2\/tags?post=63388"},{"taxonomy":"vip","embeddable":true,"href":"https:\/\/www.gossip.it\/api\/wp\/v2\/vip?post=63388"}],"curies":[{"name":"wp","href":"https:\/\/api.w.org\/{rel}","templated":true}]}}