{"id":63434,"date":"2019-02-06T00:00:00","date_gmt":"2019-02-05T23:00:00","guid":{"rendered":"https:\/\/www.gossip.it\/senza-categoria\/matteo-bocelli-sanremo-2019\/"},"modified":"2019-02-06T00:00:00","modified_gmt":"2019-02-05T23:00:00","slug":"matteo-bocelli-sanremo-2019","status":"publish","type":"post","link":"https:\/\/www.gossip.it\/news\/matteo-bocelli-sanremo-2019\/","title":{"rendered":"Matteo Bocelli canta con pap\u00e0 Andrea a Sanremo 2019: i due commuovono"},"content":{"rendered":"<p><a href=\"\/vip\/matteo-bocelli\/\">Matteo Bocelli<\/a> canta con il pap\u00e0 Andrea, primo super ospite della serata di apertura del Festival,\u00a0 a <a href=\"\/vip\/sanremo-2019\/\">Sanremo 2019<\/a>. I due sono insieme sul palco per interpretare <em>\u201cFall on me\u201d<\/em>, canzone scelta dalla Disney come traccia portante del film <em>\u201cLo Schiaccianoci e i quattro regni\u201d<\/em>. Il brano \u00e8 nell'album <em>\u201cS\u00ec\u201d<\/em>, in vetta alla classifica dei dischi pi\u00f9 venduti sia in Gran Bretagna che negli Stati Uniti. Gli applausi dell\u2019Ariston sono scroscianti. Il pubblico rimane conquistato dal 21enne, bellissimo e super desiderato sui <a href=\"\/vip\/social\/\">social<\/a>. Il ragazzo riceve solo consensi.<\/p>\n<figure class=\"caption\"><img decoding=\"async\" alt=\"\" width=\"640\" height=\"349\" src=\"https:\/\/files.gossip.it\/immagini_news\/2019\/02\/1549450703_bocelli-1.jpg\" \/><figcaption>Matteo Bocelli indossa il chiodo del padre per cantare con lui a Sanremo 2019<\/figcaption><\/figure>\n<p>Prima di cantare con <strong>Matteo Bocelli<\/strong>, pap\u00e0 Andrea duetta con <a href=\"\/vip\/claudio-baglioni\/\">Claudio Baglioni<\/a>, poi festeggia i venticinque anni dal suo ultimo Festival con una dichiarazione d\u2019amore per il figlio. \u201c<em>Venticinque anni fa<\/em> - ricorda <a href=\"\/vip\/andrea-bocelli\/\">Andrea Bocelli<\/a> - <em>mi giocavo il futuro, il sogno di poter vivere nella musica. C'era ancora mio padre, era venuto in teatro. Me lo ricordo spalle appoggiate al muro che soffriva per me. Era un mio grande sostenitore ed \u00e8 un ricordo commovente per me. Io mi ritengo un padre pi\u00f9 fortunato del mio. Spero che viva l'emozione di <\/em><a href=\"\/vip\/sanremo\/\">Sanremo<\/a><em>\u00a0come me, con serenit\u00e0 e leggerezza\u201d.<\/em><\/p>\n<div class=\"video_integrato\" data-videoid=\"5757\" data-autostart=\"true\">\u00a0<\/div>\n<figure class=\"caption\"><img decoding=\"async\" alt=\"\" width=\"640\" height=\"352\" src=\"https:\/\/files.gossip.it\/immagini_news\/2019\/02\/1549450714_bocelli-2.jpg\" \/><figcaption>I due si esibiscono in un duetto<\/figcaption><\/figure>\n<p>Indossava il chiodo di pelle che si toglie per donarlo al suo ragazzo al suo esordio all'Ariston. <strong>Matteo Bocelli <\/strong>lo mette e guarda teneramente pap\u00e0 Andrea. Non \u00e8 un passaggio di consegne. \u201c<em>No, no. E' troppo presto per me. E poi lui, che sta ancora studiando, non \u00e8 ancora in grado di riceverlo. E' uno scambio simbolico: un augurio paterno affinch\u00e9 questo inizio si concretizzi in una carriera seria\u201d<\/em>, spiega Andrea Bocelli.<\/p>\n<figure class=\"caption\"><img decoding=\"async\" alt=\"\" width=\"640\" height=\"355\" src=\"https:\/\/files.gossip.it\/immagini_news\/2019\/02\/1549450729_bocelli-3.jpg\" \/><figcaption>Il 21enne conquista il pubblico in teatro e a casa<\/figcaption><\/figure>\n<p>E aggiunge rivolgendosi a Matteo: <em>\u201cSono sicuro che ti porter\u00e0 fortuna sempre che la aiuti con la seriet\u00e0, la volont\u00e0, lo spirito di sacrificio che spero di averti insegnato\u201d.<\/em><\/p>\n<figure class=\"caption\"><img decoding=\"async\" alt=\"\" width=\"640\" height=\"361\" src=\"https:\/\/files.gossip.it\/immagini_news\/2019\/02\/1549450741_bocelli-4.jpg\" \/><figcaption>Pap\u00e0 e figlio cantano 'Fall on me'<\/figcaption><\/figure>\n<p>Poi c\u2019\u00e8 il duetto. <strong>Matteo Bocelli <\/strong>canta con pap\u00e0 Andrea a <strong>Sanremo 2019<\/strong> e il pubblico si emoziona fortemente. Immancabile la standing ovation finale.<\/p>\n<figure class=\"caption\"><img decoding=\"async\" alt=\"\" width=\"640\" height=\"352\" src=\"https:\/\/files.gossip.it\/immagini_news\/2019\/02\/1549450753_bocelli-5.jpg\" \/><figcaption>Alla fine della loro esibizione immancabile la standing ovation<\/figcaption><\/figure>\n<p>Intanto sui social tutti si chiedono: <em>\u201cMa quanto \u00e8 figlio <strong>Matteo Bocelli<\/strong>?\u201d.<\/em> Il web impazzisce. <em>\u201cMatteo ti sposerei!\u201d<\/em>, twitta qualcuno, altri scrivono: <em>\u201cTi presenterei mia figlia\"<\/em>. Nato a ottobre del 1997, Matteo ha due fratelli, Amos e Virginia. Studia al conservatorio Luigi Boccherini di Lucca e vuole farne di strada.<\/p>\n<p>\u00a0<\/p>\n<p>\u00a0<\/p>\n","protected":false},"excerpt":{"rendered":"<p>Matteo Bocelli canta con il pap\u00e0 Andrea, primo super ospite della serata di apertura del Festival,\u00a0 a Sanremo 2019. I due sono insieme sul palco per interpretare \u201cFall on me\u201d, canzone scelta dalla Disney come traccia portante del film \u201cLo Schiaccianoci e i quattro regni\u201d. Il brano \u00e8 nell'album \u201cS\u00ec\u201d, in vetta alla classifica dei [&hellip;]<\/p>\n","protected":false},"author":1,"featured_media":119480,"comment_status":"closed","ping_status":"closed","sticky":false,"template":"","format":"standard","meta":{"footnotes":""},"categories":[54],"tags":[1981,3980,2637,58624,36550,2408,7632,2582,12146,2281,2097],"vip":[306,511],"class_list":["post-63434","post","type-post","status-publish","format-standard","has-post-thumbnail","hentry","category-news","tag-cantante","tag-festival","tag-festival-di-sanremo","tag-festival-di-sanremo-2019","tag-matteo-bocelli","tag-musica","tag-rai-uno","tag-sanremo","tag-sanremo-2019","tag-televisione","tag-tv","vip-andrea_bocelli","vip-claudio_baglioni"],"yoast_head":"<title>Matteo Bocelli canta con pap\u00e0 Andrea a Sanremo 2019: i due commuovono - Gossip.it | News sul Gossip e VIP<\/title>\n<meta name=\"description\" content=\"Matteo Bocelli canta con il pap\u00e0 Andrea, primo super ospite della serata di apertura del Festival,\u00a0 a Sanremo 2019. I due sono insieme sul palco per\" \/>\n<meta name=\"robots\" content=\"index, follow, max-snippet:-1, max-image-preview:large, max-video-preview:-1\" \/>\n<link rel=\"canonical\" href=\"https:\/\/www.gossip.it\/news\/matteo-bocelli-sanremo-2019\/\" \/>\n<meta property=\"og:locale\" content=\"it_IT\" \/>\n<meta property=\"og:type\" content=\"article\" \/>\n<meta property=\"og:title\" content=\"Matteo Bocelli canta con pap\u00e0 Andrea a Sanremo 2019: i due commuovono - Gossip.it | News sul Gossip e VIP\" \/>\n<meta property=\"og:description\" content=\"Matteo Bocelli canta con il pap\u00e0 Andrea, primo super ospite della serata di apertura del Festival,\u00a0 a Sanremo 2019. I due sono insieme sul palco per\" \/>\n<meta property=\"og:url\" content=\"https:\/\/www.gossip.it\/news\/matteo-bocelli-sanremo-2019\/\" \/>\n<meta property=\"og:site_name\" content=\"Gossip.it | News sul Gossip e VIP\" \/>\n<meta property=\"article:publisher\" content=\"https:\/\/www.facebook.com\/GossipIT\" \/>\n<meta property=\"article:published_time\" content=\"2019-02-05T23:00:00+00:00\" \/>\n<meta property=\"og:image\" content=\"https:\/\/files.gossip.it\/immagini_news\/2019\/02\/1549450703_bocelli-1.jpg\" \/>\n<meta name=\"author\" content=\"La Redazione\" \/>\n<meta name=\"twitter:card\" content=\"summary_large_image\" \/>\n<meta name=\"twitter:image\" content=\"https:\/\/files.gossip.it\/immagini_news\/2019\/02\/1549450703_bocelli-1.jpg\" \/>\n<meta name=\"twitter:creator\" content=\"@gossinews_it\" \/>\n<meta name=\"twitter:site\" content=\"@gossinews_it\" \/>\n<meta name=\"twitter:label1\" content=\"Scritto da\" \/>\n\t<meta name=\"twitter:data1\" content=\"Annamaria Capozzi\" \/>\n\t<meta name=\"twitter:label2\" content=\"Tempo di lettura stimato\" \/>\n\t<meta name=\"twitter:data2\" content=\"2 minuti\" \/>","yoast_head_json":{"title":"Matteo Bocelli canta con pap\u00e0 Andrea a Sanremo 2019: i due commuovono - Gossip.it | News sul Gossip e VIP","description":"Matteo Bocelli canta con il pap\u00e0 Andrea, primo super ospite della serata di apertura del Festival,\u00a0 a Sanremo 2019. I due sono insieme sul palco per","robots":{"index":"index","follow":"follow","max-snippet":"max-snippet:-1","max-image-preview":"max-image-preview:large","max-video-preview":"max-video-preview:-1"},"canonical":"https:\/\/www.gossip.it\/news\/matteo-bocelli-sanremo-2019\/","og_locale":"it_IT","og_type":"article","og_title":"Matteo Bocelli canta con pap\u00e0 Andrea a Sanremo 2019: i due commuovono - Gossip.it | News sul Gossip e VIP","og_description":"Matteo Bocelli canta con il pap\u00e0 Andrea, primo super ospite della serata di apertura del Festival,\u00a0 a Sanremo 2019. I due sono insieme sul palco per","og_url":"https:\/\/www.gossip.it\/news\/matteo-bocelli-sanremo-2019\/","og_site_name":"Gossip.it | News sul Gossip e VIP","article_publisher":"https:\/\/www.facebook.com\/GossipIT","article_published_time":"2019-02-05T23:00:00+00:00","og_image":[{"url":"https:\/\/files.gossip.it\/immagini_news\/2019\/02\/1549450703_bocelli-1.jpg"}],"author":"La Redazione","twitter_card":"summary_large_image","twitter_image":"https:\/\/files.gossip.it\/immagini_news\/2019\/02\/1549450703_bocelli-1.jpg","twitter_creator":"@gossinews_it","twitter_site":"@gossinews_it","twitter_misc":{"Scritto da":"Annamaria Capozzi","Tempo di lettura stimato":"2 minuti"},"schema":{"@context":"https:\/\/schema.org","@graph":[{"@type":"Article","@id":"https:\/\/www.gossip.it\/news\/matteo-bocelli-sanremo-2019\/#article","isPartOf":{"@id":"https:\/\/www.gossip.it\/news\/matteo-bocelli-sanremo-2019\/"},"author":{"name":"La Redazione","@id":"https:\/\/www.gossip.it\/#\/schema\/person\/488896f75158bff1cc83c6c39d141110"},"headline":"Matteo Bocelli canta con pap\u00e0 Andrea a Sanremo 2019: i due commuovono","datePublished":"2019-02-05T23:00:00+00:00","dateModified":"2019-02-05T23:00:00+00:00","mainEntityOfPage":{"@id":"https:\/\/www.gossip.it\/news\/matteo-bocelli-sanremo-2019\/"},"wordCount":417,"publisher":{"@id":"https:\/\/www.gossip.it\/#organization"},"image":{"@id":"https:\/\/www.gossip.it\/news\/matteo-bocelli-sanremo-2019\/#primaryimage"},"thumbnailUrl":"https:\/\/files.gossip.it\/immagini_news\/2019\/02\/1549450703_bocelli-1.jpg","keywords":["cantante","festival","festival di sanremo","festival di sanremo 2019","matteo bocelli","musica","rai uno","sanremo","sanremo 2019","televisione","tv"],"articleSection":["News"],"inLanguage":"it-IT"},{"@type":"WebPage","@id":"https:\/\/www.gossip.it\/news\/matteo-bocelli-sanremo-2019\/","url":"https:\/\/www.gossip.it\/news\/matteo-bocelli-sanremo-2019\/","name":"Matteo Bocelli canta con pap\u00e0 Andrea a Sanremo 2019: i due commuovono - Gossip.it | News sul Gossip e VIP","isPartOf":{"@id":"https:\/\/www.gossip.it\/#website"},"primaryImageOfPage":{"@id":"https:\/\/www.gossip.it\/news\/matteo-bocelli-sanremo-2019\/#primaryimage"},"image":{"@id":"https:\/\/www.gossip.it\/news\/matteo-bocelli-sanremo-2019\/#primaryimage"},"thumbnailUrl":"https:\/\/files.gossip.it\/immagini_news\/2019\/02\/1549450703_bocelli-1.jpg","datePublished":"2019-02-05T23:00:00+00:00","dateModified":"2019-02-05T23:00:00+00:00","description":"Matteo Bocelli canta con il pap\u00e0 Andrea, primo super ospite della serata di apertura del Festival,\u00a0 a Sanremo 2019. I due sono insieme sul palco per","breadcrumb":{"@id":"https:\/\/www.gossip.it\/news\/matteo-bocelli-sanremo-2019\/#breadcrumb"},"inLanguage":"it-IT","potentialAction":[{"@type":"ReadAction","target":["https:\/\/www.gossip.it\/news\/matteo-bocelli-sanremo-2019\/"]}]},{"@type":"ImageObject","inLanguage":"it-IT","@id":"https:\/\/www.gossip.it\/news\/matteo-bocelli-sanremo-2019\/#primaryimage","url":"https:\/\/files.gossip.it\/immagini_news\/2019\/02\/1549450703_bocelli-1.jpg","contentUrl":"https:\/\/files.gossip.it\/immagini_news\/2019\/02\/1549450703_bocelli-1.jpg"},{"@type":"BreadcrumbList","@id":"https:\/\/www.gossip.it\/news\/matteo-bocelli-sanremo-2019\/#breadcrumb","itemListElement":[{"@type":"ListItem","position":1,"name":"Home","item":"https:\/\/www.gossip.it\/"},{"@type":"ListItem","position":2,"name":"Matteo Bocelli canta con pap\u00e0 Andrea a Sanremo 2019: i due commuovono"}]},{"@type":"WebSite","@id":"https:\/\/www.gossip.it\/#website","url":"https:\/\/www.gossip.it\/","name":"Gossip and VIP News","description":"Quotidiano di cronaca rosa, costume e societ\u00e0","publisher":{"@id":"https:\/\/www.gossip.it\/#organization"},"alternateName":"Gossip and VIP News","potentialAction":[{"@type":"SearchAction","target":{"@type":"EntryPoint","urlTemplate":"https:\/\/www.gossip.it\/?s={search_term_string}"},"query-input":{"@type":"PropertyValueSpecification","valueRequired":true,"valueName":"search_term_string"}}],"inLanguage":"it-IT"},{"@type":"Organization","@id":"https:\/\/www.gossip.it\/#organization","name":"Gossip and VIP News","alternateName":"Gossip News","url":"https:\/\/www.gossip.it\/","logo":{"@type":"ImageObject","inLanguage":"it-IT","@id":"https:\/\/www.gossip.it\/#\/schema\/logo\/image\/","url":"https:\/\/www.gossip.it\/wp-content\/uploads\/2022\/04\/cropped-corna-alta-tiny.png","contentUrl":"https:\/\/www.gossip.it\/wp-content\/uploads\/2022\/04\/cropped-corna-alta-tiny.png","width":512,"height":512,"caption":"Gossip and VIP News"},"image":{"@id":"https:\/\/www.gossip.it\/#\/schema\/logo\/image\/"},"sameAs":["https:\/\/www.facebook.com\/GossipIT","https:\/\/x.com\/gossinews_it","https:\/\/instagram.com\/gossip_it"]},{"@type":"Person","@id":"https:\/\/www.gossip.it\/#\/schema\/person\/488896f75158bff1cc83c6c39d141110","name":"La Redazione","image":{"@type":"ImageObject","inLanguage":"it-IT","@id":"https:\/\/www.gossip.it\/#\/schema\/person\/image\/","url":"https:\/\/secure.gravatar.com\/avatar\/5a5f5c6fa3e6700e4249abdad0263a1e94e927d9e0499b1cb09c1cd29c044d80?s=96&d=mm&r=g","contentUrl":"https:\/\/secure.gravatar.com\/avatar\/5a5f5c6fa3e6700e4249abdad0263a1e94e927d9e0499b1cb09c1cd29c044d80?s=96&d=mm&r=g","caption":"La Redazione"},"sameAs":["https:\/\/www.gossip.it"]}]}},"amp_enabled":true,"_links":{"self":[{"href":"https:\/\/www.gossip.it\/api\/wp\/v2\/posts\/63434","targetHints":{"allow":["GET"]}}],"collection":[{"href":"https:\/\/www.gossip.it\/api\/wp\/v2\/posts"}],"about":[{"href":"https:\/\/www.gossip.it\/api\/wp\/v2\/types\/post"}],"author":[{"embeddable":true,"href":"https:\/\/www.gossip.it\/api\/wp\/v2\/users\/1"}],"replies":[{"embeddable":true,"href":"https:\/\/www.gossip.it\/api\/wp\/v2\/comments?post=63434"}],"version-history":[{"count":0,"href":"https:\/\/www.gossip.it\/api\/wp\/v2\/posts\/63434\/revisions"}],"wp:featuredmedia":[{"embeddable":true,"href":"https:\/\/www.gossip.it\/api\/wp\/v2\/media\/119480"}],"wp:attachment":[{"href":"https:\/\/www.gossip.it\/api\/wp\/v2\/media?parent=63434"}],"wp:term":[{"taxonomy":"category","embeddable":true,"href":"https:\/\/www.gossip.it\/api\/wp\/v2\/categories?post=63434"},{"taxonomy":"post_tag","embeddable":true,"href":"https:\/\/www.gossip.it\/api\/wp\/v2\/tags?post=63434"},{"taxonomy":"vip","embeddable":true,"href":"https:\/\/www.gossip.it\/api\/wp\/v2\/vip?post=63434"}],"curies":[{"name":"wp","href":"https:\/\/api.w.org\/{rel}","templated":true}]}}