{"id":63774,"date":"2019-03-15T00:00:00","date_gmt":"2019-03-14T23:00:00","guid":{"rendered":"https:\/\/www.gossip.it\/senza-categoria\/paola-di-benedetto-federico-rossi-ridere-tanto\/"},"modified":"2019-03-15T00:00:00","modified_gmt":"2019-03-14T23:00:00","slug":"paola-di-benedetto-federico-rossi-ridere-tanto","status":"publish","type":"post","link":"https:\/\/www.gossip.it\/news\/paola-di-benedetto-federico-rossi-ridere-tanto\/","title":{"rendered":"Paola Di Benedetto a Gossip.it: 'Federico Rossi mi fa ridere tanto. Monte con la Salemi? Contentissima per lui\u2019"},"content":{"rendered":"<p><a href=\"\/vip\/paola-di benedetto\/\">Paola Di Benedetto<\/a> \u00e8 bellissima e solare. La 24enne \u00e8 in un buon momento. Fidanzata da quasi nove mesi con <a href=\"\/vip\/federico-rossi\/\">Federico Rossi<\/a>, si gode l\u2019amore: il <a href=\"\/vip\/cantante\/\">cantante<\/a>\u00a025enne la fa <strong>ridere tanto<\/strong> e l\u2019ha completamente conquistata. Anche professionalmente, ci sono alcuni progetti in cantiere che \u00e8 pronta a realizzare. A <em>Gossip.it<\/em>, che l\u2019ha intervistata in occasione del\u00a0party\u00a0di presentazione della capsule collection di\u00a0<em>Camicissima\u00a0Buongiorno e tante belle cose<\/em> a Milano, rivela: \u201c<em>Sono in un bel periodo, un periodo di transizione in cui sto capendo un po\u2019 di cose, anche sul mio lavoro\u201d.<\/em><\/p>\n<div class=\"video_integrato\" data-videoid=\"5866\" data-autostart=\"true\">\u00a0<\/div>\n<p><em>\u201cLa vita privata va bene, sono contenta. Sto cercando di capire come sar\u00e0 il mio futuro. Io le mie idee nella mia testa le ho ben chiare: so cosa voglio fare. Sto cercando di portare avanti il tutto, ma sto anche proseguendo parallelamente il mio percorso sui social, che ormai \u00e8 diventata un\u2019attivit\u00e0 grandissima per gli influencer, per le nuove generazioni. Sono molto fortunata perch\u00e9 posso portare avanti sia l\u2019uno che l\u2019altro percorso e questo mi diverte molto, mi piace\u201d<\/em>, sottolinea <strong>Paola Di Benedetto<\/strong>.<\/p>\n<figure class=\"caption\"><img decoding=\"async\" alt=\"\" width=\"640\" height=\"934\" src=\"https:\/\/files.gossip.it\/immagini_news\/2019\/03\/1552660786_di-benedetto.jpg\" \/><figcaption>Paola Di Benedetto al\u00a0party\u00a0di presentazione della capsule collection di 'Camicissima' 'Buongiorno e tante belle cose' a Milano<\/figcaption><\/figure>\n<p>Quando le si domanda di <strong>Federico Rossi<\/strong>, del duo <a href=\"\/vip\/benji-& fede\/\">Benji & Fede<\/a>, gli occhi le si illuminano. <strong>Paola Di Benedetto<\/strong>\u00a0 sull'uomo che la fa <strong>ridere tanto<\/strong> ironizza: <em>\u201cIl mio fidanzato a volte non mi sopporta, per\u00f2 deve\u201d<\/em>. Poi aggiunge scherzosa:<em> \u201cDai, sono una santa\u2026! S\u00ec mi sopporta e io sopporto lui. Il litigio che c\u2019\u00e8 stato \u00e8 stato passeggero, siamo tutte e due molto giovani quindi le cavolate capitano a entrambi, per\u00f2 ora \u00e8 tutto a posto. Il trucco \u00e8 parlarne\u201d.<\/em><\/p>\n<p>Lo ama perch\u00e9 la fa <strong>ridere tanto<\/strong>.<strong> Paola Di Benedetto <\/strong>confessa: <em>\u201cFederico \u00e8 molto divertente, io con lui rido come non ho mai riso con nessun altro, proprio di pancia, di cuore. Probabilmente \u00e8 questa la cosa che mi piace pi\u00f9 di lui\u201d<\/em><\/p>\n<p>Con Paola si parla anche delle coppie che nascono nei <a href=\"\/vip\/reality\/\">reality<\/a>: <em>\u201cPu\u00f2 succedere. Se lo fai nella maniera pi\u00f9 genuina possibile pu\u00f2 succedere, specie tra ragazzi giovani, ma anche no. Poi al di fuori credo sia tutta un\u2019altra cosa, nel senso che \u00e8 tutto un altro mondo, ma non \u00e8 detto che una coppia non duri. Se dura vuol dire che si sono gettate delle buone basi\u201d.<\/em><\/p>\n<p><a href=\"\/vip\/matteo-gentili\/\">Matteo Gentili<\/a>, il suo ex, si \u00e8 lasciato con <a href=\"\/vip\/alessia-prete\/\">Alessia Prete<\/a>, i due si erano messi insieme proprio durante l\u2019ultima edizione del <a href=\"\/vip\/gf\/\">GF<\/a>. Paola dice: <em>\u201cE\u2019 finita come finiscono tante altre cose, ne \u00e8 passata di acqua sotto i ponti\u201d.<\/em><\/p>\n<p>Un'ultima domanda su <a href=\"\/vip\/francesco-monte\/\">Francesco Monte<\/a>, ora fidanzato con <a href=\"\/vip\/giulia-salemi\/\">Giulia Salemi<\/a>. I due hanno avuto un breve flirt nato all\u2019<a href=\"\/vip\/isola-dei famosi 13\/\">Isola dei Famosi 13<\/a> e poi subito dopo conclusosi: <em>\u201cFrancesco Monte ha trovato l\u2019amore? Sono contentissima per lui. Ci sentiamo ogni tanto, abbiamo un rapporto normale, di affetto reciproco spero\u201d.<\/em> Paola \u00e8 per il vivere sereno: <em>\u201cSono per la pace, per il concludere i rapporti in maniera civile, anche perch\u00e9 portare rancore fa solo del male, appesantisce il cuore inutilmente\u201d.<\/em><\/p>\n<p>\u00a0<\/p>\n","protected":false},"excerpt":{"rendered":"<p>Paola Di Benedetto \u00e8 bellissima e solare. La 24enne \u00e8 in un buon momento. Fidanzata da quasi nove mesi con Federico Rossi, si gode l\u2019amore: il cantante\u00a025enne la fa ridere tanto e l\u2019ha completamente conquistata. Anche professionalmente, ci sono alcuni progetti in cantiere che \u00e8 pronta a realizzare. A Gossip.it, che l\u2019ha intervistata in occasione [&hellip;]<\/p>\n","protected":false},"author":1,"featured_media":119820,"comment_status":"closed","ping_status":"closed","sticky":false,"template":"","format":"standard","meta":{"footnotes":""},"categories":[54],"tags":[57691,12219,9129,2102,2757,12233,2298,8847,1968,2103,2199,2095,6025,57412,11468,2583,1967,52194],"vip":[],"class_list":["post-63774","post","type-post","status-publish","format-standard","has-post-thumbnail","hentry","category-news","tag-alessia-prete","tag-buongiorno-e-tante-belle-cose","tag-camicissima","tag-dichiarazioni","tag-evento","tag-federico-rossi","tag-fidanzato","tag-francesco-monte","tag-giulia-salemi","tag-intervista","tag-isola","tag-isola-dei-famosi","tag-madre-natura","tag-matteo-gentili","tag-paola-di-benedetto","tag-ridere","tag-showgirl","tag-tanto"],"yoast_head":"<title>Paola Di Benedetto a Gossip.it: &#039;Federico Rossi mi fa ridere tanto. Monte con la Salemi? Contentissima per lui\u2019 - Gossip.it | News sul Gossip e VIP<\/title>\n<meta name=\"description\" content=\"Paola Di Benedetto \u00e8 bellissima e solare. La 24enne \u00e8 in un buon momento. Fidanzata da quasi nove mesi con Federico Rossi, si gode l\u2019amore: il\" \/>\n<meta name=\"robots\" content=\"index, follow, max-snippet:-1, max-image-preview:large, max-video-preview:-1\" \/>\n<link rel=\"canonical\" href=\"https:\/\/www.gossip.it\/news\/paola-di-benedetto-federico-rossi-ridere-tanto\/\" \/>\n<meta property=\"og:locale\" content=\"it_IT\" \/>\n<meta property=\"og:type\" content=\"article\" \/>\n<meta property=\"og:title\" content=\"Paola Di Benedetto a Gossip.it: &#039;Federico Rossi mi fa ridere tanto. Monte con la Salemi? Contentissima per lui\u2019 - Gossip.it | News sul Gossip e VIP\" \/>\n<meta property=\"og:description\" content=\"Paola Di Benedetto \u00e8 bellissima e solare. La 24enne \u00e8 in un buon momento. Fidanzata da quasi nove mesi con Federico Rossi, si gode l\u2019amore: il\" \/>\n<meta property=\"og:url\" content=\"https:\/\/www.gossip.it\/news\/paola-di-benedetto-federico-rossi-ridere-tanto\/\" \/>\n<meta property=\"og:site_name\" content=\"Gossip.it | News sul Gossip e VIP\" \/>\n<meta property=\"article:publisher\" content=\"https:\/\/www.facebook.com\/GossipIT\" \/>\n<meta property=\"article:published_time\" content=\"2019-03-14T23:00:00+00:00\" \/>\n<meta property=\"og:image\" content=\"https:\/\/files.gossip.it\/immagini_news\/2019\/03\/1552660786_di-benedetto.jpg\" \/>\n<meta name=\"author\" content=\"La Redazione\" \/>\n<meta name=\"twitter:card\" content=\"summary_large_image\" \/>\n<meta name=\"twitter:image\" content=\"https:\/\/files.gossip.it\/immagini_news\/2019\/03\/1552660786_di-benedetto.jpg\" \/>\n<meta name=\"twitter:creator\" content=\"@gossinews_it\" \/>\n<meta name=\"twitter:site\" content=\"@gossinews_it\" \/>\n<meta name=\"twitter:label1\" content=\"Scritto da\" \/>\n\t<meta name=\"twitter:data1\" content=\"Annamaria Capozzi\" \/>\n\t<meta name=\"twitter:label2\" content=\"Tempo di lettura stimato\" \/>\n\t<meta name=\"twitter:data2\" content=\"3 minuti\" \/>","yoast_head_json":{"title":"Paola Di Benedetto a Gossip.it: 'Federico Rossi mi fa ridere tanto. Monte con la Salemi? Contentissima per lui\u2019 - Gossip.it | News sul Gossip e VIP","description":"Paola Di Benedetto \u00e8 bellissima e solare. La 24enne \u00e8 in un buon momento. Fidanzata da quasi nove mesi con Federico Rossi, si gode l\u2019amore: il","robots":{"index":"index","follow":"follow","max-snippet":"max-snippet:-1","max-image-preview":"max-image-preview:large","max-video-preview":"max-video-preview:-1"},"canonical":"https:\/\/www.gossip.it\/news\/paola-di-benedetto-federico-rossi-ridere-tanto\/","og_locale":"it_IT","og_type":"article","og_title":"Paola Di Benedetto a Gossip.it: 'Federico Rossi mi fa ridere tanto. Monte con la Salemi? Contentissima per lui\u2019 - Gossip.it | News sul Gossip e VIP","og_description":"Paola Di Benedetto \u00e8 bellissima e solare. La 24enne \u00e8 in un buon momento. Fidanzata da quasi nove mesi con Federico Rossi, si gode l\u2019amore: il","og_url":"https:\/\/www.gossip.it\/news\/paola-di-benedetto-federico-rossi-ridere-tanto\/","og_site_name":"Gossip.it | News sul Gossip e VIP","article_publisher":"https:\/\/www.facebook.com\/GossipIT","article_published_time":"2019-03-14T23:00:00+00:00","og_image":[{"url":"https:\/\/files.gossip.it\/immagini_news\/2019\/03\/1552660786_di-benedetto.jpg"}],"author":"La Redazione","twitter_card":"summary_large_image","twitter_image":"https:\/\/files.gossip.it\/immagini_news\/2019\/03\/1552660786_di-benedetto.jpg","twitter_creator":"@gossinews_it","twitter_site":"@gossinews_it","twitter_misc":{"Scritto da":"Annamaria Capozzi","Tempo di lettura stimato":"3 minuti"},"schema":{"@context":"https:\/\/schema.org","@graph":[{"@type":"Article","@id":"https:\/\/www.gossip.it\/news\/paola-di-benedetto-federico-rossi-ridere-tanto\/#article","isPartOf":{"@id":"https:\/\/www.gossip.it\/news\/paola-di-benedetto-federico-rossi-ridere-tanto\/"},"author":{"name":"La Redazione","@id":"https:\/\/www.gossip.it\/#\/schema\/person\/488896f75158bff1cc83c6c39d141110"},"headline":"Paola Di Benedetto a Gossip.it: 'Federico Rossi mi fa ridere tanto. Monte con la Salemi? Contentissima per lui\u2019","datePublished":"2019-03-14T23:00:00+00:00","dateModified":"2019-03-14T23:00:00+00:00","mainEntityOfPage":{"@id":"https:\/\/www.gossip.it\/news\/paola-di-benedetto-federico-rossi-ridere-tanto\/"},"wordCount":522,"publisher":{"@id":"https:\/\/www.gossip.it\/#organization"},"image":{"@id":"https:\/\/www.gossip.it\/news\/paola-di-benedetto-federico-rossi-ridere-tanto\/#primaryimage"},"thumbnailUrl":"https:\/\/files.gossip.it\/immagini_news\/2019\/03\/1552660786_di-benedetto.jpg","keywords":["Alessia Prete","buongiorno e tante belle cose","camicissima","dichiarazioni","evento","federico rossi","fidanzato","francesco monte","giulia salemi","intervista","isola","isola dei famosi","madre natura","matteo gentili","Paola Di Benedetto","ridere","showgirl","tanto"],"articleSection":["News"],"inLanguage":"it-IT"},{"@type":"WebPage","@id":"https:\/\/www.gossip.it\/news\/paola-di-benedetto-federico-rossi-ridere-tanto\/","url":"https:\/\/www.gossip.it\/news\/paola-di-benedetto-federico-rossi-ridere-tanto\/","name":"Paola Di Benedetto a Gossip.it: 'Federico Rossi mi fa ridere tanto. Monte con la Salemi? Contentissima per lui\u2019 - Gossip.it | News sul Gossip e VIP","isPartOf":{"@id":"https:\/\/www.gossip.it\/#website"},"primaryImageOfPage":{"@id":"https:\/\/www.gossip.it\/news\/paola-di-benedetto-federico-rossi-ridere-tanto\/#primaryimage"},"image":{"@id":"https:\/\/www.gossip.it\/news\/paola-di-benedetto-federico-rossi-ridere-tanto\/#primaryimage"},"thumbnailUrl":"https:\/\/files.gossip.it\/immagini_news\/2019\/03\/1552660786_di-benedetto.jpg","datePublished":"2019-03-14T23:00:00+00:00","dateModified":"2019-03-14T23:00:00+00:00","description":"Paola Di Benedetto \u00e8 bellissima e solare. La 24enne \u00e8 in un buon momento. Fidanzata da quasi nove mesi con Federico Rossi, si gode l\u2019amore: il","breadcrumb":{"@id":"https:\/\/www.gossip.it\/news\/paola-di-benedetto-federico-rossi-ridere-tanto\/#breadcrumb"},"inLanguage":"it-IT","potentialAction":[{"@type":"ReadAction","target":["https:\/\/www.gossip.it\/news\/paola-di-benedetto-federico-rossi-ridere-tanto\/"]}]},{"@type":"ImageObject","inLanguage":"it-IT","@id":"https:\/\/www.gossip.it\/news\/paola-di-benedetto-federico-rossi-ridere-tanto\/#primaryimage","url":"https:\/\/files.gossip.it\/immagini_news\/2019\/03\/1552660786_di-benedetto.jpg","contentUrl":"https:\/\/files.gossip.it\/immagini_news\/2019\/03\/1552660786_di-benedetto.jpg"},{"@type":"BreadcrumbList","@id":"https:\/\/www.gossip.it\/news\/paola-di-benedetto-federico-rossi-ridere-tanto\/#breadcrumb","itemListElement":[{"@type":"ListItem","position":1,"name":"Home","item":"https:\/\/www.gossip.it\/"},{"@type":"ListItem","position":2,"name":"Paola Di Benedetto a Gossip.it: 'Federico Rossi mi fa ridere tanto. Monte con la Salemi? Contentissima per lui\u2019"}]},{"@type":"WebSite","@id":"https:\/\/www.gossip.it\/#website","url":"https:\/\/www.gossip.it\/","name":"Gossip and VIP News","description":"Quotidiano di cronaca rosa, costume e societ\u00e0","publisher":{"@id":"https:\/\/www.gossip.it\/#organization"},"alternateName":"Gossip and VIP News","potentialAction":[{"@type":"SearchAction","target":{"@type":"EntryPoint","urlTemplate":"https:\/\/www.gossip.it\/?s={search_term_string}"},"query-input":{"@type":"PropertyValueSpecification","valueRequired":true,"valueName":"search_term_string"}}],"inLanguage":"it-IT"},{"@type":"Organization","@id":"https:\/\/www.gossip.it\/#organization","name":"Gossip and VIP News","alternateName":"Gossip News","url":"https:\/\/www.gossip.it\/","logo":{"@type":"ImageObject","inLanguage":"it-IT","@id":"https:\/\/www.gossip.it\/#\/schema\/logo\/image\/","url":"https:\/\/www.gossip.it\/wp-content\/uploads\/2022\/04\/cropped-corna-alta-tiny.png","contentUrl":"https:\/\/www.gossip.it\/wp-content\/uploads\/2022\/04\/cropped-corna-alta-tiny.png","width":512,"height":512,"caption":"Gossip and VIP News"},"image":{"@id":"https:\/\/www.gossip.it\/#\/schema\/logo\/image\/"},"sameAs":["https:\/\/www.facebook.com\/GossipIT","https:\/\/x.com\/gossinews_it","https:\/\/instagram.com\/gossip_it"]},{"@type":"Person","@id":"https:\/\/www.gossip.it\/#\/schema\/person\/488896f75158bff1cc83c6c39d141110","name":"La Redazione","image":{"@type":"ImageObject","inLanguage":"it-IT","@id":"https:\/\/www.gossip.it\/#\/schema\/person\/image\/","url":"https:\/\/secure.gravatar.com\/avatar\/5a5f5c6fa3e6700e4249abdad0263a1e94e927d9e0499b1cb09c1cd29c044d80?s=96&d=mm&r=g","contentUrl":"https:\/\/secure.gravatar.com\/avatar\/5a5f5c6fa3e6700e4249abdad0263a1e94e927d9e0499b1cb09c1cd29c044d80?s=96&d=mm&r=g","caption":"La Redazione"},"sameAs":["https:\/\/www.gossip.it"]}]}},"amp_enabled":true,"_links":{"self":[{"href":"https:\/\/www.gossip.it\/api\/wp\/v2\/posts\/63774","targetHints":{"allow":["GET"]}}],"collection":[{"href":"https:\/\/www.gossip.it\/api\/wp\/v2\/posts"}],"about":[{"href":"https:\/\/www.gossip.it\/api\/wp\/v2\/types\/post"}],"author":[{"embeddable":true,"href":"https:\/\/www.gossip.it\/api\/wp\/v2\/users\/1"}],"replies":[{"embeddable":true,"href":"https:\/\/www.gossip.it\/api\/wp\/v2\/comments?post=63774"}],"version-history":[{"count":0,"href":"https:\/\/www.gossip.it\/api\/wp\/v2\/posts\/63774\/revisions"}],"wp:featuredmedia":[{"embeddable":true,"href":"https:\/\/www.gossip.it\/api\/wp\/v2\/media\/119820"}],"wp:attachment":[{"href":"https:\/\/www.gossip.it\/api\/wp\/v2\/media?parent=63774"}],"wp:term":[{"taxonomy":"category","embeddable":true,"href":"https:\/\/www.gossip.it\/api\/wp\/v2\/categories?post=63774"},{"taxonomy":"post_tag","embeddable":true,"href":"https:\/\/www.gossip.it\/api\/wp\/v2\/tags?post=63774"},{"taxonomy":"vip","embeddable":true,"href":"https:\/\/www.gossip.it\/api\/wp\/v2\/vip?post=63774"}],"curies":[{"name":"wp","href":"https:\/\/api.w.org\/{rel}","templated":true}]}}