{"id":63950,"date":"2019-04-05T00:00:00","date_gmt":"2019-04-04T22:00:00","guid":{"rendered":"https:\/\/www.gossip.it\/senza-categoria\/raffaella-carra-a-raccontare-comincia-tu\/"},"modified":"2019-04-05T00:00:00","modified_gmt":"2019-04-04T22:00:00","slug":"raffaella-carra-a-raccontare-comincia-tu","status":"publish","type":"post","link":"https:\/\/www.gossip.it\/news\/raffaella-carra-a-raccontare-comincia-tu\/","title":{"rendered":"Raffaella Carr\u00e0 a 75 anni torna in tv con 'A raccontare comincia tu'"},"content":{"rendered":"<p><a href=\"\/vip\/raffaella-carr\u00e0\/\">Raffaella Carr\u00e0<\/a>, 75 anni, gioved\u00ec 4 aprile \u00e8 tornata in tv su Raitre con \"<strong>A raccontare comincia tu<\/strong>\". Ospite della prima puntata, <a href=\"\/vip\/fiorello\/\">Fiorello<\/a>, 58.<\/p>\n<figure class=\"caption\"><img decoding=\"async\" alt=\"\" width=\"640\" height=\"352\" src=\"https:\/\/files.gossip.it\/immagini_news\/2019\/04\/1554455061_fiorello_carra_3.jpg\" \/><figcaption>Raffaella Carr\u00e0 con Fiorello durante la prima puntata di 'A raccontare comincia tu'<\/figcaption><\/figure>\n<p><strong>Raffaella Carr\u00e0<\/strong> per la prima puntata del suo nuovo show \u00e8 riuscita a riportare in Tv Fiorello ormai dedito quasi esclusivamente alla radio. La conduttrice e il suo celebre ospite si sono raccontati. Hanno ripercorso le tappe pi\u00f9 importanti delle loro lunghe carriere, affrontando anche momenti di vita privata molto delicati. Entrambi hanno calcato il palco dell'<a href=\"\/vip\/ariston\/\">Ariston<\/a> e <strong>Raffaella Carr\u00e0<\/strong> ha rivelato che durante la preparazione del <a href=\"\/vip\/festival\/\">Festival<\/a> del 2001, da lei condotto, ha ricevuto una brutta notizia:<em> \"Erano le prime riunioni di <a href=\"\/vip\/sanremo\/\">Sanremo<\/a>. Ricevo una telefonata. Mi dicono che mio fratello ha un tumore al cervello. Mi sono poggiata al muro. Io quel Sanremo l'ho portato avanti lo stesso. Purtroppo per me il Festival \u00e8 un mondo sconosciuto\"<\/em>.\u00a0<\/p>\n<figure class=\"caption\"><img decoding=\"async\" alt=\"\" width=\"640\" height=\"342\" src=\"https:\/\/files.gossip.it\/immagini_news\/2019\/04\/1554455108_fiorello_carra_1.jpg\" \/><figcaption>Rosario Fiorello si \u00e8 raccontato a 360 gradi<\/figcaption><\/figure>\n<p>Anche a Fiorello il Festival rievoca un momento molto doloroso della sua vita. Mentre si trovava in Riviera come inviato di Radio Deejay, \u00e8 venuto a conoscenza della morte del padre: <em>\"Fu tremendo. Lui era giovanissimo. Quando \u00e8 andato via aveva l'et\u00e0 che ho io oggi. Per me Sanremo \u00e8 una roba brutta dove andare perch\u00e9 mi riporta indietro a quella tragedia. Stava ballando con mia madre a Carnevale, poi disse che doveva andare a prendere le sigarette e si \u00e8 sentito male\"<\/em>.<\/p>\n<figure class=\"caption\"><img decoding=\"async\" alt=\"\" width=\"640\" height=\"350\" src=\"https:\/\/files.gossip.it\/immagini_news\/2019\/04\/1554455145_fiorello_carra_2.jpg\" \/><figcaption>Raffaella a 75 anni \u00e8 tornata in Rai con un nuovo programma<\/figcaption><\/figure>\n<p>Durante \"<strong>A raccontare comincia tu<\/strong>\", <strong>Raffaella Carr\u00e0 <\/strong>e Fiorello si sono lanciati in una lunga chiacchierata fatta di ricordi. La regina della tv italiana \u00e8 tornata cos\u00ec sul piccolo schermo con un programma pacato, intimo e che \u00e8 riuscito a fornire un ritratto inedito del suo primo ospite. La prima puntata del programma\u00a0ha registrato 2.299.000 telespettatori, share 9,39%. Un esordio niente male che ha dato filo da torcere alla concorrenza.<br \/>\u00a0<\/p>\n","protected":false},"excerpt":{"rendered":"<p>Raffaella Carr\u00e0, 75 anni, gioved\u00ec 4 aprile \u00e8 tornata in tv su Raitre con \"A raccontare comincia tu\". Ospite della prima puntata, Fiorello, 58. Raffaella Carr\u00e0 con Fiorello durante la prima puntata di 'A raccontare comincia tu' Raffaella Carr\u00e0 per la prima puntata del suo nuovo show \u00e8 riuscita a riportare in Tv Fiorello ormai [&hellip;]<\/p>\n","protected":false},"author":1,"featured_media":119996,"comment_status":"closed","ping_status":"closed","sticky":false,"template":"","format":"standard","meta":{"footnotes":""},"categories":[54],"tags":[59166,50433,2102,2293,23559,2097],"vip":[759,1533],"class_list":["post-63950","post","type-post","status-publish","format-standard","has-post-thumbnail","hentry","category-news","tag-a-rcaccontare-comincia-tu","tag-consuttrice","tag-dichiarazioni","tag-programma","tag-raitre","tag-tv","vip-fiorello","vip-raffaella_carra"],"yoast_head":"<title>Raffaella Carr\u00e0 a 75 anni torna in tv con &#039;A raccontare comincia tu&#039; - Gossip.it | News sul Gossip e VIP<\/title>\n<meta name=\"description\" content=\"Raffaella Carr\u00e0, 75 anni, gioved\u00ec 4 aprile \u00e8 tornata in tv su Raitre con &quot;A raccontare comincia tu&quot;. Ospite della prima puntata, Fiorello, 58.Raffaella\" \/>\n<meta name=\"robots\" content=\"index, follow, max-snippet:-1, max-image-preview:large, max-video-preview:-1\" \/>\n<link rel=\"canonical\" href=\"https:\/\/www.gossip.it\/news\/raffaella-carra-a-raccontare-comincia-tu\/\" \/>\n<meta property=\"og:locale\" content=\"it_IT\" \/>\n<meta property=\"og:type\" content=\"article\" \/>\n<meta property=\"og:title\" content=\"Raffaella Carr\u00e0 a 75 anni torna in tv con &#039;A raccontare comincia tu&#039; - Gossip.it | News sul Gossip e VIP\" \/>\n<meta property=\"og:description\" content=\"Raffaella Carr\u00e0, 75 anni, gioved\u00ec 4 aprile \u00e8 tornata in tv su Raitre con &quot;A raccontare comincia tu&quot;. Ospite della prima puntata, Fiorello, 58.Raffaella\" \/>\n<meta property=\"og:url\" content=\"https:\/\/www.gossip.it\/news\/raffaella-carra-a-raccontare-comincia-tu\/\" \/>\n<meta property=\"og:site_name\" content=\"Gossip.it | News sul Gossip e VIP\" \/>\n<meta property=\"article:publisher\" content=\"https:\/\/www.facebook.com\/GossipIT\" \/>\n<meta property=\"article:published_time\" content=\"2019-04-04T22:00:00+00:00\" \/>\n<meta property=\"og:image\" content=\"https:\/\/files.gossip.it\/immagini_news\/2019\/04\/1554455061_fiorello_carra_3.jpg\" \/>\n<meta name=\"author\" content=\"La Redazione\" \/>\n<meta name=\"twitter:card\" content=\"summary_large_image\" \/>\n<meta name=\"twitter:image\" content=\"https:\/\/files.gossip.it\/immagini_news\/2019\/04\/1554455061_fiorello_carra_3.jpg\" \/>\n<meta name=\"twitter:creator\" content=\"@gossinews_it\" \/>\n<meta name=\"twitter:site\" content=\"@gossinews_it\" \/>\n<meta name=\"twitter:label1\" content=\"Scritto da\" \/>\n\t<meta name=\"twitter:data1\" content=\"Francesca Romana Domenici\" \/>\n\t<meta name=\"twitter:label2\" content=\"Tempo di lettura stimato\" \/>\n\t<meta name=\"twitter:data2\" content=\"2 minuti\" \/>","yoast_head_json":{"title":"Raffaella Carr\u00e0 a 75 anni torna in tv con 'A raccontare comincia tu' - Gossip.it | News sul Gossip e VIP","description":"Raffaella Carr\u00e0, 75 anni, gioved\u00ec 4 aprile \u00e8 tornata in tv su Raitre con \"A raccontare comincia tu\". Ospite della prima puntata, Fiorello, 58.Raffaella","robots":{"index":"index","follow":"follow","max-snippet":"max-snippet:-1","max-image-preview":"max-image-preview:large","max-video-preview":"max-video-preview:-1"},"canonical":"https:\/\/www.gossip.it\/news\/raffaella-carra-a-raccontare-comincia-tu\/","og_locale":"it_IT","og_type":"article","og_title":"Raffaella Carr\u00e0 a 75 anni torna in tv con 'A raccontare comincia tu' - Gossip.it | News sul Gossip e VIP","og_description":"Raffaella Carr\u00e0, 75 anni, gioved\u00ec 4 aprile \u00e8 tornata in tv su Raitre con \"A raccontare comincia tu\". Ospite della prima puntata, Fiorello, 58.Raffaella","og_url":"https:\/\/www.gossip.it\/news\/raffaella-carra-a-raccontare-comincia-tu\/","og_site_name":"Gossip.it | News sul Gossip e VIP","article_publisher":"https:\/\/www.facebook.com\/GossipIT","article_published_time":"2019-04-04T22:00:00+00:00","og_image":[{"url":"https:\/\/files.gossip.it\/immagini_news\/2019\/04\/1554455061_fiorello_carra_3.jpg"}],"author":"La Redazione","twitter_card":"summary_large_image","twitter_image":"https:\/\/files.gossip.it\/immagini_news\/2019\/04\/1554455061_fiorello_carra_3.jpg","twitter_creator":"@gossinews_it","twitter_site":"@gossinews_it","twitter_misc":{"Scritto da":"Francesca Romana Domenici","Tempo di lettura stimato":"2 minuti"},"schema":{"@context":"https:\/\/schema.org","@graph":[{"@type":"Article","@id":"https:\/\/www.gossip.it\/news\/raffaella-carra-a-raccontare-comincia-tu\/#article","isPartOf":{"@id":"https:\/\/www.gossip.it\/news\/raffaella-carra-a-raccontare-comincia-tu\/"},"author":{"name":"La Redazione","@id":"https:\/\/www.gossip.it\/#\/schema\/person\/488896f75158bff1cc83c6c39d141110"},"headline":"Raffaella Carr\u00e0 a 75 anni torna in tv con 'A raccontare comincia tu'","datePublished":"2019-04-04T22:00:00+00:00","dateModified":"2019-04-04T22:00:00+00:00","mainEntityOfPage":{"@id":"https:\/\/www.gossip.it\/news\/raffaella-carra-a-raccontare-comincia-tu\/"},"wordCount":326,"publisher":{"@id":"https:\/\/www.gossip.it\/#organization"},"image":{"@id":"https:\/\/www.gossip.it\/news\/raffaella-carra-a-raccontare-comincia-tu\/#primaryimage"},"thumbnailUrl":"https:\/\/files.gossip.it\/immagini_news\/2019\/04\/1554455061_fiorello_carra_3.jpg","keywords":["a rcaccontare comincia tu","consuttrice","dichiarazioni","programma","raitre","tv"],"articleSection":["News"],"inLanguage":"it-IT"},{"@type":"WebPage","@id":"https:\/\/www.gossip.it\/news\/raffaella-carra-a-raccontare-comincia-tu\/","url":"https:\/\/www.gossip.it\/news\/raffaella-carra-a-raccontare-comincia-tu\/","name":"Raffaella Carr\u00e0 a 75 anni torna in tv con 'A raccontare comincia tu' - Gossip.it | News sul Gossip e VIP","isPartOf":{"@id":"https:\/\/www.gossip.it\/#website"},"primaryImageOfPage":{"@id":"https:\/\/www.gossip.it\/news\/raffaella-carra-a-raccontare-comincia-tu\/#primaryimage"},"image":{"@id":"https:\/\/www.gossip.it\/news\/raffaella-carra-a-raccontare-comincia-tu\/#primaryimage"},"thumbnailUrl":"https:\/\/files.gossip.it\/immagini_news\/2019\/04\/1554455061_fiorello_carra_3.jpg","datePublished":"2019-04-04T22:00:00+00:00","dateModified":"2019-04-04T22:00:00+00:00","description":"Raffaella Carr\u00e0, 75 anni, gioved\u00ec 4 aprile \u00e8 tornata in tv su Raitre con \"A raccontare comincia tu\". Ospite della prima puntata, Fiorello, 58.Raffaella","breadcrumb":{"@id":"https:\/\/www.gossip.it\/news\/raffaella-carra-a-raccontare-comincia-tu\/#breadcrumb"},"inLanguage":"it-IT","potentialAction":[{"@type":"ReadAction","target":["https:\/\/www.gossip.it\/news\/raffaella-carra-a-raccontare-comincia-tu\/"]}]},{"@type":"ImageObject","inLanguage":"it-IT","@id":"https:\/\/www.gossip.it\/news\/raffaella-carra-a-raccontare-comincia-tu\/#primaryimage","url":"https:\/\/files.gossip.it\/immagini_news\/2019\/04\/1554455061_fiorello_carra_3.jpg","contentUrl":"https:\/\/files.gossip.it\/immagini_news\/2019\/04\/1554455061_fiorello_carra_3.jpg"},{"@type":"BreadcrumbList","@id":"https:\/\/www.gossip.it\/news\/raffaella-carra-a-raccontare-comincia-tu\/#breadcrumb","itemListElement":[{"@type":"ListItem","position":1,"name":"Home","item":"https:\/\/www.gossip.it\/"},{"@type":"ListItem","position":2,"name":"Raffaella Carr\u00e0 a 75 anni torna in tv con 'A raccontare comincia tu'"}]},{"@type":"WebSite","@id":"https:\/\/www.gossip.it\/#website","url":"https:\/\/www.gossip.it\/","name":"Gossip and VIP News","description":"Quotidiano di cronaca rosa, costume e societ\u00e0","publisher":{"@id":"https:\/\/www.gossip.it\/#organization"},"alternateName":"Gossip and VIP News","potentialAction":[{"@type":"SearchAction","target":{"@type":"EntryPoint","urlTemplate":"https:\/\/www.gossip.it\/?s={search_term_string}"},"query-input":{"@type":"PropertyValueSpecification","valueRequired":true,"valueName":"search_term_string"}}],"inLanguage":"it-IT"},{"@type":"Organization","@id":"https:\/\/www.gossip.it\/#organization","name":"Gossip and VIP News","alternateName":"Gossip News","url":"https:\/\/www.gossip.it\/","logo":{"@type":"ImageObject","inLanguage":"it-IT","@id":"https:\/\/www.gossip.it\/#\/schema\/logo\/image\/","url":"https:\/\/www.gossip.it\/wp-content\/uploads\/2022\/04\/cropped-corna-alta-tiny.png","contentUrl":"https:\/\/www.gossip.it\/wp-content\/uploads\/2022\/04\/cropped-corna-alta-tiny.png","width":512,"height":512,"caption":"Gossip and VIP News"},"image":{"@id":"https:\/\/www.gossip.it\/#\/schema\/logo\/image\/"},"sameAs":["https:\/\/www.facebook.com\/GossipIT","https:\/\/x.com\/gossinews_it","https:\/\/instagram.com\/gossip_it"]},{"@type":"Person","@id":"https:\/\/www.gossip.it\/#\/schema\/person\/488896f75158bff1cc83c6c39d141110","name":"La Redazione","image":{"@type":"ImageObject","inLanguage":"it-IT","@id":"https:\/\/www.gossip.it\/#\/schema\/person\/image\/","url":"https:\/\/secure.gravatar.com\/avatar\/5a5f5c6fa3e6700e4249abdad0263a1e94e927d9e0499b1cb09c1cd29c044d80?s=96&d=mm&r=g","contentUrl":"https:\/\/secure.gravatar.com\/avatar\/5a5f5c6fa3e6700e4249abdad0263a1e94e927d9e0499b1cb09c1cd29c044d80?s=96&d=mm&r=g","caption":"La Redazione"},"sameAs":["https:\/\/www.gossip.it"]}]}},"amp_enabled":true,"_links":{"self":[{"href":"https:\/\/www.gossip.it\/api\/wp\/v2\/posts\/63950","targetHints":{"allow":["GET"]}}],"collection":[{"href":"https:\/\/www.gossip.it\/api\/wp\/v2\/posts"}],"about":[{"href":"https:\/\/www.gossip.it\/api\/wp\/v2\/types\/post"}],"author":[{"embeddable":true,"href":"https:\/\/www.gossip.it\/api\/wp\/v2\/users\/1"}],"replies":[{"embeddable":true,"href":"https:\/\/www.gossip.it\/api\/wp\/v2\/comments?post=63950"}],"version-history":[{"count":0,"href":"https:\/\/www.gossip.it\/api\/wp\/v2\/posts\/63950\/revisions"}],"wp:featuredmedia":[{"embeddable":true,"href":"https:\/\/www.gossip.it\/api\/wp\/v2\/media\/119996"}],"wp:attachment":[{"href":"https:\/\/www.gossip.it\/api\/wp\/v2\/media?parent=63950"}],"wp:term":[{"taxonomy":"category","embeddable":true,"href":"https:\/\/www.gossip.it\/api\/wp\/v2\/categories?post=63950"},{"taxonomy":"post_tag","embeddable":true,"href":"https:\/\/www.gossip.it\/api\/wp\/v2\/tags?post=63950"},{"taxonomy":"vip","embeddable":true,"href":"https:\/\/www.gossip.it\/api\/wp\/v2\/vip?post=63950"}],"curies":[{"name":"wp","href":"https:\/\/api.w.org\/{rel}","templated":true}]}}