{"id":64155,"date":"2019-04-30T00:00:00","date_gmt":"2019-04-29T22:00:00","guid":{"rendered":"https:\/\/www.gossip.it\/senza-categoria\/paola-caruso-relax-parco-michelino-padre\/"},"modified":"2019-04-30T00:00:00","modified_gmt":"2019-04-29T22:00:00","slug":"paola-caruso-relax-parco-michelino-padre","status":"publish","type":"post","link":"https:\/\/www.gossip.it\/news\/paola-caruso-relax-parco-michelino-padre\/","title":{"rendered":"Paola Caruso, relax al parco con Michelino in attesa di rivelare chi \u00e8 suo padre"},"content":{"rendered":"<p><a href=\"\/vip\/paola-caruso\/\">Paola Caruso<\/a> al <strong>parco<\/strong> con <strong>Michelino<\/strong>, il figlio nato lo scorso 2 marzo, s gode il <strong>relax<\/strong>. Abbigliamento casual per l\u2019ex <a href=\"\/vip\/bonas\/\">Bonas<\/a> di <a href=\"\/vip\/avanti-un altro\/\">Avanti un altro<\/a>. La 34enne \u00e8 felice dopo aver ritrovato la sua mamma biologica, Imma. Ora in <a href=\"\/vip\/tv\/\">tv<\/a>, sempre da <a href=\"\/vip\/barbara-d\u2019urso\/\">Barbara D\u2019Urso<\/a>, probabilmente mercoled\u00ec sera al '<a href=\"\/vip\/live\/\">Live<\/a>', sveler\u00e0 anche il nome del suo vero <strong>padre<\/strong>. Lo ha gi\u00e0 annunciato al <em>Corriere della Sera<\/em>.<\/p>\n<figure class=\"caption\"><img decoding=\"async\" alt=\"\" width=\"640\" height=\"644\" src=\"https:\/\/files.gossip.it\/immagini_news\/2019\/04\/1556631744_paola_caruso.jpg\" \/><figcaption>Paola Caruso, relax al parco con Michelino in attesa di rivelare chi \u00e8 suo padre<\/figcaption><\/figure>\n<p>Giornata di sole e <strong>relax <\/strong>al <strong>parco<\/strong> con <strong>Michelino<\/strong>.<strong> Paola Caruso<\/strong> porta con s\u00e9 pure il suo adorato cagnolino. La bionda \u00e8 serena, anche se non sa ancora se il suo <strong>padre<\/strong> biologico vorr\u00e0 incontrarla o meno. L\u2019uomo che ha messo <a href=\"\/vip\/incinta\/\">incinta<\/a> Imma \u00e8 un ex famoso giocatore in prestito al Catanzaro, come raccontato dalla donna in televisione. Proprio sul<em> Corriere della Sera<\/em> in un articolo dedicato alla <a href=\"\/vip\/showgirl\/\">showgirl<\/a> e al suo <em>\u2018caso\u2019<\/em> si legge: <em>\u201cA far due conti dovrebbe essere nella rosa della squadra 83\/84, quella dove giocavano il portiere Giovanni Cervone e l\u2019attaccante Edi Bivi\u201d<\/em>. Questi i nomi dei principali indiziati. Sono in molti a chiedersi chi dei due dovrebbe essere suo <strong>padre<\/strong>\u2026<\/p>\n<p>Prima di tutto il <strong>relax<\/strong>. <strong>Paola Caruso<\/strong> sul social della questione non parla. Condivide una foto mentre \u00e8 al <strong>parco<\/strong> con il suo <strong>Michelino<\/strong>. A <em>DiPi\u00f9 Tv<\/em> sul ritrovamento della mamma biologica, ha spiegato:<em> \"La mia mamma adottiva inizialmente ha preso male questa storia.\u00a0Ha avuto paura di perdermi, ma io le ho detto di stare tranquilla. Con Imma ci sentiamo almeno 3 volte al giorno.\u00a0Lei mi chiama di pi\u00f9, ma io ho il bambino da allattare, da seguire... e non riesco a risponderle sempre!\u201d.<\/em> Poi sul figlio ha detto: <em>\u201cNon ci sar\u00e0 bisogno di spiegargli perch\u00e9 ha due nonne materne: sar\u00e0 doppiamente coccolato e diventer\u00e0 il bambino pi\u00f9 felice del mondo, ma lo \u00e8 gi\u00e0\u201d.<\/em><\/p>\n<p>\u00a0<\/p>\n","protected":false},"excerpt":{"rendered":"<p>Paola Caruso al parco con Michelino, il figlio nato lo scorso 2 marzo, s gode il relax. Abbigliamento casual per l\u2019ex Bonas di Avanti un altro. La 34enne \u00e8 felice dopo aver ritrovato la sua mamma biologica, Imma. Ora in tv, sempre da Barbara D\u2019Urso, probabilmente mercoled\u00ec sera al 'Live', sveler\u00e0 anche il nome del [&hellip;]<\/p>\n","protected":false},"author":1,"featured_media":120201,"comment_status":"closed","ping_status":"closed","sticky":false,"template":"","format":"standard","meta":{"footnotes":""},"categories":[54],"tags":[12364,10632,8485,8080,7726,2098,7491,1992,12279,3468,2121,4846,12338,2361,1964,4444,1912,11969,6168,2145,2902,1967,1923,2097],"vip":[383,1453],"class_list":["post-64155","post","type-post","status-publish","format-standard","has-post-thumbnail","hentry","category-news","tag-adottata","tag-adozione","tag-ascensore","tag-biologica","tag-bonas","tag-canale-5","tag-commozione","tag-conduttrice","tag-imma","tag-incontro","tag-instagram","tag-live","tag-live-non-e-la-durso","tag-madre","tag-michelino","tag-naufraga","tag-padre","tag-padre-biologico","tag-parco","tag-presentatrice","tag-relax","tag-showgirl","tag-social","tag-tv","vip-barbara_durso","vip-paola_caruso"],"yoast_head":"<title>Paola Caruso, relax al parco con Michelino in attesa di rivelare chi \u00e8 suo padre - Gossip.it | News sul Gossip e VIP<\/title>\n<meta name=\"description\" content=\"Paola Caruso al parco con Michelino, il figlio nato lo scorso 2 marzo, s gode il relax. Abbigliamento casual per l\u2019ex Bonas di Avanti un altro. La 34enne\" \/>\n<meta name=\"robots\" content=\"index, follow, max-snippet:-1, max-image-preview:large, max-video-preview:-1\" \/>\n<link rel=\"canonical\" href=\"https:\/\/www.gossip.it\/news\/paola-caruso-relax-parco-michelino-padre\/\" \/>\n<meta property=\"og:locale\" content=\"it_IT\" \/>\n<meta property=\"og:type\" content=\"article\" \/>\n<meta property=\"og:title\" content=\"Paola Caruso, relax al parco con Michelino in attesa di rivelare chi \u00e8 suo padre - Gossip.it | News sul Gossip e VIP\" \/>\n<meta property=\"og:description\" content=\"Paola Caruso al parco con Michelino, il figlio nato lo scorso 2 marzo, s gode il relax. Abbigliamento casual per l\u2019ex Bonas di Avanti un altro. La 34enne\" \/>\n<meta property=\"og:url\" content=\"https:\/\/www.gossip.it\/news\/paola-caruso-relax-parco-michelino-padre\/\" \/>\n<meta property=\"og:site_name\" content=\"Gossip.it | News sul Gossip e VIP\" \/>\n<meta property=\"article:publisher\" content=\"https:\/\/www.facebook.com\/GossipIT\" \/>\n<meta property=\"article:published_time\" content=\"2019-04-29T22:00:00+00:00\" \/>\n<meta property=\"og:image\" content=\"https:\/\/files.gossip.it\/immagini_news\/2019\/04\/1556631744_paola_caruso.jpg\" \/>\n<meta name=\"author\" content=\"La Redazione\" \/>\n<meta name=\"twitter:card\" content=\"summary_large_image\" \/>\n<meta name=\"twitter:image\" content=\"https:\/\/files.gossip.it\/immagini_news\/2019\/04\/1556631744_paola_caruso.jpg\" \/>\n<meta name=\"twitter:creator\" content=\"@gossinews_it\" \/>\n<meta name=\"twitter:site\" content=\"@gossinews_it\" \/>\n<meta name=\"twitter:label1\" content=\"Scritto da\" \/>\n\t<meta name=\"twitter:data1\" content=\"Annamaria Capozzi\" \/>\n\t<meta name=\"twitter:label2\" content=\"Tempo di lettura stimato\" \/>\n\t<meta name=\"twitter:data2\" content=\"2 minuti\" \/>","yoast_head_json":{"title":"Paola Caruso, relax al parco con Michelino in attesa di rivelare chi \u00e8 suo padre - Gossip.it | News sul Gossip e VIP","description":"Paola Caruso al parco con Michelino, il figlio nato lo scorso 2 marzo, s gode il relax. Abbigliamento casual per l\u2019ex Bonas di Avanti un altro. La 34enne","robots":{"index":"index","follow":"follow","max-snippet":"max-snippet:-1","max-image-preview":"max-image-preview:large","max-video-preview":"max-video-preview:-1"},"canonical":"https:\/\/www.gossip.it\/news\/paola-caruso-relax-parco-michelino-padre\/","og_locale":"it_IT","og_type":"article","og_title":"Paola Caruso, relax al parco con Michelino in attesa di rivelare chi \u00e8 suo padre - Gossip.it | News sul Gossip e VIP","og_description":"Paola Caruso al parco con Michelino, il figlio nato lo scorso 2 marzo, s gode il relax. Abbigliamento casual per l\u2019ex Bonas di Avanti un altro. La 34enne","og_url":"https:\/\/www.gossip.it\/news\/paola-caruso-relax-parco-michelino-padre\/","og_site_name":"Gossip.it | News sul Gossip e VIP","article_publisher":"https:\/\/www.facebook.com\/GossipIT","article_published_time":"2019-04-29T22:00:00+00:00","og_image":[{"url":"https:\/\/files.gossip.it\/immagini_news\/2019\/04\/1556631744_paola_caruso.jpg"}],"author":"La Redazione","twitter_card":"summary_large_image","twitter_image":"https:\/\/files.gossip.it\/immagini_news\/2019\/04\/1556631744_paola_caruso.jpg","twitter_creator":"@gossinews_it","twitter_site":"@gossinews_it","twitter_misc":{"Scritto da":"Annamaria Capozzi","Tempo di lettura stimato":"2 minuti"},"schema":{"@context":"https:\/\/schema.org","@graph":[{"@type":"Article","@id":"https:\/\/www.gossip.it\/news\/paola-caruso-relax-parco-michelino-padre\/#article","isPartOf":{"@id":"https:\/\/www.gossip.it\/news\/paola-caruso-relax-parco-michelino-padre\/"},"author":{"name":"La Redazione","@id":"https:\/\/www.gossip.it\/#\/schema\/person\/488896f75158bff1cc83c6c39d141110"},"headline":"Paola Caruso, relax al parco con Michelino in attesa di rivelare chi \u00e8 suo padre","datePublished":"2019-04-29T22:00:00+00:00","dateModified":"2019-04-29T22:00:00+00:00","mainEntityOfPage":{"@id":"https:\/\/www.gossip.it\/news\/paola-caruso-relax-parco-michelino-padre\/"},"wordCount":322,"publisher":{"@id":"https:\/\/www.gossip.it\/#organization"},"image":{"@id":"https:\/\/www.gossip.it\/news\/paola-caruso-relax-parco-michelino-padre\/#primaryimage"},"thumbnailUrl":"https:\/\/files.gossip.it\/immagini_news\/2019\/04\/1556631744_paola_caruso.jpg","keywords":["adottata","adozione","ascensore","biologica","bonas","canale 5","commozione","conduttrice","imma","incontro","instagram","live","live - non \u00e8 la d'urso","madre","michelino","naufraga","padre","padre biologico","parco","presentatrice","relax","showgirl","social","tv"],"articleSection":["News"],"inLanguage":"it-IT"},{"@type":"WebPage","@id":"https:\/\/www.gossip.it\/news\/paola-caruso-relax-parco-michelino-padre\/","url":"https:\/\/www.gossip.it\/news\/paola-caruso-relax-parco-michelino-padre\/","name":"Paola Caruso, relax al parco con Michelino in attesa di rivelare chi \u00e8 suo padre - Gossip.it | News sul Gossip e VIP","isPartOf":{"@id":"https:\/\/www.gossip.it\/#website"},"primaryImageOfPage":{"@id":"https:\/\/www.gossip.it\/news\/paola-caruso-relax-parco-michelino-padre\/#primaryimage"},"image":{"@id":"https:\/\/www.gossip.it\/news\/paola-caruso-relax-parco-michelino-padre\/#primaryimage"},"thumbnailUrl":"https:\/\/files.gossip.it\/immagini_news\/2019\/04\/1556631744_paola_caruso.jpg","datePublished":"2019-04-29T22:00:00+00:00","dateModified":"2019-04-29T22:00:00+00:00","description":"Paola Caruso al parco con Michelino, il figlio nato lo scorso 2 marzo, s gode il relax. Abbigliamento casual per l\u2019ex Bonas di Avanti un altro. La 34enne","breadcrumb":{"@id":"https:\/\/www.gossip.it\/news\/paola-caruso-relax-parco-michelino-padre\/#breadcrumb"},"inLanguage":"it-IT","potentialAction":[{"@type":"ReadAction","target":["https:\/\/www.gossip.it\/news\/paola-caruso-relax-parco-michelino-padre\/"]}]},{"@type":"ImageObject","inLanguage":"it-IT","@id":"https:\/\/www.gossip.it\/news\/paola-caruso-relax-parco-michelino-padre\/#primaryimage","url":"https:\/\/files.gossip.it\/immagini_news\/2019\/04\/1556631744_paola_caruso.jpg","contentUrl":"https:\/\/files.gossip.it\/immagini_news\/2019\/04\/1556631744_paola_caruso.jpg"},{"@type":"BreadcrumbList","@id":"https:\/\/www.gossip.it\/news\/paola-caruso-relax-parco-michelino-padre\/#breadcrumb","itemListElement":[{"@type":"ListItem","position":1,"name":"Home","item":"https:\/\/www.gossip.it\/"},{"@type":"ListItem","position":2,"name":"Paola Caruso, relax al parco con Michelino in attesa di rivelare chi \u00e8 suo padre"}]},{"@type":"WebSite","@id":"https:\/\/www.gossip.it\/#website","url":"https:\/\/www.gossip.it\/","name":"Gossip and VIP News","description":"Quotidiano di cronaca rosa, costume e societ\u00e0","publisher":{"@id":"https:\/\/www.gossip.it\/#organization"},"alternateName":"Gossip and VIP News","potentialAction":[{"@type":"SearchAction","target":{"@type":"EntryPoint","urlTemplate":"https:\/\/www.gossip.it\/?s={search_term_string}"},"query-input":{"@type":"PropertyValueSpecification","valueRequired":true,"valueName":"search_term_string"}}],"inLanguage":"it-IT"},{"@type":"Organization","@id":"https:\/\/www.gossip.it\/#organization","name":"Gossip and VIP News","alternateName":"Gossip News","url":"https:\/\/www.gossip.it\/","logo":{"@type":"ImageObject","inLanguage":"it-IT","@id":"https:\/\/www.gossip.it\/#\/schema\/logo\/image\/","url":"https:\/\/www.gossip.it\/wp-content\/uploads\/2022\/04\/cropped-corna-alta-tiny.png","contentUrl":"https:\/\/www.gossip.it\/wp-content\/uploads\/2022\/04\/cropped-corna-alta-tiny.png","width":512,"height":512,"caption":"Gossip and VIP News"},"image":{"@id":"https:\/\/www.gossip.it\/#\/schema\/logo\/image\/"},"sameAs":["https:\/\/www.facebook.com\/GossipIT","https:\/\/x.com\/gossinews_it","https:\/\/instagram.com\/gossip_it"]},{"@type":"Person","@id":"https:\/\/www.gossip.it\/#\/schema\/person\/488896f75158bff1cc83c6c39d141110","name":"La Redazione","image":{"@type":"ImageObject","inLanguage":"it-IT","@id":"https:\/\/www.gossip.it\/#\/schema\/person\/image\/","url":"https:\/\/secure.gravatar.com\/avatar\/5a5f5c6fa3e6700e4249abdad0263a1e94e927d9e0499b1cb09c1cd29c044d80?s=96&d=mm&r=g","contentUrl":"https:\/\/secure.gravatar.com\/avatar\/5a5f5c6fa3e6700e4249abdad0263a1e94e927d9e0499b1cb09c1cd29c044d80?s=96&d=mm&r=g","caption":"La Redazione"},"sameAs":["https:\/\/www.gossip.it"]}]}},"amp_enabled":true,"_links":{"self":[{"href":"https:\/\/www.gossip.it\/api\/wp\/v2\/posts\/64155","targetHints":{"allow":["GET"]}}],"collection":[{"href":"https:\/\/www.gossip.it\/api\/wp\/v2\/posts"}],"about":[{"href":"https:\/\/www.gossip.it\/api\/wp\/v2\/types\/post"}],"author":[{"embeddable":true,"href":"https:\/\/www.gossip.it\/api\/wp\/v2\/users\/1"}],"replies":[{"embeddable":true,"href":"https:\/\/www.gossip.it\/api\/wp\/v2\/comments?post=64155"}],"version-history":[{"count":0,"href":"https:\/\/www.gossip.it\/api\/wp\/v2\/posts\/64155\/revisions"}],"wp:featuredmedia":[{"embeddable":true,"href":"https:\/\/www.gossip.it\/api\/wp\/v2\/media\/120201"}],"wp:attachment":[{"href":"https:\/\/www.gossip.it\/api\/wp\/v2\/media?parent=64155"}],"wp:term":[{"taxonomy":"category","embeddable":true,"href":"https:\/\/www.gossip.it\/api\/wp\/v2\/categories?post=64155"},{"taxonomy":"post_tag","embeddable":true,"href":"https:\/\/www.gossip.it\/api\/wp\/v2\/tags?post=64155"},{"taxonomy":"vip","embeddable":true,"href":"https:\/\/www.gossip.it\/api\/wp\/v2\/vip?post=64155"}],"curies":[{"name":"wp","href":"https:\/\/api.w.org\/{rel}","templated":true}]}}