{"id":64206,"date":"2019-05-07T00:00:00","date_gmt":"2019-05-06T22:00:00","guid":{"rendered":"https:\/\/www.gossip.it\/senza-categoria\/kiko-nalli-figlio-francesco-reazione\/"},"modified":"2019-05-07T00:00:00","modified_gmt":"2019-05-06T22:00:00","slug":"kiko-nalli-figlio-francesco-reazione","status":"publish","type":"post","link":"https:\/\/www.gossip.it\/news\/kiko-nalli-figlio-francesco-reazione\/","title":{"rendered":"Kik\u00f2 Nalli in lacrime per la reazione del figlio Francesco alla sua storia con Ambra"},"content":{"rendered":"<p><strong>Kik\u00f2 Nalli<\/strong> durante la puntata di luned\u00ec 6 maggio del \"<a href=\"\/vip\/grande-fratello 16\/\">Grande Fratello 16<\/a>\" \u00e8 stato messo al corrente della<strong> reazione <\/strong>del figlio <strong>Francesco<\/strong>, 12 anni, a quanto accaduto con\u00a0<a href=\"\/vip\/-ambra lombardo \/\">Ambra Lombardo <\/a>la settimana precedente: la professoressa ha dichiarato il suo interesse per l'ex marito di <a href=\"\/vip\/tina-cipollari\/\">Tina Cipollari<\/a> e lo ha baciato appassionatamente sulle labbra. Il ragazzo ha commentato sul <a href=\"\/vip\/social-\/\">social <\/a>affermando che l'ex gieffina \u00e8 una stratega in cerca solo di visibilit\u00e0.<\/p>\n<figure class=\"caption\"><img decoding=\"async\" alt=\"\" width=\"640\" height=\"358\" src=\"https:\/\/files.gossip.it\/immagini_news\/2019\/05\/1557221400_kiko_1.jpg\" \/><figcaption>Kiko Nalli viene a conoscenza della reazione del figlio Francesco alla sua storia con Ambra<\/figcaption><\/figure>\n<p><strong>Kik\u00f2 Nalli<\/strong> di fronte alla <strong>reazione<\/strong> del <strong>figlio<\/strong> <strong>Francesco<\/strong> non \u00e8 riuscito a trattenere le lacrime: <em>\"Ha tutto il diritto di giudicare perch\u00e9 \u00e8 sangue del mio sangue, sono il pap\u00e0, se lo pu\u00f2 permettere\"<\/em>, ha dichiarato.<em>\u00a0<\/em>\u00a0<a href=\"\/vip\/cristiano-malgioglio\/\">Cristiano Malgioglio<\/a> ha dato ragione al ragazzo, affermando che a suo parere i baci di Ambra a <strong>Kik\u00f2 Nalli<\/strong> erano finiti. La professoressa ha replicato: <em>\"Forse i baci veri tu nella tua vita non li hai mai dati. Ho fatto una scelta dettata solo dal cuore e pretendo che le mie emozioni vengano rispettate\"<\/em>. Poi, rivolgendosi a <strong>Kik\u00f2 Nalli<\/strong>, la Lombardo ha detto:<em> \"Non ascoltare, io ci sono e sar\u00e0 il tempo a darci ragione\"<\/em>.<\/p>\n<figure class=\"caption\"><img decoding=\"async\" alt=\"\" width=\"640\" height=\"359\" src=\"https:\/\/files.gossip.it\/immagini_news\/2019\/05\/1557221435_kiko_3.jpg\" \/><figcaption>Il gieffino non riesce a trattenere le lacrime<\/figcaption><\/figure>\n<p><strong>Kik\u00f2<\/strong> \u00e8 apparso piuttosto provato dopo essere venuto a conoscenza della <strong>reazione <\/strong>del <strong>figlio<\/strong>: <em>\"Stiamo tranquilli<\/em> - ha affermato -<em> Non alziamo un polverone per niente. Questo attacco non va fatto. E' una cosa che vivr\u00f2 fuori. <strong>Francesco<\/strong> ricordarti che pap\u00e0 ci sar\u00e0 sempre per te. Ne parleremo insieme. Capiremo se \u00e8 sbagliato, se \u00e8 giusto e quello che si deve fare\"<\/em>.\u00a0<\/p>\n<figure class=\"caption\"><img decoding=\"async\" alt=\"\" width=\"640\" height=\"360\" src=\"https:\/\/files.gossip.it\/immagini_news\/2019\/05\/1557221464_kiko_2.jpg\" \/><figcaption>Francesco sostiene che Ambra sia solo una stratega in cerca di visibilit\u00e0\u00a0<\/figcaption><\/figure>\n<p>Riguardo a Tina Cipollari e i suoi post che molti hanno interpretato come frecciatine rivolte ad Ambra, l'hairstylist ha detto: <em>\"Conosco Tina e quando dice una cosa la prendo sul serio. Per\u00f2 lei mi conosce bene e sa che sensibilit\u00e0 ho, sono molto passionale. E' finito un amore, speriamo che ne inizi un altro o comunque un viaggio dove nessuno pu\u00f2 dire quello che devo o posso fare. Io ho il mio percorso, se Ambra accetta questo Kiko che ha conosciuto, io sar\u00f2 ben felice. Tina deve ricordarsi che io c'ero, ci sono e ci sar\u00f2 sempre. Questi post non sono nemmeno da lei, non me l'aspettavo\"<\/em>.<\/p>\n<p><em>\"Non ho mai messo becco nella vita di Tina<\/em> - ha aggiunto <strong>Nalli<\/strong> - <em>Non sar\u00e0 questo a incrinare il nostro rapporto. Con lei ho un bellissimo rapporto e non sar\u00e0 questa stron*ata a rovinare la mia vita. Non condivido che si litighi per una cosa mia personale. Non si pu\u00f2 parlare ancora di amore. Se \u00e8 vero ben venga. Ma ora sono qui dentro\"<\/em>.\u00a0<\/p>\n<p>\u00a0<\/p>\n<p>\u00a0<\/p>\n","protected":false},"excerpt":{"rendered":"<p>Kik\u00f2 Nalli durante la puntata di luned\u00ec 6 maggio del \"Grande Fratello 16\" \u00e8 stato messo al corrente della reazione del figlio Francesco, 12 anni, a quanto accaduto con\u00a0Ambra Lombardo la settimana precedente: la professoressa ha dichiarato il suo interesse per l'ex marito di Tina Cipollari e lo ha baciato appassionatamente sulle labbra. Il ragazzo [&hellip;]<\/p>\n","protected":false},"author":1,"featured_media":120252,"comment_status":"closed","ping_status":"closed","sticky":false,"template":"","format":"standard","meta":{"footnotes":""},"categories":[54],"tags":[12501,34837,1942,59262,2106,12288,12329,59280,1923],"vip":[1764],"class_list":["post-64206","post","type-post","status-publish","format-standard","has-post-thumbnail","hentry","category-news","tag-ambra-lombardo","tag-chicco-nalli","tag-figlio","tag-francesco-nalli","tag-gf","tag-gf-16","tag-grande-fratello-16","tag-kiko-nallli","tag-social","vip-tina_cipollari"],"yoast_head":"<title>Kik\u00f2 Nalli in lacrime per la reazione del figlio Francesco alla sua storia con Ambra - Gossip.it | News sul Gossip e VIP<\/title>\n<meta name=\"description\" content=\"Kik\u00f2 Nalli durante la puntata di luned\u00ec 6 maggio del &quot;Grande Fratello 16&quot; \u00e8 stato messo al corrente della reazione del figlio Francesco, 12 anni, a quanto\" \/>\n<meta name=\"robots\" content=\"index, follow, max-snippet:-1, max-image-preview:large, max-video-preview:-1\" \/>\n<link rel=\"canonical\" href=\"https:\/\/www.gossip.it\/news\/kiko-nalli-figlio-francesco-reazione\/\" \/>\n<meta property=\"og:locale\" content=\"it_IT\" \/>\n<meta property=\"og:type\" content=\"article\" \/>\n<meta property=\"og:title\" content=\"Kik\u00f2 Nalli in lacrime per la reazione del figlio Francesco alla sua storia con Ambra - Gossip.it | News sul Gossip e VIP\" \/>\n<meta property=\"og:description\" content=\"Kik\u00f2 Nalli durante la puntata di luned\u00ec 6 maggio del &quot;Grande Fratello 16&quot; \u00e8 stato messo al corrente della reazione del figlio Francesco, 12 anni, a quanto\" \/>\n<meta property=\"og:url\" content=\"https:\/\/www.gossip.it\/news\/kiko-nalli-figlio-francesco-reazione\/\" \/>\n<meta property=\"og:site_name\" content=\"Gossip.it | News sul Gossip e VIP\" \/>\n<meta property=\"article:publisher\" content=\"https:\/\/www.facebook.com\/GossipIT\" \/>\n<meta property=\"article:published_time\" content=\"2019-05-06T22:00:00+00:00\" \/>\n<meta property=\"og:image\" content=\"https:\/\/files.gossip.it\/immagini_news\/2019\/05\/1557221400_kiko_1.jpg\" \/>\n<meta name=\"author\" content=\"La Redazione\" \/>\n<meta name=\"twitter:card\" content=\"summary_large_image\" \/>\n<meta name=\"twitter:image\" content=\"https:\/\/files.gossip.it\/immagini_news\/2019\/05\/1557221400_kiko_1.jpg\" \/>\n<meta name=\"twitter:creator\" content=\"@gossinews_it\" \/>\n<meta name=\"twitter:site\" content=\"@gossinews_it\" \/>\n<meta name=\"twitter:label1\" content=\"Scritto da\" \/>\n\t<meta name=\"twitter:data1\" content=\"Francesca Romana Domenici\" \/>\n\t<meta name=\"twitter:label2\" content=\"Tempo di lettura stimato\" \/>\n\t<meta name=\"twitter:data2\" content=\"2 minuti\" \/>","yoast_head_json":{"title":"Kik\u00f2 Nalli in lacrime per la reazione del figlio Francesco alla sua storia con Ambra - Gossip.it | News sul Gossip e VIP","description":"Kik\u00f2 Nalli durante la puntata di luned\u00ec 6 maggio del \"Grande Fratello 16\" \u00e8 stato messo al corrente della reazione del figlio Francesco, 12 anni, a quanto","robots":{"index":"index","follow":"follow","max-snippet":"max-snippet:-1","max-image-preview":"max-image-preview:large","max-video-preview":"max-video-preview:-1"},"canonical":"https:\/\/www.gossip.it\/news\/kiko-nalli-figlio-francesco-reazione\/","og_locale":"it_IT","og_type":"article","og_title":"Kik\u00f2 Nalli in lacrime per la reazione del figlio Francesco alla sua storia con Ambra - Gossip.it | News sul Gossip e VIP","og_description":"Kik\u00f2 Nalli durante la puntata di luned\u00ec 6 maggio del \"Grande Fratello 16\" \u00e8 stato messo al corrente della reazione del figlio Francesco, 12 anni, a quanto","og_url":"https:\/\/www.gossip.it\/news\/kiko-nalli-figlio-francesco-reazione\/","og_site_name":"Gossip.it | News sul Gossip e VIP","article_publisher":"https:\/\/www.facebook.com\/GossipIT","article_published_time":"2019-05-06T22:00:00+00:00","og_image":[{"url":"https:\/\/files.gossip.it\/immagini_news\/2019\/05\/1557221400_kiko_1.jpg"}],"author":"La Redazione","twitter_card":"summary_large_image","twitter_image":"https:\/\/files.gossip.it\/immagini_news\/2019\/05\/1557221400_kiko_1.jpg","twitter_creator":"@gossinews_it","twitter_site":"@gossinews_it","twitter_misc":{"Scritto da":"Francesca Romana Domenici","Tempo di lettura stimato":"2 minuti"},"schema":{"@context":"https:\/\/schema.org","@graph":[{"@type":"Article","@id":"https:\/\/www.gossip.it\/news\/kiko-nalli-figlio-francesco-reazione\/#article","isPartOf":{"@id":"https:\/\/www.gossip.it\/news\/kiko-nalli-figlio-francesco-reazione\/"},"author":{"name":"La Redazione","@id":"https:\/\/www.gossip.it\/#\/schema\/person\/488896f75158bff1cc83c6c39d141110"},"headline":"Kik\u00f2 Nalli in lacrime per la reazione del figlio Francesco alla sua storia con Ambra","datePublished":"2019-05-06T22:00:00+00:00","dateModified":"2019-05-06T22:00:00+00:00","mainEntityOfPage":{"@id":"https:\/\/www.gossip.it\/news\/kiko-nalli-figlio-francesco-reazione\/"},"wordCount":463,"publisher":{"@id":"https:\/\/www.gossip.it\/#organization"},"image":{"@id":"https:\/\/www.gossip.it\/news\/kiko-nalli-figlio-francesco-reazione\/#primaryimage"},"thumbnailUrl":"https:\/\/files.gossip.it\/immagini_news\/2019\/05\/1557221400_kiko_1.jpg","keywords":["ambra lombardo","chicco nalli","figlio","francesco nalli","gf","gf 16","grande fratello 16","kiko nallli","social"],"articleSection":["News"],"inLanguage":"it-IT"},{"@type":"WebPage","@id":"https:\/\/www.gossip.it\/news\/kiko-nalli-figlio-francesco-reazione\/","url":"https:\/\/www.gossip.it\/news\/kiko-nalli-figlio-francesco-reazione\/","name":"Kik\u00f2 Nalli in lacrime per la reazione del figlio Francesco alla sua storia con Ambra - Gossip.it | News sul Gossip e VIP","isPartOf":{"@id":"https:\/\/www.gossip.it\/#website"},"primaryImageOfPage":{"@id":"https:\/\/www.gossip.it\/news\/kiko-nalli-figlio-francesco-reazione\/#primaryimage"},"image":{"@id":"https:\/\/www.gossip.it\/news\/kiko-nalli-figlio-francesco-reazione\/#primaryimage"},"thumbnailUrl":"https:\/\/files.gossip.it\/immagini_news\/2019\/05\/1557221400_kiko_1.jpg","datePublished":"2019-05-06T22:00:00+00:00","dateModified":"2019-05-06T22:00:00+00:00","description":"Kik\u00f2 Nalli durante la puntata di luned\u00ec 6 maggio del \"Grande Fratello 16\" \u00e8 stato messo al corrente della reazione del figlio Francesco, 12 anni, a quanto","breadcrumb":{"@id":"https:\/\/www.gossip.it\/news\/kiko-nalli-figlio-francesco-reazione\/#breadcrumb"},"inLanguage":"it-IT","potentialAction":[{"@type":"ReadAction","target":["https:\/\/www.gossip.it\/news\/kiko-nalli-figlio-francesco-reazione\/"]}]},{"@type":"ImageObject","inLanguage":"it-IT","@id":"https:\/\/www.gossip.it\/news\/kiko-nalli-figlio-francesco-reazione\/#primaryimage","url":"https:\/\/files.gossip.it\/immagini_news\/2019\/05\/1557221400_kiko_1.jpg","contentUrl":"https:\/\/files.gossip.it\/immagini_news\/2019\/05\/1557221400_kiko_1.jpg"},{"@type":"BreadcrumbList","@id":"https:\/\/www.gossip.it\/news\/kiko-nalli-figlio-francesco-reazione\/#breadcrumb","itemListElement":[{"@type":"ListItem","position":1,"name":"Home","item":"https:\/\/www.gossip.it\/"},{"@type":"ListItem","position":2,"name":"Kik\u00f2 Nalli in lacrime per la reazione del figlio Francesco alla sua storia con Ambra"}]},{"@type":"WebSite","@id":"https:\/\/www.gossip.it\/#website","url":"https:\/\/www.gossip.it\/","name":"Gossip and VIP News","description":"Quotidiano di cronaca rosa, costume e societ\u00e0","publisher":{"@id":"https:\/\/www.gossip.it\/#organization"},"alternateName":"Gossip and VIP News","potentialAction":[{"@type":"SearchAction","target":{"@type":"EntryPoint","urlTemplate":"https:\/\/www.gossip.it\/?s={search_term_string}"},"query-input":{"@type":"PropertyValueSpecification","valueRequired":true,"valueName":"search_term_string"}}],"inLanguage":"it-IT"},{"@type":"Organization","@id":"https:\/\/www.gossip.it\/#organization","name":"Gossip and VIP News","alternateName":"Gossip News","url":"https:\/\/www.gossip.it\/","logo":{"@type":"ImageObject","inLanguage":"it-IT","@id":"https:\/\/www.gossip.it\/#\/schema\/logo\/image\/","url":"https:\/\/www.gossip.it\/wp-content\/uploads\/2022\/04\/cropped-corna-alta-tiny.png","contentUrl":"https:\/\/www.gossip.it\/wp-content\/uploads\/2022\/04\/cropped-corna-alta-tiny.png","width":512,"height":512,"caption":"Gossip and VIP News"},"image":{"@id":"https:\/\/www.gossip.it\/#\/schema\/logo\/image\/"},"sameAs":["https:\/\/www.facebook.com\/GossipIT","https:\/\/x.com\/gossinews_it","https:\/\/instagram.com\/gossip_it"]},{"@type":"Person","@id":"https:\/\/www.gossip.it\/#\/schema\/person\/488896f75158bff1cc83c6c39d141110","name":"La Redazione","image":{"@type":"ImageObject","inLanguage":"it-IT","@id":"https:\/\/www.gossip.it\/#\/schema\/person\/image\/","url":"https:\/\/secure.gravatar.com\/avatar\/5a5f5c6fa3e6700e4249abdad0263a1e94e927d9e0499b1cb09c1cd29c044d80?s=96&d=mm&r=g","contentUrl":"https:\/\/secure.gravatar.com\/avatar\/5a5f5c6fa3e6700e4249abdad0263a1e94e927d9e0499b1cb09c1cd29c044d80?s=96&d=mm&r=g","caption":"La Redazione"},"sameAs":["https:\/\/www.gossip.it"]}]}},"amp_enabled":true,"_links":{"self":[{"href":"https:\/\/www.gossip.it\/api\/wp\/v2\/posts\/64206","targetHints":{"allow":["GET"]}}],"collection":[{"href":"https:\/\/www.gossip.it\/api\/wp\/v2\/posts"}],"about":[{"href":"https:\/\/www.gossip.it\/api\/wp\/v2\/types\/post"}],"author":[{"embeddable":true,"href":"https:\/\/www.gossip.it\/api\/wp\/v2\/users\/1"}],"replies":[{"embeddable":true,"href":"https:\/\/www.gossip.it\/api\/wp\/v2\/comments?post=64206"}],"version-history":[{"count":0,"href":"https:\/\/www.gossip.it\/api\/wp\/v2\/posts\/64206\/revisions"}],"wp:featuredmedia":[{"embeddable":true,"href":"https:\/\/www.gossip.it\/api\/wp\/v2\/media\/120252"}],"wp:attachment":[{"href":"https:\/\/www.gossip.it\/api\/wp\/v2\/media?parent=64206"}],"wp:term":[{"taxonomy":"category","embeddable":true,"href":"https:\/\/www.gossip.it\/api\/wp\/v2\/categories?post=64206"},{"taxonomy":"post_tag","embeddable":true,"href":"https:\/\/www.gossip.it\/api\/wp\/v2\/tags?post=64206"},{"taxonomy":"vip","embeddable":true,"href":"https:\/\/www.gossip.it\/api\/wp\/v2\/vip?post=64206"}],"curies":[{"name":"wp","href":"https:\/\/api.w.org\/{rel}","templated":true}]}}