{"id":64302,"date":"2019-05-16T00:00:00","date_gmt":"2019-05-15T22:00:00","guid":{"rendered":"https:\/\/www.gossip.it\/senza-categoria\/manuela-villa-pamela-prati\/"},"modified":"2019-05-16T00:00:00","modified_gmt":"2019-05-15T22:00:00","slug":"manuela-villa-pamela-prati","status":"publish","type":"post","link":"https:\/\/www.gossip.it\/news\/manuela-villa-pamela-prati\/","title":{"rendered":"Manuela Villa: 'Pamela Prati si auto distrugge\u2019"},"content":{"rendered":"<p><a href=\"\/vip\/manuela-villa\/\">Manuela Villa<\/a> dopo l\u2019ultima puntata di <em>\u2018Live \u2013 Non \u00e8 la D\u2019Urso\u2019<\/em> \u00e8 preoccupatissima per <a href=\"\/vip\/pamela-prati\/\">Pamela Prati<\/a>. La showgirl pensa che la collega pi\u00f9 grande non sia pi\u00f9 in grado di difendersi e anzi <em>\u2018si stia lasciando andare\u2019<\/em>. Lo ha spiegato in un post pubblicato sui suoi profili social per difendersi dopo essere stata lei stessa <strong>criticata<\/strong> per essersi schierata dalla parte della Prati durante l\u2019ultima puntata dello show in prima serata di Canale5.<\/p>\n<figure class=\"caption\"><img decoding=\"async\" alt=\"Manuela Villa durante l'ultima puntata di 'Live - Non \u00e8 la D'Urso'\" width=\"640\" height=\"360\" src=\"https:\/\/files.gossip.it\/immagini_news\/2019\/05\/1557998685_villa_1.jpg\" \/><figcaption>Manuela Villa durante l'ultima puntata di 'Live - Non \u00e8 la D'Urso'<\/figcaption><\/figure>\n<p>Manuela infatti sembra essere rimasta tra i pochi a continuare a credere che <strong>Mark Caltagirone<\/strong> possa veramente esistere e la cosa non \u00e8 piaciuta ad alcuni dei suoi follower che hanno iniziato a criticarla pesantemente sui social. La Villa ha quindi spiegato cosa pensa veramente di quello che sta succedendo alla showgirl 61enne: <em>\u201cMi chiedo... perch\u00e9... e non trovo risposta per quante possibili risposte mi vengono in mente, ma come faccio a lasciare sola un\u2019amica che non si difende ma si <strong>distrugge<\/strong>! Perch\u00e9 non si difende? Perch\u00e9 sta lasciandosi andare? Ci deve essere un motivo! Permettetemi di prendere tempo. Sono perplessa, <strong>allibita<\/strong>, infastidita, forse anche tradita, ma voglio aspettare. E civilt\u00e0 vuol dire non insultare chi come me non si uniforma ad un pensiero collettivo nello stesso momento<\/em>\u201d.<\/p>\n<div class=\"video_integrato\" data-videoid=\"6012\" data-autostart=\"true\">\u00a0<\/div>\n<figure class=\"caption\"><img decoding=\"async\" alt=\"Manuela Villa con Pamela Prati nel backstage di 'Live - Non \u00e8 la D'Urso'\" width=\"640\" height=\"345\" src=\"https:\/\/files.gossip.it\/immagini_news\/2019\/05\/1557998708_villa_3.jpg\" \/><figcaption>Manuela Villa con Pamela Prati nel backstage di 'Live - Non \u00e8 la D'Urso'<\/figcaption><\/figure>\n<p><em>\u201cVorrei non toccaste la mia storia che ben esula da tutto questo e chi lo fa male per lui, ovviamente non vedeva l\u2019ora di vomitare ma lo facesse a casa sua: sono ormai assuefatta alle <strong>cattiverie<\/strong> umane ed \u00e8 per questo insegnamento avuto dalla vita che se una persona si auto lesiona non regalo un servizio di coltelli\u201d<\/em>, ha poi aggiunto.<\/p>\n<p>\u00a0<\/p>\n","protected":false},"excerpt":{"rendered":"<p>Manuela Villa dopo l\u2019ultima puntata di \u2018Live \u2013 Non \u00e8 la D\u2019Urso\u2019 \u00e8 preoccupatissima per Pamela Prati. La showgirl pensa che la collega pi\u00f9 grande non sia pi\u00f9 in grado di difendersi e anzi \u2018si stia lasciando andare\u2019. Lo ha spiegato in un post pubblicato sui suoi profili social per difendersi dopo essere stata lei [&hellip;]<\/p>\n","protected":false},"author":1,"featured_media":120348,"comment_status":"closed","ping_status":"closed","sticky":false,"template":"","format":"standard","meta":{"footnotes":""},"categories":[54],"tags":[12376],"vip":[1190,1449],"class_list":["post-64302","post","type-post","status-publish","format-standard","has-post-thumbnail","hentry","category-news","tag-mark-caltagirone","vip-manuela_villa","vip-pamela_prati"],"yoast_head":"<title>Manuela Villa: &#039;Pamela Prati si auto distrugge\u2019 - Gossip.it | News sul Gossip e VIP<\/title>\n<meta name=\"description\" content=\"Manuela Villa dopo l\u2019ultima puntata di \u2018Live \u2013 Non \u00e8 la D\u2019Urso\u2019 \u00e8 preoccupatissima per Pamela Prati. La showgirl pensa che la collega pi\u00f9 grande non sia\" \/>\n<meta name=\"robots\" content=\"index, follow, max-snippet:-1, max-image-preview:large, max-video-preview:-1\" \/>\n<link rel=\"canonical\" href=\"https:\/\/www.gossip.it\/news\/manuela-villa-pamela-prati\/\" \/>\n<meta property=\"og:locale\" content=\"it_IT\" \/>\n<meta property=\"og:type\" content=\"article\" \/>\n<meta property=\"og:title\" content=\"Manuela Villa: &#039;Pamela Prati si auto distrugge\u2019 - Gossip.it | News sul Gossip e VIP\" \/>\n<meta property=\"og:description\" content=\"Manuela Villa dopo l\u2019ultima puntata di \u2018Live \u2013 Non \u00e8 la D\u2019Urso\u2019 \u00e8 preoccupatissima per Pamela Prati. La showgirl pensa che la collega pi\u00f9 grande non sia\" \/>\n<meta property=\"og:url\" content=\"https:\/\/www.gossip.it\/news\/manuela-villa-pamela-prati\/\" \/>\n<meta property=\"og:site_name\" content=\"Gossip.it | News sul Gossip e VIP\" \/>\n<meta property=\"article:publisher\" content=\"https:\/\/www.facebook.com\/GossipIT\" \/>\n<meta property=\"article:published_time\" content=\"2019-05-15T22:00:00+00:00\" \/>\n<meta property=\"og:image\" content=\"https:\/\/files.gossip.it\/immagini_news\/2019\/05\/1557998685_villa_1.jpg\" \/>\n<meta name=\"author\" content=\"La Redazione\" \/>\n<meta name=\"twitter:card\" content=\"summary_large_image\" \/>\n<meta name=\"twitter:image\" content=\"https:\/\/files.gossip.it\/immagini_news\/2019\/05\/1557998685_villa_1.jpg\" \/>\n<meta name=\"twitter:creator\" content=\"@gossinews_it\" \/>\n<meta name=\"twitter:site\" content=\"@gossinews_it\" \/>\n<meta name=\"twitter:label1\" content=\"Scritto da\" \/>\n\t<meta name=\"twitter:data1\" content=\"la Redazione\" \/>\n\t<meta name=\"twitter:label2\" content=\"Tempo di lettura stimato\" \/>\n\t<meta name=\"twitter:data2\" content=\"1 minuto\" \/>","yoast_head_json":{"title":"Manuela Villa: 'Pamela Prati si auto distrugge\u2019 - Gossip.it | News sul Gossip e VIP","description":"Manuela Villa dopo l\u2019ultima puntata di \u2018Live \u2013 Non \u00e8 la D\u2019Urso\u2019 \u00e8 preoccupatissima per Pamela Prati. La showgirl pensa che la collega pi\u00f9 grande non sia","robots":{"index":"index","follow":"follow","max-snippet":"max-snippet:-1","max-image-preview":"max-image-preview:large","max-video-preview":"max-video-preview:-1"},"canonical":"https:\/\/www.gossip.it\/news\/manuela-villa-pamela-prati\/","og_locale":"it_IT","og_type":"article","og_title":"Manuela Villa: 'Pamela Prati si auto distrugge\u2019 - Gossip.it | News sul Gossip e VIP","og_description":"Manuela Villa dopo l\u2019ultima puntata di \u2018Live \u2013 Non \u00e8 la D\u2019Urso\u2019 \u00e8 preoccupatissima per Pamela Prati. La showgirl pensa che la collega pi\u00f9 grande non sia","og_url":"https:\/\/www.gossip.it\/news\/manuela-villa-pamela-prati\/","og_site_name":"Gossip.it | News sul Gossip e VIP","article_publisher":"https:\/\/www.facebook.com\/GossipIT","article_published_time":"2019-05-15T22:00:00+00:00","og_image":[{"url":"https:\/\/files.gossip.it\/immagini_news\/2019\/05\/1557998685_villa_1.jpg"}],"author":"La Redazione","twitter_card":"summary_large_image","twitter_image":"https:\/\/files.gossip.it\/immagini_news\/2019\/05\/1557998685_villa_1.jpg","twitter_creator":"@gossinews_it","twitter_site":"@gossinews_it","twitter_misc":{"Scritto da":"la Redazione","Tempo di lettura stimato":"1 minuto"},"schema":{"@context":"https:\/\/schema.org","@graph":[{"@type":"Article","@id":"https:\/\/www.gossip.it\/news\/manuela-villa-pamela-prati\/#article","isPartOf":{"@id":"https:\/\/www.gossip.it\/news\/manuela-villa-pamela-prati\/"},"author":{"name":"La Redazione","@id":"https:\/\/www.gossip.it\/#\/schema\/person\/488896f75158bff1cc83c6c39d141110"},"headline":"Manuela Villa: 'Pamela Prati si auto distrugge\u2019","datePublished":"2019-05-15T22:00:00+00:00","dateModified":"2019-05-15T22:00:00+00:00","mainEntityOfPage":{"@id":"https:\/\/www.gossip.it\/news\/manuela-villa-pamela-prati\/"},"wordCount":297,"publisher":{"@id":"https:\/\/www.gossip.it\/#organization"},"image":{"@id":"https:\/\/www.gossip.it\/news\/manuela-villa-pamela-prati\/#primaryimage"},"thumbnailUrl":"https:\/\/files.gossip.it\/immagini_news\/2019\/05\/1557998685_villa_1.jpg","keywords":["mark caltagirone"],"articleSection":["News"],"inLanguage":"it-IT"},{"@type":"WebPage","@id":"https:\/\/www.gossip.it\/news\/manuela-villa-pamela-prati\/","url":"https:\/\/www.gossip.it\/news\/manuela-villa-pamela-prati\/","name":"Manuela Villa: 'Pamela Prati si auto distrugge\u2019 - Gossip.it | News sul Gossip e VIP","isPartOf":{"@id":"https:\/\/www.gossip.it\/#website"},"primaryImageOfPage":{"@id":"https:\/\/www.gossip.it\/news\/manuela-villa-pamela-prati\/#primaryimage"},"image":{"@id":"https:\/\/www.gossip.it\/news\/manuela-villa-pamela-prati\/#primaryimage"},"thumbnailUrl":"https:\/\/files.gossip.it\/immagini_news\/2019\/05\/1557998685_villa_1.jpg","datePublished":"2019-05-15T22:00:00+00:00","dateModified":"2019-05-15T22:00:00+00:00","description":"Manuela Villa dopo l\u2019ultima puntata di \u2018Live \u2013 Non \u00e8 la D\u2019Urso\u2019 \u00e8 preoccupatissima per Pamela Prati. La showgirl pensa che la collega pi\u00f9 grande non sia","breadcrumb":{"@id":"https:\/\/www.gossip.it\/news\/manuela-villa-pamela-prati\/#breadcrumb"},"inLanguage":"it-IT","potentialAction":[{"@type":"ReadAction","target":["https:\/\/www.gossip.it\/news\/manuela-villa-pamela-prati\/"]}]},{"@type":"ImageObject","inLanguage":"it-IT","@id":"https:\/\/www.gossip.it\/news\/manuela-villa-pamela-prati\/#primaryimage","url":"https:\/\/files.gossip.it\/immagini_news\/2019\/05\/1557998685_villa_1.jpg","contentUrl":"https:\/\/files.gossip.it\/immagini_news\/2019\/05\/1557998685_villa_1.jpg"},{"@type":"BreadcrumbList","@id":"https:\/\/www.gossip.it\/news\/manuela-villa-pamela-prati\/#breadcrumb","itemListElement":[{"@type":"ListItem","position":1,"name":"Home","item":"https:\/\/www.gossip.it\/"},{"@type":"ListItem","position":2,"name":"Manuela Villa: 'Pamela Prati si auto distrugge\u2019"}]},{"@type":"WebSite","@id":"https:\/\/www.gossip.it\/#website","url":"https:\/\/www.gossip.it\/","name":"Gossip and VIP News","description":"Quotidiano di cronaca rosa, costume e societ\u00e0","publisher":{"@id":"https:\/\/www.gossip.it\/#organization"},"alternateName":"Gossip and VIP News","potentialAction":[{"@type":"SearchAction","target":{"@type":"EntryPoint","urlTemplate":"https:\/\/www.gossip.it\/?s={search_term_string}"},"query-input":{"@type":"PropertyValueSpecification","valueRequired":true,"valueName":"search_term_string"}}],"inLanguage":"it-IT"},{"@type":"Organization","@id":"https:\/\/www.gossip.it\/#organization","name":"Gossip and VIP News","alternateName":"Gossip News","url":"https:\/\/www.gossip.it\/","logo":{"@type":"ImageObject","inLanguage":"it-IT","@id":"https:\/\/www.gossip.it\/#\/schema\/logo\/image\/","url":"https:\/\/www.gossip.it\/wp-content\/uploads\/2022\/04\/cropped-corna-alta-tiny.png","contentUrl":"https:\/\/www.gossip.it\/wp-content\/uploads\/2022\/04\/cropped-corna-alta-tiny.png","width":512,"height":512,"caption":"Gossip and VIP News"},"image":{"@id":"https:\/\/www.gossip.it\/#\/schema\/logo\/image\/"},"sameAs":["https:\/\/www.facebook.com\/GossipIT","https:\/\/x.com\/gossinews_it","https:\/\/instagram.com\/gossip_it"]},{"@type":"Person","@id":"https:\/\/www.gossip.it\/#\/schema\/person\/488896f75158bff1cc83c6c39d141110","name":"La Redazione","image":{"@type":"ImageObject","inLanguage":"it-IT","@id":"https:\/\/www.gossip.it\/#\/schema\/person\/image\/","url":"https:\/\/secure.gravatar.com\/avatar\/5a5f5c6fa3e6700e4249abdad0263a1e94e927d9e0499b1cb09c1cd29c044d80?s=96&d=mm&r=g","contentUrl":"https:\/\/secure.gravatar.com\/avatar\/5a5f5c6fa3e6700e4249abdad0263a1e94e927d9e0499b1cb09c1cd29c044d80?s=96&d=mm&r=g","caption":"La Redazione"},"sameAs":["https:\/\/www.gossip.it"]}]}},"amp_enabled":true,"_links":{"self":[{"href":"https:\/\/www.gossip.it\/api\/wp\/v2\/posts\/64302","targetHints":{"allow":["GET"]}}],"collection":[{"href":"https:\/\/www.gossip.it\/api\/wp\/v2\/posts"}],"about":[{"href":"https:\/\/www.gossip.it\/api\/wp\/v2\/types\/post"}],"author":[{"embeddable":true,"href":"https:\/\/www.gossip.it\/api\/wp\/v2\/users\/1"}],"replies":[{"embeddable":true,"href":"https:\/\/www.gossip.it\/api\/wp\/v2\/comments?post=64302"}],"version-history":[{"count":0,"href":"https:\/\/www.gossip.it\/api\/wp\/v2\/posts\/64302\/revisions"}],"wp:featuredmedia":[{"embeddable":true,"href":"https:\/\/www.gossip.it\/api\/wp\/v2\/media\/120348"}],"wp:attachment":[{"href":"https:\/\/www.gossip.it\/api\/wp\/v2\/media?parent=64302"}],"wp:term":[{"taxonomy":"category","embeddable":true,"href":"https:\/\/www.gossip.it\/api\/wp\/v2\/categories?post=64302"},{"taxonomy":"post_tag","embeddable":true,"href":"https:\/\/www.gossip.it\/api\/wp\/v2\/tags?post=64302"},{"taxonomy":"vip","embeddable":true,"href":"https:\/\/www.gossip.it\/api\/wp\/v2\/vip?post=64302"}],"curies":[{"name":"wp","href":"https:\/\/api.w.org\/{rel}","templated":true}]}}